{"id":24155,"date":"2016-07-26T22:15:15","date_gmt":"2016-07-26T22:15:15","guid":{"rendered":"https:\/\/abarevegan.com.br\/index.php\/2016\/07\/26\/setor-da-industria-de-alimentos-e-destaque-na-expoacre\/"},"modified":"2016-07-26T22:15:15","modified_gmt":"2016-07-26T22:15:15","slug":"setor-da-industria-de-alimentos-e-destaque-na-expoacre","status":"publish","type":"post","link":"https:\/\/nk7-testes.com.br\/agazeta\/setor-da-industria-de-alimentos-e-destaque-na-expoacre\/","title":{"rendered":"Setor da Ind\u00fastria de Alimentos \u00e9 destaque na Expoacre"},"content":{"rendered":"<p style=\"text-align: justify;\">Dois mil empregos diretos em 32 empresas<\/p>\n<p style=\"text-align: justify;\">O setor da ind\u00fastria de alimentos \u00e9 um dos que mais crescem no estado. Mesmo diante da crise econ\u00f4mica, os n\u00fameros sempre est\u00e3o em alta. No Acre, 32 ind\u00fastrias atuam na \u00e1rea, gerando mais de 2 mil empregos diretos.<\/p>\n<p style=\"text-align: justify;\">O reconhecimento est\u00e1 traduzido no espa\u00e7o dedicado exclusivamente ao setor na Expoacre, maior que um campo de futebol. O Sindicato das Ind\u00fastrias de Produtos Alimentares do Acre (Sinpal) \u00e9 o respons\u00e1vel pelo ambiente que tem como miss\u00e3o, demonstrar o potencial da ind\u00fastria de alimentos.<\/p>\n<p style=\"text-align: justify;\">\u201cHoje n\u00f3s dispomos de um espa\u00e7o ao lado do galp\u00e3o principal da ind\u00fastria que pode acomodar todos os filiados de maneira mais confort\u00e1vel e que a popula\u00e7\u00e3o possa conhecer melhor os produtos fabricados aqui no Acre e ver a qualidade\u201d, disse o presidente do Sinpal, Jos\u00e9 Luiz.<\/p>\n<p style=\"text-align: justify;\">H\u00e1 30 anos atuando no mercado acreano na produ\u00e7\u00e3o de caf\u00e9. O empres\u00e1rio Beto Moreto, propriet\u00e1rio do Caf\u00e9 Contri, participa da feira pela vig\u00e9sima vez. O stand localizado no espa\u00e7o da ind\u00fastria de alimentos \u00e9 convidativo, pois n\u00e3o existe acreano que resista ao cheirinho de um saboroso caf\u00e9. A empresa gera mais de 40 empregos diretos, sem contar os indiretos, entre fornecedores e distribuidores, mais de 2 mil em todo o estado.<\/p>\n<p style=\"text-align: justify;\">Falando em crise o empres\u00e1rio \u00e9 bem enf\u00e1tico. Vai \u00e9 ampliar os investimentos at\u00e9 o final do ano com o lan\u00e7amento de novos produtos, contrariando qualquer teoria pessimista de mercado em baixa.<\/p>\n<p style=\"text-align: justify;\">\u201cO pessoal reclama muito da crise, mas n\u00f3s da Caf\u00e9 Contri estamos criando, n\u00e3o estamos com crise. N\u00f3s criamos, fazemos, inventamos. Lan\u00e7amento pra esse ano \u00e9 um pouco apertado, mas estaremos lan\u00e7ando novas marcas de caf\u00e9\u201d, enfatizou Moreto.<\/p>\n<p style=\"text-align: justify;\">O setor da ind\u00fastria de alimentos ganhou um refor\u00e7o nos \u00faltimos dias. Trata-se do selo Acre Made in Amaz\u00f4nia. Com a novidade os produtos do estado ser\u00e3o reconhecidos como garantia de qualidade e sustentabilidade ambiental, social e econ\u00f4mica.<\/p>\n<p style=\"text-align: justify;\">\u201cEsse selo por um lado garante a origem do produto, que \u00e9 um produto de qualidade que vem do meio da Amaz\u00f4nia, por outro lado ajuda a divulgar nossas ind\u00fastrias do Acre no pa\u00eds afora, e agora, no mundo afora\u201d, explicou o presidente da Ag\u00eancia de Neg\u00f3cios, In\u00e1cio Moreira.<\/p>\n","protected":false},"excerpt":{"rendered":"<p style=\"text-align: justify;\">Dois mil empregos diretos em 32 empresas<\/p>\n","protected":false},"author":4,"featured_media":24154,"comment_status":"open","ping_status":"open","sticky":false,"template":"","format":"standard","meta":{"jnews-multi-image_gallery":[],"jnews_single_post":[],"jnews_primary_category":[],"jnews_social_meta":[],"jnews_review":[],"enable_review":"","type":"","name":"","summary":"","brand":"","sku":"","good":[],"bad":[],"score_override":"","override_value":"","rating":[],"price":[],"footnotes":""},"categories":[54],"tags":[],"class_list":["post-24155","post","type-post","status-publish","format-standard","has-post-thumbnail","hentry","category-cotidiano"],"yoast_head":"<!-- This site is optimized with the Yoast SEO plugin v26.5 - https:\/\/yoast.com\/wordpress\/plugins\/seo\/ -->\n<title>Setor da Ind\u00fastria de Alimentos \u00e9 destaque na Expoacre - Agazeta.net<\/title>\n<meta name=\"robots\" content=\"index, follow, max-snippet:-1, max-image-preview:large, max-video-preview:-1\" \/>\n<link rel=\"canonical\" href=\"https:\/\/nk7-testes.com.br\/agazeta\/setor-da-industria-de-alimentos-e-destaque-na-expoacre\/\" \/>\n<meta property=\"og:locale\" content=\"pt_BR\" \/>\n<meta property=\"og:type\" content=\"article\" \/>\n<meta property=\"og:title\" content=\"Setor da Ind\u00fastria de Alimentos \u00e9 destaque na Expoacre - Agazeta.net\" \/>\n<meta property=\"og:description\" content=\"Dois mil empregos diretos em 32 empresas\" \/>\n<meta property=\"og:url\" content=\"https:\/\/nk7-testes.com.br\/agazeta\/setor-da-industria-de-alimentos-e-destaque-na-expoacre\/\" \/>\n<meta property=\"og:site_name\" content=\"Agazeta.net\" \/>\n<meta property=\"article:published_time\" content=\"2016-07-26T22:15:15+00:00\" \/>\n<meta property=\"og:image\" content=\"https:\/\/nk7-testes.com.br\/agazeta\/wp-content\/uploads\/2016\/07\/260716-cotidiano-sinpal-tvgazeta.jpg\" \/>\n\t<meta property=\"og:image:width\" content=\"458\" \/>\n\t<meta property=\"og:image:height\" content=\"340\" \/>\n\t<meta property=\"og:image:type\" content=\"image\/jpeg\" \/>\n<meta name=\"author\" content=\"Agazeta.Net\" \/>\n<meta name=\"twitter:card\" content=\"summary_large_image\" \/>\n<meta name=\"twitter:label1\" content=\"Escrito por\" \/>\n\t<meta name=\"twitter:data1\" content=\"Agazeta.Net\" \/>\n\t<meta name=\"twitter:label2\" content=\"Est. tempo de leitura\" \/>\n\t<meta name=\"twitter:data2\" content=\"2 minutos\" \/>\n<script type=\"application\/ld+json\" class=\"yoast-schema-graph\">{\"@context\":\"https:\/\/schema.org\",\"@graph\":[{\"@type\":\"WebPage\",\"@id\":\"https:\/\/nk7-testes.com.br\/agazeta\/setor-da-industria-de-alimentos-e-destaque-na-expoacre\/\",\"url\":\"https:\/\/nk7-testes.com.br\/agazeta\/setor-da-industria-de-alimentos-e-destaque-na-expoacre\/\",\"name\":\"Setor da Ind\u00fastria de Alimentos \u00e9 destaque na Expoacre - Agazeta.net\",\"isPartOf\":{\"@id\":\"https:\/\/nk7-testes.com.br\/agazeta\/#website\"},\"primaryImageOfPage\":{\"@id\":\"https:\/\/nk7-testes.com.br\/agazeta\/setor-da-industria-de-alimentos-e-destaque-na-expoacre\/#primaryimage\"},\"image\":{\"@id\":\"https:\/\/nk7-testes.com.br\/agazeta\/setor-da-industria-de-alimentos-e-destaque-na-expoacre\/#primaryimage\"},\"thumbnailUrl\":\"https:\/\/nk7-testes.com.br\/agazeta\/wp-content\/uploads\/2016\/07\/260716-cotidiano-sinpal-tvgazeta.jpg\",\"datePublished\":\"2016-07-26T22:15:15+00:00\",\"author\":{\"@id\":\"https:\/\/nk7-testes.com.br\/agazeta\/#\/schema\/person\/6d6e25cb0435eb4a02fd44d30b4e3020\"},\"breadcrumb\":{\"@id\":\"https:\/\/nk7-testes.com.br\/agazeta\/setor-da-industria-de-alimentos-e-destaque-na-expoacre\/#breadcrumb\"},\"inLanguage\":\"pt-BR\",\"potentialAction\":[{\"@type\":\"ReadAction\",\"target\":[\"https:\/\/nk7-testes.com.br\/agazeta\/setor-da-industria-de-alimentos-e-destaque-na-expoacre\/\"]}]},{\"@type\":\"ImageObject\",\"inLanguage\":\"pt-BR\",\"@id\":\"https:\/\/nk7-testes.com.br\/agazeta\/setor-da-industria-de-alimentos-e-destaque-na-expoacre\/#primaryimage\",\"url\":\"https:\/\/nk7-testes.com.br\/agazeta\/wp-content\/uploads\/2016\/07\/260716-cotidiano-sinpal-tvgazeta.jpg\",\"contentUrl\":\"https:\/\/nk7-testes.com.br\/agazeta\/wp-content\/uploads\/2016\/07\/260716-cotidiano-sinpal-tvgazeta.jpg\",\"width\":458,\"height\":340,\"caption\":\"260716-cotidiano-sinpal-tvgazeta\"},{\"@type\":\"BreadcrumbList\",\"@id\":\"https:\/\/nk7-testes.com.br\/agazeta\/setor-da-industria-de-alimentos-e-destaque-na-expoacre\/#breadcrumb\",\"itemListElement\":[{\"@type\":\"ListItem\",\"position\":1,\"name\":\"In\u00edcio\",\"item\":\"https:\/\/nk7-testes.com.br\/agazeta\/\"},{\"@type\":\"ListItem\",\"position\":2,\"name\":\"Setor da Ind\u00fastria de Alimentos \u00e9 destaque na Expoacre\"}]},{\"@type\":\"WebSite\",\"@id\":\"https:\/\/nk7-testes.com.br\/agazeta\/#website\",\"url\":\"https:\/\/nk7-testes.com.br\/agazeta\/\",\"name\":\"Agazeta.net\",\"description\":\"Agazeta.net - Not\u00edcias de Rio Branco\/AC\",\"potentialAction\":[{\"@type\":\"SearchAction\",\"target\":{\"@type\":\"EntryPoint\",\"urlTemplate\":\"https:\/\/nk7-testes.com.br\/agazeta\/?s={search_term_string}\"},\"query-input\":{\"@type\":\"PropertyValueSpecification\",\"valueRequired\":true,\"valueName\":\"search_term_string\"}}],\"inLanguage\":\"pt-BR\"},{\"@type\":\"Person\",\"@id\":\"https:\/\/nk7-testes.com.br\/agazeta\/#\/schema\/person\/6d6e25cb0435eb4a02fd44d30b4e3020\",\"name\":\"Agazeta.Net\",\"url\":\"https:\/\/nk7-testes.com.br\/agazeta\/author\/agazeta\/\"}]}<\/script>\n<!-- \/ Yoast SEO plugin. -->","yoast_head_json":{"title":"Setor da Ind\u00fastria de Alimentos \u00e9 destaque na Expoacre - Agazeta.net","robots":{"index":"index","follow":"follow","max-snippet":"max-snippet:-1","max-image-preview":"max-image-preview:large","max-video-preview":"max-video-preview:-1"},"canonical":"https:\/\/nk7-testes.com.br\/agazeta\/setor-da-industria-de-alimentos-e-destaque-na-expoacre\/","og_locale":"pt_BR","og_type":"article","og_title":"Setor da Ind\u00fastria de Alimentos \u00e9 destaque na Expoacre - Agazeta.net","og_description":"Dois mil empregos diretos em 32 empresas","og_url":"https:\/\/nk7-testes.com.br\/agazeta\/setor-da-industria-de-alimentos-e-destaque-na-expoacre\/","og_site_name":"Agazeta.net","article_published_time":"2016-07-26T22:15:15+00:00","og_image":[{"width":458,"height":340,"url":"https:\/\/nk7-testes.com.br\/agazeta\/wp-content\/uploads\/2016\/07\/260716-cotidiano-sinpal-tvgazeta.jpg","type":"image\/jpeg"}],"author":"Agazeta.Net","twitter_card":"summary_large_image","twitter_misc":{"Escrito por":"Agazeta.Net","Est. tempo de leitura":"2 minutos"},"schema":{"@context":"https:\/\/schema.org","@graph":[{"@type":"WebPage","@id":"https:\/\/nk7-testes.com.br\/agazeta\/setor-da-industria-de-alimentos-e-destaque-na-expoacre\/","url":"https:\/\/nk7-testes.com.br\/agazeta\/setor-da-industria-de-alimentos-e-destaque-na-expoacre\/","name":"Setor da Ind\u00fastria de Alimentos \u00e9 destaque na Expoacre - Agazeta.net","isPartOf":{"@id":"https:\/\/nk7-testes.com.br\/agazeta\/#website"},"primaryImageOfPage":{"@id":"https:\/\/nk7-testes.com.br\/agazeta\/setor-da-industria-de-alimentos-e-destaque-na-expoacre\/#primaryimage"},"image":{"@id":"https:\/\/nk7-testes.com.br\/agazeta\/setor-da-industria-de-alimentos-e-destaque-na-expoacre\/#primaryimage"},"thumbnailUrl":"https:\/\/nk7-testes.com.br\/agazeta\/wp-content\/uploads\/2016\/07\/260716-cotidiano-sinpal-tvgazeta.jpg","datePublished":"2016-07-26T22:15:15+00:00","author":{"@id":"https:\/\/nk7-testes.com.br\/agazeta\/#\/schema\/person\/6d6e25cb0435eb4a02fd44d30b4e3020"},"breadcrumb":{"@id":"https:\/\/nk7-testes.com.br\/agazeta\/setor-da-industria-de-alimentos-e-destaque-na-expoacre\/#breadcrumb"},"inLanguage":"pt-BR","potentialAction":[{"@type":"ReadAction","target":["https:\/\/nk7-testes.com.br\/agazeta\/setor-da-industria-de-alimentos-e-destaque-na-expoacre\/"]}]},{"@type":"ImageObject","inLanguage":"pt-BR","@id":"https:\/\/nk7-testes.com.br\/agazeta\/setor-da-industria-de-alimentos-e-destaque-na-expoacre\/#primaryimage","url":"https:\/\/nk7-testes.com.br\/agazeta\/wp-content\/uploads\/2016\/07\/260716-cotidiano-sinpal-tvgazeta.jpg","contentUrl":"https:\/\/nk7-testes.com.br\/agazeta\/wp-content\/uploads\/2016\/07\/260716-cotidiano-sinpal-tvgazeta.jpg","width":458,"height":340,"caption":"260716-cotidiano-sinpal-tvgazeta"},{"@type":"BreadcrumbList","@id":"https:\/\/nk7-testes.com.br\/agazeta\/setor-da-industria-de-alimentos-e-destaque-na-expoacre\/#breadcrumb","itemListElement":[{"@type":"ListItem","position":1,"name":"In\u00edcio","item":"https:\/\/nk7-testes.com.br\/agazeta\/"},{"@type":"ListItem","position":2,"name":"Setor da Ind\u00fastria de Alimentos \u00e9 destaque na Expoacre"}]},{"@type":"WebSite","@id":"https:\/\/nk7-testes.com.br\/agazeta\/#website","url":"https:\/\/nk7-testes.com.br\/agazeta\/","name":"Agazeta.net","description":"Agazeta.net - Not\u00edcias de Rio Branco\/AC","potentialAction":[{"@type":"SearchAction","target":{"@type":"EntryPoint","urlTemplate":"https:\/\/nk7-testes.com.br\/agazeta\/?s={search_term_string}"},"query-input":{"@type":"PropertyValueSpecification","valueRequired":true,"valueName":"search_term_string"}}],"inLanguage":"pt-BR"},{"@type":"Person","@id":"https:\/\/nk7-testes.com.br\/agazeta\/#\/schema\/person\/6d6e25cb0435eb4a02fd44d30b4e3020","name":"Agazeta.Net","url":"https:\/\/nk7-testes.com.br\/agazeta\/author\/agazeta\/"}]}},"_links":{"self":[{"href":"https:\/\/nk7-testes.com.br\/agazeta\/wp-json\/wp\/v2\/posts\/24155","targetHints":{"allow":["GET"]}}],"collection":[{"href":"https:\/\/nk7-testes.com.br\/agazeta\/wp-json\/wp\/v2\/posts"}],"about":[{"href":"https:\/\/nk7-testes.com.br\/agazeta\/wp-json\/wp\/v2\/types\/post"}],"author":[{"embeddable":true,"href":"https:\/\/nk7-testes.com.br\/agazeta\/wp-json\/wp\/v2\/users\/4"}],"replies":[{"embeddable":true,"href":"https:\/\/nk7-testes.com.br\/agazeta\/wp-json\/wp\/v2\/comments?post=24155"}],"version-history":[{"count":0,"href":"https:\/\/nk7-testes.com.br\/agazeta\/wp-json\/wp\/v2\/posts\/24155\/revisions"}],"wp:featuredmedia":[{"embeddable":true,"href":"https:\/\/nk7-testes.com.br\/agazeta\/wp-json\/wp\/v2\/media\/24154"}],"wp:attachment":[{"href":"https:\/\/nk7-testes.com.br\/agazeta\/wp-json\/wp\/v2\/media?parent=24155"}],"wp:term":[{"taxonomy":"category","embeddable":true,"href":"https:\/\/nk7-testes.com.br\/agazeta\/wp-json\/wp\/v2\/categories?post=24155"},{"taxonomy":"post_tag","embeddable":true,"href":"https:\/\/nk7-testes.com.br\/agazeta\/wp-json\/wp\/v2\/tags?post=24155"}],"curies":[{"name":"wp","href":"https:\/\/api.w.org\/{rel}","templated":true}]}}