{"id":24146,"date":"2016-07-26T16:21:56","date_gmt":"2016-07-26T16:21:56","guid":{"rendered":"https:\/\/abarevegan.com.br\/index.php\/2016\/07\/26\/protesto-de-vigilantes-pressiona-por-punicao\/"},"modified":"2016-07-26T16:21:56","modified_gmt":"2016-07-26T16:21:56","slug":"protesto-de-vigilantes-pressiona-por-punicao","status":"publish","type":"post","link":"https:\/\/nk7-testes.com.br\/agazeta\/protesto-de-vigilantes-pressiona-por-punicao\/","title":{"rendered":"Protesto de vigilantes pressiona por puni\u00e7\u00e3o"},"content":{"rendered":"<p style=\"text-align: justify;\">Categoria questiona dire\u00e7\u00e3o do balne\u00e1rio<\/p>\n<p style=\"text-align: justify;\">Aproximadamente 20 vigilantes protestaram contra a morte do colega de trabalho Raimundo de Ara\u00fajo, assassinado por um sargento b\u00eabado que estava armado em um balne\u00e1rio no \u00faltimo fim de semana.<\/p>\n<p style=\"text-align: justify;\">\u201cN\u00f3s queremos que esse caso n\u00e3o fique no esquecimento e que os \u00f3rg\u00e3o de Seguran\u00e7a aumentem mais a fiscaliza\u00e7\u00e3o porque tem muitos lugares onde se usa seguran\u00e7a clandestina\u2019, denunciou o presidente do Sindicato dos Vigilantes do Acre, Nonato Santos.<\/p>\n<p style=\"text-align: justify;\">\u201cNesse caso da morte do companheiro Raimundo, o correto era o estabelecimento ter acautelado a arma do policial e, ao perceber que ele estava b\u00eabado, ter chamado a pol\u00edcia para acompanhar a situa\u00e7\u00e3o\u201d, sugeriu Costa, durante o protesto. \u201cN\u00f3s n\u00e3o estamos julgando a PM s\u00f3 queremos que o caso n\u00e3o seja esquecido\u201d.<\/p>\n","protected":false},"excerpt":{"rendered":"<p style=\"text-align: justify;\">Categoria questiona dire\u00e7\u00e3o do balne\u00e1rio<\/p>\n","protected":false},"author":4,"featured_media":24145,"comment_status":"open","ping_status":"open","sticky":false,"template":"","format":"standard","meta":{"jnews-multi-image_gallery":[],"jnews_single_post":[],"jnews_primary_category":[],"jnews_social_meta":[],"jnews_review":[],"enable_review":"","type":"","name":"","summary":"","brand":"","sku":"","good":[],"bad":[],"score_override":"","override_value":"","rating":[],"price":[],"footnotes":""},"categories":[44],"tags":[],"class_list":["post-24146","post","type-post","status-publish","format-standard","has-post-thumbnail","hentry","category-policia"],"yoast_head":"<!-- This site is optimized with the Yoast SEO plugin v26.5 - https:\/\/yoast.com\/wordpress\/plugins\/seo\/ -->\n<title>Protesto de vigilantes pressiona por puni\u00e7\u00e3o - Agazeta.net<\/title>\n<meta name=\"robots\" content=\"index, follow, max-snippet:-1, max-image-preview:large, max-video-preview:-1\" \/>\n<link rel=\"canonical\" href=\"https:\/\/nk7-testes.com.br\/agazeta\/protesto-de-vigilantes-pressiona-por-punicao\/\" \/>\n<meta property=\"og:locale\" content=\"pt_BR\" \/>\n<meta property=\"og:type\" content=\"article\" \/>\n<meta property=\"og:title\" content=\"Protesto de vigilantes pressiona por puni\u00e7\u00e3o - Agazeta.net\" \/>\n<meta property=\"og:description\" content=\"Categoria questiona dire\u00e7\u00e3o do balne\u00e1rio\" \/>\n<meta property=\"og:url\" content=\"https:\/\/nk7-testes.com.br\/agazeta\/protesto-de-vigilantes-pressiona-por-punicao\/\" \/>\n<meta property=\"og:site_name\" content=\"Agazeta.net\" \/>\n<meta property=\"article:published_time\" content=\"2016-07-26T16:21:56+00:00\" \/>\n<meta property=\"og:image\" content=\"https:\/\/nk7-testes.com.br\/agazeta\/wp-content\/uploads\/2016\/07\/260716-policia-sindicato-tvgazeta.jpg\" \/>\n\t<meta property=\"og:image:width\" content=\"458\" \/>\n\t<meta property=\"og:image:height\" content=\"340\" \/>\n\t<meta property=\"og:image:type\" content=\"image\/jpeg\" \/>\n<meta name=\"author\" content=\"Agazeta.Net\" \/>\n<meta name=\"twitter:card\" content=\"summary_large_image\" \/>\n<meta name=\"twitter:label1\" content=\"Escrito por\" \/>\n\t<meta name=\"twitter:data1\" content=\"Agazeta.Net\" \/>\n\t<meta name=\"twitter:label2\" content=\"Est. tempo de leitura\" \/>\n\t<meta name=\"twitter:data2\" content=\"1 minuto\" \/>\n<script type=\"application\/ld+json\" class=\"yoast-schema-graph\">{\"@context\":\"https:\/\/schema.org\",\"@graph\":[{\"@type\":\"WebPage\",\"@id\":\"https:\/\/nk7-testes.com.br\/agazeta\/protesto-de-vigilantes-pressiona-por-punicao\/\",\"url\":\"https:\/\/nk7-testes.com.br\/agazeta\/protesto-de-vigilantes-pressiona-por-punicao\/\",\"name\":\"Protesto de vigilantes pressiona por puni\u00e7\u00e3o - Agazeta.net\",\"isPartOf\":{\"@id\":\"https:\/\/nk7-testes.com.br\/agazeta\/#website\"},\"primaryImageOfPage\":{\"@id\":\"https:\/\/nk7-testes.com.br\/agazeta\/protesto-de-vigilantes-pressiona-por-punicao\/#primaryimage\"},\"image\":{\"@id\":\"https:\/\/nk7-testes.com.br\/agazeta\/protesto-de-vigilantes-pressiona-por-punicao\/#primaryimage\"},\"thumbnailUrl\":\"https:\/\/nk7-testes.com.br\/agazeta\/wp-content\/uploads\/2016\/07\/260716-policia-sindicato-tvgazeta.jpg\",\"datePublished\":\"2016-07-26T16:21:56+00:00\",\"author\":{\"@id\":\"https:\/\/nk7-testes.com.br\/agazeta\/#\/schema\/person\/6d6e25cb0435eb4a02fd44d30b4e3020\"},\"breadcrumb\":{\"@id\":\"https:\/\/nk7-testes.com.br\/agazeta\/protesto-de-vigilantes-pressiona-por-punicao\/#breadcrumb\"},\"inLanguage\":\"pt-BR\",\"potentialAction\":[{\"@type\":\"ReadAction\",\"target\":[\"https:\/\/nk7-testes.com.br\/agazeta\/protesto-de-vigilantes-pressiona-por-punicao\/\"]}]},{\"@type\":\"ImageObject\",\"inLanguage\":\"pt-BR\",\"@id\":\"https:\/\/nk7-testes.com.br\/agazeta\/protesto-de-vigilantes-pressiona-por-punicao\/#primaryimage\",\"url\":\"https:\/\/nk7-testes.com.br\/agazeta\/wp-content\/uploads\/2016\/07\/260716-policia-sindicato-tvgazeta.jpg\",\"contentUrl\":\"https:\/\/nk7-testes.com.br\/agazeta\/wp-content\/uploads\/2016\/07\/260716-policia-sindicato-tvgazeta.jpg\",\"width\":458,\"height\":340,\"caption\":\"260716-policia-sindicato-tvgazeta\"},{\"@type\":\"BreadcrumbList\",\"@id\":\"https:\/\/nk7-testes.com.br\/agazeta\/protesto-de-vigilantes-pressiona-por-punicao\/#breadcrumb\",\"itemListElement\":[{\"@type\":\"ListItem\",\"position\":1,\"name\":\"In\u00edcio\",\"item\":\"https:\/\/nk7-testes.com.br\/agazeta\/\"},{\"@type\":\"ListItem\",\"position\":2,\"name\":\"Protesto de vigilantes pressiona por puni\u00e7\u00e3o\"}]},{\"@type\":\"WebSite\",\"@id\":\"https:\/\/nk7-testes.com.br\/agazeta\/#website\",\"url\":\"https:\/\/nk7-testes.com.br\/agazeta\/\",\"name\":\"Agazeta.net\",\"description\":\"Agazeta.net - Not\u00edcias de Rio Branco\/AC\",\"potentialAction\":[{\"@type\":\"SearchAction\",\"target\":{\"@type\":\"EntryPoint\",\"urlTemplate\":\"https:\/\/nk7-testes.com.br\/agazeta\/?s={search_term_string}\"},\"query-input\":{\"@type\":\"PropertyValueSpecification\",\"valueRequired\":true,\"valueName\":\"search_term_string\"}}],\"inLanguage\":\"pt-BR\"},{\"@type\":\"Person\",\"@id\":\"https:\/\/nk7-testes.com.br\/agazeta\/#\/schema\/person\/6d6e25cb0435eb4a02fd44d30b4e3020\",\"name\":\"Agazeta.Net\",\"url\":\"https:\/\/nk7-testes.com.br\/agazeta\/author\/agazeta\/\"}]}<\/script>\n<!-- \/ Yoast SEO plugin. -->","yoast_head_json":{"title":"Protesto de vigilantes pressiona por puni\u00e7\u00e3o - Agazeta.net","robots":{"index":"index","follow":"follow","max-snippet":"max-snippet:-1","max-image-preview":"max-image-preview:large","max-video-preview":"max-video-preview:-1"},"canonical":"https:\/\/nk7-testes.com.br\/agazeta\/protesto-de-vigilantes-pressiona-por-punicao\/","og_locale":"pt_BR","og_type":"article","og_title":"Protesto de vigilantes pressiona por puni\u00e7\u00e3o - Agazeta.net","og_description":"Categoria questiona dire\u00e7\u00e3o do balne\u00e1rio","og_url":"https:\/\/nk7-testes.com.br\/agazeta\/protesto-de-vigilantes-pressiona-por-punicao\/","og_site_name":"Agazeta.net","article_published_time":"2016-07-26T16:21:56+00:00","og_image":[{"width":458,"height":340,"url":"https:\/\/nk7-testes.com.br\/agazeta\/wp-content\/uploads\/2016\/07\/260716-policia-sindicato-tvgazeta.jpg","type":"image\/jpeg"}],"author":"Agazeta.Net","twitter_card":"summary_large_image","twitter_misc":{"Escrito por":"Agazeta.Net","Est. tempo de leitura":"1 minuto"},"schema":{"@context":"https:\/\/schema.org","@graph":[{"@type":"WebPage","@id":"https:\/\/nk7-testes.com.br\/agazeta\/protesto-de-vigilantes-pressiona-por-punicao\/","url":"https:\/\/nk7-testes.com.br\/agazeta\/protesto-de-vigilantes-pressiona-por-punicao\/","name":"Protesto de vigilantes pressiona por puni\u00e7\u00e3o - Agazeta.net","isPartOf":{"@id":"https:\/\/nk7-testes.com.br\/agazeta\/#website"},"primaryImageOfPage":{"@id":"https:\/\/nk7-testes.com.br\/agazeta\/protesto-de-vigilantes-pressiona-por-punicao\/#primaryimage"},"image":{"@id":"https:\/\/nk7-testes.com.br\/agazeta\/protesto-de-vigilantes-pressiona-por-punicao\/#primaryimage"},"thumbnailUrl":"https:\/\/nk7-testes.com.br\/agazeta\/wp-content\/uploads\/2016\/07\/260716-policia-sindicato-tvgazeta.jpg","datePublished":"2016-07-26T16:21:56+00:00","author":{"@id":"https:\/\/nk7-testes.com.br\/agazeta\/#\/schema\/person\/6d6e25cb0435eb4a02fd44d30b4e3020"},"breadcrumb":{"@id":"https:\/\/nk7-testes.com.br\/agazeta\/protesto-de-vigilantes-pressiona-por-punicao\/#breadcrumb"},"inLanguage":"pt-BR","potentialAction":[{"@type":"ReadAction","target":["https:\/\/nk7-testes.com.br\/agazeta\/protesto-de-vigilantes-pressiona-por-punicao\/"]}]},{"@type":"ImageObject","inLanguage":"pt-BR","@id":"https:\/\/nk7-testes.com.br\/agazeta\/protesto-de-vigilantes-pressiona-por-punicao\/#primaryimage","url":"https:\/\/nk7-testes.com.br\/agazeta\/wp-content\/uploads\/2016\/07\/260716-policia-sindicato-tvgazeta.jpg","contentUrl":"https:\/\/nk7-testes.com.br\/agazeta\/wp-content\/uploads\/2016\/07\/260716-policia-sindicato-tvgazeta.jpg","width":458,"height":340,"caption":"260716-policia-sindicato-tvgazeta"},{"@type":"BreadcrumbList","@id":"https:\/\/nk7-testes.com.br\/agazeta\/protesto-de-vigilantes-pressiona-por-punicao\/#breadcrumb","itemListElement":[{"@type":"ListItem","position":1,"name":"In\u00edcio","item":"https:\/\/nk7-testes.com.br\/agazeta\/"},{"@type":"ListItem","position":2,"name":"Protesto de vigilantes pressiona por puni\u00e7\u00e3o"}]},{"@type":"WebSite","@id":"https:\/\/nk7-testes.com.br\/agazeta\/#website","url":"https:\/\/nk7-testes.com.br\/agazeta\/","name":"Agazeta.net","description":"Agazeta.net - Not\u00edcias de Rio Branco\/AC","potentialAction":[{"@type":"SearchAction","target":{"@type":"EntryPoint","urlTemplate":"https:\/\/nk7-testes.com.br\/agazeta\/?s={search_term_string}"},"query-input":{"@type":"PropertyValueSpecification","valueRequired":true,"valueName":"search_term_string"}}],"inLanguage":"pt-BR"},{"@type":"Person","@id":"https:\/\/nk7-testes.com.br\/agazeta\/#\/schema\/person\/6d6e25cb0435eb4a02fd44d30b4e3020","name":"Agazeta.Net","url":"https:\/\/nk7-testes.com.br\/agazeta\/author\/agazeta\/"}]}},"_links":{"self":[{"href":"https:\/\/nk7-testes.com.br\/agazeta\/wp-json\/wp\/v2\/posts\/24146","targetHints":{"allow":["GET"]}}],"collection":[{"href":"https:\/\/nk7-testes.com.br\/agazeta\/wp-json\/wp\/v2\/posts"}],"about":[{"href":"https:\/\/nk7-testes.com.br\/agazeta\/wp-json\/wp\/v2\/types\/post"}],"author":[{"embeddable":true,"href":"https:\/\/nk7-testes.com.br\/agazeta\/wp-json\/wp\/v2\/users\/4"}],"replies":[{"embeddable":true,"href":"https:\/\/nk7-testes.com.br\/agazeta\/wp-json\/wp\/v2\/comments?post=24146"}],"version-history":[{"count":0,"href":"https:\/\/nk7-testes.com.br\/agazeta\/wp-json\/wp\/v2\/posts\/24146\/revisions"}],"wp:featuredmedia":[{"embeddable":true,"href":"https:\/\/nk7-testes.com.br\/agazeta\/wp-json\/wp\/v2\/media\/24145"}],"wp:attachment":[{"href":"https:\/\/nk7-testes.com.br\/agazeta\/wp-json\/wp\/v2\/media?parent=24146"}],"wp:term":[{"taxonomy":"category","embeddable":true,"href":"https:\/\/nk7-testes.com.br\/agazeta\/wp-json\/wp\/v2\/categories?post=24146"},{"taxonomy":"post_tag","embeddable":true,"href":"https:\/\/nk7-testes.com.br\/agazeta\/wp-json\/wp\/v2\/tags?post=24146"}],"curies":[{"name":"wp","href":"https:\/\/api.w.org\/{rel}","templated":true}]}}