{"id":24124,"date":"2016-07-25T20:35:48","date_gmt":"2016-07-25T20:35:48","guid":{"rendered":"https:\/\/abarevegan.com.br\/index.php\/2016\/07\/25\/corregedoria-da-pm-promete-rigor-no-caso-weston\/"},"modified":"2016-07-25T20:35:48","modified_gmt":"2016-07-25T20:35:48","slug":"corregedoria-da-pm-promete-rigor-no-caso-weston","status":"publish","type":"post","link":"https:\/\/nk7-testes.com.br\/agazeta\/corregedoria-da-pm-promete-rigor-no-caso-weston\/","title":{"rendered":"Corregedoria da PM promete rigor no Caso Weston"},"content":{"rendered":"<p style=\"text-align: justify;\">Corregedora: \u201cmilitar assumiu risco de ato criminoso\u201d<\/p>\n<p style=\"text-align: justify;\">No caso do policial Jorge Weston de Andrade Mendes, que matou um vigilante com quatro tiros, a Corregedoria da Pol\u00edcia Militar j\u00e1 adianta a postura do \u00f3rg\u00e3o. A corregedora da PM, Coronel Socorro Freitas, j\u00e1 adiantou. \u201cAo entrar armado em um local onde havia aglomera\u00e7\u00e3o de pessoas, e, ainda por cima, ingerir bebida alco\u00f3lica, o militar assumiu o risco de proceder um ato criminoso. Nos n\u00e3o vamos aceitar\u201d, explicou.<\/p>\n<p style=\"text-align: justify;\">Na manh\u00e3 desta segunda-feira (24), o ju\u00edzo da 1\u00ba Vara criminal homologou o pedido de pris\u00e3o preventiva do sargento da Pol\u00edcia Militar Jorge Weston de Andrade Mendes, 39, que ficar\u00e1 preso no quartel do Batalh\u00e3o de Opera\u00e7\u00f5es Especiais at\u00e9 o julgamento.<\/p>\n<p style=\"text-align: justify;\">Ele matou com quatro tiros, o vigilante Raimundo Carlos Costa de Ara\u00fajo, de 37 anos. O crime ocorreu \u00e0s 15 horas desse domingo em um balne\u00e1rio na Estrada do Quixad\u00e1.<\/p>\n<p style=\"text-align: justify;\">De acordo com testemunhas, o sargento Weston, que \u00e9 do 5\u00ba Batalh\u00e3o da PM, estava ingerindo bebida alco\u00f3lica e mexendo com v\u00e1rias mulheres. Uma delas, era a namorada da v\u00edtima.<\/p>\n<p style=\"text-align: justify;\">Uma das mulheres que estava com Raimundo Carlos, que tamb\u00e9m foi atacada pelo sargento, disse que o PM tentou beijar a for\u00e7a a namorada da v\u00edtima. \u201cO namorado n\u00e3o gostou foi at\u00e9 \u00e1 vitima e desferiu um soco. Na mesma hora o militar sacou a arma e disparou quatro vezes\u201d, disse.<\/p>\n<p style=\"text-align: justify;\">O sargento Weston foi preso em flagrante e levado por colegas de farda para uma delegacia. Depois de prestar depoimento ao delegado plantonista ficou detido no quartel do BOPE. Na manh\u00e3 dessa segunda-feira foi realizada a audi\u00eancia de cust\u00f3dia. O sargento preferiu ficar em sil\u00eancio na hora do depoimento.<\/p>\n<p style=\"text-align: justify;\">A Justi\u00e7a decidiu pela pris\u00e3o preventiva do militar. Segundo a promotora de Justi\u00e7a Neuma Ara\u00fajo, n\u00e3o h\u00e1 outra alternativa, devida \u00e0 gravidade do crime. \u201cUma vida foi ceifada, justamente por uma pessoa designada pelo Estado para manter a ordem\u201d, completou.<\/p>\n<p style=\"text-align: justify;\">O advogado do militar, Wellington Silva, disse que a tese ser\u00e1 a de leg\u00edtima defesa. \u201cO sargento s\u00f3 atirou porque foi agredido\u201d, relatou.<\/p>\n","protected":false},"excerpt":{"rendered":"<p style=\"text-align: justify;\">Corregedora: \u201cmilitar assumiu risco de ato criminoso\u201d<\/p>\n","protected":false},"author":4,"featured_media":24123,"comment_status":"open","ping_status":"open","sticky":false,"template":"","format":"standard","meta":{"jnews-multi-image_gallery":[],"jnews_single_post":[],"jnews_primary_category":[],"jnews_social_meta":[],"jnews_review":[],"enable_review":"","type":"","name":"","summary":"","brand":"","sku":"","good":[],"bad":[],"score_override":"","override_value":"","rating":[],"price":[],"footnotes":""},"categories":[44],"tags":[],"class_list":["post-24124","post","type-post","status-publish","format-standard","has-post-thumbnail","hentry","category-policia"],"yoast_head":"<!-- This site is optimized with the Yoast SEO plugin v26.5 - https:\/\/yoast.com\/wordpress\/plugins\/seo\/ -->\n<title>Corregedoria da PM promete rigor no Caso Weston - Agazeta.net<\/title>\n<meta name=\"robots\" content=\"index, follow, max-snippet:-1, max-image-preview:large, max-video-preview:-1\" \/>\n<link rel=\"canonical\" href=\"https:\/\/nk7-testes.com.br\/agazeta\/corregedoria-da-pm-promete-rigor-no-caso-weston\/\" \/>\n<meta property=\"og:locale\" content=\"pt_BR\" \/>\n<meta property=\"og:type\" content=\"article\" \/>\n<meta property=\"og:title\" content=\"Corregedoria da PM promete rigor no Caso Weston - Agazeta.net\" \/>\n<meta property=\"og:description\" content=\"Corregedora: \u201cmilitar assumiu risco de ato criminoso\u201d\" \/>\n<meta property=\"og:url\" content=\"https:\/\/nk7-testes.com.br\/agazeta\/corregedoria-da-pm-promete-rigor-no-caso-weston\/\" \/>\n<meta property=\"og:site_name\" content=\"Agazeta.net\" \/>\n<meta property=\"article:published_time\" content=\"2016-07-25T20:35:48+00:00\" \/>\n<meta property=\"og:image\" content=\"https:\/\/nk7-testes.com.br\/agazeta\/wp-content\/uploads\/2016\/07\/250716-policia-corregedora-tvgazeta.jpg\" \/>\n\t<meta property=\"og:image:width\" content=\"458\" \/>\n\t<meta property=\"og:image:height\" content=\"340\" \/>\n\t<meta property=\"og:image:type\" content=\"image\/jpeg\" \/>\n<meta name=\"author\" content=\"Agazeta.Net\" \/>\n<meta name=\"twitter:card\" content=\"summary_large_image\" \/>\n<meta name=\"twitter:label1\" content=\"Escrito por\" \/>\n\t<meta name=\"twitter:data1\" content=\"Agazeta.Net\" \/>\n\t<meta name=\"twitter:label2\" content=\"Est. tempo de leitura\" \/>\n\t<meta name=\"twitter:data2\" content=\"2 minutos\" \/>\n<script type=\"application\/ld+json\" class=\"yoast-schema-graph\">{\"@context\":\"https:\/\/schema.org\",\"@graph\":[{\"@type\":\"WebPage\",\"@id\":\"https:\/\/nk7-testes.com.br\/agazeta\/corregedoria-da-pm-promete-rigor-no-caso-weston\/\",\"url\":\"https:\/\/nk7-testes.com.br\/agazeta\/corregedoria-da-pm-promete-rigor-no-caso-weston\/\",\"name\":\"Corregedoria da PM promete rigor no Caso Weston - Agazeta.net\",\"isPartOf\":{\"@id\":\"https:\/\/nk7-testes.com.br\/agazeta\/#website\"},\"primaryImageOfPage\":{\"@id\":\"https:\/\/nk7-testes.com.br\/agazeta\/corregedoria-da-pm-promete-rigor-no-caso-weston\/#primaryimage\"},\"image\":{\"@id\":\"https:\/\/nk7-testes.com.br\/agazeta\/corregedoria-da-pm-promete-rigor-no-caso-weston\/#primaryimage\"},\"thumbnailUrl\":\"https:\/\/nk7-testes.com.br\/agazeta\/wp-content\/uploads\/2016\/07\/250716-policia-corregedora-tvgazeta.jpg\",\"datePublished\":\"2016-07-25T20:35:48+00:00\",\"author\":{\"@id\":\"https:\/\/nk7-testes.com.br\/agazeta\/#\/schema\/person\/6d6e25cb0435eb4a02fd44d30b4e3020\"},\"breadcrumb\":{\"@id\":\"https:\/\/nk7-testes.com.br\/agazeta\/corregedoria-da-pm-promete-rigor-no-caso-weston\/#breadcrumb\"},\"inLanguage\":\"pt-BR\",\"potentialAction\":[{\"@type\":\"ReadAction\",\"target\":[\"https:\/\/nk7-testes.com.br\/agazeta\/corregedoria-da-pm-promete-rigor-no-caso-weston\/\"]}]},{\"@type\":\"ImageObject\",\"inLanguage\":\"pt-BR\",\"@id\":\"https:\/\/nk7-testes.com.br\/agazeta\/corregedoria-da-pm-promete-rigor-no-caso-weston\/#primaryimage\",\"url\":\"https:\/\/nk7-testes.com.br\/agazeta\/wp-content\/uploads\/2016\/07\/250716-policia-corregedora-tvgazeta.jpg\",\"contentUrl\":\"https:\/\/nk7-testes.com.br\/agazeta\/wp-content\/uploads\/2016\/07\/250716-policia-corregedora-tvgazeta.jpg\",\"width\":458,\"height\":340,\"caption\":\"250716-policia-corregedora-tvgazeta\"},{\"@type\":\"BreadcrumbList\",\"@id\":\"https:\/\/nk7-testes.com.br\/agazeta\/corregedoria-da-pm-promete-rigor-no-caso-weston\/#breadcrumb\",\"itemListElement\":[{\"@type\":\"ListItem\",\"position\":1,\"name\":\"In\u00edcio\",\"item\":\"https:\/\/nk7-testes.com.br\/agazeta\/\"},{\"@type\":\"ListItem\",\"position\":2,\"name\":\"Corregedoria da PM promete rigor no Caso Weston\"}]},{\"@type\":\"WebSite\",\"@id\":\"https:\/\/nk7-testes.com.br\/agazeta\/#website\",\"url\":\"https:\/\/nk7-testes.com.br\/agazeta\/\",\"name\":\"Agazeta.net\",\"description\":\"Agazeta.net - Not\u00edcias de Rio Branco\/AC\",\"potentialAction\":[{\"@type\":\"SearchAction\",\"target\":{\"@type\":\"EntryPoint\",\"urlTemplate\":\"https:\/\/nk7-testes.com.br\/agazeta\/?s={search_term_string}\"},\"query-input\":{\"@type\":\"PropertyValueSpecification\",\"valueRequired\":true,\"valueName\":\"search_term_string\"}}],\"inLanguage\":\"pt-BR\"},{\"@type\":\"Person\",\"@id\":\"https:\/\/nk7-testes.com.br\/agazeta\/#\/schema\/person\/6d6e25cb0435eb4a02fd44d30b4e3020\",\"name\":\"Agazeta.Net\",\"url\":\"https:\/\/nk7-testes.com.br\/agazeta\/author\/agazeta\/\"}]}<\/script>\n<!-- \/ Yoast SEO plugin. -->","yoast_head_json":{"title":"Corregedoria da PM promete rigor no Caso Weston - Agazeta.net","robots":{"index":"index","follow":"follow","max-snippet":"max-snippet:-1","max-image-preview":"max-image-preview:large","max-video-preview":"max-video-preview:-1"},"canonical":"https:\/\/nk7-testes.com.br\/agazeta\/corregedoria-da-pm-promete-rigor-no-caso-weston\/","og_locale":"pt_BR","og_type":"article","og_title":"Corregedoria da PM promete rigor no Caso Weston - Agazeta.net","og_description":"Corregedora: \u201cmilitar assumiu risco de ato criminoso\u201d","og_url":"https:\/\/nk7-testes.com.br\/agazeta\/corregedoria-da-pm-promete-rigor-no-caso-weston\/","og_site_name":"Agazeta.net","article_published_time":"2016-07-25T20:35:48+00:00","og_image":[{"width":458,"height":340,"url":"https:\/\/nk7-testes.com.br\/agazeta\/wp-content\/uploads\/2016\/07\/250716-policia-corregedora-tvgazeta.jpg","type":"image\/jpeg"}],"author":"Agazeta.Net","twitter_card":"summary_large_image","twitter_misc":{"Escrito por":"Agazeta.Net","Est. tempo de leitura":"2 minutos"},"schema":{"@context":"https:\/\/schema.org","@graph":[{"@type":"WebPage","@id":"https:\/\/nk7-testes.com.br\/agazeta\/corregedoria-da-pm-promete-rigor-no-caso-weston\/","url":"https:\/\/nk7-testes.com.br\/agazeta\/corregedoria-da-pm-promete-rigor-no-caso-weston\/","name":"Corregedoria da PM promete rigor no Caso Weston - Agazeta.net","isPartOf":{"@id":"https:\/\/nk7-testes.com.br\/agazeta\/#website"},"primaryImageOfPage":{"@id":"https:\/\/nk7-testes.com.br\/agazeta\/corregedoria-da-pm-promete-rigor-no-caso-weston\/#primaryimage"},"image":{"@id":"https:\/\/nk7-testes.com.br\/agazeta\/corregedoria-da-pm-promete-rigor-no-caso-weston\/#primaryimage"},"thumbnailUrl":"https:\/\/nk7-testes.com.br\/agazeta\/wp-content\/uploads\/2016\/07\/250716-policia-corregedora-tvgazeta.jpg","datePublished":"2016-07-25T20:35:48+00:00","author":{"@id":"https:\/\/nk7-testes.com.br\/agazeta\/#\/schema\/person\/6d6e25cb0435eb4a02fd44d30b4e3020"},"breadcrumb":{"@id":"https:\/\/nk7-testes.com.br\/agazeta\/corregedoria-da-pm-promete-rigor-no-caso-weston\/#breadcrumb"},"inLanguage":"pt-BR","potentialAction":[{"@type":"ReadAction","target":["https:\/\/nk7-testes.com.br\/agazeta\/corregedoria-da-pm-promete-rigor-no-caso-weston\/"]}]},{"@type":"ImageObject","inLanguage":"pt-BR","@id":"https:\/\/nk7-testes.com.br\/agazeta\/corregedoria-da-pm-promete-rigor-no-caso-weston\/#primaryimage","url":"https:\/\/nk7-testes.com.br\/agazeta\/wp-content\/uploads\/2016\/07\/250716-policia-corregedora-tvgazeta.jpg","contentUrl":"https:\/\/nk7-testes.com.br\/agazeta\/wp-content\/uploads\/2016\/07\/250716-policia-corregedora-tvgazeta.jpg","width":458,"height":340,"caption":"250716-policia-corregedora-tvgazeta"},{"@type":"BreadcrumbList","@id":"https:\/\/nk7-testes.com.br\/agazeta\/corregedoria-da-pm-promete-rigor-no-caso-weston\/#breadcrumb","itemListElement":[{"@type":"ListItem","position":1,"name":"In\u00edcio","item":"https:\/\/nk7-testes.com.br\/agazeta\/"},{"@type":"ListItem","position":2,"name":"Corregedoria da PM promete rigor no Caso Weston"}]},{"@type":"WebSite","@id":"https:\/\/nk7-testes.com.br\/agazeta\/#website","url":"https:\/\/nk7-testes.com.br\/agazeta\/","name":"Agazeta.net","description":"Agazeta.net - Not\u00edcias de Rio Branco\/AC","potentialAction":[{"@type":"SearchAction","target":{"@type":"EntryPoint","urlTemplate":"https:\/\/nk7-testes.com.br\/agazeta\/?s={search_term_string}"},"query-input":{"@type":"PropertyValueSpecification","valueRequired":true,"valueName":"search_term_string"}}],"inLanguage":"pt-BR"},{"@type":"Person","@id":"https:\/\/nk7-testes.com.br\/agazeta\/#\/schema\/person\/6d6e25cb0435eb4a02fd44d30b4e3020","name":"Agazeta.Net","url":"https:\/\/nk7-testes.com.br\/agazeta\/author\/agazeta\/"}]}},"_links":{"self":[{"href":"https:\/\/nk7-testes.com.br\/agazeta\/wp-json\/wp\/v2\/posts\/24124","targetHints":{"allow":["GET"]}}],"collection":[{"href":"https:\/\/nk7-testes.com.br\/agazeta\/wp-json\/wp\/v2\/posts"}],"about":[{"href":"https:\/\/nk7-testes.com.br\/agazeta\/wp-json\/wp\/v2\/types\/post"}],"author":[{"embeddable":true,"href":"https:\/\/nk7-testes.com.br\/agazeta\/wp-json\/wp\/v2\/users\/4"}],"replies":[{"embeddable":true,"href":"https:\/\/nk7-testes.com.br\/agazeta\/wp-json\/wp\/v2\/comments?post=24124"}],"version-history":[{"count":0,"href":"https:\/\/nk7-testes.com.br\/agazeta\/wp-json\/wp\/v2\/posts\/24124\/revisions"}],"wp:featuredmedia":[{"embeddable":true,"href":"https:\/\/nk7-testes.com.br\/agazeta\/wp-json\/wp\/v2\/media\/24123"}],"wp:attachment":[{"href":"https:\/\/nk7-testes.com.br\/agazeta\/wp-json\/wp\/v2\/media?parent=24124"}],"wp:term":[{"taxonomy":"category","embeddable":true,"href":"https:\/\/nk7-testes.com.br\/agazeta\/wp-json\/wp\/v2\/categories?post=24124"},{"taxonomy":"post_tag","embeddable":true,"href":"https:\/\/nk7-testes.com.br\/agazeta\/wp-json\/wp\/v2\/tags?post=24124"}],"curies":[{"name":"wp","href":"https:\/\/api.w.org\/{rel}","templated":true}]}}