{"id":24119,"date":"2016-07-25T17:06:19","date_gmt":"2016-07-25T17:06:19","guid":{"rendered":"https:\/\/abarevegan.com.br\/index.php\/2016\/07\/25\/juiz-mantem-prisao-do-policial-que-assassinou-vigilante\/"},"modified":"2016-07-25T17:06:19","modified_gmt":"2016-07-25T17:06:19","slug":"juiz-mantem-prisao-do-policial-que-assassinou-vigilante","status":"publish","type":"post","link":"https:\/\/nk7-testes.com.br\/agazeta\/juiz-mantem-prisao-do-policial-que-assassinou-vigilante\/","title":{"rendered":"Juiz mant\u00e9m pris\u00e3o do policial que assassinou vigilante"},"content":{"rendered":"<p style=\"text-align: justify;\">Policial chegou fardado e no carro do Bope<\/p>\n<p style=\"text-align: justify;\">O juiz da 1\u00aa Vara Criminal do F\u00f3rum Criminal, Daniel Gustavo Bonfim decidiu manter preso o policial Jorge Weston de Andrade Mendes, acusado de assassinar com quatro tiros um vigilante em um balne\u00e1rio da Capital durante o fim de semana.<\/p>\n<p style=\"text-align: justify;\">O juiz argumentou que era necess\u00e1rio manter a pris\u00e3o preventiva para garantir a ordem p\u00fablica por causa da gravidade do crime e da repercuss\u00e3o. \u201c\u00c9 claro que devemos resguardar os direitos constitucionais dos presos, mas tamb\u00e9m n\u00e3o podemos esquecer que a sociedade tem direito \u00e0 seguran\u00e7a p\u00fablica\u201d, argumentou o magistrado na decis\u00e3o que manteve a pris\u00e3o.<\/p>\n<p style=\"text-align: justify;\">A defesa rebate. \u201cN\u00e3o foi o objetivo do policial militar [de matar]. Ele tinha a inten\u00e7\u00e3o de repelir uma injusta agress\u00e3o\u201d, justificou o advogado de defesa do policial, Wellington Silva.<\/p>\n<p style=\"text-align: justify;\">Weston Mendes chegou \u00e0 sala da audi\u00eancia de cust\u00f3dia com a farda do Bope. Com 17 anos de atua\u00e7\u00e3o como policial, Mendes, segundo testemunhas, estava b\u00eabado em um balne\u00e1rio. Mexeu com a mulher do vigilante Raimundo de Ara\u00fajo. Ap\u00f3s uma discuss\u00e3o, houve briga. Na sequ\u00eancia, os disparos.<\/p>\n","protected":false},"excerpt":{"rendered":"<p style=\"text-align: justify;\">Policial chegou fardado e no carro do Bope<\/p>\n","protected":false},"author":4,"featured_media":24118,"comment_status":"open","ping_status":"open","sticky":false,"template":"","format":"standard","meta":{"jnews-multi-image_gallery":[],"jnews_single_post":[],"jnews_primary_category":[],"jnews_social_meta":[],"jnews_review":[],"enable_review":"","type":"","name":"","summary":"","brand":"","sku":"","good":[],"bad":[],"score_override":"","override_value":"","rating":[],"price":[],"footnotes":""},"categories":[44],"tags":[],"class_list":["post-24119","post","type-post","status-publish","format-standard","has-post-thumbnail","hentry","category-policia"],"yoast_head":"<!-- This site is optimized with the Yoast SEO plugin v26.5 - https:\/\/yoast.com\/wordpress\/plugins\/seo\/ -->\n<title>Juiz mant\u00e9m pris\u00e3o do policial que assassinou vigilante - Agazeta.net<\/title>\n<meta name=\"robots\" content=\"index, follow, max-snippet:-1, max-image-preview:large, max-video-preview:-1\" \/>\n<link rel=\"canonical\" href=\"https:\/\/nk7-testes.com.br\/agazeta\/juiz-mantem-prisao-do-policial-que-assassinou-vigilante\/\" \/>\n<meta property=\"og:locale\" content=\"pt_BR\" \/>\n<meta property=\"og:type\" content=\"article\" \/>\n<meta property=\"og:title\" content=\"Juiz mant\u00e9m pris\u00e3o do policial que assassinou vigilante - Agazeta.net\" \/>\n<meta property=\"og:description\" content=\"Policial chegou fardado e no carro do Bope\" \/>\n<meta property=\"og:url\" content=\"https:\/\/nk7-testes.com.br\/agazeta\/juiz-mantem-prisao-do-policial-que-assassinou-vigilante\/\" \/>\n<meta property=\"og:site_name\" content=\"Agazeta.net\" \/>\n<meta property=\"article:published_time\" content=\"2016-07-25T17:06:19+00:00\" \/>\n<meta property=\"og:image\" content=\"https:\/\/nk7-testes.com.br\/agazeta\/wp-content\/uploads\/2016\/07\/250716-policia-carrobope-cleriston.jpg\" \/>\n\t<meta property=\"og:image:width\" content=\"458\" \/>\n\t<meta property=\"og:image:height\" content=\"340\" \/>\n\t<meta property=\"og:image:type\" content=\"image\/jpeg\" \/>\n<meta name=\"author\" content=\"Agazeta.Net\" \/>\n<meta name=\"twitter:card\" content=\"summary_large_image\" \/>\n<meta name=\"twitter:label1\" content=\"Escrito por\" \/>\n\t<meta name=\"twitter:data1\" content=\"Agazeta.Net\" \/>\n\t<meta name=\"twitter:label2\" content=\"Est. tempo de leitura\" \/>\n\t<meta name=\"twitter:data2\" content=\"1 minuto\" \/>\n<script type=\"application\/ld+json\" class=\"yoast-schema-graph\">{\"@context\":\"https:\/\/schema.org\",\"@graph\":[{\"@type\":\"WebPage\",\"@id\":\"https:\/\/nk7-testes.com.br\/agazeta\/juiz-mantem-prisao-do-policial-que-assassinou-vigilante\/\",\"url\":\"https:\/\/nk7-testes.com.br\/agazeta\/juiz-mantem-prisao-do-policial-que-assassinou-vigilante\/\",\"name\":\"Juiz mant\u00e9m pris\u00e3o do policial que assassinou vigilante - Agazeta.net\",\"isPartOf\":{\"@id\":\"https:\/\/nk7-testes.com.br\/agazeta\/#website\"},\"primaryImageOfPage\":{\"@id\":\"https:\/\/nk7-testes.com.br\/agazeta\/juiz-mantem-prisao-do-policial-que-assassinou-vigilante\/#primaryimage\"},\"image\":{\"@id\":\"https:\/\/nk7-testes.com.br\/agazeta\/juiz-mantem-prisao-do-policial-que-assassinou-vigilante\/#primaryimage\"},\"thumbnailUrl\":\"https:\/\/nk7-testes.com.br\/agazeta\/wp-content\/uploads\/2016\/07\/250716-policia-carrobope-cleriston.jpg\",\"datePublished\":\"2016-07-25T17:06:19+00:00\",\"author\":{\"@id\":\"https:\/\/nk7-testes.com.br\/agazeta\/#\/schema\/person\/6d6e25cb0435eb4a02fd44d30b4e3020\"},\"breadcrumb\":{\"@id\":\"https:\/\/nk7-testes.com.br\/agazeta\/juiz-mantem-prisao-do-policial-que-assassinou-vigilante\/#breadcrumb\"},\"inLanguage\":\"pt-BR\",\"potentialAction\":[{\"@type\":\"ReadAction\",\"target\":[\"https:\/\/nk7-testes.com.br\/agazeta\/juiz-mantem-prisao-do-policial-que-assassinou-vigilante\/\"]}]},{\"@type\":\"ImageObject\",\"inLanguage\":\"pt-BR\",\"@id\":\"https:\/\/nk7-testes.com.br\/agazeta\/juiz-mantem-prisao-do-policial-que-assassinou-vigilante\/#primaryimage\",\"url\":\"https:\/\/nk7-testes.com.br\/agazeta\/wp-content\/uploads\/2016\/07\/250716-policia-carrobope-cleriston.jpg\",\"contentUrl\":\"https:\/\/nk7-testes.com.br\/agazeta\/wp-content\/uploads\/2016\/07\/250716-policia-carrobope-cleriston.jpg\",\"width\":458,\"height\":340,\"caption\":\"250716-policia-carrobope-cleriston\"},{\"@type\":\"BreadcrumbList\",\"@id\":\"https:\/\/nk7-testes.com.br\/agazeta\/juiz-mantem-prisao-do-policial-que-assassinou-vigilante\/#breadcrumb\",\"itemListElement\":[{\"@type\":\"ListItem\",\"position\":1,\"name\":\"In\u00edcio\",\"item\":\"https:\/\/nk7-testes.com.br\/agazeta\/\"},{\"@type\":\"ListItem\",\"position\":2,\"name\":\"Juiz mant\u00e9m pris\u00e3o do policial que assassinou vigilante\"}]},{\"@type\":\"WebSite\",\"@id\":\"https:\/\/nk7-testes.com.br\/agazeta\/#website\",\"url\":\"https:\/\/nk7-testes.com.br\/agazeta\/\",\"name\":\"Agazeta.net\",\"description\":\"Agazeta.net - Not\u00edcias de Rio Branco\/AC\",\"potentialAction\":[{\"@type\":\"SearchAction\",\"target\":{\"@type\":\"EntryPoint\",\"urlTemplate\":\"https:\/\/nk7-testes.com.br\/agazeta\/?s={search_term_string}\"},\"query-input\":{\"@type\":\"PropertyValueSpecification\",\"valueRequired\":true,\"valueName\":\"search_term_string\"}}],\"inLanguage\":\"pt-BR\"},{\"@type\":\"Person\",\"@id\":\"https:\/\/nk7-testes.com.br\/agazeta\/#\/schema\/person\/6d6e25cb0435eb4a02fd44d30b4e3020\",\"name\":\"Agazeta.Net\",\"url\":\"https:\/\/nk7-testes.com.br\/agazeta\/author\/agazeta\/\"}]}<\/script>\n<!-- \/ Yoast SEO plugin. -->","yoast_head_json":{"title":"Juiz mant\u00e9m pris\u00e3o do policial que assassinou vigilante - Agazeta.net","robots":{"index":"index","follow":"follow","max-snippet":"max-snippet:-1","max-image-preview":"max-image-preview:large","max-video-preview":"max-video-preview:-1"},"canonical":"https:\/\/nk7-testes.com.br\/agazeta\/juiz-mantem-prisao-do-policial-que-assassinou-vigilante\/","og_locale":"pt_BR","og_type":"article","og_title":"Juiz mant\u00e9m pris\u00e3o do policial que assassinou vigilante - Agazeta.net","og_description":"Policial chegou fardado e no carro do Bope","og_url":"https:\/\/nk7-testes.com.br\/agazeta\/juiz-mantem-prisao-do-policial-que-assassinou-vigilante\/","og_site_name":"Agazeta.net","article_published_time":"2016-07-25T17:06:19+00:00","og_image":[{"width":458,"height":340,"url":"https:\/\/nk7-testes.com.br\/agazeta\/wp-content\/uploads\/2016\/07\/250716-policia-carrobope-cleriston.jpg","type":"image\/jpeg"}],"author":"Agazeta.Net","twitter_card":"summary_large_image","twitter_misc":{"Escrito por":"Agazeta.Net","Est. tempo de leitura":"1 minuto"},"schema":{"@context":"https:\/\/schema.org","@graph":[{"@type":"WebPage","@id":"https:\/\/nk7-testes.com.br\/agazeta\/juiz-mantem-prisao-do-policial-que-assassinou-vigilante\/","url":"https:\/\/nk7-testes.com.br\/agazeta\/juiz-mantem-prisao-do-policial-que-assassinou-vigilante\/","name":"Juiz mant\u00e9m pris\u00e3o do policial que assassinou vigilante - Agazeta.net","isPartOf":{"@id":"https:\/\/nk7-testes.com.br\/agazeta\/#website"},"primaryImageOfPage":{"@id":"https:\/\/nk7-testes.com.br\/agazeta\/juiz-mantem-prisao-do-policial-que-assassinou-vigilante\/#primaryimage"},"image":{"@id":"https:\/\/nk7-testes.com.br\/agazeta\/juiz-mantem-prisao-do-policial-que-assassinou-vigilante\/#primaryimage"},"thumbnailUrl":"https:\/\/nk7-testes.com.br\/agazeta\/wp-content\/uploads\/2016\/07\/250716-policia-carrobope-cleriston.jpg","datePublished":"2016-07-25T17:06:19+00:00","author":{"@id":"https:\/\/nk7-testes.com.br\/agazeta\/#\/schema\/person\/6d6e25cb0435eb4a02fd44d30b4e3020"},"breadcrumb":{"@id":"https:\/\/nk7-testes.com.br\/agazeta\/juiz-mantem-prisao-do-policial-que-assassinou-vigilante\/#breadcrumb"},"inLanguage":"pt-BR","potentialAction":[{"@type":"ReadAction","target":["https:\/\/nk7-testes.com.br\/agazeta\/juiz-mantem-prisao-do-policial-que-assassinou-vigilante\/"]}]},{"@type":"ImageObject","inLanguage":"pt-BR","@id":"https:\/\/nk7-testes.com.br\/agazeta\/juiz-mantem-prisao-do-policial-que-assassinou-vigilante\/#primaryimage","url":"https:\/\/nk7-testes.com.br\/agazeta\/wp-content\/uploads\/2016\/07\/250716-policia-carrobope-cleriston.jpg","contentUrl":"https:\/\/nk7-testes.com.br\/agazeta\/wp-content\/uploads\/2016\/07\/250716-policia-carrobope-cleriston.jpg","width":458,"height":340,"caption":"250716-policia-carrobope-cleriston"},{"@type":"BreadcrumbList","@id":"https:\/\/nk7-testes.com.br\/agazeta\/juiz-mantem-prisao-do-policial-que-assassinou-vigilante\/#breadcrumb","itemListElement":[{"@type":"ListItem","position":1,"name":"In\u00edcio","item":"https:\/\/nk7-testes.com.br\/agazeta\/"},{"@type":"ListItem","position":2,"name":"Juiz mant\u00e9m pris\u00e3o do policial que assassinou vigilante"}]},{"@type":"WebSite","@id":"https:\/\/nk7-testes.com.br\/agazeta\/#website","url":"https:\/\/nk7-testes.com.br\/agazeta\/","name":"Agazeta.net","description":"Agazeta.net - Not\u00edcias de Rio Branco\/AC","potentialAction":[{"@type":"SearchAction","target":{"@type":"EntryPoint","urlTemplate":"https:\/\/nk7-testes.com.br\/agazeta\/?s={search_term_string}"},"query-input":{"@type":"PropertyValueSpecification","valueRequired":true,"valueName":"search_term_string"}}],"inLanguage":"pt-BR"},{"@type":"Person","@id":"https:\/\/nk7-testes.com.br\/agazeta\/#\/schema\/person\/6d6e25cb0435eb4a02fd44d30b4e3020","name":"Agazeta.Net","url":"https:\/\/nk7-testes.com.br\/agazeta\/author\/agazeta\/"}]}},"_links":{"self":[{"href":"https:\/\/nk7-testes.com.br\/agazeta\/wp-json\/wp\/v2\/posts\/24119","targetHints":{"allow":["GET"]}}],"collection":[{"href":"https:\/\/nk7-testes.com.br\/agazeta\/wp-json\/wp\/v2\/posts"}],"about":[{"href":"https:\/\/nk7-testes.com.br\/agazeta\/wp-json\/wp\/v2\/types\/post"}],"author":[{"embeddable":true,"href":"https:\/\/nk7-testes.com.br\/agazeta\/wp-json\/wp\/v2\/users\/4"}],"replies":[{"embeddable":true,"href":"https:\/\/nk7-testes.com.br\/agazeta\/wp-json\/wp\/v2\/comments?post=24119"}],"version-history":[{"count":0,"href":"https:\/\/nk7-testes.com.br\/agazeta\/wp-json\/wp\/v2\/posts\/24119\/revisions"}],"wp:featuredmedia":[{"embeddable":true,"href":"https:\/\/nk7-testes.com.br\/agazeta\/wp-json\/wp\/v2\/media\/24118"}],"wp:attachment":[{"href":"https:\/\/nk7-testes.com.br\/agazeta\/wp-json\/wp\/v2\/media?parent=24119"}],"wp:term":[{"taxonomy":"category","embeddable":true,"href":"https:\/\/nk7-testes.com.br\/agazeta\/wp-json\/wp\/v2\/categories?post=24119"},{"taxonomy":"post_tag","embeddable":true,"href":"https:\/\/nk7-testes.com.br\/agazeta\/wp-json\/wp\/v2\/tags?post=24119"}],"curies":[{"name":"wp","href":"https:\/\/api.w.org\/{rel}","templated":true}]}}