{"id":24050,"date":"2016-07-24T14:38:01","date_gmt":"2016-07-24T14:38:01","guid":{"rendered":"https:\/\/abarevegan.com.br\/index.php\/2016\/07\/24\/quadrilha-e-presa-apos-roubar-torturar-e-agredir-casal\/"},"modified":"2016-07-24T14:38:01","modified_gmt":"2016-07-24T14:38:01","slug":"quadrilha-e-presa-apos-roubar-torturar-e-agredir-casal","status":"publish","type":"post","link":"https:\/\/nk7-testes.com.br\/agazeta\/quadrilha-e-presa-apos-roubar-torturar-e-agredir-casal\/","title":{"rendered":"Quadrilha \u00e9 presa ap\u00f3s roubar, torturar e agredir casal"},"content":{"rendered":"<p style=\"text-align: justify;\">Quadrilha presa durante festa no bairro Cidade do Povo<\/p>\n<p style=\"text-align: justify;\">Policiais Militares do 5\u00ba, 4\u00ba e 2\u00ba Batalh\u00e3o prenderam na madrugada deste s\u00e1bado (23), Marcos F\u00e1bio Cruz da Silva, 29, Vagner Vidal Mendez, 27, mais conhecido como \u201cFof\u00e3o\u201d; Meirizane Santos da Silva, 29, Messias dos Santos e Silva, 27, Liebert Teixeira de Azevedo, 33, Natael Silva de Moraes, 21, Jos\u00e9 Amilca da Silva Souza, 20, Linakely Oliveira de Ara\u00fajo, 28, Ana Maria Muniz de Oliveira, 40, Ivanilda Barata da Silva, 37, conhecida como \u201cNega\u201d, Cairo Patr\u00edcio Nascimento da Silva, 30, e apreenderam tamb\u00e9m dois adolescentes um de 15 anos e outro de 17 anos.<\/p>\n<p style=\"text-align: justify;\">Todos s\u00e3o suspeitos de participar de um assalto a uma resid\u00eancia no Ramal do Gavi\u00e3o no bairro Belo Jardim em Rio Branco, e roubar dois ve\u00edculos e v\u00e1rios pertences da casa, como tamb\u00e9m de torturar e agredir os propriet\u00e1rios.<\/p>\n<p style=\"text-align: justify;\">De acordo com a pol\u00edcia, as v\u00edtimas ao chegarem a sua resid\u00eancia foram rendidas por cinco autores que j\u00e1 se encontravam no interior da casa armados com rev\u00f3lver e escopeta e um deles usando capuz preto.<\/p>\n<p style=\"text-align: justify;\">Os acusados ficaram ingerindo bebidas alco\u00f3licas e torturando e agredindo fisicamente o casal, chegando at\u00e9 brincar de roleta russa. Em seguida roubaram v\u00e1rios objetos da casa, dentro dos ve\u00edculos (Hilux e o Renault Clio dos propriet\u00e1rios) e dinheiro.<\/p>\n<p style=\"text-align: justify;\">Policiais Militares foram acionados e ao chegar ao local, colheram informa\u00e7\u00f5es e sa\u00edram em busca de prender os acusados. Com informa\u00e7\u00f5es repassadas via Ciosp a pol\u00edcia conseguiu chegar at\u00e9 alguns dos acusados que estavam em um residencial localizado na Rua 8 de mar\u00e7o no bairro Tancredo Neves, juntamente com a camionete Hilux guardada no p\u00e1tio, e aos outros bandidos que se encontravam no Bairro Calafate.<\/p>\n<p style=\"text-align: justify;\">O ve\u00edculo Renault Clio foi encontrado no Polo Geraldo Mesquita com alguns objetos e as duas armas de fogo, um rev\u00f3lver calibre 38 com 6 muni\u00e7\u00f5es e uma escopeta com 3 muni\u00e7\u00f5es intactas.<\/p>\n<p style=\"text-align: justify;\">Ao perguntar pelos objetos roubados das v\u00edtimas, foi informado que se encontrava em uma casa na Cidade do Povo. V\u00e1rias guarni\u00e7\u00f5es foram acionadas e ao chegar ao local, adentraram a resid\u00eancia e prenderam Cairo Patr\u00edcio.<\/p>\n<p style=\"text-align: justify;\">De posse dele foi encontrado a maioria os pertences das v\u00edtimas e depois de uma revista minuciosa na casa foi encontrado tamb\u00e9m, dois prensados em forma de tijolos de maconha e 11 tabletes, uma trouxinha de coca\u00edna, muni\u00e7\u00f5es e um rev\u00f3lver calibre 32.<\/p>\n<p style=\"text-align: justify;\">Todos foram presos e encaminhados a Delegacia de Flagrantes (Defla) e seguida encaminhados a Delegacia Especializada de Prote\u00e7\u00e3o a Crian\u00e7a e ao Adolescente (Depca) para os devidos procedimentos.<\/p>\n","protected":false},"excerpt":{"rendered":"<p style=\"text-align: justify;\">Quadrilha presa durante festa no bairro Cidade do Povo<\/p>\n","protected":false},"author":4,"featured_media":24049,"comment_status":"open","ping_status":"open","sticky":false,"template":"","format":"standard","meta":{"jnews-multi-image_gallery":[],"jnews_single_post":[],"jnews_primary_category":[],"jnews_social_meta":[],"jnews_review":[],"enable_review":"","type":"","name":"","summary":"","brand":"","sku":"","good":[],"bad":[],"score_override":"","override_value":"","rating":[],"price":[],"footnotes":""},"categories":[44],"tags":[],"class_list":["post-24050","post","type-post","status-publish","format-standard","has-post-thumbnail","hentry","category-policia"],"yoast_head":"<!-- This site is optimized with the Yoast SEO plugin v26.5 - https:\/\/yoast.com\/wordpress\/plugins\/seo\/ -->\n<title>Quadrilha \u00e9 presa ap\u00f3s roubar, torturar e agredir casal - Agazeta.net<\/title>\n<meta name=\"robots\" content=\"index, follow, max-snippet:-1, max-image-preview:large, max-video-preview:-1\" \/>\n<link rel=\"canonical\" href=\"https:\/\/nk7-testes.com.br\/agazeta\/quadrilha-e-presa-apos-roubar-torturar-e-agredir-casal\/\" \/>\n<meta property=\"og:locale\" content=\"pt_BR\" \/>\n<meta property=\"og:type\" content=\"article\" \/>\n<meta property=\"og:title\" content=\"Quadrilha \u00e9 presa ap\u00f3s roubar, torturar e agredir casal - Agazeta.net\" \/>\n<meta property=\"og:description\" content=\"Quadrilha presa durante festa no bairro Cidade do Povo\" \/>\n<meta property=\"og:url\" content=\"https:\/\/nk7-testes.com.br\/agazeta\/quadrilha-e-presa-apos-roubar-torturar-e-agredir-casal\/\" \/>\n<meta property=\"og:site_name\" content=\"Agazeta.net\" \/>\n<meta property=\"article:published_time\" content=\"2016-07-24T14:38:01+00:00\" \/>\n<meta property=\"og:image\" content=\"https:\/\/nk7-testes.com.br\/agazeta\/wp-content\/uploads\/2016\/07\/240716-policia-quadrilha-cleriston2.jpg\" \/>\n\t<meta property=\"og:image:width\" content=\"458\" \/>\n\t<meta property=\"og:image:height\" content=\"340\" \/>\n\t<meta property=\"og:image:type\" content=\"image\/jpeg\" \/>\n<meta name=\"author\" content=\"Agazeta.Net\" \/>\n<meta name=\"twitter:card\" content=\"summary_large_image\" \/>\n<meta name=\"twitter:label1\" content=\"Escrito por\" \/>\n\t<meta name=\"twitter:data1\" content=\"Agazeta.Net\" \/>\n\t<meta name=\"twitter:label2\" content=\"Est. tempo de leitura\" \/>\n\t<meta name=\"twitter:data2\" content=\"2 minutos\" \/>\n<script type=\"application\/ld+json\" class=\"yoast-schema-graph\">{\"@context\":\"https:\/\/schema.org\",\"@graph\":[{\"@type\":\"WebPage\",\"@id\":\"https:\/\/nk7-testes.com.br\/agazeta\/quadrilha-e-presa-apos-roubar-torturar-e-agredir-casal\/\",\"url\":\"https:\/\/nk7-testes.com.br\/agazeta\/quadrilha-e-presa-apos-roubar-torturar-e-agredir-casal\/\",\"name\":\"Quadrilha \u00e9 presa ap\u00f3s roubar, torturar e agredir casal - Agazeta.net\",\"isPartOf\":{\"@id\":\"https:\/\/nk7-testes.com.br\/agazeta\/#website\"},\"primaryImageOfPage\":{\"@id\":\"https:\/\/nk7-testes.com.br\/agazeta\/quadrilha-e-presa-apos-roubar-torturar-e-agredir-casal\/#primaryimage\"},\"image\":{\"@id\":\"https:\/\/nk7-testes.com.br\/agazeta\/quadrilha-e-presa-apos-roubar-torturar-e-agredir-casal\/#primaryimage\"},\"thumbnailUrl\":\"https:\/\/nk7-testes.com.br\/agazeta\/wp-content\/uploads\/2016\/07\/240716-policia-quadrilha-cleriston2.jpg\",\"datePublished\":\"2016-07-24T14:38:01+00:00\",\"author\":{\"@id\":\"https:\/\/nk7-testes.com.br\/agazeta\/#\/schema\/person\/6d6e25cb0435eb4a02fd44d30b4e3020\"},\"breadcrumb\":{\"@id\":\"https:\/\/nk7-testes.com.br\/agazeta\/quadrilha-e-presa-apos-roubar-torturar-e-agredir-casal\/#breadcrumb\"},\"inLanguage\":\"pt-BR\",\"potentialAction\":[{\"@type\":\"ReadAction\",\"target\":[\"https:\/\/nk7-testes.com.br\/agazeta\/quadrilha-e-presa-apos-roubar-torturar-e-agredir-casal\/\"]}]},{\"@type\":\"ImageObject\",\"inLanguage\":\"pt-BR\",\"@id\":\"https:\/\/nk7-testes.com.br\/agazeta\/quadrilha-e-presa-apos-roubar-torturar-e-agredir-casal\/#primaryimage\",\"url\":\"https:\/\/nk7-testes.com.br\/agazeta\/wp-content\/uploads\/2016\/07\/240716-policia-quadrilha-cleriston2.jpg\",\"contentUrl\":\"https:\/\/nk7-testes.com.br\/agazeta\/wp-content\/uploads\/2016\/07\/240716-policia-quadrilha-cleriston2.jpg\",\"width\":458,\"height\":340,\"caption\":\"240716-policia-quadrilha-cleriston2\"},{\"@type\":\"BreadcrumbList\",\"@id\":\"https:\/\/nk7-testes.com.br\/agazeta\/quadrilha-e-presa-apos-roubar-torturar-e-agredir-casal\/#breadcrumb\",\"itemListElement\":[{\"@type\":\"ListItem\",\"position\":1,\"name\":\"In\u00edcio\",\"item\":\"https:\/\/nk7-testes.com.br\/agazeta\/\"},{\"@type\":\"ListItem\",\"position\":2,\"name\":\"Quadrilha \u00e9 presa ap\u00f3s roubar, torturar e agredir casal\"}]},{\"@type\":\"WebSite\",\"@id\":\"https:\/\/nk7-testes.com.br\/agazeta\/#website\",\"url\":\"https:\/\/nk7-testes.com.br\/agazeta\/\",\"name\":\"Agazeta.net\",\"description\":\"Agazeta.net - Not\u00edcias de Rio Branco\/AC\",\"potentialAction\":[{\"@type\":\"SearchAction\",\"target\":{\"@type\":\"EntryPoint\",\"urlTemplate\":\"https:\/\/nk7-testes.com.br\/agazeta\/?s={search_term_string}\"},\"query-input\":{\"@type\":\"PropertyValueSpecification\",\"valueRequired\":true,\"valueName\":\"search_term_string\"}}],\"inLanguage\":\"pt-BR\"},{\"@type\":\"Person\",\"@id\":\"https:\/\/nk7-testes.com.br\/agazeta\/#\/schema\/person\/6d6e25cb0435eb4a02fd44d30b4e3020\",\"name\":\"Agazeta.Net\",\"url\":\"https:\/\/nk7-testes.com.br\/agazeta\/author\/agazeta\/\"}]}<\/script>\n<!-- \/ Yoast SEO plugin. -->","yoast_head_json":{"title":"Quadrilha \u00e9 presa ap\u00f3s roubar, torturar e agredir casal - Agazeta.net","robots":{"index":"index","follow":"follow","max-snippet":"max-snippet:-1","max-image-preview":"max-image-preview:large","max-video-preview":"max-video-preview:-1"},"canonical":"https:\/\/nk7-testes.com.br\/agazeta\/quadrilha-e-presa-apos-roubar-torturar-e-agredir-casal\/","og_locale":"pt_BR","og_type":"article","og_title":"Quadrilha \u00e9 presa ap\u00f3s roubar, torturar e agredir casal - Agazeta.net","og_description":"Quadrilha presa durante festa no bairro Cidade do Povo","og_url":"https:\/\/nk7-testes.com.br\/agazeta\/quadrilha-e-presa-apos-roubar-torturar-e-agredir-casal\/","og_site_name":"Agazeta.net","article_published_time":"2016-07-24T14:38:01+00:00","og_image":[{"width":458,"height":340,"url":"https:\/\/nk7-testes.com.br\/agazeta\/wp-content\/uploads\/2016\/07\/240716-policia-quadrilha-cleriston2.jpg","type":"image\/jpeg"}],"author":"Agazeta.Net","twitter_card":"summary_large_image","twitter_misc":{"Escrito por":"Agazeta.Net","Est. tempo de leitura":"2 minutos"},"schema":{"@context":"https:\/\/schema.org","@graph":[{"@type":"WebPage","@id":"https:\/\/nk7-testes.com.br\/agazeta\/quadrilha-e-presa-apos-roubar-torturar-e-agredir-casal\/","url":"https:\/\/nk7-testes.com.br\/agazeta\/quadrilha-e-presa-apos-roubar-torturar-e-agredir-casal\/","name":"Quadrilha \u00e9 presa ap\u00f3s roubar, torturar e agredir casal - Agazeta.net","isPartOf":{"@id":"https:\/\/nk7-testes.com.br\/agazeta\/#website"},"primaryImageOfPage":{"@id":"https:\/\/nk7-testes.com.br\/agazeta\/quadrilha-e-presa-apos-roubar-torturar-e-agredir-casal\/#primaryimage"},"image":{"@id":"https:\/\/nk7-testes.com.br\/agazeta\/quadrilha-e-presa-apos-roubar-torturar-e-agredir-casal\/#primaryimage"},"thumbnailUrl":"https:\/\/nk7-testes.com.br\/agazeta\/wp-content\/uploads\/2016\/07\/240716-policia-quadrilha-cleriston2.jpg","datePublished":"2016-07-24T14:38:01+00:00","author":{"@id":"https:\/\/nk7-testes.com.br\/agazeta\/#\/schema\/person\/6d6e25cb0435eb4a02fd44d30b4e3020"},"breadcrumb":{"@id":"https:\/\/nk7-testes.com.br\/agazeta\/quadrilha-e-presa-apos-roubar-torturar-e-agredir-casal\/#breadcrumb"},"inLanguage":"pt-BR","potentialAction":[{"@type":"ReadAction","target":["https:\/\/nk7-testes.com.br\/agazeta\/quadrilha-e-presa-apos-roubar-torturar-e-agredir-casal\/"]}]},{"@type":"ImageObject","inLanguage":"pt-BR","@id":"https:\/\/nk7-testes.com.br\/agazeta\/quadrilha-e-presa-apos-roubar-torturar-e-agredir-casal\/#primaryimage","url":"https:\/\/nk7-testes.com.br\/agazeta\/wp-content\/uploads\/2016\/07\/240716-policia-quadrilha-cleriston2.jpg","contentUrl":"https:\/\/nk7-testes.com.br\/agazeta\/wp-content\/uploads\/2016\/07\/240716-policia-quadrilha-cleriston2.jpg","width":458,"height":340,"caption":"240716-policia-quadrilha-cleriston2"},{"@type":"BreadcrumbList","@id":"https:\/\/nk7-testes.com.br\/agazeta\/quadrilha-e-presa-apos-roubar-torturar-e-agredir-casal\/#breadcrumb","itemListElement":[{"@type":"ListItem","position":1,"name":"In\u00edcio","item":"https:\/\/nk7-testes.com.br\/agazeta\/"},{"@type":"ListItem","position":2,"name":"Quadrilha \u00e9 presa ap\u00f3s roubar, torturar e agredir casal"}]},{"@type":"WebSite","@id":"https:\/\/nk7-testes.com.br\/agazeta\/#website","url":"https:\/\/nk7-testes.com.br\/agazeta\/","name":"Agazeta.net","description":"Agazeta.net - Not\u00edcias de Rio Branco\/AC","potentialAction":[{"@type":"SearchAction","target":{"@type":"EntryPoint","urlTemplate":"https:\/\/nk7-testes.com.br\/agazeta\/?s={search_term_string}"},"query-input":{"@type":"PropertyValueSpecification","valueRequired":true,"valueName":"search_term_string"}}],"inLanguage":"pt-BR"},{"@type":"Person","@id":"https:\/\/nk7-testes.com.br\/agazeta\/#\/schema\/person\/6d6e25cb0435eb4a02fd44d30b4e3020","name":"Agazeta.Net","url":"https:\/\/nk7-testes.com.br\/agazeta\/author\/agazeta\/"}]}},"_links":{"self":[{"href":"https:\/\/nk7-testes.com.br\/agazeta\/wp-json\/wp\/v2\/posts\/24050","targetHints":{"allow":["GET"]}}],"collection":[{"href":"https:\/\/nk7-testes.com.br\/agazeta\/wp-json\/wp\/v2\/posts"}],"about":[{"href":"https:\/\/nk7-testes.com.br\/agazeta\/wp-json\/wp\/v2\/types\/post"}],"author":[{"embeddable":true,"href":"https:\/\/nk7-testes.com.br\/agazeta\/wp-json\/wp\/v2\/users\/4"}],"replies":[{"embeddable":true,"href":"https:\/\/nk7-testes.com.br\/agazeta\/wp-json\/wp\/v2\/comments?post=24050"}],"version-history":[{"count":0,"href":"https:\/\/nk7-testes.com.br\/agazeta\/wp-json\/wp\/v2\/posts\/24050\/revisions"}],"wp:featuredmedia":[{"embeddable":true,"href":"https:\/\/nk7-testes.com.br\/agazeta\/wp-json\/wp\/v2\/media\/24049"}],"wp:attachment":[{"href":"https:\/\/nk7-testes.com.br\/agazeta\/wp-json\/wp\/v2\/media?parent=24050"}],"wp:term":[{"taxonomy":"category","embeddable":true,"href":"https:\/\/nk7-testes.com.br\/agazeta\/wp-json\/wp\/v2\/categories?post=24050"},{"taxonomy":"post_tag","embeddable":true,"href":"https:\/\/nk7-testes.com.br\/agazeta\/wp-json\/wp\/v2\/tags?post=24050"}],"curies":[{"name":"wp","href":"https:\/\/api.w.org\/{rel}","templated":true}]}}