{"id":24029,"date":"2016-07-22T19:08:28","date_gmt":"2016-07-22T19:08:28","guid":{"rendered":"https:\/\/abarevegan.com.br\/index.php\/2016\/07\/22\/novidades-no-stand-do-grupo-recol-na-expoacre\/"},"modified":"2016-07-22T19:08:28","modified_gmt":"2016-07-22T19:08:28","slug":"novidades-no-stand-do-grupo-recol-na-expoacre","status":"publish","type":"post","link":"https:\/\/nk7-testes.com.br\/agazeta\/novidades-no-stand-do-grupo-recol-na-expoacre\/","title":{"rendered":"Novidades no stand do grupo Recol na Expoacre"},"content":{"rendered":"<p style=\"text-align: justify;\">Kia Bongo ser\u00e1 exposto ao p\u00fablico da feira<\/p>\n<p style=\"text-align: justify;\">Nesta Expoacre, como em anos anteriores, o Grupo Recol levar\u00e1 seus ve\u00edculos para um stand montado especialmente para a maior Feira Agropecu\u00e1ria do estado com a exposi\u00e7\u00e3o dos ve\u00edculos das 3 concession\u00e1rias do grupo.<\/p>\n<p style=\"text-align: justify;\">Al\u00e9m dos ve\u00edculos j\u00e1 conhecidos pelo acriano, o stand traz como novidade a Pista Amarok, montada pela Volsks, a pista ficar\u00e1 dispon\u00edvel para os visitantes realizarem test drives da Amarok, das motos e quadriciclos, Yamanha e BRP.<\/p>\n<p style=\"text-align: justify;\">A equipe da Volkswagen enviar\u00e1 um piloto especialmente para treinar a equipe na pista de test. Ele fica no estado at\u00e9 o domingo (31).<\/p>\n<p style=\"text-align: justify;\">A Kia tamb\u00e9m vai expor o Kia Bongo, ve\u00edculo que tem tudo a ver com o mundo do agroneg\u00f3cio e os visitantes poder\u00e3o encontrar ve\u00edculos com condi\u00e7\u00f5es e pre\u00e7os especiais que ser\u00e3o disponibilizados apenas durante a semana da feira.<\/p>\n","protected":false},"excerpt":{"rendered":"<p style=\"text-align: justify;\">Kia Bongo ser\u00e1 exposto ao p\u00fablico da feira<\/p>\n","protected":false},"author":4,"featured_media":24028,"comment_status":"open","ping_status":"open","sticky":false,"template":"","format":"standard","meta":{"jnews-multi-image_gallery":[],"jnews_single_post":[],"jnews_primary_category":[],"jnews_social_meta":[],"jnews_review":[],"enable_review":"","type":"","name":"","summary":"","brand":"","sku":"","good":[],"bad":[],"score_override":"","override_value":"","rating":[],"price":[],"footnotes":""},"categories":[54],"tags":[],"class_list":["post-24029","post","type-post","status-publish","format-standard","has-post-thumbnail","hentry","category-cotidiano"],"yoast_head":"<!-- This site is optimized with the Yoast SEO plugin v26.5 - https:\/\/yoast.com\/wordpress\/plugins\/seo\/ -->\n<title>Novidades no stand do grupo Recol na Expoacre - Agazeta.net<\/title>\n<meta name=\"robots\" content=\"index, follow, max-snippet:-1, max-image-preview:large, max-video-preview:-1\" \/>\n<link rel=\"canonical\" href=\"https:\/\/nk7-testes.com.br\/agazeta\/novidades-no-stand-do-grupo-recol-na-expoacre\/\" \/>\n<meta property=\"og:locale\" content=\"pt_BR\" \/>\n<meta property=\"og:type\" content=\"article\" \/>\n<meta property=\"og:title\" content=\"Novidades no stand do grupo Recol na Expoacre - Agazeta.net\" \/>\n<meta property=\"og:description\" content=\"Kia Bongo ser\u00e1 exposto ao p\u00fablico da feira\" \/>\n<meta property=\"og:url\" content=\"https:\/\/nk7-testes.com.br\/agazeta\/novidades-no-stand-do-grupo-recol-na-expoacre\/\" \/>\n<meta property=\"og:site_name\" content=\"Agazeta.net\" \/>\n<meta property=\"article:published_time\" content=\"2016-07-22T19:08:28+00:00\" \/>\n<meta property=\"og:image\" content=\"https:\/\/nk7-testes.com.br\/agazeta\/wp-content\/uploads\/2016\/07\/220716-cotidiano-kiabongo.jpg\" \/>\n\t<meta property=\"og:image:width\" content=\"458\" \/>\n\t<meta property=\"og:image:height\" content=\"340\" \/>\n\t<meta property=\"og:image:type\" content=\"image\/jpeg\" \/>\n<meta name=\"author\" content=\"Agazeta.Net\" \/>\n<meta name=\"twitter:card\" content=\"summary_large_image\" \/>\n<meta name=\"twitter:label1\" content=\"Escrito por\" \/>\n\t<meta name=\"twitter:data1\" content=\"Agazeta.Net\" \/>\n\t<meta name=\"twitter:label2\" content=\"Est. tempo de leitura\" \/>\n\t<meta name=\"twitter:data2\" content=\"1 minuto\" \/>\n<script type=\"application\/ld+json\" class=\"yoast-schema-graph\">{\"@context\":\"https:\/\/schema.org\",\"@graph\":[{\"@type\":\"WebPage\",\"@id\":\"https:\/\/nk7-testes.com.br\/agazeta\/novidades-no-stand-do-grupo-recol-na-expoacre\/\",\"url\":\"https:\/\/nk7-testes.com.br\/agazeta\/novidades-no-stand-do-grupo-recol-na-expoacre\/\",\"name\":\"Novidades no stand do grupo Recol na Expoacre - Agazeta.net\",\"isPartOf\":{\"@id\":\"https:\/\/nk7-testes.com.br\/agazeta\/#website\"},\"primaryImageOfPage\":{\"@id\":\"https:\/\/nk7-testes.com.br\/agazeta\/novidades-no-stand-do-grupo-recol-na-expoacre\/#primaryimage\"},\"image\":{\"@id\":\"https:\/\/nk7-testes.com.br\/agazeta\/novidades-no-stand-do-grupo-recol-na-expoacre\/#primaryimage\"},\"thumbnailUrl\":\"https:\/\/nk7-testes.com.br\/agazeta\/wp-content\/uploads\/2016\/07\/220716-cotidiano-kiabongo.jpg\",\"datePublished\":\"2016-07-22T19:08:28+00:00\",\"author\":{\"@id\":\"https:\/\/nk7-testes.com.br\/agazeta\/#\/schema\/person\/6d6e25cb0435eb4a02fd44d30b4e3020\"},\"breadcrumb\":{\"@id\":\"https:\/\/nk7-testes.com.br\/agazeta\/novidades-no-stand-do-grupo-recol-na-expoacre\/#breadcrumb\"},\"inLanguage\":\"pt-BR\",\"potentialAction\":[{\"@type\":\"ReadAction\",\"target\":[\"https:\/\/nk7-testes.com.br\/agazeta\/novidades-no-stand-do-grupo-recol-na-expoacre\/\"]}]},{\"@type\":\"ImageObject\",\"inLanguage\":\"pt-BR\",\"@id\":\"https:\/\/nk7-testes.com.br\/agazeta\/novidades-no-stand-do-grupo-recol-na-expoacre\/#primaryimage\",\"url\":\"https:\/\/nk7-testes.com.br\/agazeta\/wp-content\/uploads\/2016\/07\/220716-cotidiano-kiabongo.jpg\",\"contentUrl\":\"https:\/\/nk7-testes.com.br\/agazeta\/wp-content\/uploads\/2016\/07\/220716-cotidiano-kiabongo.jpg\",\"width\":458,\"height\":340,\"caption\":\"220716-cotidiano-kiabongo\"},{\"@type\":\"BreadcrumbList\",\"@id\":\"https:\/\/nk7-testes.com.br\/agazeta\/novidades-no-stand-do-grupo-recol-na-expoacre\/#breadcrumb\",\"itemListElement\":[{\"@type\":\"ListItem\",\"position\":1,\"name\":\"In\u00edcio\",\"item\":\"https:\/\/nk7-testes.com.br\/agazeta\/\"},{\"@type\":\"ListItem\",\"position\":2,\"name\":\"Novidades no stand do grupo Recol na Expoacre\"}]},{\"@type\":\"WebSite\",\"@id\":\"https:\/\/nk7-testes.com.br\/agazeta\/#website\",\"url\":\"https:\/\/nk7-testes.com.br\/agazeta\/\",\"name\":\"Agazeta.net\",\"description\":\"Agazeta.net - Not\u00edcias de Rio Branco\/AC\",\"potentialAction\":[{\"@type\":\"SearchAction\",\"target\":{\"@type\":\"EntryPoint\",\"urlTemplate\":\"https:\/\/nk7-testes.com.br\/agazeta\/?s={search_term_string}\"},\"query-input\":{\"@type\":\"PropertyValueSpecification\",\"valueRequired\":true,\"valueName\":\"search_term_string\"}}],\"inLanguage\":\"pt-BR\"},{\"@type\":\"Person\",\"@id\":\"https:\/\/nk7-testes.com.br\/agazeta\/#\/schema\/person\/6d6e25cb0435eb4a02fd44d30b4e3020\",\"name\":\"Agazeta.Net\",\"url\":\"https:\/\/nk7-testes.com.br\/agazeta\/author\/agazeta\/\"}]}<\/script>\n<!-- \/ Yoast SEO plugin. -->","yoast_head_json":{"title":"Novidades no stand do grupo Recol na Expoacre - Agazeta.net","robots":{"index":"index","follow":"follow","max-snippet":"max-snippet:-1","max-image-preview":"max-image-preview:large","max-video-preview":"max-video-preview:-1"},"canonical":"https:\/\/nk7-testes.com.br\/agazeta\/novidades-no-stand-do-grupo-recol-na-expoacre\/","og_locale":"pt_BR","og_type":"article","og_title":"Novidades no stand do grupo Recol na Expoacre - Agazeta.net","og_description":"Kia Bongo ser\u00e1 exposto ao p\u00fablico da feira","og_url":"https:\/\/nk7-testes.com.br\/agazeta\/novidades-no-stand-do-grupo-recol-na-expoacre\/","og_site_name":"Agazeta.net","article_published_time":"2016-07-22T19:08:28+00:00","og_image":[{"width":458,"height":340,"url":"https:\/\/nk7-testes.com.br\/agazeta\/wp-content\/uploads\/2016\/07\/220716-cotidiano-kiabongo.jpg","type":"image\/jpeg"}],"author":"Agazeta.Net","twitter_card":"summary_large_image","twitter_misc":{"Escrito por":"Agazeta.Net","Est. tempo de leitura":"1 minuto"},"schema":{"@context":"https:\/\/schema.org","@graph":[{"@type":"WebPage","@id":"https:\/\/nk7-testes.com.br\/agazeta\/novidades-no-stand-do-grupo-recol-na-expoacre\/","url":"https:\/\/nk7-testes.com.br\/agazeta\/novidades-no-stand-do-grupo-recol-na-expoacre\/","name":"Novidades no stand do grupo Recol na Expoacre - Agazeta.net","isPartOf":{"@id":"https:\/\/nk7-testes.com.br\/agazeta\/#website"},"primaryImageOfPage":{"@id":"https:\/\/nk7-testes.com.br\/agazeta\/novidades-no-stand-do-grupo-recol-na-expoacre\/#primaryimage"},"image":{"@id":"https:\/\/nk7-testes.com.br\/agazeta\/novidades-no-stand-do-grupo-recol-na-expoacre\/#primaryimage"},"thumbnailUrl":"https:\/\/nk7-testes.com.br\/agazeta\/wp-content\/uploads\/2016\/07\/220716-cotidiano-kiabongo.jpg","datePublished":"2016-07-22T19:08:28+00:00","author":{"@id":"https:\/\/nk7-testes.com.br\/agazeta\/#\/schema\/person\/6d6e25cb0435eb4a02fd44d30b4e3020"},"breadcrumb":{"@id":"https:\/\/nk7-testes.com.br\/agazeta\/novidades-no-stand-do-grupo-recol-na-expoacre\/#breadcrumb"},"inLanguage":"pt-BR","potentialAction":[{"@type":"ReadAction","target":["https:\/\/nk7-testes.com.br\/agazeta\/novidades-no-stand-do-grupo-recol-na-expoacre\/"]}]},{"@type":"ImageObject","inLanguage":"pt-BR","@id":"https:\/\/nk7-testes.com.br\/agazeta\/novidades-no-stand-do-grupo-recol-na-expoacre\/#primaryimage","url":"https:\/\/nk7-testes.com.br\/agazeta\/wp-content\/uploads\/2016\/07\/220716-cotidiano-kiabongo.jpg","contentUrl":"https:\/\/nk7-testes.com.br\/agazeta\/wp-content\/uploads\/2016\/07\/220716-cotidiano-kiabongo.jpg","width":458,"height":340,"caption":"220716-cotidiano-kiabongo"},{"@type":"BreadcrumbList","@id":"https:\/\/nk7-testes.com.br\/agazeta\/novidades-no-stand-do-grupo-recol-na-expoacre\/#breadcrumb","itemListElement":[{"@type":"ListItem","position":1,"name":"In\u00edcio","item":"https:\/\/nk7-testes.com.br\/agazeta\/"},{"@type":"ListItem","position":2,"name":"Novidades no stand do grupo Recol na Expoacre"}]},{"@type":"WebSite","@id":"https:\/\/nk7-testes.com.br\/agazeta\/#website","url":"https:\/\/nk7-testes.com.br\/agazeta\/","name":"Agazeta.net","description":"Agazeta.net - Not\u00edcias de Rio Branco\/AC","potentialAction":[{"@type":"SearchAction","target":{"@type":"EntryPoint","urlTemplate":"https:\/\/nk7-testes.com.br\/agazeta\/?s={search_term_string}"},"query-input":{"@type":"PropertyValueSpecification","valueRequired":true,"valueName":"search_term_string"}}],"inLanguage":"pt-BR"},{"@type":"Person","@id":"https:\/\/nk7-testes.com.br\/agazeta\/#\/schema\/person\/6d6e25cb0435eb4a02fd44d30b4e3020","name":"Agazeta.Net","url":"https:\/\/nk7-testes.com.br\/agazeta\/author\/agazeta\/"}]}},"_links":{"self":[{"href":"https:\/\/nk7-testes.com.br\/agazeta\/wp-json\/wp\/v2\/posts\/24029","targetHints":{"allow":["GET"]}}],"collection":[{"href":"https:\/\/nk7-testes.com.br\/agazeta\/wp-json\/wp\/v2\/posts"}],"about":[{"href":"https:\/\/nk7-testes.com.br\/agazeta\/wp-json\/wp\/v2\/types\/post"}],"author":[{"embeddable":true,"href":"https:\/\/nk7-testes.com.br\/agazeta\/wp-json\/wp\/v2\/users\/4"}],"replies":[{"embeddable":true,"href":"https:\/\/nk7-testes.com.br\/agazeta\/wp-json\/wp\/v2\/comments?post=24029"}],"version-history":[{"count":0,"href":"https:\/\/nk7-testes.com.br\/agazeta\/wp-json\/wp\/v2\/posts\/24029\/revisions"}],"wp:featuredmedia":[{"embeddable":true,"href":"https:\/\/nk7-testes.com.br\/agazeta\/wp-json\/wp\/v2\/media\/24028"}],"wp:attachment":[{"href":"https:\/\/nk7-testes.com.br\/agazeta\/wp-json\/wp\/v2\/media?parent=24029"}],"wp:term":[{"taxonomy":"category","embeddable":true,"href":"https:\/\/nk7-testes.com.br\/agazeta\/wp-json\/wp\/v2\/categories?post=24029"},{"taxonomy":"post_tag","embeddable":true,"href":"https:\/\/nk7-testes.com.br\/agazeta\/wp-json\/wp\/v2\/tags?post=24029"}],"curies":[{"name":"wp","href":"https:\/\/api.w.org\/{rel}","templated":true}]}}