{"id":24023,"date":"2016-07-22T14:52:07","date_gmt":"2016-07-22T14:52:07","guid":{"rendered":"https:\/\/abarevegan.com.br\/index.php\/2016\/07\/22\/organizacao-da-expoacre-mantem-show-de-marilia-mendonca\/"},"modified":"2016-07-22T14:52:07","modified_gmt":"2016-07-22T14:52:07","slug":"organizacao-da-expoacre-mantem-show-de-marilia-mendonca","status":"publish","type":"post","link":"https:\/\/nk7-testes.com.br\/agazeta\/organizacao-da-expoacre-mantem-show-de-marilia-mendonca\/","title":{"rendered":"Expoacre mant\u00e9m show de Mar\u00edlia Mendon\u00e7a"},"content":{"rendered":"<p style=\"text-align: justify;\">Assessoria da cantora garantiu apresenta\u00e7\u00e3o no Acre<\/p>\n<p style=\"text-align: justify;\">Mesmo com not\u00edcia de suspeita de pneumonia, show da cantora Mar\u00edlia Mendon\u00e7a est\u00e1 mantido em Rio Branco. A assessoria da cantora sertaneja informou aos organizadores do show na Expoacre que Mar\u00edlia se recupera bem e n\u00e3o vai cancelar apresenta\u00e7\u00e3o na Capital.<\/p>\n<p style=\"text-align: justify;\">Com a interna\u00e7\u00e3o, a cantora teve que cancelar dois shows: um no Piau\u00ed e outro no Cear\u00e1. Segundo a assessoria divulgou em nota, Mar\u00edlia Mendon\u00e7a foi diagnosticada com suspeita de pneumonia.<\/p>\n<p style=\"text-align: justify;\">Ap\u00f3s se sentir mal, a cantora foi atendida por um m\u00e9dico na cidade de Floriano\/PI, onde realizaria o show na quarta-feira (20). A apresenta\u00e7\u00e3o da artista na Expoacre \u00e9 uma das mais aguardadas, e os organizadores, logo que souberam da not\u00edcia, entraram em contato com a assessoria de Mar\u00edlia.<\/p>\n<p style=\"text-align: justify;\">\u201cMe garantiram que ela vai descansar nos pr\u00f3ximos dois dias e, a partir de ter\u00e7a-feira, volta a fazer os shows normalmente\u201d, disse um dos organizadores do evento, Le\u00f4ncio Castro. A organiza\u00e7\u00e3o do show estima que no m\u00ednimo 8 mil pessoas devem assistir \u00e0 apresenta\u00e7\u00e3o. A cantora sertaneja canta na Expoacre no dia 27, pr\u00f3xima quarta-feira.<\/p>\n","protected":false},"excerpt":{"rendered":"<p style=\"text-align: justify;\">Assessoria da cantora garantiu apresenta\u00e7\u00e3o no Acre<\/p>\n","protected":false},"author":4,"featured_media":24022,"comment_status":"open","ping_status":"open","sticky":false,"template":"","format":"standard","meta":{"jnews-multi-image_gallery":[],"jnews_single_post":[],"jnews_primary_category":[],"jnews_social_meta":[],"jnews_review":[],"enable_review":"","type":"","name":"","summary":"","brand":"","sku":"","good":[],"bad":[],"score_override":"","override_value":"","rating":[],"price":[],"footnotes":""},"categories":[54],"tags":[],"class_list":["post-24023","post","type-post","status-publish","format-standard","has-post-thumbnail","hentry","category-cotidiano"],"yoast_head":"<!-- This site is optimized with the Yoast SEO plugin v26.5 - https:\/\/yoast.com\/wordpress\/plugins\/seo\/ -->\n<title>Expoacre mant\u00e9m show de Mar\u00edlia Mendon\u00e7a - Agazeta.net<\/title>\n<meta name=\"robots\" content=\"index, follow, max-snippet:-1, max-image-preview:large, max-video-preview:-1\" \/>\n<link rel=\"canonical\" href=\"https:\/\/nk7-testes.com.br\/agazeta\/organizacao-da-expoacre-mantem-show-de-marilia-mendonca\/\" \/>\n<meta property=\"og:locale\" content=\"pt_BR\" \/>\n<meta property=\"og:type\" content=\"article\" \/>\n<meta property=\"og:title\" content=\"Expoacre mant\u00e9m show de Mar\u00edlia Mendon\u00e7a - Agazeta.net\" \/>\n<meta property=\"og:description\" content=\"Assessoria da cantora garantiu apresenta\u00e7\u00e3o no Acre\" \/>\n<meta property=\"og:url\" content=\"https:\/\/nk7-testes.com.br\/agazeta\/organizacao-da-expoacre-mantem-show-de-marilia-mendonca\/\" \/>\n<meta property=\"og:site_name\" content=\"Agazeta.net\" \/>\n<meta property=\"article:published_time\" content=\"2016-07-22T14:52:07+00:00\" \/>\n<meta property=\"og:image\" content=\"https:\/\/nk7-testes.com.br\/agazeta\/wp-content\/uploads\/2016\/07\/220716-cotidiano-mariliamendonca-uol.jpg\" \/>\n\t<meta property=\"og:image:width\" content=\"458\" \/>\n\t<meta property=\"og:image:height\" content=\"340\" \/>\n\t<meta property=\"og:image:type\" content=\"image\/jpeg\" \/>\n<meta name=\"author\" content=\"Agazeta.Net\" \/>\n<meta name=\"twitter:card\" content=\"summary_large_image\" \/>\n<meta name=\"twitter:label1\" content=\"Escrito por\" \/>\n\t<meta name=\"twitter:data1\" content=\"Agazeta.Net\" \/>\n\t<meta name=\"twitter:label2\" content=\"Est. tempo de leitura\" \/>\n\t<meta name=\"twitter:data2\" content=\"1 minuto\" \/>\n<script type=\"application\/ld+json\" class=\"yoast-schema-graph\">{\"@context\":\"https:\/\/schema.org\",\"@graph\":[{\"@type\":\"WebPage\",\"@id\":\"https:\/\/nk7-testes.com.br\/agazeta\/organizacao-da-expoacre-mantem-show-de-marilia-mendonca\/\",\"url\":\"https:\/\/nk7-testes.com.br\/agazeta\/organizacao-da-expoacre-mantem-show-de-marilia-mendonca\/\",\"name\":\"Expoacre mant\u00e9m show de Mar\u00edlia Mendon\u00e7a - Agazeta.net\",\"isPartOf\":{\"@id\":\"https:\/\/nk7-testes.com.br\/agazeta\/#website\"},\"primaryImageOfPage\":{\"@id\":\"https:\/\/nk7-testes.com.br\/agazeta\/organizacao-da-expoacre-mantem-show-de-marilia-mendonca\/#primaryimage\"},\"image\":{\"@id\":\"https:\/\/nk7-testes.com.br\/agazeta\/organizacao-da-expoacre-mantem-show-de-marilia-mendonca\/#primaryimage\"},\"thumbnailUrl\":\"https:\/\/nk7-testes.com.br\/agazeta\/wp-content\/uploads\/2016\/07\/220716-cotidiano-mariliamendonca-uol.jpg\",\"datePublished\":\"2016-07-22T14:52:07+00:00\",\"author\":{\"@id\":\"https:\/\/nk7-testes.com.br\/agazeta\/#\/schema\/person\/6d6e25cb0435eb4a02fd44d30b4e3020\"},\"breadcrumb\":{\"@id\":\"https:\/\/nk7-testes.com.br\/agazeta\/organizacao-da-expoacre-mantem-show-de-marilia-mendonca\/#breadcrumb\"},\"inLanguage\":\"pt-BR\",\"potentialAction\":[{\"@type\":\"ReadAction\",\"target\":[\"https:\/\/nk7-testes.com.br\/agazeta\/organizacao-da-expoacre-mantem-show-de-marilia-mendonca\/\"]}]},{\"@type\":\"ImageObject\",\"inLanguage\":\"pt-BR\",\"@id\":\"https:\/\/nk7-testes.com.br\/agazeta\/organizacao-da-expoacre-mantem-show-de-marilia-mendonca\/#primaryimage\",\"url\":\"https:\/\/nk7-testes.com.br\/agazeta\/wp-content\/uploads\/2016\/07\/220716-cotidiano-mariliamendonca-uol.jpg\",\"contentUrl\":\"https:\/\/nk7-testes.com.br\/agazeta\/wp-content\/uploads\/2016\/07\/220716-cotidiano-mariliamendonca-uol.jpg\",\"width\":458,\"height\":340,\"caption\":\"220716-cotidiano-mariliamendonca-uol\"},{\"@type\":\"BreadcrumbList\",\"@id\":\"https:\/\/nk7-testes.com.br\/agazeta\/organizacao-da-expoacre-mantem-show-de-marilia-mendonca\/#breadcrumb\",\"itemListElement\":[{\"@type\":\"ListItem\",\"position\":1,\"name\":\"In\u00edcio\",\"item\":\"https:\/\/nk7-testes.com.br\/agazeta\/\"},{\"@type\":\"ListItem\",\"position\":2,\"name\":\"Expoacre mant\u00e9m show de Mar\u00edlia Mendon\u00e7a\"}]},{\"@type\":\"WebSite\",\"@id\":\"https:\/\/nk7-testes.com.br\/agazeta\/#website\",\"url\":\"https:\/\/nk7-testes.com.br\/agazeta\/\",\"name\":\"Agazeta.net\",\"description\":\"Agazeta.net - Not\u00edcias de Rio Branco\/AC\",\"potentialAction\":[{\"@type\":\"SearchAction\",\"target\":{\"@type\":\"EntryPoint\",\"urlTemplate\":\"https:\/\/nk7-testes.com.br\/agazeta\/?s={search_term_string}\"},\"query-input\":{\"@type\":\"PropertyValueSpecification\",\"valueRequired\":true,\"valueName\":\"search_term_string\"}}],\"inLanguage\":\"pt-BR\"},{\"@type\":\"Person\",\"@id\":\"https:\/\/nk7-testes.com.br\/agazeta\/#\/schema\/person\/6d6e25cb0435eb4a02fd44d30b4e3020\",\"name\":\"Agazeta.Net\",\"url\":\"https:\/\/nk7-testes.com.br\/agazeta\/author\/agazeta\/\"}]}<\/script>\n<!-- \/ Yoast SEO plugin. -->","yoast_head_json":{"title":"Expoacre mant\u00e9m show de Mar\u00edlia Mendon\u00e7a - Agazeta.net","robots":{"index":"index","follow":"follow","max-snippet":"max-snippet:-1","max-image-preview":"max-image-preview:large","max-video-preview":"max-video-preview:-1"},"canonical":"https:\/\/nk7-testes.com.br\/agazeta\/organizacao-da-expoacre-mantem-show-de-marilia-mendonca\/","og_locale":"pt_BR","og_type":"article","og_title":"Expoacre mant\u00e9m show de Mar\u00edlia Mendon\u00e7a - Agazeta.net","og_description":"Assessoria da cantora garantiu apresenta\u00e7\u00e3o no Acre","og_url":"https:\/\/nk7-testes.com.br\/agazeta\/organizacao-da-expoacre-mantem-show-de-marilia-mendonca\/","og_site_name":"Agazeta.net","article_published_time":"2016-07-22T14:52:07+00:00","og_image":[{"width":458,"height":340,"url":"https:\/\/nk7-testes.com.br\/agazeta\/wp-content\/uploads\/2016\/07\/220716-cotidiano-mariliamendonca-uol.jpg","type":"image\/jpeg"}],"author":"Agazeta.Net","twitter_card":"summary_large_image","twitter_misc":{"Escrito por":"Agazeta.Net","Est. tempo de leitura":"1 minuto"},"schema":{"@context":"https:\/\/schema.org","@graph":[{"@type":"WebPage","@id":"https:\/\/nk7-testes.com.br\/agazeta\/organizacao-da-expoacre-mantem-show-de-marilia-mendonca\/","url":"https:\/\/nk7-testes.com.br\/agazeta\/organizacao-da-expoacre-mantem-show-de-marilia-mendonca\/","name":"Expoacre mant\u00e9m show de Mar\u00edlia Mendon\u00e7a - Agazeta.net","isPartOf":{"@id":"https:\/\/nk7-testes.com.br\/agazeta\/#website"},"primaryImageOfPage":{"@id":"https:\/\/nk7-testes.com.br\/agazeta\/organizacao-da-expoacre-mantem-show-de-marilia-mendonca\/#primaryimage"},"image":{"@id":"https:\/\/nk7-testes.com.br\/agazeta\/organizacao-da-expoacre-mantem-show-de-marilia-mendonca\/#primaryimage"},"thumbnailUrl":"https:\/\/nk7-testes.com.br\/agazeta\/wp-content\/uploads\/2016\/07\/220716-cotidiano-mariliamendonca-uol.jpg","datePublished":"2016-07-22T14:52:07+00:00","author":{"@id":"https:\/\/nk7-testes.com.br\/agazeta\/#\/schema\/person\/6d6e25cb0435eb4a02fd44d30b4e3020"},"breadcrumb":{"@id":"https:\/\/nk7-testes.com.br\/agazeta\/organizacao-da-expoacre-mantem-show-de-marilia-mendonca\/#breadcrumb"},"inLanguage":"pt-BR","potentialAction":[{"@type":"ReadAction","target":["https:\/\/nk7-testes.com.br\/agazeta\/organizacao-da-expoacre-mantem-show-de-marilia-mendonca\/"]}]},{"@type":"ImageObject","inLanguage":"pt-BR","@id":"https:\/\/nk7-testes.com.br\/agazeta\/organizacao-da-expoacre-mantem-show-de-marilia-mendonca\/#primaryimage","url":"https:\/\/nk7-testes.com.br\/agazeta\/wp-content\/uploads\/2016\/07\/220716-cotidiano-mariliamendonca-uol.jpg","contentUrl":"https:\/\/nk7-testes.com.br\/agazeta\/wp-content\/uploads\/2016\/07\/220716-cotidiano-mariliamendonca-uol.jpg","width":458,"height":340,"caption":"220716-cotidiano-mariliamendonca-uol"},{"@type":"BreadcrumbList","@id":"https:\/\/nk7-testes.com.br\/agazeta\/organizacao-da-expoacre-mantem-show-de-marilia-mendonca\/#breadcrumb","itemListElement":[{"@type":"ListItem","position":1,"name":"In\u00edcio","item":"https:\/\/nk7-testes.com.br\/agazeta\/"},{"@type":"ListItem","position":2,"name":"Expoacre mant\u00e9m show de Mar\u00edlia Mendon\u00e7a"}]},{"@type":"WebSite","@id":"https:\/\/nk7-testes.com.br\/agazeta\/#website","url":"https:\/\/nk7-testes.com.br\/agazeta\/","name":"Agazeta.net","description":"Agazeta.net - Not\u00edcias de Rio Branco\/AC","potentialAction":[{"@type":"SearchAction","target":{"@type":"EntryPoint","urlTemplate":"https:\/\/nk7-testes.com.br\/agazeta\/?s={search_term_string}"},"query-input":{"@type":"PropertyValueSpecification","valueRequired":true,"valueName":"search_term_string"}}],"inLanguage":"pt-BR"},{"@type":"Person","@id":"https:\/\/nk7-testes.com.br\/agazeta\/#\/schema\/person\/6d6e25cb0435eb4a02fd44d30b4e3020","name":"Agazeta.Net","url":"https:\/\/nk7-testes.com.br\/agazeta\/author\/agazeta\/"}]}},"_links":{"self":[{"href":"https:\/\/nk7-testes.com.br\/agazeta\/wp-json\/wp\/v2\/posts\/24023","targetHints":{"allow":["GET"]}}],"collection":[{"href":"https:\/\/nk7-testes.com.br\/agazeta\/wp-json\/wp\/v2\/posts"}],"about":[{"href":"https:\/\/nk7-testes.com.br\/agazeta\/wp-json\/wp\/v2\/types\/post"}],"author":[{"embeddable":true,"href":"https:\/\/nk7-testes.com.br\/agazeta\/wp-json\/wp\/v2\/users\/4"}],"replies":[{"embeddable":true,"href":"https:\/\/nk7-testes.com.br\/agazeta\/wp-json\/wp\/v2\/comments?post=24023"}],"version-history":[{"count":0,"href":"https:\/\/nk7-testes.com.br\/agazeta\/wp-json\/wp\/v2\/posts\/24023\/revisions"}],"wp:featuredmedia":[{"embeddable":true,"href":"https:\/\/nk7-testes.com.br\/agazeta\/wp-json\/wp\/v2\/media\/24022"}],"wp:attachment":[{"href":"https:\/\/nk7-testes.com.br\/agazeta\/wp-json\/wp\/v2\/media?parent=24023"}],"wp:term":[{"taxonomy":"category","embeddable":true,"href":"https:\/\/nk7-testes.com.br\/agazeta\/wp-json\/wp\/v2\/categories?post=24023"},{"taxonomy":"post_tag","embeddable":true,"href":"https:\/\/nk7-testes.com.br\/agazeta\/wp-json\/wp\/v2\/tags?post=24023"}],"curies":[{"name":"wp","href":"https:\/\/api.w.org\/{rel}","templated":true}]}}