{"id":24021,"date":"2016-07-22T14:34:58","date_gmt":"2016-07-22T14:34:58","guid":{"rendered":"https:\/\/abarevegan.com.br\/index.php\/2016\/07\/22\/bombeiros-registram-aumento-de-250-de-incendios\/"},"modified":"2016-07-22T14:34:58","modified_gmt":"2016-07-22T14:34:58","slug":"bombeiros-registram-aumento-de-250-de-incendios","status":"publish","type":"post","link":"https:\/\/nk7-testes.com.br\/agazeta\/bombeiros-registram-aumento-de-250-de-incendios\/","title":{"rendered":"Bombeiros registram aumento de 250% de inc\u00eandios"},"content":{"rendered":"<p style=\"text-align: justify;\">No Lix\u00e3o, materiais inflam\u00e1veis dificultam trabalho<\/p>\n<p style=\"text-align: justify;\">Na manh\u00e3 desta quinta-feira (21), o Corpo de Bombeiros foi chamado para atender mais uma ocorr\u00eancia de inc\u00eandio na Capital. Desta vez, no lix\u00e3o de entulhos da prefeitura, na Estrada Transacreana.<\/p>\n<p style=\"text-align: justify;\">A equipe do Gazeta Alerta acompanhou o trabalho de conten\u00e7\u00e3o das chamas que se propagaram com rapidez diante de tanto conte\u00fado inflam\u00e1vel. Pneus, pl\u00e1sticos e outros materiais davam a cor escura da fuma\u00e7a.<\/p>\n<p style=\"text-align: justify;\">Pouco depois, em um terreno baldio na Estrada do S\u00e3o Francisco, outra chamada iria deslocar mais uma equipe de socorristas. Demorou tr\u00eas horas para que o inc\u00eandio fosse controlado. Ningu\u00e9m sabe o que teria provocado.<\/p>\n<p style=\"text-align: justify;\">Entre o dia 1\u00ba e 21 de julho deste ano, o Corpo de Bombeiros registrou 1664 ocorr\u00eancias de inc\u00eandios tanto na \u00e1rea urbana quanto na rural de Rio Branco. O n\u00famero \u00e9 250% maior que o registrado no mesmo per\u00edodo do ano passado, quando foram atendidas 668 chamadas.<\/p>\n<p style=\"text-align: justify;\">\u201cEssa \u00e9poca do ano a situa\u00e7\u00e3o \u00e9 cr\u00edtica em rela\u00e7\u00e3o \u00e0s queimadas por que o n\u00famero de registros \u00e9 bem maior do que o n\u00e3o passado. O clima est\u00e1 muito seco e a perspectiva \u00e9 que continue por que o per\u00edodo mais cr\u00edtico \u00e9 em agosto e setembro\u201d, afirma o tenente do Corpo de Bombeiros Aldemarcos.<\/p>\n<p style=\"text-align: justify;\">O Corpo de Bombeiros trabalha diariamente com 9 equipes distribu\u00eddas nos tr\u00eas batalh\u00f5es da capital. As chamadas chegam ao Ciosp e o atendimento \u00e9 direcionado para a regi\u00e3o mais pr\u00f3xima, onde os postos est\u00e3o localizados.<\/p>\n<p style=\"text-align: justify;\">Falta conscientiza\u00e7\u00e3o, segundo o tenente do Corpo de Bombeiros. Mudan\u00e7a de cultura resolveria boa parte do problema. \u201cO maior respons\u00e1vel pelo aumento dos registros \u00e9 a imprud\u00eancia causada por pessoas. N\u00e3o \u00e9 s\u00f3 o aumento de temperatura\u201d, opina.<\/p>\n","protected":false},"excerpt":{"rendered":"<p style=\"text-align: justify;\">No Lix\u00e3o, materiais inflam\u00e1veis dificultam trabalho<\/p>\n","protected":false},"author":4,"featured_media":24020,"comment_status":"open","ping_status":"open","sticky":false,"template":"","format":"standard","meta":{"jnews-multi-image_gallery":[],"jnews_single_post":[],"jnews_primary_category":[],"jnews_social_meta":[],"jnews_review":[],"enable_review":"","type":"","name":"","summary":"","brand":"","sku":"","good":[],"bad":[],"score_override":"","override_value":"","rating":[],"price":[],"footnotes":""},"categories":[54],"tags":[],"class_list":["post-24021","post","type-post","status-publish","format-standard","has-post-thumbnail","hentry","category-cotidiano"],"yoast_head":"<!-- This site is optimized with the Yoast SEO plugin v26.5 - https:\/\/yoast.com\/wordpress\/plugins\/seo\/ -->\n<title>Bombeiros registram aumento de 250% de inc\u00eandios - Agazeta.net<\/title>\n<meta name=\"robots\" content=\"index, follow, max-snippet:-1, max-image-preview:large, max-video-preview:-1\" \/>\n<link rel=\"canonical\" href=\"https:\/\/nk7-testes.com.br\/agazeta\/bombeiros-registram-aumento-de-250-de-incendios\/\" \/>\n<meta property=\"og:locale\" content=\"pt_BR\" \/>\n<meta property=\"og:type\" content=\"article\" \/>\n<meta property=\"og:title\" content=\"Bombeiros registram aumento de 250% de inc\u00eandios - Agazeta.net\" \/>\n<meta property=\"og:description\" content=\"No Lix\u00e3o, materiais inflam\u00e1veis dificultam trabalho\" \/>\n<meta property=\"og:url\" content=\"https:\/\/nk7-testes.com.br\/agazeta\/bombeiros-registram-aumento-de-250-de-incendios\/\" \/>\n<meta property=\"og:site_name\" content=\"Agazeta.net\" \/>\n<meta property=\"article:published_time\" content=\"2016-07-22T14:34:58+00:00\" \/>\n<meta property=\"og:image\" content=\"https:\/\/nk7-testes.com.br\/agazeta\/wp-content\/uploads\/2016\/07\/220716-cotidiano-lixaofogo-deyvichessmon.jpg\" \/>\n\t<meta property=\"og:image:width\" content=\"458\" \/>\n\t<meta property=\"og:image:height\" content=\"340\" \/>\n\t<meta property=\"og:image:type\" content=\"image\/jpeg\" \/>\n<meta name=\"author\" content=\"Agazeta.Net\" \/>\n<meta name=\"twitter:card\" content=\"summary_large_image\" \/>\n<meta name=\"twitter:label1\" content=\"Escrito por\" \/>\n\t<meta name=\"twitter:data1\" content=\"Agazeta.Net\" \/>\n\t<meta name=\"twitter:label2\" content=\"Est. tempo de leitura\" \/>\n\t<meta name=\"twitter:data2\" content=\"2 minutos\" \/>\n<script type=\"application\/ld+json\" class=\"yoast-schema-graph\">{\"@context\":\"https:\/\/schema.org\",\"@graph\":[{\"@type\":\"WebPage\",\"@id\":\"https:\/\/nk7-testes.com.br\/agazeta\/bombeiros-registram-aumento-de-250-de-incendios\/\",\"url\":\"https:\/\/nk7-testes.com.br\/agazeta\/bombeiros-registram-aumento-de-250-de-incendios\/\",\"name\":\"Bombeiros registram aumento de 250% de inc\u00eandios - Agazeta.net\",\"isPartOf\":{\"@id\":\"https:\/\/nk7-testes.com.br\/agazeta\/#website\"},\"primaryImageOfPage\":{\"@id\":\"https:\/\/nk7-testes.com.br\/agazeta\/bombeiros-registram-aumento-de-250-de-incendios\/#primaryimage\"},\"image\":{\"@id\":\"https:\/\/nk7-testes.com.br\/agazeta\/bombeiros-registram-aumento-de-250-de-incendios\/#primaryimage\"},\"thumbnailUrl\":\"https:\/\/nk7-testes.com.br\/agazeta\/wp-content\/uploads\/2016\/07\/220716-cotidiano-lixaofogo-deyvichessmon.jpg\",\"datePublished\":\"2016-07-22T14:34:58+00:00\",\"author\":{\"@id\":\"https:\/\/nk7-testes.com.br\/agazeta\/#\/schema\/person\/6d6e25cb0435eb4a02fd44d30b4e3020\"},\"breadcrumb\":{\"@id\":\"https:\/\/nk7-testes.com.br\/agazeta\/bombeiros-registram-aumento-de-250-de-incendios\/#breadcrumb\"},\"inLanguage\":\"pt-BR\",\"potentialAction\":[{\"@type\":\"ReadAction\",\"target\":[\"https:\/\/nk7-testes.com.br\/agazeta\/bombeiros-registram-aumento-de-250-de-incendios\/\"]}]},{\"@type\":\"ImageObject\",\"inLanguage\":\"pt-BR\",\"@id\":\"https:\/\/nk7-testes.com.br\/agazeta\/bombeiros-registram-aumento-de-250-de-incendios\/#primaryimage\",\"url\":\"https:\/\/nk7-testes.com.br\/agazeta\/wp-content\/uploads\/2016\/07\/220716-cotidiano-lixaofogo-deyvichessmon.jpg\",\"contentUrl\":\"https:\/\/nk7-testes.com.br\/agazeta\/wp-content\/uploads\/2016\/07\/220716-cotidiano-lixaofogo-deyvichessmon.jpg\",\"width\":458,\"height\":340,\"caption\":\"220716-cotidiano-lixaofogo-deyvichessmon\"},{\"@type\":\"BreadcrumbList\",\"@id\":\"https:\/\/nk7-testes.com.br\/agazeta\/bombeiros-registram-aumento-de-250-de-incendios\/#breadcrumb\",\"itemListElement\":[{\"@type\":\"ListItem\",\"position\":1,\"name\":\"In\u00edcio\",\"item\":\"https:\/\/nk7-testes.com.br\/agazeta\/\"},{\"@type\":\"ListItem\",\"position\":2,\"name\":\"Bombeiros registram aumento de 250% de inc\u00eandios\"}]},{\"@type\":\"WebSite\",\"@id\":\"https:\/\/nk7-testes.com.br\/agazeta\/#website\",\"url\":\"https:\/\/nk7-testes.com.br\/agazeta\/\",\"name\":\"Agazeta.net\",\"description\":\"Agazeta.net - Not\u00edcias de Rio Branco\/AC\",\"potentialAction\":[{\"@type\":\"SearchAction\",\"target\":{\"@type\":\"EntryPoint\",\"urlTemplate\":\"https:\/\/nk7-testes.com.br\/agazeta\/?s={search_term_string}\"},\"query-input\":{\"@type\":\"PropertyValueSpecification\",\"valueRequired\":true,\"valueName\":\"search_term_string\"}}],\"inLanguage\":\"pt-BR\"},{\"@type\":\"Person\",\"@id\":\"https:\/\/nk7-testes.com.br\/agazeta\/#\/schema\/person\/6d6e25cb0435eb4a02fd44d30b4e3020\",\"name\":\"Agazeta.Net\",\"url\":\"https:\/\/nk7-testes.com.br\/agazeta\/author\/agazeta\/\"}]}<\/script>\n<!-- \/ Yoast SEO plugin. -->","yoast_head_json":{"title":"Bombeiros registram aumento de 250% de inc\u00eandios - Agazeta.net","robots":{"index":"index","follow":"follow","max-snippet":"max-snippet:-1","max-image-preview":"max-image-preview:large","max-video-preview":"max-video-preview:-1"},"canonical":"https:\/\/nk7-testes.com.br\/agazeta\/bombeiros-registram-aumento-de-250-de-incendios\/","og_locale":"pt_BR","og_type":"article","og_title":"Bombeiros registram aumento de 250% de inc\u00eandios - Agazeta.net","og_description":"No Lix\u00e3o, materiais inflam\u00e1veis dificultam trabalho","og_url":"https:\/\/nk7-testes.com.br\/agazeta\/bombeiros-registram-aumento-de-250-de-incendios\/","og_site_name":"Agazeta.net","article_published_time":"2016-07-22T14:34:58+00:00","og_image":[{"width":458,"height":340,"url":"https:\/\/nk7-testes.com.br\/agazeta\/wp-content\/uploads\/2016\/07\/220716-cotidiano-lixaofogo-deyvichessmon.jpg","type":"image\/jpeg"}],"author":"Agazeta.Net","twitter_card":"summary_large_image","twitter_misc":{"Escrito por":"Agazeta.Net","Est. tempo de leitura":"2 minutos"},"schema":{"@context":"https:\/\/schema.org","@graph":[{"@type":"WebPage","@id":"https:\/\/nk7-testes.com.br\/agazeta\/bombeiros-registram-aumento-de-250-de-incendios\/","url":"https:\/\/nk7-testes.com.br\/agazeta\/bombeiros-registram-aumento-de-250-de-incendios\/","name":"Bombeiros registram aumento de 250% de inc\u00eandios - Agazeta.net","isPartOf":{"@id":"https:\/\/nk7-testes.com.br\/agazeta\/#website"},"primaryImageOfPage":{"@id":"https:\/\/nk7-testes.com.br\/agazeta\/bombeiros-registram-aumento-de-250-de-incendios\/#primaryimage"},"image":{"@id":"https:\/\/nk7-testes.com.br\/agazeta\/bombeiros-registram-aumento-de-250-de-incendios\/#primaryimage"},"thumbnailUrl":"https:\/\/nk7-testes.com.br\/agazeta\/wp-content\/uploads\/2016\/07\/220716-cotidiano-lixaofogo-deyvichessmon.jpg","datePublished":"2016-07-22T14:34:58+00:00","author":{"@id":"https:\/\/nk7-testes.com.br\/agazeta\/#\/schema\/person\/6d6e25cb0435eb4a02fd44d30b4e3020"},"breadcrumb":{"@id":"https:\/\/nk7-testes.com.br\/agazeta\/bombeiros-registram-aumento-de-250-de-incendios\/#breadcrumb"},"inLanguage":"pt-BR","potentialAction":[{"@type":"ReadAction","target":["https:\/\/nk7-testes.com.br\/agazeta\/bombeiros-registram-aumento-de-250-de-incendios\/"]}]},{"@type":"ImageObject","inLanguage":"pt-BR","@id":"https:\/\/nk7-testes.com.br\/agazeta\/bombeiros-registram-aumento-de-250-de-incendios\/#primaryimage","url":"https:\/\/nk7-testes.com.br\/agazeta\/wp-content\/uploads\/2016\/07\/220716-cotidiano-lixaofogo-deyvichessmon.jpg","contentUrl":"https:\/\/nk7-testes.com.br\/agazeta\/wp-content\/uploads\/2016\/07\/220716-cotidiano-lixaofogo-deyvichessmon.jpg","width":458,"height":340,"caption":"220716-cotidiano-lixaofogo-deyvichessmon"},{"@type":"BreadcrumbList","@id":"https:\/\/nk7-testes.com.br\/agazeta\/bombeiros-registram-aumento-de-250-de-incendios\/#breadcrumb","itemListElement":[{"@type":"ListItem","position":1,"name":"In\u00edcio","item":"https:\/\/nk7-testes.com.br\/agazeta\/"},{"@type":"ListItem","position":2,"name":"Bombeiros registram aumento de 250% de inc\u00eandios"}]},{"@type":"WebSite","@id":"https:\/\/nk7-testes.com.br\/agazeta\/#website","url":"https:\/\/nk7-testes.com.br\/agazeta\/","name":"Agazeta.net","description":"Agazeta.net - Not\u00edcias de Rio Branco\/AC","potentialAction":[{"@type":"SearchAction","target":{"@type":"EntryPoint","urlTemplate":"https:\/\/nk7-testes.com.br\/agazeta\/?s={search_term_string}"},"query-input":{"@type":"PropertyValueSpecification","valueRequired":true,"valueName":"search_term_string"}}],"inLanguage":"pt-BR"},{"@type":"Person","@id":"https:\/\/nk7-testes.com.br\/agazeta\/#\/schema\/person\/6d6e25cb0435eb4a02fd44d30b4e3020","name":"Agazeta.Net","url":"https:\/\/nk7-testes.com.br\/agazeta\/author\/agazeta\/"}]}},"_links":{"self":[{"href":"https:\/\/nk7-testes.com.br\/agazeta\/wp-json\/wp\/v2\/posts\/24021","targetHints":{"allow":["GET"]}}],"collection":[{"href":"https:\/\/nk7-testes.com.br\/agazeta\/wp-json\/wp\/v2\/posts"}],"about":[{"href":"https:\/\/nk7-testes.com.br\/agazeta\/wp-json\/wp\/v2\/types\/post"}],"author":[{"embeddable":true,"href":"https:\/\/nk7-testes.com.br\/agazeta\/wp-json\/wp\/v2\/users\/4"}],"replies":[{"embeddable":true,"href":"https:\/\/nk7-testes.com.br\/agazeta\/wp-json\/wp\/v2\/comments?post=24021"}],"version-history":[{"count":0,"href":"https:\/\/nk7-testes.com.br\/agazeta\/wp-json\/wp\/v2\/posts\/24021\/revisions"}],"wp:featuredmedia":[{"embeddable":true,"href":"https:\/\/nk7-testes.com.br\/agazeta\/wp-json\/wp\/v2\/media\/24020"}],"wp:attachment":[{"href":"https:\/\/nk7-testes.com.br\/agazeta\/wp-json\/wp\/v2\/media?parent=24021"}],"wp:term":[{"taxonomy":"category","embeddable":true,"href":"https:\/\/nk7-testes.com.br\/agazeta\/wp-json\/wp\/v2\/categories?post=24021"},{"taxonomy":"post_tag","embeddable":true,"href":"https:\/\/nk7-testes.com.br\/agazeta\/wp-json\/wp\/v2\/tags?post=24021"}],"curies":[{"name":"wp","href":"https:\/\/api.w.org\/{rel}","templated":true}]}}