{"id":24011,"date":"2016-07-21T21:29:39","date_gmt":"2016-07-21T21:29:39","guid":{"rendered":"https:\/\/abarevegan.com.br\/index.php\/2016\/07\/21\/expoacre-rainha-do-rodeio-e-conhecida-nesta-sexta\/"},"modified":"2016-07-21T21:29:39","modified_gmt":"2016-07-21T21:29:39","slug":"expoacre-rainha-do-rodeio-e-conhecida-nesta-sexta","status":"publish","type":"post","link":"https:\/\/nk7-testes.com.br\/agazeta\/expoacre-rainha-do-rodeio-e-conhecida-nesta-sexta\/","title":{"rendered":"Expoacre: Rainha do rodeio \u00e9 conhecida nesta sexta"},"content":{"rendered":"<p style=\"text-align: justify;\">Elas representam fazendas e empresas regionais<\/p>\n<p style=\"text-align: justify;\">Belas mulheres sobem ao palco da Amaz\u00f4nia Hall nesta sexta-feira (22), \u00e0s 22h, para concorrer ao t\u00edtulo de Rainha do Rodeio 2016. As candidatas representam fazendas e empresas da terra e a beleza da mulher acrIana no maior evento do Estado.<\/p>\n<p style=\"text-align: justify;\">O concurso, que j\u00e1 existe h\u00e1 mais de 10 anos, se consolidou como o \u201cesquenta\u201d da Expoacre e traz uma programa\u00e7\u00e3o recheada. As atra\u00e7\u00f5es musicais deste ano s\u00e3o o cantor sertanejo Marco Nery e Banda, tocando moda de viola e hits sertanejos da atualidade, e o badalado DJ Dion\u00edsio que promete colocar todo mundo para dan\u00e7ar. \u201cEstamos preparando um set list incr\u00edvel para os convidados da Rainha do Rodeio\u201d, afirmou o DJ.<\/p>\n<p style=\"text-align: justify;\">Repetindo a receita de sucesso, os colunistas sociais Jocely Abreu, Gigi Hanan e Roberta Lima e a prometer Meyre Manaus, em parceria com o governo do Estado do Acre, atrav\u00e9s da comiss\u00e3o da Expoacre 2016, organizam tudo com esmero e contam com importantes parceiros.<\/p>\n<p style=\"text-align: justify;\">Divino Fog\u00e3o, por exemplo, servir\u00e1 Arroz Carreteiro e Bai\u00e3o de Dois, pratos que s\u00e3o sucesso no card\u00e1pio do restaurante. Lojas conceituadas de Rio Branco, Juliana Pejon e Cowboys Ranch, assinam o figurino das candidatas e a decora\u00e7\u00e3o tem\u00e1tica conta com o bom gosto de Gabriel Mascarenhas.<\/p>\n<p style=\"text-align: justify;\">A agenda da Rainha \u00e9 movimentada e concorrida, inclusive para entrevistas e ensaios fotogr\u00e1ficos. A escolhida participa da Cavalgada, que abre oficialmente a Expoacre, e \u00e9 o centro das aten\u00e7\u00f5es da abertura e encerramento do Rodeio \u2013 festa que re\u00fane centenas de pessoas durante a feira.<\/p>\n<p style=\"text-align: justify;\">A advogada Raissa Ribeiro passar\u00e1 a faixa e afirma que o concurso \u00e9 uma vitrine para outros trabalhos e que representar a Expoacre foi uma honra. \u201cPara mim um dos pontos altos \u00e9 o Rodeio. Acompanhar os destemidos pe\u00f5es e a torcida da galera \u00e9 mesmo contagiante\u201d, disse a Rainha do Rodeio 2015.<\/p>\n<p style=\"text-align: justify;\"><img decoding=\"async\" class=\" size-full wp-image-24005\" src=\"https:\/\/nk7-testes.com.br\/wp-content\/uploads\/2016\/07\/aracyfoto10.jpg\" width=\"400\" height=\"604\" alt=\"aracyfoto10\" srcset=\"https:\/\/nk7-testes.com.br\/agazeta\/wp-content\/uploads\/2016\/07\/aracyfoto10.jpg 720w, https:\/\/nk7-testes.com.br\/agazeta\/wp-content\/uploads\/2016\/07\/aracyfoto10-199x300.jpg 199w, https:\/\/nk7-testes.com.br\/agazeta\/wp-content\/uploads\/2016\/07\/aracyfoto10-678x1024.jpg 678w\" sizes=\"(max-width: 400px) 100vw, 400px\" \/><\/p>\n<p style=\"text-align: justify;\">Aracy Gama \u00e9 jornalista e participa pela primeira vez do concurso, acreditando na visibilidade dele. \u201cEspero fazer o melhor para representar bem a minha fazenda, a Ventania. Rainha do Rodeio vem somar com experi\u00eancia que eu tenho com o publico como jornalista\u201d, disse a candidata que \u00e9 de Rio Branco e tem 24 anos.<\/p>\n<p style=\"text-align: justify;\">Rainha do Rodeio conta com apoio das Fazendas Soberana, Nova Era, Bom Retiro, e Ventania, Atacad\u00e3o Rio Branco, Supermercado Ara\u00fajo, Cl\u00ednica Santa L\u00facia, Fiat, Amaz\u00f4nia Hall, Rei das Mangueiras, Svim e imprensa local.<\/p>\n<p style=\"text-align: justify;\"><img decoding=\"async\" class=\" size-full wp-image-24006\" src=\"https:\/\/nk7-testes.com.br\/wp-content\/uploads\/2016\/07\/ingridfoto5.jpg\" width=\"400\" height=\"400\" alt=\"ingridfoto5\" srcset=\"https:\/\/nk7-testes.com.br\/agazeta\/wp-content\/uploads\/2016\/07\/ingridfoto5.jpg 714w, https:\/\/nk7-testes.com.br\/agazeta\/wp-content\/uploads\/2016\/07\/ingridfoto5-300x300.jpg 300w, https:\/\/nk7-testes.com.br\/agazeta\/wp-content\/uploads\/2016\/07\/ingridfoto5-150x150.jpg 150w\" sizes=\"(max-width: 400px) 100vw, 400px\" \/><\/p>\n<p style=\"text-align: justify;\"><strong>Ingrid Ribeiro \u2013 Representando o Atacad\u00e3o Rio Branco.<\/strong><\/p>\n<p style=\"text-align: justify;\"><strong>&nbsp;<\/strong><\/p>\n<p style=\"text-align: justify;\"><img decoding=\"async\" class=\" size-full wp-image-24007\" src=\"https:\/\/nk7-testes.com.br\/wp-content\/uploads\/2016\/07\/kamilafoto6.jpg\" width=\"400\" height=\"500\" alt=\"kamilafoto6\" srcset=\"https:\/\/nk7-testes.com.br\/agazeta\/wp-content\/uploads\/2016\/07\/kamilafoto6.jpg 966w, https:\/\/nk7-testes.com.br\/agazeta\/wp-content\/uploads\/2016\/07\/kamilafoto6-240x300.jpg 240w, https:\/\/nk7-testes.com.br\/agazeta\/wp-content\/uploads\/2016\/07\/kamilafoto6-819x1024.jpg 819w, https:\/\/nk7-testes.com.br\/agazeta\/wp-content\/uploads\/2016\/07\/kamilafoto6-768x960.jpg 768w\" sizes=\"(max-width: 400px) 100vw, 400px\" \/><\/p>\n<p style=\"text-align: justify;\"><strong>Kamila Belmiro \u2013 Fazenda Nova Era.<\/strong><\/p>\n<p style=\"text-align: justify;\"><strong>&nbsp;<\/strong><\/p>\n<p style=\"text-align: justify;\"><img decoding=\"async\" class=\" size-full wp-image-24008\" src=\"https:\/\/nk7-testes.com.br\/wp-content\/uploads\/2016\/07\/iracemafoto7.jpg\" width=\"400\" height=\"711\" alt=\"iracemafoto7\" srcset=\"https:\/\/nk7-testes.com.br\/agazeta\/wp-content\/uploads\/2016\/07\/iracemafoto7.jpg 720w, https:\/\/nk7-testes.com.br\/agazeta\/wp-content\/uploads\/2016\/07\/iracemafoto7-169x300.jpg 169w, https:\/\/nk7-testes.com.br\/agazeta\/wp-content\/uploads\/2016\/07\/iracemafoto7-576x1024.jpg 576w\" sizes=\"(max-width: 400px) 100vw, 400px\" \/><\/p>\n<p style=\"text-align: justify;\"><strong>Iracema Caldas \u2013 fazenda Soberana.<\/strong><\/p>\n<p style=\"text-align: justify;\"><strong>&nbsp;<\/strong><\/p>\n<p style=\"text-align: justify;\"><strong><img decoding=\"async\" class=\" size-full wp-image-24009\" src=\"https:\/\/nk7-testes.com.br\/wp-content\/uploads\/2016\/07\/Beatrizfoto8.jpg\" width=\"400\" height=\"533\" alt=\"Beatrizfoto8\" srcset=\"https:\/\/nk7-testes.com.br\/agazeta\/wp-content\/uploads\/2016\/07\/Beatrizfoto8.jpg 960w, https:\/\/nk7-testes.com.br\/agazeta\/wp-content\/uploads\/2016\/07\/Beatrizfoto8-225x300.jpg 225w, https:\/\/nk7-testes.com.br\/agazeta\/wp-content\/uploads\/2016\/07\/Beatrizfoto8-768x1024.jpg 768w\" sizes=\"(max-width: 400px) 100vw, 400px\" \/><\/strong><\/p>\n<p style=\"text-align: justify;\"><strong>Beatriz Almeida \u2013 Fazenda Bom Retiro.<\/strong><\/p>\n<p style=\"text-align: justify;\"><strong>&nbsp;<\/strong><\/p>\n<p style=\"text-align: justify;\"><strong><img decoding=\"async\" class=\" size-full wp-image-24010\" src=\"https:\/\/nk7-testes.com.br\/wp-content\/uploads\/2016\/07\/Elisamafoto9.jpg\" width=\"400\" height=\"399\" alt=\"Elisamafoto9\" srcset=\"https:\/\/nk7-testes.com.br\/agazeta\/wp-content\/uploads\/2016\/07\/Elisamafoto9.jpg 521w, https:\/\/nk7-testes.com.br\/agazeta\/wp-content\/uploads\/2016\/07\/Elisamafoto9-300x300.jpg 300w, https:\/\/nk7-testes.com.br\/agazeta\/wp-content\/uploads\/2016\/07\/Elisamafoto9-150x150.jpg 150w\" sizes=\"(max-width: 400px) 100vw, 400px\" \/><\/strong><\/p>\n<p style=\"text-align: justify;\"><strong>Elisama Arcenio \u2013 representa o Supermercado Araujo.<\/strong><\/p>\n<p style=\"text-align: justify;\"><strong>&nbsp;<\/strong><\/p>\n<p style=\"text-align: justify;\"><strong><img decoding=\"async\" class=\" size-full wp-image-24005\" src=\"https:\/\/nk7-testes.com.br\/wp-content\/uploads\/2016\/07\/aracyfoto10.jpg\" width=\"420\" height=\"634\" alt=\"aracyfoto10\" srcset=\"https:\/\/nk7-testes.com.br\/agazeta\/wp-content\/uploads\/2016\/07\/aracyfoto10.jpg 720w, https:\/\/nk7-testes.com.br\/agazeta\/wp-content\/uploads\/2016\/07\/aracyfoto10-199x300.jpg 199w, https:\/\/nk7-testes.com.br\/agazeta\/wp-content\/uploads\/2016\/07\/aracyfoto10-678x1024.jpg 678w\" sizes=\"(max-width: 420px) 100vw, 420px\" \/><\/strong><\/p>\n<p style=\"text-align: justify;\"><strong>Aracy Gama \u2013 Fazenda Ventania.<\/strong><\/p>\n<p style=\"text-align: justify;\"><strong>&nbsp;<\/strong><\/p>\n<p style=\"text-align: justify;\">&nbsp;<\/p>\n<p style=\"text-align: justify;\"><strong>Heloyse Vit\u00f3ria \u2013 representa Mustang Agropecu\u00e1ria.<\/strong><\/p>\n<p style=\"text-align: justify;\">&nbsp;<\/p>\n<p style=\"text-align: justify;\">&nbsp;<\/p>\n<p style=\"text-align: justify;\">&nbsp;<\/p>\n<p style=\"text-align: justify;\">&nbsp;<\/p>\n<p style=\"text-align: justify;\">&nbsp;<\/p>\n<p style=\"text-align: justify;\">&nbsp;<\/p>\n<p style=\"text-align: justify;\">&nbsp;<\/p>\n<p style=\"text-align: justify;\">&nbsp;<\/p>\n<p style=\"text-align: justify;\">&nbsp;<\/p>\n<p style=\"text-align: justify;\">&nbsp;<\/p>\n<p style=\"text-align: justify;\">&nbsp;<\/p>\n","protected":false},"excerpt":{"rendered":"<p style=\"text-align: justify;\">Elas representam fazendas e empresas regionais<\/p>\n","protected":false},"author":4,"featured_media":24004,"comment_status":"open","ping_status":"open","sticky":false,"template":"","format":"standard","meta":{"jnews-multi-image_gallery":[],"jnews_single_post":[],"jnews_primary_category":[],"jnews_social_meta":[],"jnews_review":[],"enable_review":"","type":"","name":"","summary":"","brand":"","sku":"","good":[],"bad":[],"score_override":"","override_value":"","rating":[],"price":[],"footnotes":""},"categories":[54],"tags":[],"class_list":["post-24011","post","type-post","status-publish","format-standard","has-post-thumbnail","hentry","category-cotidiano"],"yoast_head":"<!-- This site is optimized with the Yoast SEO plugin v26.5 - https:\/\/yoast.com\/wordpress\/plugins\/seo\/ -->\n<title>Expoacre: Rainha do rodeio \u00e9 conhecida nesta sexta - Agazeta.net<\/title>\n<meta name=\"robots\" content=\"index, follow, max-snippet:-1, max-image-preview:large, max-video-preview:-1\" \/>\n<link rel=\"canonical\" href=\"https:\/\/nk7-testes.com.br\/agazeta\/expoacre-rainha-do-rodeio-e-conhecida-nesta-sexta\/\" \/>\n<meta property=\"og:locale\" content=\"pt_BR\" \/>\n<meta property=\"og:type\" content=\"article\" \/>\n<meta property=\"og:title\" content=\"Expoacre: Rainha do rodeio \u00e9 conhecida nesta sexta - Agazeta.net\" \/>\n<meta property=\"og:description\" content=\"Elas representam fazendas e empresas regionais\" \/>\n<meta property=\"og:url\" content=\"https:\/\/nk7-testes.com.br\/agazeta\/expoacre-rainha-do-rodeio-e-conhecida-nesta-sexta\/\" \/>\n<meta property=\"og:site_name\" content=\"Agazeta.net\" \/>\n<meta property=\"article:published_time\" content=\"2016-07-21T21:29:39+00:00\" \/>\n<meta property=\"og:image\" content=\"https:\/\/nk7-testes.com.br\/agazeta\/wp-content\/uploads\/2016\/07\/210716-cotidiano-rainhadorodeio-divulgacao.jpg\" \/>\n\t<meta property=\"og:image:width\" content=\"458\" \/>\n\t<meta property=\"og:image:height\" content=\"340\" \/>\n\t<meta property=\"og:image:type\" content=\"image\/jpeg\" \/>\n<meta name=\"author\" content=\"Agazeta.Net\" \/>\n<meta name=\"twitter:card\" content=\"summary_large_image\" \/>\n<meta name=\"twitter:label1\" content=\"Escrito por\" \/>\n\t<meta name=\"twitter:data1\" content=\"Agazeta.Net\" \/>\n\t<meta name=\"twitter:label2\" content=\"Est. tempo de leitura\" \/>\n\t<meta name=\"twitter:data2\" content=\"2 minutos\" \/>\n<script type=\"application\/ld+json\" class=\"yoast-schema-graph\">{\"@context\":\"https:\/\/schema.org\",\"@graph\":[{\"@type\":\"WebPage\",\"@id\":\"https:\/\/nk7-testes.com.br\/agazeta\/expoacre-rainha-do-rodeio-e-conhecida-nesta-sexta\/\",\"url\":\"https:\/\/nk7-testes.com.br\/agazeta\/expoacre-rainha-do-rodeio-e-conhecida-nesta-sexta\/\",\"name\":\"Expoacre: Rainha do rodeio \u00e9 conhecida nesta sexta - Agazeta.net\",\"isPartOf\":{\"@id\":\"https:\/\/nk7-testes.com.br\/agazeta\/#website\"},\"primaryImageOfPage\":{\"@id\":\"https:\/\/nk7-testes.com.br\/agazeta\/expoacre-rainha-do-rodeio-e-conhecida-nesta-sexta\/#primaryimage\"},\"image\":{\"@id\":\"https:\/\/nk7-testes.com.br\/agazeta\/expoacre-rainha-do-rodeio-e-conhecida-nesta-sexta\/#primaryimage\"},\"thumbnailUrl\":\"https:\/\/nk7-testes.com.br\/agazeta\/wp-content\/uploads\/2016\/07\/210716-cotidiano-rainhadorodeio-divulgacao.jpg\",\"datePublished\":\"2016-07-21T21:29:39+00:00\",\"author\":{\"@id\":\"https:\/\/nk7-testes.com.br\/agazeta\/#\/schema\/person\/6d6e25cb0435eb4a02fd44d30b4e3020\"},\"breadcrumb\":{\"@id\":\"https:\/\/nk7-testes.com.br\/agazeta\/expoacre-rainha-do-rodeio-e-conhecida-nesta-sexta\/#breadcrumb\"},\"inLanguage\":\"pt-BR\",\"potentialAction\":[{\"@type\":\"ReadAction\",\"target\":[\"https:\/\/nk7-testes.com.br\/agazeta\/expoacre-rainha-do-rodeio-e-conhecida-nesta-sexta\/\"]}]},{\"@type\":\"ImageObject\",\"inLanguage\":\"pt-BR\",\"@id\":\"https:\/\/nk7-testes.com.br\/agazeta\/expoacre-rainha-do-rodeio-e-conhecida-nesta-sexta\/#primaryimage\",\"url\":\"https:\/\/nk7-testes.com.br\/agazeta\/wp-content\/uploads\/2016\/07\/210716-cotidiano-rainhadorodeio-divulgacao.jpg\",\"contentUrl\":\"https:\/\/nk7-testes.com.br\/agazeta\/wp-content\/uploads\/2016\/07\/210716-cotidiano-rainhadorodeio-divulgacao.jpg\",\"width\":458,\"height\":340,\"caption\":\"210716-cotidiano-rainhadorodeio-divulgacao\"},{\"@type\":\"BreadcrumbList\",\"@id\":\"https:\/\/nk7-testes.com.br\/agazeta\/expoacre-rainha-do-rodeio-e-conhecida-nesta-sexta\/#breadcrumb\",\"itemListElement\":[{\"@type\":\"ListItem\",\"position\":1,\"name\":\"In\u00edcio\",\"item\":\"https:\/\/nk7-testes.com.br\/agazeta\/\"},{\"@type\":\"ListItem\",\"position\":2,\"name\":\"Expoacre: Rainha do rodeio \u00e9 conhecida nesta sexta\"}]},{\"@type\":\"WebSite\",\"@id\":\"https:\/\/nk7-testes.com.br\/agazeta\/#website\",\"url\":\"https:\/\/nk7-testes.com.br\/agazeta\/\",\"name\":\"Agazeta.net\",\"description\":\"Agazeta.net - Not\u00edcias de Rio Branco\/AC\",\"potentialAction\":[{\"@type\":\"SearchAction\",\"target\":{\"@type\":\"EntryPoint\",\"urlTemplate\":\"https:\/\/nk7-testes.com.br\/agazeta\/?s={search_term_string}\"},\"query-input\":{\"@type\":\"PropertyValueSpecification\",\"valueRequired\":true,\"valueName\":\"search_term_string\"}}],\"inLanguage\":\"pt-BR\"},{\"@type\":\"Person\",\"@id\":\"https:\/\/nk7-testes.com.br\/agazeta\/#\/schema\/person\/6d6e25cb0435eb4a02fd44d30b4e3020\",\"name\":\"Agazeta.Net\",\"url\":\"https:\/\/nk7-testes.com.br\/agazeta\/author\/agazeta\/\"}]}<\/script>\n<!-- \/ Yoast SEO plugin. -->","yoast_head_json":{"title":"Expoacre: Rainha do rodeio \u00e9 conhecida nesta sexta - Agazeta.net","robots":{"index":"index","follow":"follow","max-snippet":"max-snippet:-1","max-image-preview":"max-image-preview:large","max-video-preview":"max-video-preview:-1"},"canonical":"https:\/\/nk7-testes.com.br\/agazeta\/expoacre-rainha-do-rodeio-e-conhecida-nesta-sexta\/","og_locale":"pt_BR","og_type":"article","og_title":"Expoacre: Rainha do rodeio \u00e9 conhecida nesta sexta - Agazeta.net","og_description":"Elas representam fazendas e empresas regionais","og_url":"https:\/\/nk7-testes.com.br\/agazeta\/expoacre-rainha-do-rodeio-e-conhecida-nesta-sexta\/","og_site_name":"Agazeta.net","article_published_time":"2016-07-21T21:29:39+00:00","og_image":[{"width":458,"height":340,"url":"https:\/\/nk7-testes.com.br\/agazeta\/wp-content\/uploads\/2016\/07\/210716-cotidiano-rainhadorodeio-divulgacao.jpg","type":"image\/jpeg"}],"author":"Agazeta.Net","twitter_card":"summary_large_image","twitter_misc":{"Escrito por":"Agazeta.Net","Est. tempo de leitura":"2 minutos"},"schema":{"@context":"https:\/\/schema.org","@graph":[{"@type":"WebPage","@id":"https:\/\/nk7-testes.com.br\/agazeta\/expoacre-rainha-do-rodeio-e-conhecida-nesta-sexta\/","url":"https:\/\/nk7-testes.com.br\/agazeta\/expoacre-rainha-do-rodeio-e-conhecida-nesta-sexta\/","name":"Expoacre: Rainha do rodeio \u00e9 conhecida nesta sexta - Agazeta.net","isPartOf":{"@id":"https:\/\/nk7-testes.com.br\/agazeta\/#website"},"primaryImageOfPage":{"@id":"https:\/\/nk7-testes.com.br\/agazeta\/expoacre-rainha-do-rodeio-e-conhecida-nesta-sexta\/#primaryimage"},"image":{"@id":"https:\/\/nk7-testes.com.br\/agazeta\/expoacre-rainha-do-rodeio-e-conhecida-nesta-sexta\/#primaryimage"},"thumbnailUrl":"https:\/\/nk7-testes.com.br\/agazeta\/wp-content\/uploads\/2016\/07\/210716-cotidiano-rainhadorodeio-divulgacao.jpg","datePublished":"2016-07-21T21:29:39+00:00","author":{"@id":"https:\/\/nk7-testes.com.br\/agazeta\/#\/schema\/person\/6d6e25cb0435eb4a02fd44d30b4e3020"},"breadcrumb":{"@id":"https:\/\/nk7-testes.com.br\/agazeta\/expoacre-rainha-do-rodeio-e-conhecida-nesta-sexta\/#breadcrumb"},"inLanguage":"pt-BR","potentialAction":[{"@type":"ReadAction","target":["https:\/\/nk7-testes.com.br\/agazeta\/expoacre-rainha-do-rodeio-e-conhecida-nesta-sexta\/"]}]},{"@type":"ImageObject","inLanguage":"pt-BR","@id":"https:\/\/nk7-testes.com.br\/agazeta\/expoacre-rainha-do-rodeio-e-conhecida-nesta-sexta\/#primaryimage","url":"https:\/\/nk7-testes.com.br\/agazeta\/wp-content\/uploads\/2016\/07\/210716-cotidiano-rainhadorodeio-divulgacao.jpg","contentUrl":"https:\/\/nk7-testes.com.br\/agazeta\/wp-content\/uploads\/2016\/07\/210716-cotidiano-rainhadorodeio-divulgacao.jpg","width":458,"height":340,"caption":"210716-cotidiano-rainhadorodeio-divulgacao"},{"@type":"BreadcrumbList","@id":"https:\/\/nk7-testes.com.br\/agazeta\/expoacre-rainha-do-rodeio-e-conhecida-nesta-sexta\/#breadcrumb","itemListElement":[{"@type":"ListItem","position":1,"name":"In\u00edcio","item":"https:\/\/nk7-testes.com.br\/agazeta\/"},{"@type":"ListItem","position":2,"name":"Expoacre: Rainha do rodeio \u00e9 conhecida nesta sexta"}]},{"@type":"WebSite","@id":"https:\/\/nk7-testes.com.br\/agazeta\/#website","url":"https:\/\/nk7-testes.com.br\/agazeta\/","name":"Agazeta.net","description":"Agazeta.net - Not\u00edcias de Rio Branco\/AC","potentialAction":[{"@type":"SearchAction","target":{"@type":"EntryPoint","urlTemplate":"https:\/\/nk7-testes.com.br\/agazeta\/?s={search_term_string}"},"query-input":{"@type":"PropertyValueSpecification","valueRequired":true,"valueName":"search_term_string"}}],"inLanguage":"pt-BR"},{"@type":"Person","@id":"https:\/\/nk7-testes.com.br\/agazeta\/#\/schema\/person\/6d6e25cb0435eb4a02fd44d30b4e3020","name":"Agazeta.Net","url":"https:\/\/nk7-testes.com.br\/agazeta\/author\/agazeta\/"}]}},"_links":{"self":[{"href":"https:\/\/nk7-testes.com.br\/agazeta\/wp-json\/wp\/v2\/posts\/24011","targetHints":{"allow":["GET"]}}],"collection":[{"href":"https:\/\/nk7-testes.com.br\/agazeta\/wp-json\/wp\/v2\/posts"}],"about":[{"href":"https:\/\/nk7-testes.com.br\/agazeta\/wp-json\/wp\/v2\/types\/post"}],"author":[{"embeddable":true,"href":"https:\/\/nk7-testes.com.br\/agazeta\/wp-json\/wp\/v2\/users\/4"}],"replies":[{"embeddable":true,"href":"https:\/\/nk7-testes.com.br\/agazeta\/wp-json\/wp\/v2\/comments?post=24011"}],"version-history":[{"count":0,"href":"https:\/\/nk7-testes.com.br\/agazeta\/wp-json\/wp\/v2\/posts\/24011\/revisions"}],"wp:featuredmedia":[{"embeddable":true,"href":"https:\/\/nk7-testes.com.br\/agazeta\/wp-json\/wp\/v2\/media\/24004"}],"wp:attachment":[{"href":"https:\/\/nk7-testes.com.br\/agazeta\/wp-json\/wp\/v2\/media?parent=24011"}],"wp:term":[{"taxonomy":"category","embeddable":true,"href":"https:\/\/nk7-testes.com.br\/agazeta\/wp-json\/wp\/v2\/categories?post=24011"},{"taxonomy":"post_tag","embeddable":true,"href":"https:\/\/nk7-testes.com.br\/agazeta\/wp-json\/wp\/v2\/tags?post=24011"}],"curies":[{"name":"wp","href":"https:\/\/api.w.org\/{rel}","templated":true}]}}