{"id":23993,"date":"2016-07-21T17:53:02","date_gmt":"2016-07-21T17:53:02","guid":{"rendered":"https:\/\/abarevegan.com.br\/index.php\/2016\/07\/21\/familia-de-jovem-morto-em-boate-faz-protesto\/"},"modified":"2016-07-21T17:53:02","modified_gmt":"2016-07-21T17:53:02","slug":"familia-de-jovem-morto-em-boate-faz-protesto","status":"publish","type":"post","link":"https:\/\/nk7-testes.com.br\/agazeta\/familia-de-jovem-morto-em-boate-faz-protesto\/","title":{"rendered":"Fam\u00edlia de jovem morto em boate faz protesto"},"content":{"rendered":"<p style=\"text-align: justify;\">Eles pedem justi\u00e7a e fim do uso de armas associado \u00e0 bebida<\/p>\n<p style=\"text-align: justify;\">Familiares e amigos de Rafael Frota realizaram o manifesto pac\u00edfico ao lado do Pal\u00e1cio Rio Branco, na Avenida Get\u00falio Vargas, na manh\u00e3 desta quinta-feira (21).<\/p>\n<p style=\"text-align: justify;\">Com blusas, faixas e panfletos, eles buscavam apoio da popula\u00e7\u00e3o para pedir justi\u00e7a na morte do estudante, durante uma confus\u00e3o numa boate da capital. O acusado do crime \u00e9 o policial federal Victor Manuel Campelo, que ao se envolver em uma briga, disparou 4 tiros com sua arma de fogo. Um deles atingiu Rafael que morreu horas depois no Pronto-socorro.<\/p>\n<p style=\"text-align: justify;\">O agente continua preso na superintend\u00eancia da Pol\u00edcia Federal, mas a fam\u00edlia teme que esse caso fique impune. \u201cEle tirou a vida deum ser humano, ele matou o meu filho ent\u00e3o ele tem que pagar por isso.\u201d Disse a m\u00e3e de Rafael, Neide Chaves.<\/p>\n<p style=\"text-align: justify;\">As pessoas nas ruas eram abordadas e manifestaram solidariedade a fam\u00edlia. O pai do jovem relata que ainda \u00e9 dif\u00edcil aceitar que tudo isso ocorreu.<\/p>\n<p style=\"text-align: justify;\">Para minimizar a dor, a fam\u00edlia pede tamb\u00e9m, que a mistura \u00e1lcool e arma seja evitada em qualquer situa\u00e7\u00e3o para que n\u00e3o surjam outras v\u00edtimas. \u201cQuem bebe n\u00e3o deve usar uma arma, \u00e9 igual quem dirige, que n\u00e3o deve beber, a pessoa quando est\u00e1 bebendo ela fica mais corajosa, fica mais afoita completamente diferente do que ela \u00e9 na realidade, ent\u00e3o se ela est\u00e1 armada, \u00e9 um motivo pra causar uma desgra\u00e7a, como causou nessa boate.\u201d Explicou Neide.<\/p>\n<p style=\"text-align: justify;\">&nbsp;No dia 23 se encerra o segundo prazo para o julgamento. Se ele for estendido, somente no pr\u00f3ximo m\u00eas o inqu\u00e9rito dever\u00e1 ser finalizado.&nbsp;<span style=\"font-size: 13.2px; line-height: 21.12px; text-align: justify;\">O crime aconteceu no dia 2 de julho,o coordenador da Delegacia de Flagrantes, Rodrigo Nol, pediu a prorroga\u00e7\u00e3o de mais 10 dias para concluir o inquerito, agora ele estuda a possibilidade de pedir mais 10 dias, j\u00e1 que n\u00e3o conseguiu reunir as provas necess\u00e1rias.<\/span> At\u00e9 que tudo seja esclarecido, a fam\u00edlia de Rafael deve realizar mais manifestos para chamar a aten\u00e7\u00e3o das autoridades.<\/p>\n","protected":false},"excerpt":{"rendered":"<p style=\"text-align: justify;\">Eles pedem justi\u00e7a e fim do uso de armas associado \u00e0 bebida<\/p>\n","protected":false},"author":4,"featured_media":23992,"comment_status":"open","ping_status":"open","sticky":false,"template":"","format":"standard","meta":{"jnews-multi-image_gallery":[],"jnews_single_post":[],"jnews_primary_category":[],"jnews_social_meta":[],"jnews_review":[],"enable_review":"","type":"","name":"","summary":"","brand":"","sku":"","good":[],"bad":[],"score_override":"","override_value":"","rating":[],"price":[],"footnotes":""},"categories":[44],"tags":[],"class_list":["post-23993","post","type-post","status-publish","format-standard","has-post-thumbnail","hentry","category-policia"],"yoast_head":"<!-- This site is optimized with the Yoast SEO plugin v26.5 - https:\/\/yoast.com\/wordpress\/plugins\/seo\/ -->\n<title>Fam\u00edlia de jovem morto em boate faz protesto - Agazeta.net<\/title>\n<meta name=\"robots\" content=\"index, follow, max-snippet:-1, max-image-preview:large, max-video-preview:-1\" \/>\n<link rel=\"canonical\" href=\"https:\/\/nk7-testes.com.br\/agazeta\/familia-de-jovem-morto-em-boate-faz-protesto\/\" \/>\n<meta property=\"og:locale\" content=\"pt_BR\" \/>\n<meta property=\"og:type\" content=\"article\" \/>\n<meta property=\"og:title\" content=\"Fam\u00edlia de jovem morto em boate faz protesto - Agazeta.net\" \/>\n<meta property=\"og:description\" content=\"Eles pedem justi\u00e7a e fim do uso de armas associado \u00e0 bebida\" \/>\n<meta property=\"og:url\" content=\"https:\/\/nk7-testes.com.br\/agazeta\/familia-de-jovem-morto-em-boate-faz-protesto\/\" \/>\n<meta property=\"og:site_name\" content=\"Agazeta.net\" \/>\n<meta property=\"article:published_time\" content=\"2016-07-21T17:53:02+00:00\" \/>\n<meta property=\"og:image\" content=\"https:\/\/nk7-testes.com.br\/agazeta\/wp-content\/uploads\/2016\/07\/210716-policia-manifesto-familia.jpg\" \/>\n\t<meta property=\"og:image:width\" content=\"458\" \/>\n\t<meta property=\"og:image:height\" content=\"340\" \/>\n\t<meta property=\"og:image:type\" content=\"image\/jpeg\" \/>\n<meta name=\"author\" content=\"Agazeta.Net\" \/>\n<meta name=\"twitter:card\" content=\"summary_large_image\" \/>\n<meta name=\"twitter:label1\" content=\"Escrito por\" \/>\n\t<meta name=\"twitter:data1\" content=\"Agazeta.Net\" \/>\n\t<meta name=\"twitter:label2\" content=\"Est. tempo de leitura\" \/>\n\t<meta name=\"twitter:data2\" content=\"2 minutos\" \/>\n<script type=\"application\/ld+json\" class=\"yoast-schema-graph\">{\"@context\":\"https:\/\/schema.org\",\"@graph\":[{\"@type\":\"WebPage\",\"@id\":\"https:\/\/nk7-testes.com.br\/agazeta\/familia-de-jovem-morto-em-boate-faz-protesto\/\",\"url\":\"https:\/\/nk7-testes.com.br\/agazeta\/familia-de-jovem-morto-em-boate-faz-protesto\/\",\"name\":\"Fam\u00edlia de jovem morto em boate faz protesto - Agazeta.net\",\"isPartOf\":{\"@id\":\"https:\/\/nk7-testes.com.br\/agazeta\/#website\"},\"primaryImageOfPage\":{\"@id\":\"https:\/\/nk7-testes.com.br\/agazeta\/familia-de-jovem-morto-em-boate-faz-protesto\/#primaryimage\"},\"image\":{\"@id\":\"https:\/\/nk7-testes.com.br\/agazeta\/familia-de-jovem-morto-em-boate-faz-protesto\/#primaryimage\"},\"thumbnailUrl\":\"https:\/\/nk7-testes.com.br\/agazeta\/wp-content\/uploads\/2016\/07\/210716-policia-manifesto-familia.jpg\",\"datePublished\":\"2016-07-21T17:53:02+00:00\",\"author\":{\"@id\":\"https:\/\/nk7-testes.com.br\/agazeta\/#\/schema\/person\/6d6e25cb0435eb4a02fd44d30b4e3020\"},\"breadcrumb\":{\"@id\":\"https:\/\/nk7-testes.com.br\/agazeta\/familia-de-jovem-morto-em-boate-faz-protesto\/#breadcrumb\"},\"inLanguage\":\"pt-BR\",\"potentialAction\":[{\"@type\":\"ReadAction\",\"target\":[\"https:\/\/nk7-testes.com.br\/agazeta\/familia-de-jovem-morto-em-boate-faz-protesto\/\"]}]},{\"@type\":\"ImageObject\",\"inLanguage\":\"pt-BR\",\"@id\":\"https:\/\/nk7-testes.com.br\/agazeta\/familia-de-jovem-morto-em-boate-faz-protesto\/#primaryimage\",\"url\":\"https:\/\/nk7-testes.com.br\/agazeta\/wp-content\/uploads\/2016\/07\/210716-policia-manifesto-familia.jpg\",\"contentUrl\":\"https:\/\/nk7-testes.com.br\/agazeta\/wp-content\/uploads\/2016\/07\/210716-policia-manifesto-familia.jpg\",\"width\":458,\"height\":340,\"caption\":\"210716-policia-manifesto-familia\"},{\"@type\":\"BreadcrumbList\",\"@id\":\"https:\/\/nk7-testes.com.br\/agazeta\/familia-de-jovem-morto-em-boate-faz-protesto\/#breadcrumb\",\"itemListElement\":[{\"@type\":\"ListItem\",\"position\":1,\"name\":\"In\u00edcio\",\"item\":\"https:\/\/nk7-testes.com.br\/agazeta\/\"},{\"@type\":\"ListItem\",\"position\":2,\"name\":\"Fam\u00edlia de jovem morto em boate faz protesto\"}]},{\"@type\":\"WebSite\",\"@id\":\"https:\/\/nk7-testes.com.br\/agazeta\/#website\",\"url\":\"https:\/\/nk7-testes.com.br\/agazeta\/\",\"name\":\"Agazeta.net\",\"description\":\"Agazeta.net - Not\u00edcias de Rio Branco\/AC\",\"potentialAction\":[{\"@type\":\"SearchAction\",\"target\":{\"@type\":\"EntryPoint\",\"urlTemplate\":\"https:\/\/nk7-testes.com.br\/agazeta\/?s={search_term_string}\"},\"query-input\":{\"@type\":\"PropertyValueSpecification\",\"valueRequired\":true,\"valueName\":\"search_term_string\"}}],\"inLanguage\":\"pt-BR\"},{\"@type\":\"Person\",\"@id\":\"https:\/\/nk7-testes.com.br\/agazeta\/#\/schema\/person\/6d6e25cb0435eb4a02fd44d30b4e3020\",\"name\":\"Agazeta.Net\",\"url\":\"https:\/\/nk7-testes.com.br\/agazeta\/author\/agazeta\/\"}]}<\/script>\n<!-- \/ Yoast SEO plugin. -->","yoast_head_json":{"title":"Fam\u00edlia de jovem morto em boate faz protesto - Agazeta.net","robots":{"index":"index","follow":"follow","max-snippet":"max-snippet:-1","max-image-preview":"max-image-preview:large","max-video-preview":"max-video-preview:-1"},"canonical":"https:\/\/nk7-testes.com.br\/agazeta\/familia-de-jovem-morto-em-boate-faz-protesto\/","og_locale":"pt_BR","og_type":"article","og_title":"Fam\u00edlia de jovem morto em boate faz protesto - Agazeta.net","og_description":"Eles pedem justi\u00e7a e fim do uso de armas associado \u00e0 bebida","og_url":"https:\/\/nk7-testes.com.br\/agazeta\/familia-de-jovem-morto-em-boate-faz-protesto\/","og_site_name":"Agazeta.net","article_published_time":"2016-07-21T17:53:02+00:00","og_image":[{"width":458,"height":340,"url":"https:\/\/nk7-testes.com.br\/agazeta\/wp-content\/uploads\/2016\/07\/210716-policia-manifesto-familia.jpg","type":"image\/jpeg"}],"author":"Agazeta.Net","twitter_card":"summary_large_image","twitter_misc":{"Escrito por":"Agazeta.Net","Est. tempo de leitura":"2 minutos"},"schema":{"@context":"https:\/\/schema.org","@graph":[{"@type":"WebPage","@id":"https:\/\/nk7-testes.com.br\/agazeta\/familia-de-jovem-morto-em-boate-faz-protesto\/","url":"https:\/\/nk7-testes.com.br\/agazeta\/familia-de-jovem-morto-em-boate-faz-protesto\/","name":"Fam\u00edlia de jovem morto em boate faz protesto - Agazeta.net","isPartOf":{"@id":"https:\/\/nk7-testes.com.br\/agazeta\/#website"},"primaryImageOfPage":{"@id":"https:\/\/nk7-testes.com.br\/agazeta\/familia-de-jovem-morto-em-boate-faz-protesto\/#primaryimage"},"image":{"@id":"https:\/\/nk7-testes.com.br\/agazeta\/familia-de-jovem-morto-em-boate-faz-protesto\/#primaryimage"},"thumbnailUrl":"https:\/\/nk7-testes.com.br\/agazeta\/wp-content\/uploads\/2016\/07\/210716-policia-manifesto-familia.jpg","datePublished":"2016-07-21T17:53:02+00:00","author":{"@id":"https:\/\/nk7-testes.com.br\/agazeta\/#\/schema\/person\/6d6e25cb0435eb4a02fd44d30b4e3020"},"breadcrumb":{"@id":"https:\/\/nk7-testes.com.br\/agazeta\/familia-de-jovem-morto-em-boate-faz-protesto\/#breadcrumb"},"inLanguage":"pt-BR","potentialAction":[{"@type":"ReadAction","target":["https:\/\/nk7-testes.com.br\/agazeta\/familia-de-jovem-morto-em-boate-faz-protesto\/"]}]},{"@type":"ImageObject","inLanguage":"pt-BR","@id":"https:\/\/nk7-testes.com.br\/agazeta\/familia-de-jovem-morto-em-boate-faz-protesto\/#primaryimage","url":"https:\/\/nk7-testes.com.br\/agazeta\/wp-content\/uploads\/2016\/07\/210716-policia-manifesto-familia.jpg","contentUrl":"https:\/\/nk7-testes.com.br\/agazeta\/wp-content\/uploads\/2016\/07\/210716-policia-manifesto-familia.jpg","width":458,"height":340,"caption":"210716-policia-manifesto-familia"},{"@type":"BreadcrumbList","@id":"https:\/\/nk7-testes.com.br\/agazeta\/familia-de-jovem-morto-em-boate-faz-protesto\/#breadcrumb","itemListElement":[{"@type":"ListItem","position":1,"name":"In\u00edcio","item":"https:\/\/nk7-testes.com.br\/agazeta\/"},{"@type":"ListItem","position":2,"name":"Fam\u00edlia de jovem morto em boate faz protesto"}]},{"@type":"WebSite","@id":"https:\/\/nk7-testes.com.br\/agazeta\/#website","url":"https:\/\/nk7-testes.com.br\/agazeta\/","name":"Agazeta.net","description":"Agazeta.net - Not\u00edcias de Rio Branco\/AC","potentialAction":[{"@type":"SearchAction","target":{"@type":"EntryPoint","urlTemplate":"https:\/\/nk7-testes.com.br\/agazeta\/?s={search_term_string}"},"query-input":{"@type":"PropertyValueSpecification","valueRequired":true,"valueName":"search_term_string"}}],"inLanguage":"pt-BR"},{"@type":"Person","@id":"https:\/\/nk7-testes.com.br\/agazeta\/#\/schema\/person\/6d6e25cb0435eb4a02fd44d30b4e3020","name":"Agazeta.Net","url":"https:\/\/nk7-testes.com.br\/agazeta\/author\/agazeta\/"}]}},"_links":{"self":[{"href":"https:\/\/nk7-testes.com.br\/agazeta\/wp-json\/wp\/v2\/posts\/23993","targetHints":{"allow":["GET"]}}],"collection":[{"href":"https:\/\/nk7-testes.com.br\/agazeta\/wp-json\/wp\/v2\/posts"}],"about":[{"href":"https:\/\/nk7-testes.com.br\/agazeta\/wp-json\/wp\/v2\/types\/post"}],"author":[{"embeddable":true,"href":"https:\/\/nk7-testes.com.br\/agazeta\/wp-json\/wp\/v2\/users\/4"}],"replies":[{"embeddable":true,"href":"https:\/\/nk7-testes.com.br\/agazeta\/wp-json\/wp\/v2\/comments?post=23993"}],"version-history":[{"count":0,"href":"https:\/\/nk7-testes.com.br\/agazeta\/wp-json\/wp\/v2\/posts\/23993\/revisions"}],"wp:featuredmedia":[{"embeddable":true,"href":"https:\/\/nk7-testes.com.br\/agazeta\/wp-json\/wp\/v2\/media\/23992"}],"wp:attachment":[{"href":"https:\/\/nk7-testes.com.br\/agazeta\/wp-json\/wp\/v2\/media?parent=23993"}],"wp:term":[{"taxonomy":"category","embeddable":true,"href":"https:\/\/nk7-testes.com.br\/agazeta\/wp-json\/wp\/v2\/categories?post=23993"},{"taxonomy":"post_tag","embeddable":true,"href":"https:\/\/nk7-testes.com.br\/agazeta\/wp-json\/wp\/v2\/tags?post=23993"}],"curies":[{"name":"wp","href":"https:\/\/api.w.org\/{rel}","templated":true}]}}