{"id":23988,"date":"2016-07-21T15:24:02","date_gmt":"2016-07-21T15:24:02","guid":{"rendered":"https:\/\/abarevegan.com.br\/index.php\/2016\/07\/21\/privatizacao-do-sistema-eletrobras-mobiliza-trabalhadores\/"},"modified":"2016-07-21T15:24:02","modified_gmt":"2016-07-21T15:24:02","slug":"privatizacao-do-sistema-eletrobras-mobiliza-trabalhadores","status":"publish","type":"post","link":"https:\/\/nk7-testes.com.br\/agazeta\/privatizacao-do-sistema-eletrobras-mobiliza-trabalhadores\/","title":{"rendered":"Privatiza\u00e7\u00e3o do sistema Eletrobras mobiliza trabalhadores"},"content":{"rendered":"<p style=\"text-align: justify;\">Controle acion\u00e1rio: R$ 7 bilh\u00f5es para sanar d\u00edvidas<\/p>\n<p style=\"text-align: justify;\">Nessa sexta-feira, 22, em Bras\u00edlia, os acionistas da Eletrobras v\u00e3o se reunir e logo no primeiro tema da pauta a discuss\u00e3o sobre a venda do sistema que envolve a antiga Eletroacre. Os representantes do controle acion\u00e1rio querem aprovar o repasse do governo federal de R$ 7 bilh\u00f5es para sanar as d\u00edvidas e deixar as empresas enxutas, prontas para serem negociadas com a iniciativa privada.<\/p>\n<p style=\"text-align: justify;\">Os sindicalistas preparam para o mesmo dia, uma paralisa\u00e7\u00e3o geral nas empresas e manifesta\u00e7\u00f5es em Bras\u00edlia. \u00c9 mais uma tentativa de evitar a privatiza\u00e7\u00e3o da Eletrobras. Os trabalhadores est\u00e3o criticando o governo, que chegou a afirmar, que n\u00e3o tinha recursos para investir no sistema, mas para sanar os d\u00e9bitos e negociar as empresas o dinheiro apareceu.<\/p>\n<p style=\"text-align: justify;\">O diretor do Sindicato dos Urbanit\u00e1rios, Mauro Bezerra, mostrou os preju\u00edzos futuros com a venda da estatal. Para o sindicalista o primeiro passo dos novos donos ser\u00e1 o reajuste das tarifas, depois haver\u00e1 a precariza\u00e7\u00e3o do sistema e a demiss\u00e3o em massa de funcion\u00e1rios.<\/p>\n<p style=\"text-align: justify;\">O discurso do governo \u00e9 que o sistema Eletrobr\u00e1s s\u00f3 d\u00e1 preju\u00edzos, mas n\u00e3o avalia que o problema n\u00e3o \u00e9 a empresa em si, mas a gest\u00e3o errada. Por isso, n\u00e3o se tem lucro,\u201d alertou.<\/p>\n","protected":false},"excerpt":{"rendered":"<p style=\"text-align: justify;\">Controle acion\u00e1rio: R$ 7 bilh\u00f5es para sanar d\u00edvidas<\/p>\n","protected":false},"author":4,"featured_media":23987,"comment_status":"open","ping_status":"open","sticky":false,"template":"","format":"standard","meta":{"jnews-multi-image_gallery":[],"jnews_single_post":[],"jnews_primary_category":[],"jnews_social_meta":[],"jnews_review":[],"enable_review":"","type":"","name":"","summary":"","brand":"","sku":"","good":[],"bad":[],"score_override":"","override_value":"","rating":[],"price":[],"footnotes":""},"categories":[54],"tags":[],"class_list":["post-23988","post","type-post","status-publish","format-standard","has-post-thumbnail","hentry","category-cotidiano"],"yoast_head":"<!-- This site is optimized with the Yoast SEO plugin v26.5 - https:\/\/yoast.com\/wordpress\/plugins\/seo\/ -->\n<title>Privatiza\u00e7\u00e3o do sistema Eletrobras mobiliza trabalhadores - Agazeta.net<\/title>\n<meta name=\"robots\" content=\"index, follow, max-snippet:-1, max-image-preview:large, max-video-preview:-1\" \/>\n<link rel=\"canonical\" href=\"https:\/\/nk7-testes.com.br\/agazeta\/privatizacao-do-sistema-eletrobras-mobiliza-trabalhadores\/\" \/>\n<meta property=\"og:locale\" content=\"pt_BR\" \/>\n<meta property=\"og:type\" content=\"article\" \/>\n<meta property=\"og:title\" content=\"Privatiza\u00e7\u00e3o do sistema Eletrobras mobiliza trabalhadores - Agazeta.net\" \/>\n<meta property=\"og:description\" content=\"Controle acion\u00e1rio: R$ 7 bilh\u00f5es para sanar d\u00edvidas\" \/>\n<meta property=\"og:url\" content=\"https:\/\/nk7-testes.com.br\/agazeta\/privatizacao-do-sistema-eletrobras-mobiliza-trabalhadores\/\" \/>\n<meta property=\"og:site_name\" content=\"Agazeta.net\" \/>\n<meta property=\"article:published_time\" content=\"2016-07-21T15:24:02+00:00\" \/>\n<meta property=\"og:image\" content=\"https:\/\/nk7-testes.com.br\/agazeta\/wp-content\/uploads\/2016\/07\/210716-cotidiano-eletroacre-tvgazeta.jpg\" \/>\n\t<meta property=\"og:image:width\" content=\"458\" \/>\n\t<meta property=\"og:image:height\" content=\"340\" \/>\n\t<meta property=\"og:image:type\" content=\"image\/jpeg\" \/>\n<meta name=\"author\" content=\"Agazeta.Net\" \/>\n<meta name=\"twitter:card\" content=\"summary_large_image\" \/>\n<meta name=\"twitter:label1\" content=\"Escrito por\" \/>\n\t<meta name=\"twitter:data1\" content=\"Agazeta.Net\" \/>\n\t<meta name=\"twitter:label2\" content=\"Est. tempo de leitura\" \/>\n\t<meta name=\"twitter:data2\" content=\"1 minuto\" \/>\n<script type=\"application\/ld+json\" class=\"yoast-schema-graph\">{\"@context\":\"https:\/\/schema.org\",\"@graph\":[{\"@type\":\"WebPage\",\"@id\":\"https:\/\/nk7-testes.com.br\/agazeta\/privatizacao-do-sistema-eletrobras-mobiliza-trabalhadores\/\",\"url\":\"https:\/\/nk7-testes.com.br\/agazeta\/privatizacao-do-sistema-eletrobras-mobiliza-trabalhadores\/\",\"name\":\"Privatiza\u00e7\u00e3o do sistema Eletrobras mobiliza trabalhadores - Agazeta.net\",\"isPartOf\":{\"@id\":\"https:\/\/nk7-testes.com.br\/agazeta\/#website\"},\"primaryImageOfPage\":{\"@id\":\"https:\/\/nk7-testes.com.br\/agazeta\/privatizacao-do-sistema-eletrobras-mobiliza-trabalhadores\/#primaryimage\"},\"image\":{\"@id\":\"https:\/\/nk7-testes.com.br\/agazeta\/privatizacao-do-sistema-eletrobras-mobiliza-trabalhadores\/#primaryimage\"},\"thumbnailUrl\":\"https:\/\/nk7-testes.com.br\/agazeta\/wp-content\/uploads\/2016\/07\/210716-cotidiano-eletroacre-tvgazeta.jpg\",\"datePublished\":\"2016-07-21T15:24:02+00:00\",\"author\":{\"@id\":\"https:\/\/nk7-testes.com.br\/agazeta\/#\/schema\/person\/6d6e25cb0435eb4a02fd44d30b4e3020\"},\"breadcrumb\":{\"@id\":\"https:\/\/nk7-testes.com.br\/agazeta\/privatizacao-do-sistema-eletrobras-mobiliza-trabalhadores\/#breadcrumb\"},\"inLanguage\":\"pt-BR\",\"potentialAction\":[{\"@type\":\"ReadAction\",\"target\":[\"https:\/\/nk7-testes.com.br\/agazeta\/privatizacao-do-sistema-eletrobras-mobiliza-trabalhadores\/\"]}]},{\"@type\":\"ImageObject\",\"inLanguage\":\"pt-BR\",\"@id\":\"https:\/\/nk7-testes.com.br\/agazeta\/privatizacao-do-sistema-eletrobras-mobiliza-trabalhadores\/#primaryimage\",\"url\":\"https:\/\/nk7-testes.com.br\/agazeta\/wp-content\/uploads\/2016\/07\/210716-cotidiano-eletroacre-tvgazeta.jpg\",\"contentUrl\":\"https:\/\/nk7-testes.com.br\/agazeta\/wp-content\/uploads\/2016\/07\/210716-cotidiano-eletroacre-tvgazeta.jpg\",\"width\":458,\"height\":340,\"caption\":\"210716-cotidiano-eletroacre-tvgazeta\"},{\"@type\":\"BreadcrumbList\",\"@id\":\"https:\/\/nk7-testes.com.br\/agazeta\/privatizacao-do-sistema-eletrobras-mobiliza-trabalhadores\/#breadcrumb\",\"itemListElement\":[{\"@type\":\"ListItem\",\"position\":1,\"name\":\"In\u00edcio\",\"item\":\"https:\/\/nk7-testes.com.br\/agazeta\/\"},{\"@type\":\"ListItem\",\"position\":2,\"name\":\"Privatiza\u00e7\u00e3o do sistema Eletrobras mobiliza trabalhadores\"}]},{\"@type\":\"WebSite\",\"@id\":\"https:\/\/nk7-testes.com.br\/agazeta\/#website\",\"url\":\"https:\/\/nk7-testes.com.br\/agazeta\/\",\"name\":\"Agazeta.net\",\"description\":\"Agazeta.net - Not\u00edcias de Rio Branco\/AC\",\"potentialAction\":[{\"@type\":\"SearchAction\",\"target\":{\"@type\":\"EntryPoint\",\"urlTemplate\":\"https:\/\/nk7-testes.com.br\/agazeta\/?s={search_term_string}\"},\"query-input\":{\"@type\":\"PropertyValueSpecification\",\"valueRequired\":true,\"valueName\":\"search_term_string\"}}],\"inLanguage\":\"pt-BR\"},{\"@type\":\"Person\",\"@id\":\"https:\/\/nk7-testes.com.br\/agazeta\/#\/schema\/person\/6d6e25cb0435eb4a02fd44d30b4e3020\",\"name\":\"Agazeta.Net\",\"url\":\"https:\/\/nk7-testes.com.br\/agazeta\/author\/agazeta\/\"}]}<\/script>\n<!-- \/ Yoast SEO plugin. -->","yoast_head_json":{"title":"Privatiza\u00e7\u00e3o do sistema Eletrobras mobiliza trabalhadores - Agazeta.net","robots":{"index":"index","follow":"follow","max-snippet":"max-snippet:-1","max-image-preview":"max-image-preview:large","max-video-preview":"max-video-preview:-1"},"canonical":"https:\/\/nk7-testes.com.br\/agazeta\/privatizacao-do-sistema-eletrobras-mobiliza-trabalhadores\/","og_locale":"pt_BR","og_type":"article","og_title":"Privatiza\u00e7\u00e3o do sistema Eletrobras mobiliza trabalhadores - Agazeta.net","og_description":"Controle acion\u00e1rio: R$ 7 bilh\u00f5es para sanar d\u00edvidas","og_url":"https:\/\/nk7-testes.com.br\/agazeta\/privatizacao-do-sistema-eletrobras-mobiliza-trabalhadores\/","og_site_name":"Agazeta.net","article_published_time":"2016-07-21T15:24:02+00:00","og_image":[{"width":458,"height":340,"url":"https:\/\/nk7-testes.com.br\/agazeta\/wp-content\/uploads\/2016\/07\/210716-cotidiano-eletroacre-tvgazeta.jpg","type":"image\/jpeg"}],"author":"Agazeta.Net","twitter_card":"summary_large_image","twitter_misc":{"Escrito por":"Agazeta.Net","Est. tempo de leitura":"1 minuto"},"schema":{"@context":"https:\/\/schema.org","@graph":[{"@type":"WebPage","@id":"https:\/\/nk7-testes.com.br\/agazeta\/privatizacao-do-sistema-eletrobras-mobiliza-trabalhadores\/","url":"https:\/\/nk7-testes.com.br\/agazeta\/privatizacao-do-sistema-eletrobras-mobiliza-trabalhadores\/","name":"Privatiza\u00e7\u00e3o do sistema Eletrobras mobiliza trabalhadores - Agazeta.net","isPartOf":{"@id":"https:\/\/nk7-testes.com.br\/agazeta\/#website"},"primaryImageOfPage":{"@id":"https:\/\/nk7-testes.com.br\/agazeta\/privatizacao-do-sistema-eletrobras-mobiliza-trabalhadores\/#primaryimage"},"image":{"@id":"https:\/\/nk7-testes.com.br\/agazeta\/privatizacao-do-sistema-eletrobras-mobiliza-trabalhadores\/#primaryimage"},"thumbnailUrl":"https:\/\/nk7-testes.com.br\/agazeta\/wp-content\/uploads\/2016\/07\/210716-cotidiano-eletroacre-tvgazeta.jpg","datePublished":"2016-07-21T15:24:02+00:00","author":{"@id":"https:\/\/nk7-testes.com.br\/agazeta\/#\/schema\/person\/6d6e25cb0435eb4a02fd44d30b4e3020"},"breadcrumb":{"@id":"https:\/\/nk7-testes.com.br\/agazeta\/privatizacao-do-sistema-eletrobras-mobiliza-trabalhadores\/#breadcrumb"},"inLanguage":"pt-BR","potentialAction":[{"@type":"ReadAction","target":["https:\/\/nk7-testes.com.br\/agazeta\/privatizacao-do-sistema-eletrobras-mobiliza-trabalhadores\/"]}]},{"@type":"ImageObject","inLanguage":"pt-BR","@id":"https:\/\/nk7-testes.com.br\/agazeta\/privatizacao-do-sistema-eletrobras-mobiliza-trabalhadores\/#primaryimage","url":"https:\/\/nk7-testes.com.br\/agazeta\/wp-content\/uploads\/2016\/07\/210716-cotidiano-eletroacre-tvgazeta.jpg","contentUrl":"https:\/\/nk7-testes.com.br\/agazeta\/wp-content\/uploads\/2016\/07\/210716-cotidiano-eletroacre-tvgazeta.jpg","width":458,"height":340,"caption":"210716-cotidiano-eletroacre-tvgazeta"},{"@type":"BreadcrumbList","@id":"https:\/\/nk7-testes.com.br\/agazeta\/privatizacao-do-sistema-eletrobras-mobiliza-trabalhadores\/#breadcrumb","itemListElement":[{"@type":"ListItem","position":1,"name":"In\u00edcio","item":"https:\/\/nk7-testes.com.br\/agazeta\/"},{"@type":"ListItem","position":2,"name":"Privatiza\u00e7\u00e3o do sistema Eletrobras mobiliza trabalhadores"}]},{"@type":"WebSite","@id":"https:\/\/nk7-testes.com.br\/agazeta\/#website","url":"https:\/\/nk7-testes.com.br\/agazeta\/","name":"Agazeta.net","description":"Agazeta.net - Not\u00edcias de Rio Branco\/AC","potentialAction":[{"@type":"SearchAction","target":{"@type":"EntryPoint","urlTemplate":"https:\/\/nk7-testes.com.br\/agazeta\/?s={search_term_string}"},"query-input":{"@type":"PropertyValueSpecification","valueRequired":true,"valueName":"search_term_string"}}],"inLanguage":"pt-BR"},{"@type":"Person","@id":"https:\/\/nk7-testes.com.br\/agazeta\/#\/schema\/person\/6d6e25cb0435eb4a02fd44d30b4e3020","name":"Agazeta.Net","url":"https:\/\/nk7-testes.com.br\/agazeta\/author\/agazeta\/"}]}},"_links":{"self":[{"href":"https:\/\/nk7-testes.com.br\/agazeta\/wp-json\/wp\/v2\/posts\/23988","targetHints":{"allow":["GET"]}}],"collection":[{"href":"https:\/\/nk7-testes.com.br\/agazeta\/wp-json\/wp\/v2\/posts"}],"about":[{"href":"https:\/\/nk7-testes.com.br\/agazeta\/wp-json\/wp\/v2\/types\/post"}],"author":[{"embeddable":true,"href":"https:\/\/nk7-testes.com.br\/agazeta\/wp-json\/wp\/v2\/users\/4"}],"replies":[{"embeddable":true,"href":"https:\/\/nk7-testes.com.br\/agazeta\/wp-json\/wp\/v2\/comments?post=23988"}],"version-history":[{"count":0,"href":"https:\/\/nk7-testes.com.br\/agazeta\/wp-json\/wp\/v2\/posts\/23988\/revisions"}],"wp:featuredmedia":[{"embeddable":true,"href":"https:\/\/nk7-testes.com.br\/agazeta\/wp-json\/wp\/v2\/media\/23987"}],"wp:attachment":[{"href":"https:\/\/nk7-testes.com.br\/agazeta\/wp-json\/wp\/v2\/media?parent=23988"}],"wp:term":[{"taxonomy":"category","embeddable":true,"href":"https:\/\/nk7-testes.com.br\/agazeta\/wp-json\/wp\/v2\/categories?post=23988"},{"taxonomy":"post_tag","embeddable":true,"href":"https:\/\/nk7-testes.com.br\/agazeta\/wp-json\/wp\/v2\/tags?post=23988"}],"curies":[{"name":"wp","href":"https:\/\/api.w.org\/{rel}","templated":true}]}}