{"id":23986,"date":"2016-07-21T15:01:42","date_gmt":"2016-07-21T15:01:42","guid":{"rendered":"https:\/\/abarevegan.com.br\/index.php\/2016\/07\/21\/base-nacional-comum-curricular-e-debatida\/"},"modified":"2016-07-21T15:01:42","modified_gmt":"2016-07-21T15:01:42","slug":"base-nacional-comum-curricular-e-debatida","status":"publish","type":"post","link":"https:\/\/nk7-testes.com.br\/agazeta\/base-nacional-comum-curricular-e-debatida\/","title":{"rendered":"Base Nacional Comum Curricular \u00e9 debatida"},"content":{"rendered":"<p style=\"text-align: justify;\">Minist\u00e9rio da Educa\u00e7\u00e3o discute com gestores e professores<\/p>\n<p style=\"text-align: justify;\">Come\u00e7ou em todo o Brasil o semin\u00e1rio da Base Nacional Comum Curricular. No Acre, o evento foi realizado no Teatro Universit\u00e1rio da Ufac e contou com a participa\u00e7\u00e3o de representantes do Minist\u00e9rio da Educa\u00e7\u00e3o, professores, estudantes e trabalhadores da \u00e1rea.<\/p>\n<p style=\"text-align: justify;\">A ideia \u00e9 construir um novo curr\u00edculo escolar para as institui\u00e7\u00f5es p\u00fablicas e privadas, em todos os n\u00edveis de ensino. Durante as discuss\u00f5es, um documento ser\u00e1 elaborado com as propostas apresentas em rela\u00e7\u00e3o ao que os alunos devem aprender na educa\u00e7\u00e3o b\u00e1sica.<\/p>\n<p style=\"text-align: justify;\">O Minist\u00e9rio da Educa\u00e7\u00e3o enviou uma representante para debater o tema com o p\u00fablico acriano. O MEC entende que \u00e9 interessante come\u00e7ar as mudan\u00e7as pelo Ensino Infantil.<\/p>\n<p style=\"text-align: justify;\">O movimento pela base nacional busca diminuir as desigualdades educacionais do pa\u00eds, possibilitando ao aluno etapas mais justas da vida escolar em diferentes ambientes, sejam eles com muitos ou poucos recursos.<\/p>\n","protected":false},"excerpt":{"rendered":"<p style=\"text-align: justify;\">Minist\u00e9rio da Educa\u00e7\u00e3o discute com gestores e professores<\/p>\n","protected":false},"author":4,"featured_media":23985,"comment_status":"open","ping_status":"open","sticky":false,"template":"","format":"standard","meta":{"jnews-multi-image_gallery":[],"jnews_single_post":[],"jnews_primary_category":[],"jnews_social_meta":[],"jnews_review":[],"enable_review":"","type":"","name":"","summary":"","brand":"","sku":"","good":[],"bad":[],"score_override":"","override_value":"","rating":[],"price":[],"footnotes":""},"categories":[54],"tags":[],"class_list":["post-23986","post","type-post","status-publish","format-standard","has-post-thumbnail","hentry","category-cotidiano"],"yoast_head":"<!-- This site is optimized with the Yoast SEO plugin v26.5 - https:\/\/yoast.com\/wordpress\/plugins\/seo\/ -->\n<title>Base Nacional Comum Curricular \u00e9 debatida - Agazeta.net<\/title>\n<meta name=\"robots\" content=\"index, follow, max-snippet:-1, max-image-preview:large, max-video-preview:-1\" \/>\n<link rel=\"canonical\" href=\"https:\/\/nk7-testes.com.br\/agazeta\/base-nacional-comum-curricular-e-debatida\/\" \/>\n<meta property=\"og:locale\" content=\"pt_BR\" \/>\n<meta property=\"og:type\" content=\"article\" \/>\n<meta property=\"og:title\" content=\"Base Nacional Comum Curricular \u00e9 debatida - Agazeta.net\" \/>\n<meta property=\"og:description\" content=\"Minist\u00e9rio da Educa\u00e7\u00e3o discute com gestores e professores\" \/>\n<meta property=\"og:url\" content=\"https:\/\/nk7-testes.com.br\/agazeta\/base-nacional-comum-curricular-e-debatida\/\" \/>\n<meta property=\"og:site_name\" content=\"Agazeta.net\" \/>\n<meta property=\"article:published_time\" content=\"2016-07-21T15:01:42+00:00\" \/>\n<meta property=\"og:image\" content=\"https:\/\/nk7-testes.com.br\/agazeta\/wp-content\/uploads\/2016\/07\/210716-cotidiano-educacao-tvgazeta.jpg\" \/>\n\t<meta property=\"og:image:width\" content=\"458\" \/>\n\t<meta property=\"og:image:height\" content=\"340\" \/>\n\t<meta property=\"og:image:type\" content=\"image\/jpeg\" \/>\n<meta name=\"author\" content=\"Agazeta.Net\" \/>\n<meta name=\"twitter:card\" content=\"summary_large_image\" \/>\n<meta name=\"twitter:label1\" content=\"Escrito por\" \/>\n\t<meta name=\"twitter:data1\" content=\"Agazeta.Net\" \/>\n\t<meta name=\"twitter:label2\" content=\"Est. tempo de leitura\" \/>\n\t<meta name=\"twitter:data2\" content=\"1 minuto\" \/>\n<script type=\"application\/ld+json\" class=\"yoast-schema-graph\">{\"@context\":\"https:\/\/schema.org\",\"@graph\":[{\"@type\":\"WebPage\",\"@id\":\"https:\/\/nk7-testes.com.br\/agazeta\/base-nacional-comum-curricular-e-debatida\/\",\"url\":\"https:\/\/nk7-testes.com.br\/agazeta\/base-nacional-comum-curricular-e-debatida\/\",\"name\":\"Base Nacional Comum Curricular \u00e9 debatida - Agazeta.net\",\"isPartOf\":{\"@id\":\"https:\/\/nk7-testes.com.br\/agazeta\/#website\"},\"primaryImageOfPage\":{\"@id\":\"https:\/\/nk7-testes.com.br\/agazeta\/base-nacional-comum-curricular-e-debatida\/#primaryimage\"},\"image\":{\"@id\":\"https:\/\/nk7-testes.com.br\/agazeta\/base-nacional-comum-curricular-e-debatida\/#primaryimage\"},\"thumbnailUrl\":\"https:\/\/nk7-testes.com.br\/agazeta\/wp-content\/uploads\/2016\/07\/210716-cotidiano-educacao-tvgazeta.jpg\",\"datePublished\":\"2016-07-21T15:01:42+00:00\",\"author\":{\"@id\":\"https:\/\/nk7-testes.com.br\/agazeta\/#\/schema\/person\/6d6e25cb0435eb4a02fd44d30b4e3020\"},\"breadcrumb\":{\"@id\":\"https:\/\/nk7-testes.com.br\/agazeta\/base-nacional-comum-curricular-e-debatida\/#breadcrumb\"},\"inLanguage\":\"pt-BR\",\"potentialAction\":[{\"@type\":\"ReadAction\",\"target\":[\"https:\/\/nk7-testes.com.br\/agazeta\/base-nacional-comum-curricular-e-debatida\/\"]}]},{\"@type\":\"ImageObject\",\"inLanguage\":\"pt-BR\",\"@id\":\"https:\/\/nk7-testes.com.br\/agazeta\/base-nacional-comum-curricular-e-debatida\/#primaryimage\",\"url\":\"https:\/\/nk7-testes.com.br\/agazeta\/wp-content\/uploads\/2016\/07\/210716-cotidiano-educacao-tvgazeta.jpg\",\"contentUrl\":\"https:\/\/nk7-testes.com.br\/agazeta\/wp-content\/uploads\/2016\/07\/210716-cotidiano-educacao-tvgazeta.jpg\",\"width\":458,\"height\":340,\"caption\":\"210716-cotidiano-educacao-tvgazeta\"},{\"@type\":\"BreadcrumbList\",\"@id\":\"https:\/\/nk7-testes.com.br\/agazeta\/base-nacional-comum-curricular-e-debatida\/#breadcrumb\",\"itemListElement\":[{\"@type\":\"ListItem\",\"position\":1,\"name\":\"In\u00edcio\",\"item\":\"https:\/\/nk7-testes.com.br\/agazeta\/\"},{\"@type\":\"ListItem\",\"position\":2,\"name\":\"Base Nacional Comum Curricular \u00e9 debatida\"}]},{\"@type\":\"WebSite\",\"@id\":\"https:\/\/nk7-testes.com.br\/agazeta\/#website\",\"url\":\"https:\/\/nk7-testes.com.br\/agazeta\/\",\"name\":\"Agazeta.net\",\"description\":\"Agazeta.net - Not\u00edcias de Rio Branco\/AC\",\"potentialAction\":[{\"@type\":\"SearchAction\",\"target\":{\"@type\":\"EntryPoint\",\"urlTemplate\":\"https:\/\/nk7-testes.com.br\/agazeta\/?s={search_term_string}\"},\"query-input\":{\"@type\":\"PropertyValueSpecification\",\"valueRequired\":true,\"valueName\":\"search_term_string\"}}],\"inLanguage\":\"pt-BR\"},{\"@type\":\"Person\",\"@id\":\"https:\/\/nk7-testes.com.br\/agazeta\/#\/schema\/person\/6d6e25cb0435eb4a02fd44d30b4e3020\",\"name\":\"Agazeta.Net\",\"url\":\"https:\/\/nk7-testes.com.br\/agazeta\/author\/agazeta\/\"}]}<\/script>\n<!-- \/ Yoast SEO plugin. -->","yoast_head_json":{"title":"Base Nacional Comum Curricular \u00e9 debatida - Agazeta.net","robots":{"index":"index","follow":"follow","max-snippet":"max-snippet:-1","max-image-preview":"max-image-preview:large","max-video-preview":"max-video-preview:-1"},"canonical":"https:\/\/nk7-testes.com.br\/agazeta\/base-nacional-comum-curricular-e-debatida\/","og_locale":"pt_BR","og_type":"article","og_title":"Base Nacional Comum Curricular \u00e9 debatida - Agazeta.net","og_description":"Minist\u00e9rio da Educa\u00e7\u00e3o discute com gestores e professores","og_url":"https:\/\/nk7-testes.com.br\/agazeta\/base-nacional-comum-curricular-e-debatida\/","og_site_name":"Agazeta.net","article_published_time":"2016-07-21T15:01:42+00:00","og_image":[{"width":458,"height":340,"url":"https:\/\/nk7-testes.com.br\/agazeta\/wp-content\/uploads\/2016\/07\/210716-cotidiano-educacao-tvgazeta.jpg","type":"image\/jpeg"}],"author":"Agazeta.Net","twitter_card":"summary_large_image","twitter_misc":{"Escrito por":"Agazeta.Net","Est. tempo de leitura":"1 minuto"},"schema":{"@context":"https:\/\/schema.org","@graph":[{"@type":"WebPage","@id":"https:\/\/nk7-testes.com.br\/agazeta\/base-nacional-comum-curricular-e-debatida\/","url":"https:\/\/nk7-testes.com.br\/agazeta\/base-nacional-comum-curricular-e-debatida\/","name":"Base Nacional Comum Curricular \u00e9 debatida - Agazeta.net","isPartOf":{"@id":"https:\/\/nk7-testes.com.br\/agazeta\/#website"},"primaryImageOfPage":{"@id":"https:\/\/nk7-testes.com.br\/agazeta\/base-nacional-comum-curricular-e-debatida\/#primaryimage"},"image":{"@id":"https:\/\/nk7-testes.com.br\/agazeta\/base-nacional-comum-curricular-e-debatida\/#primaryimage"},"thumbnailUrl":"https:\/\/nk7-testes.com.br\/agazeta\/wp-content\/uploads\/2016\/07\/210716-cotidiano-educacao-tvgazeta.jpg","datePublished":"2016-07-21T15:01:42+00:00","author":{"@id":"https:\/\/nk7-testes.com.br\/agazeta\/#\/schema\/person\/6d6e25cb0435eb4a02fd44d30b4e3020"},"breadcrumb":{"@id":"https:\/\/nk7-testes.com.br\/agazeta\/base-nacional-comum-curricular-e-debatida\/#breadcrumb"},"inLanguage":"pt-BR","potentialAction":[{"@type":"ReadAction","target":["https:\/\/nk7-testes.com.br\/agazeta\/base-nacional-comum-curricular-e-debatida\/"]}]},{"@type":"ImageObject","inLanguage":"pt-BR","@id":"https:\/\/nk7-testes.com.br\/agazeta\/base-nacional-comum-curricular-e-debatida\/#primaryimage","url":"https:\/\/nk7-testes.com.br\/agazeta\/wp-content\/uploads\/2016\/07\/210716-cotidiano-educacao-tvgazeta.jpg","contentUrl":"https:\/\/nk7-testes.com.br\/agazeta\/wp-content\/uploads\/2016\/07\/210716-cotidiano-educacao-tvgazeta.jpg","width":458,"height":340,"caption":"210716-cotidiano-educacao-tvgazeta"},{"@type":"BreadcrumbList","@id":"https:\/\/nk7-testes.com.br\/agazeta\/base-nacional-comum-curricular-e-debatida\/#breadcrumb","itemListElement":[{"@type":"ListItem","position":1,"name":"In\u00edcio","item":"https:\/\/nk7-testes.com.br\/agazeta\/"},{"@type":"ListItem","position":2,"name":"Base Nacional Comum Curricular \u00e9 debatida"}]},{"@type":"WebSite","@id":"https:\/\/nk7-testes.com.br\/agazeta\/#website","url":"https:\/\/nk7-testes.com.br\/agazeta\/","name":"Agazeta.net","description":"Agazeta.net - Not\u00edcias de Rio Branco\/AC","potentialAction":[{"@type":"SearchAction","target":{"@type":"EntryPoint","urlTemplate":"https:\/\/nk7-testes.com.br\/agazeta\/?s={search_term_string}"},"query-input":{"@type":"PropertyValueSpecification","valueRequired":true,"valueName":"search_term_string"}}],"inLanguage":"pt-BR"},{"@type":"Person","@id":"https:\/\/nk7-testes.com.br\/agazeta\/#\/schema\/person\/6d6e25cb0435eb4a02fd44d30b4e3020","name":"Agazeta.Net","url":"https:\/\/nk7-testes.com.br\/agazeta\/author\/agazeta\/"}]}},"_links":{"self":[{"href":"https:\/\/nk7-testes.com.br\/agazeta\/wp-json\/wp\/v2\/posts\/23986","targetHints":{"allow":["GET"]}}],"collection":[{"href":"https:\/\/nk7-testes.com.br\/agazeta\/wp-json\/wp\/v2\/posts"}],"about":[{"href":"https:\/\/nk7-testes.com.br\/agazeta\/wp-json\/wp\/v2\/types\/post"}],"author":[{"embeddable":true,"href":"https:\/\/nk7-testes.com.br\/agazeta\/wp-json\/wp\/v2\/users\/4"}],"replies":[{"embeddable":true,"href":"https:\/\/nk7-testes.com.br\/agazeta\/wp-json\/wp\/v2\/comments?post=23986"}],"version-history":[{"count":0,"href":"https:\/\/nk7-testes.com.br\/agazeta\/wp-json\/wp\/v2\/posts\/23986\/revisions"}],"wp:featuredmedia":[{"embeddable":true,"href":"https:\/\/nk7-testes.com.br\/agazeta\/wp-json\/wp\/v2\/media\/23985"}],"wp:attachment":[{"href":"https:\/\/nk7-testes.com.br\/agazeta\/wp-json\/wp\/v2\/media?parent=23986"}],"wp:term":[{"taxonomy":"category","embeddable":true,"href":"https:\/\/nk7-testes.com.br\/agazeta\/wp-json\/wp\/v2\/categories?post=23986"},{"taxonomy":"post_tag","embeddable":true,"href":"https:\/\/nk7-testes.com.br\/agazeta\/wp-json\/wp\/v2\/tags?post=23986"}],"curies":[{"name":"wp","href":"https:\/\/api.w.org\/{rel}","templated":true}]}}