{"id":23984,"date":"2016-07-21T14:44:37","date_gmt":"2016-07-21T14:44:37","guid":{"rendered":"https:\/\/abarevegan.com.br\/index.php\/2016\/07\/21\/fazendinha-esta-pronta-para-a-expoacre-2016\/"},"modified":"2016-07-21T14:44:37","modified_gmt":"2016-07-21T14:44:37","slug":"fazendinha-esta-pronta-para-a-expoacre-2016","status":"publish","type":"post","link":"https:\/\/nk7-testes.com.br\/agazeta\/fazendinha-esta-pronta-para-a-expoacre-2016\/","title":{"rendered":"Fazendinha est\u00e1 pronta para a Expoacre 2016"},"content":{"rendered":"<p style=\"text-align: justify;\">Local \u00e9 canteiro de experimentos agr\u00edcolas da Embrapa<\/p>\n<p style=\"text-align: justify;\">O campus do agroneg\u00f3cio da Expoacre 2016 j\u00e1 est\u00e1 sendo montado. Nesse espa\u00e7o situado aos fundos do Parque de Exposi\u00e7\u00f5es, fica a unidade demonstrativa dos sistemas produtivos da regi\u00e3o.<\/p>\n<p style=\"text-align: justify;\">A Secretaria de Estado de Agropecu\u00e1ria (Seap) cuida do local e realizou parcerias com a Embrapa e o instituto federal do acre para realizar cursos com produtores e t\u00e9cnicos.<\/p>\n<p style=\"text-align: justify;\">Um dos cursos que ser\u00e1 ministrado por especialistas da Embrapa tem rela\u00e7\u00e3o com a qualidade do solo no estado para a planta\u00e7\u00e3o correta de algumas culturas.<\/p>\n<p style=\"text-align: justify;\">Nessa \u00e1rea est\u00e3o sendo realizados experimentos com pr\u00e1ticas de irriga\u00e7\u00e3o de lavouras, planta\u00e7\u00e3o de mudas de caf\u00e9, feij\u00e3o e de eucalipto, que serve para biomassa, que \u00e9 a queima de madeira.<\/p>\n<p style=\"text-align: justify;\">Durante a feira, tamb\u00e9m ser\u00e3o expostas m\u00e1quinas agr\u00edcolas e uma casa feita com bambu nativo. Mas, esse ano a crise chegou por aqui. Em 2015, oito casas agr\u00edcolas se instalaram na fazenda da Seap para expor e comercializar seus produtos, esse ano apenas duas manifestaram interesse.<\/p>\n<p style=\"text-align: justify;\">A Fazenda do Agroneg\u00f3cio ser\u00e1 aberta todos os dias da feira para o p\u00fablico, das 8 horas da manh\u00e3 at\u00e9 \u00e0s 4 da tarde.<\/p>\n","protected":false},"excerpt":{"rendered":"<p style=\"text-align: justify;\">Local \u00e9 canteiro de experimentos agr\u00edcolas da Embrapa<\/p>\n","protected":false},"author":4,"featured_media":23983,"comment_status":"open","ping_status":"open","sticky":false,"template":"","format":"standard","meta":{"jnews-multi-image_gallery":[],"jnews_single_post":[],"jnews_primary_category":[],"jnews_social_meta":[],"jnews_review":[],"enable_review":"","type":"","name":"","summary":"","brand":"","sku":"","good":[],"bad":[],"score_override":"","override_value":"","rating":[],"price":[],"footnotes":""},"categories":[54],"tags":[],"class_list":["post-23984","post","type-post","status-publish","format-standard","has-post-thumbnail","hentry","category-cotidiano"],"yoast_head":"<!-- This site is optimized with the Yoast SEO plugin v26.5 - https:\/\/yoast.com\/wordpress\/plugins\/seo\/ -->\n<title>Fazendinha est\u00e1 pronta para a Expoacre 2016 - Agazeta.net<\/title>\n<meta name=\"robots\" content=\"index, follow, max-snippet:-1, max-image-preview:large, max-video-preview:-1\" \/>\n<link rel=\"canonical\" href=\"https:\/\/nk7-testes.com.br\/agazeta\/fazendinha-esta-pronta-para-a-expoacre-2016\/\" \/>\n<meta property=\"og:locale\" content=\"pt_BR\" \/>\n<meta property=\"og:type\" content=\"article\" \/>\n<meta property=\"og:title\" content=\"Fazendinha est\u00e1 pronta para a Expoacre 2016 - Agazeta.net\" \/>\n<meta property=\"og:description\" content=\"Local \u00e9 canteiro de experimentos agr\u00edcolas da Embrapa\" \/>\n<meta property=\"og:url\" content=\"https:\/\/nk7-testes.com.br\/agazeta\/fazendinha-esta-pronta-para-a-expoacre-2016\/\" \/>\n<meta property=\"og:site_name\" content=\"Agazeta.net\" \/>\n<meta property=\"article:published_time\" content=\"2016-07-21T14:44:37+00:00\" \/>\n<meta property=\"og:image\" content=\"https:\/\/nk7-testes.com.br\/agazeta\/wp-content\/uploads\/2016\/07\/210716-cotidiano-fazendinha-tvgazeta.jpg\" \/>\n\t<meta property=\"og:image:width\" content=\"458\" \/>\n\t<meta property=\"og:image:height\" content=\"340\" \/>\n\t<meta property=\"og:image:type\" content=\"image\/jpeg\" \/>\n<meta name=\"author\" content=\"Agazeta.Net\" \/>\n<meta name=\"twitter:card\" content=\"summary_large_image\" \/>\n<meta name=\"twitter:label1\" content=\"Escrito por\" \/>\n\t<meta name=\"twitter:data1\" content=\"Agazeta.Net\" \/>\n\t<meta name=\"twitter:label2\" content=\"Est. tempo de leitura\" \/>\n\t<meta name=\"twitter:data2\" content=\"1 minuto\" \/>\n<script type=\"application\/ld+json\" class=\"yoast-schema-graph\">{\"@context\":\"https:\/\/schema.org\",\"@graph\":[{\"@type\":\"WebPage\",\"@id\":\"https:\/\/nk7-testes.com.br\/agazeta\/fazendinha-esta-pronta-para-a-expoacre-2016\/\",\"url\":\"https:\/\/nk7-testes.com.br\/agazeta\/fazendinha-esta-pronta-para-a-expoacre-2016\/\",\"name\":\"Fazendinha est\u00e1 pronta para a Expoacre 2016 - Agazeta.net\",\"isPartOf\":{\"@id\":\"https:\/\/nk7-testes.com.br\/agazeta\/#website\"},\"primaryImageOfPage\":{\"@id\":\"https:\/\/nk7-testes.com.br\/agazeta\/fazendinha-esta-pronta-para-a-expoacre-2016\/#primaryimage\"},\"image\":{\"@id\":\"https:\/\/nk7-testes.com.br\/agazeta\/fazendinha-esta-pronta-para-a-expoacre-2016\/#primaryimage\"},\"thumbnailUrl\":\"https:\/\/nk7-testes.com.br\/agazeta\/wp-content\/uploads\/2016\/07\/210716-cotidiano-fazendinha-tvgazeta.jpg\",\"datePublished\":\"2016-07-21T14:44:37+00:00\",\"author\":{\"@id\":\"https:\/\/nk7-testes.com.br\/agazeta\/#\/schema\/person\/6d6e25cb0435eb4a02fd44d30b4e3020\"},\"breadcrumb\":{\"@id\":\"https:\/\/nk7-testes.com.br\/agazeta\/fazendinha-esta-pronta-para-a-expoacre-2016\/#breadcrumb\"},\"inLanguage\":\"pt-BR\",\"potentialAction\":[{\"@type\":\"ReadAction\",\"target\":[\"https:\/\/nk7-testes.com.br\/agazeta\/fazendinha-esta-pronta-para-a-expoacre-2016\/\"]}]},{\"@type\":\"ImageObject\",\"inLanguage\":\"pt-BR\",\"@id\":\"https:\/\/nk7-testes.com.br\/agazeta\/fazendinha-esta-pronta-para-a-expoacre-2016\/#primaryimage\",\"url\":\"https:\/\/nk7-testes.com.br\/agazeta\/wp-content\/uploads\/2016\/07\/210716-cotidiano-fazendinha-tvgazeta.jpg\",\"contentUrl\":\"https:\/\/nk7-testes.com.br\/agazeta\/wp-content\/uploads\/2016\/07\/210716-cotidiano-fazendinha-tvgazeta.jpg\",\"width\":458,\"height\":340,\"caption\":\"210716-cotidiano-fazendinha-tvgazeta\"},{\"@type\":\"BreadcrumbList\",\"@id\":\"https:\/\/nk7-testes.com.br\/agazeta\/fazendinha-esta-pronta-para-a-expoacre-2016\/#breadcrumb\",\"itemListElement\":[{\"@type\":\"ListItem\",\"position\":1,\"name\":\"In\u00edcio\",\"item\":\"https:\/\/nk7-testes.com.br\/agazeta\/\"},{\"@type\":\"ListItem\",\"position\":2,\"name\":\"Fazendinha est\u00e1 pronta para a Expoacre 2016\"}]},{\"@type\":\"WebSite\",\"@id\":\"https:\/\/nk7-testes.com.br\/agazeta\/#website\",\"url\":\"https:\/\/nk7-testes.com.br\/agazeta\/\",\"name\":\"Agazeta.net\",\"description\":\"Agazeta.net - Not\u00edcias de Rio Branco\/AC\",\"potentialAction\":[{\"@type\":\"SearchAction\",\"target\":{\"@type\":\"EntryPoint\",\"urlTemplate\":\"https:\/\/nk7-testes.com.br\/agazeta\/?s={search_term_string}\"},\"query-input\":{\"@type\":\"PropertyValueSpecification\",\"valueRequired\":true,\"valueName\":\"search_term_string\"}}],\"inLanguage\":\"pt-BR\"},{\"@type\":\"Person\",\"@id\":\"https:\/\/nk7-testes.com.br\/agazeta\/#\/schema\/person\/6d6e25cb0435eb4a02fd44d30b4e3020\",\"name\":\"Agazeta.Net\",\"url\":\"https:\/\/nk7-testes.com.br\/agazeta\/author\/agazeta\/\"}]}<\/script>\n<!-- \/ Yoast SEO plugin. -->","yoast_head_json":{"title":"Fazendinha est\u00e1 pronta para a Expoacre 2016 - Agazeta.net","robots":{"index":"index","follow":"follow","max-snippet":"max-snippet:-1","max-image-preview":"max-image-preview:large","max-video-preview":"max-video-preview:-1"},"canonical":"https:\/\/nk7-testes.com.br\/agazeta\/fazendinha-esta-pronta-para-a-expoacre-2016\/","og_locale":"pt_BR","og_type":"article","og_title":"Fazendinha est\u00e1 pronta para a Expoacre 2016 - Agazeta.net","og_description":"Local \u00e9 canteiro de experimentos agr\u00edcolas da Embrapa","og_url":"https:\/\/nk7-testes.com.br\/agazeta\/fazendinha-esta-pronta-para-a-expoacre-2016\/","og_site_name":"Agazeta.net","article_published_time":"2016-07-21T14:44:37+00:00","og_image":[{"width":458,"height":340,"url":"https:\/\/nk7-testes.com.br\/agazeta\/wp-content\/uploads\/2016\/07\/210716-cotidiano-fazendinha-tvgazeta.jpg","type":"image\/jpeg"}],"author":"Agazeta.Net","twitter_card":"summary_large_image","twitter_misc":{"Escrito por":"Agazeta.Net","Est. tempo de leitura":"1 minuto"},"schema":{"@context":"https:\/\/schema.org","@graph":[{"@type":"WebPage","@id":"https:\/\/nk7-testes.com.br\/agazeta\/fazendinha-esta-pronta-para-a-expoacre-2016\/","url":"https:\/\/nk7-testes.com.br\/agazeta\/fazendinha-esta-pronta-para-a-expoacre-2016\/","name":"Fazendinha est\u00e1 pronta para a Expoacre 2016 - Agazeta.net","isPartOf":{"@id":"https:\/\/nk7-testes.com.br\/agazeta\/#website"},"primaryImageOfPage":{"@id":"https:\/\/nk7-testes.com.br\/agazeta\/fazendinha-esta-pronta-para-a-expoacre-2016\/#primaryimage"},"image":{"@id":"https:\/\/nk7-testes.com.br\/agazeta\/fazendinha-esta-pronta-para-a-expoacre-2016\/#primaryimage"},"thumbnailUrl":"https:\/\/nk7-testes.com.br\/agazeta\/wp-content\/uploads\/2016\/07\/210716-cotidiano-fazendinha-tvgazeta.jpg","datePublished":"2016-07-21T14:44:37+00:00","author":{"@id":"https:\/\/nk7-testes.com.br\/agazeta\/#\/schema\/person\/6d6e25cb0435eb4a02fd44d30b4e3020"},"breadcrumb":{"@id":"https:\/\/nk7-testes.com.br\/agazeta\/fazendinha-esta-pronta-para-a-expoacre-2016\/#breadcrumb"},"inLanguage":"pt-BR","potentialAction":[{"@type":"ReadAction","target":["https:\/\/nk7-testes.com.br\/agazeta\/fazendinha-esta-pronta-para-a-expoacre-2016\/"]}]},{"@type":"ImageObject","inLanguage":"pt-BR","@id":"https:\/\/nk7-testes.com.br\/agazeta\/fazendinha-esta-pronta-para-a-expoacre-2016\/#primaryimage","url":"https:\/\/nk7-testes.com.br\/agazeta\/wp-content\/uploads\/2016\/07\/210716-cotidiano-fazendinha-tvgazeta.jpg","contentUrl":"https:\/\/nk7-testes.com.br\/agazeta\/wp-content\/uploads\/2016\/07\/210716-cotidiano-fazendinha-tvgazeta.jpg","width":458,"height":340,"caption":"210716-cotidiano-fazendinha-tvgazeta"},{"@type":"BreadcrumbList","@id":"https:\/\/nk7-testes.com.br\/agazeta\/fazendinha-esta-pronta-para-a-expoacre-2016\/#breadcrumb","itemListElement":[{"@type":"ListItem","position":1,"name":"In\u00edcio","item":"https:\/\/nk7-testes.com.br\/agazeta\/"},{"@type":"ListItem","position":2,"name":"Fazendinha est\u00e1 pronta para a Expoacre 2016"}]},{"@type":"WebSite","@id":"https:\/\/nk7-testes.com.br\/agazeta\/#website","url":"https:\/\/nk7-testes.com.br\/agazeta\/","name":"Agazeta.net","description":"Agazeta.net - Not\u00edcias de Rio Branco\/AC","potentialAction":[{"@type":"SearchAction","target":{"@type":"EntryPoint","urlTemplate":"https:\/\/nk7-testes.com.br\/agazeta\/?s={search_term_string}"},"query-input":{"@type":"PropertyValueSpecification","valueRequired":true,"valueName":"search_term_string"}}],"inLanguage":"pt-BR"},{"@type":"Person","@id":"https:\/\/nk7-testes.com.br\/agazeta\/#\/schema\/person\/6d6e25cb0435eb4a02fd44d30b4e3020","name":"Agazeta.Net","url":"https:\/\/nk7-testes.com.br\/agazeta\/author\/agazeta\/"}]}},"_links":{"self":[{"href":"https:\/\/nk7-testes.com.br\/agazeta\/wp-json\/wp\/v2\/posts\/23984","targetHints":{"allow":["GET"]}}],"collection":[{"href":"https:\/\/nk7-testes.com.br\/agazeta\/wp-json\/wp\/v2\/posts"}],"about":[{"href":"https:\/\/nk7-testes.com.br\/agazeta\/wp-json\/wp\/v2\/types\/post"}],"author":[{"embeddable":true,"href":"https:\/\/nk7-testes.com.br\/agazeta\/wp-json\/wp\/v2\/users\/4"}],"replies":[{"embeddable":true,"href":"https:\/\/nk7-testes.com.br\/agazeta\/wp-json\/wp\/v2\/comments?post=23984"}],"version-history":[{"count":0,"href":"https:\/\/nk7-testes.com.br\/agazeta\/wp-json\/wp\/v2\/posts\/23984\/revisions"}],"wp:featuredmedia":[{"embeddable":true,"href":"https:\/\/nk7-testes.com.br\/agazeta\/wp-json\/wp\/v2\/media\/23983"}],"wp:attachment":[{"href":"https:\/\/nk7-testes.com.br\/agazeta\/wp-json\/wp\/v2\/media?parent=23984"}],"wp:term":[{"taxonomy":"category","embeddable":true,"href":"https:\/\/nk7-testes.com.br\/agazeta\/wp-json\/wp\/v2\/categories?post=23984"},{"taxonomy":"post_tag","embeddable":true,"href":"https:\/\/nk7-testes.com.br\/agazeta\/wp-json\/wp\/v2\/tags?post=23984"}],"curies":[{"name":"wp","href":"https:\/\/api.w.org\/{rel}","templated":true}]}}