{"id":23958,"date":"2016-07-20T14:45:35","date_gmt":"2016-07-20T14:45:35","guid":{"rendered":"https:\/\/abarevegan.com.br\/index.php\/2016\/07\/20\/expoacre-2016-tera-novo-palco-de-shows-musicais\/"},"modified":"2016-07-20T14:45:35","modified_gmt":"2016-07-20T14:45:35","slug":"expoacre-2016-tera-novo-palco-de-shows-musicais","status":"publish","type":"post","link":"https:\/\/nk7-testes.com.br\/agazeta\/expoacre-2016-tera-novo-palco-de-shows-musicais\/","title":{"rendered":"Expoacre 2016 ter\u00e1 novo palco de shows musicais"},"content":{"rendered":"<p style=\"text-align: justify;\">Abertura ser\u00e1 no s\u00e1bado com a Cavalgada<\/p>\n<p style=\"text-align: justify;\">Parece que n\u00e3o vai dar tempo, mas quem trabalha na organiza\u00e7\u00e3o de estandes no Parque Marechal Castelo Branco h\u00e1 muitos anos, sabe como administrar cada dia que antecede a feira agropecu\u00e1ria e de neg\u00f3cios do Acre.<\/p>\n<p style=\"text-align: justify;\">Em 2016, mais de 300 expositores participam da Expoacre, na expectativa de receber parte da visita\u00e7\u00e3o estimada em m\u00e9dia de 30 mil pessoas por noite.<\/p>\n<p style=\"text-align: justify;\">O stand de past\u00e9is da fam\u00edlia do empres\u00e1rio Carlos Smerdel participa da feira h\u00e1 33 anos. Segundo ele, o pior resultado nesse per\u00edodo foi em 2015. No auge da crise que o pa\u00eds atravessava, ele viu o movimento cair drasticamente. Na \u00e9poca de vacas gordas, um dia de bom faturamento representava 3 meses de lucro e no ano passado, o ganho ficou longe disso.<\/p>\n<p style=\"text-align: justify;\">Em 2016 Carlos acredita que ser\u00e1 melhor em rela\u00e7\u00e3o ao ano anterior, mas est\u00e1 prudente e reduziu investimentos. \u201cControlando, fazendo redu\u00e7\u00e3o de m\u00e3o de obra, mat\u00e9ria prima, mas na expectativa de que seja bom\u201d, afirma.<\/p>\n<p style=\"text-align: justify;\">Para o governo, a Expoacre deste ano trabalha com expectativa de supera\u00e7\u00e3o ao momento de crise.<\/p>\n<p style=\"text-align: justify;\">\u201cAgradecemos o Sebrae e o governador Ti\u00e3o Viana que n\u00e3o mede esfor\u00e7os para manter o padr\u00e3o da Expoacre que nesse ano n\u00e3o vai deixar nada a desejar\u201d, disse Dud\u00e9 L\u00edma, um dos organizadores do evento.<\/p>\n<p style=\"text-align: justify;\">Uma das novidades da Expoacre este ano \u00e9 a mudan\u00e7a do palco de shows para o estacionamento do parque. O local, segundo a organiza\u00e7\u00e3o do evento, tem capacidade para receber at\u00e9 15 mil pessoas. Durante as 9 noites de evento, o palco vai receber 4 shows nacionais.<\/p>\n<p style=\"text-align: justify;\">Como os hor\u00e1rios das apresenta\u00e7\u00f5es normalmente ultrapassam a meia noite, os pais <br \/>devem ficar atentos a portaria da 2\u00aa Vara da Inf\u00e2ncia e da Juventude que disciplina participa\u00e7\u00e3o de menores na feira.<\/p>\n<p style=\"text-align: justify;\">As crian\u00e7as menores de 12 anos poder\u00e3o ficar at\u00e9 \u00e0 meia noite e os adolescentes, com at\u00e9 17 anos, podem permanecer at\u00e9 depois da meia noite, desde que acompanhados dos pais ou respons\u00e1veis.<\/p>\n<p style=\"text-align: justify;\">Contudo, mesmo sendo permitida a entrada de crian\u00e7as menores de 12 anos acompanhadas dos respons\u00e1veis, fica proibido o acesso de crian\u00e7as aos locais de bailes, promo\u00e7\u00f5es dan\u00e7antes e shows, exceto aqueles que terminem at\u00e9 a meia noite.<\/p>\n","protected":false},"excerpt":{"rendered":"<p style=\"text-align: justify;\">Abertura ser\u00e1 no s\u00e1bado com a Cavalgada<\/p>\n","protected":false},"author":4,"featured_media":23957,"comment_status":"open","ping_status":"open","sticky":false,"template":"","format":"standard","meta":{"jnews-multi-image_gallery":[],"jnews_single_post":[],"jnews_primary_category":[],"jnews_social_meta":[],"jnews_review":[],"enable_review":"","type":"","name":"","summary":"","brand":"","sku":"","good":[],"bad":[],"score_override":"","override_value":"","rating":[],"price":[],"footnotes":""},"categories":[54],"tags":[],"class_list":["post-23958","post","type-post","status-publish","format-standard","has-post-thumbnail","hentry","category-cotidiano"],"yoast_head":"<!-- This site is optimized with the Yoast SEO plugin v26.5 - https:\/\/yoast.com\/wordpress\/plugins\/seo\/ -->\n<title>Expoacre 2016 ter\u00e1 novo palco de shows musicais - Agazeta.net<\/title>\n<meta name=\"robots\" content=\"index, follow, max-snippet:-1, max-image-preview:large, max-video-preview:-1\" \/>\n<link rel=\"canonical\" href=\"https:\/\/nk7-testes.com.br\/agazeta\/expoacre-2016-tera-novo-palco-de-shows-musicais\/\" \/>\n<meta property=\"og:locale\" content=\"pt_BR\" \/>\n<meta property=\"og:type\" content=\"article\" \/>\n<meta property=\"og:title\" content=\"Expoacre 2016 ter\u00e1 novo palco de shows musicais - Agazeta.net\" \/>\n<meta property=\"og:description\" content=\"Abertura ser\u00e1 no s\u00e1bado com a Cavalgada\" \/>\n<meta property=\"og:url\" content=\"https:\/\/nk7-testes.com.br\/agazeta\/expoacre-2016-tera-novo-palco-de-shows-musicais\/\" \/>\n<meta property=\"og:site_name\" content=\"Agazeta.net\" \/>\n<meta property=\"article:published_time\" content=\"2016-07-20T14:45:35+00:00\" \/>\n<meta property=\"og:image\" content=\"https:\/\/nk7-testes.com.br\/agazeta\/wp-content\/uploads\/2016\/07\/200716-cotidiano-expoacre2016-tvgazeta.jpg\" \/>\n\t<meta property=\"og:image:width\" content=\"458\" \/>\n\t<meta property=\"og:image:height\" content=\"340\" \/>\n\t<meta property=\"og:image:type\" content=\"image\/jpeg\" \/>\n<meta name=\"author\" content=\"Agazeta.Net\" \/>\n<meta name=\"twitter:card\" content=\"summary_large_image\" \/>\n<meta name=\"twitter:label1\" content=\"Escrito por\" \/>\n\t<meta name=\"twitter:data1\" content=\"Agazeta.Net\" \/>\n\t<meta name=\"twitter:label2\" content=\"Est. tempo de leitura\" \/>\n\t<meta name=\"twitter:data2\" content=\"2 minutos\" \/>\n<script type=\"application\/ld+json\" class=\"yoast-schema-graph\">{\"@context\":\"https:\/\/schema.org\",\"@graph\":[{\"@type\":\"WebPage\",\"@id\":\"https:\/\/nk7-testes.com.br\/agazeta\/expoacre-2016-tera-novo-palco-de-shows-musicais\/\",\"url\":\"https:\/\/nk7-testes.com.br\/agazeta\/expoacre-2016-tera-novo-palco-de-shows-musicais\/\",\"name\":\"Expoacre 2016 ter\u00e1 novo palco de shows musicais - Agazeta.net\",\"isPartOf\":{\"@id\":\"https:\/\/nk7-testes.com.br\/agazeta\/#website\"},\"primaryImageOfPage\":{\"@id\":\"https:\/\/nk7-testes.com.br\/agazeta\/expoacre-2016-tera-novo-palco-de-shows-musicais\/#primaryimage\"},\"image\":{\"@id\":\"https:\/\/nk7-testes.com.br\/agazeta\/expoacre-2016-tera-novo-palco-de-shows-musicais\/#primaryimage\"},\"thumbnailUrl\":\"https:\/\/nk7-testes.com.br\/agazeta\/wp-content\/uploads\/2016\/07\/200716-cotidiano-expoacre2016-tvgazeta.jpg\",\"datePublished\":\"2016-07-20T14:45:35+00:00\",\"author\":{\"@id\":\"https:\/\/nk7-testes.com.br\/agazeta\/#\/schema\/person\/6d6e25cb0435eb4a02fd44d30b4e3020\"},\"breadcrumb\":{\"@id\":\"https:\/\/nk7-testes.com.br\/agazeta\/expoacre-2016-tera-novo-palco-de-shows-musicais\/#breadcrumb\"},\"inLanguage\":\"pt-BR\",\"potentialAction\":[{\"@type\":\"ReadAction\",\"target\":[\"https:\/\/nk7-testes.com.br\/agazeta\/expoacre-2016-tera-novo-palco-de-shows-musicais\/\"]}]},{\"@type\":\"ImageObject\",\"inLanguage\":\"pt-BR\",\"@id\":\"https:\/\/nk7-testes.com.br\/agazeta\/expoacre-2016-tera-novo-palco-de-shows-musicais\/#primaryimage\",\"url\":\"https:\/\/nk7-testes.com.br\/agazeta\/wp-content\/uploads\/2016\/07\/200716-cotidiano-expoacre2016-tvgazeta.jpg\",\"contentUrl\":\"https:\/\/nk7-testes.com.br\/agazeta\/wp-content\/uploads\/2016\/07\/200716-cotidiano-expoacre2016-tvgazeta.jpg\",\"width\":458,\"height\":340,\"caption\":\"200716-cotidiano-expoacre2016-tvgazeta\"},{\"@type\":\"BreadcrumbList\",\"@id\":\"https:\/\/nk7-testes.com.br\/agazeta\/expoacre-2016-tera-novo-palco-de-shows-musicais\/#breadcrumb\",\"itemListElement\":[{\"@type\":\"ListItem\",\"position\":1,\"name\":\"In\u00edcio\",\"item\":\"https:\/\/nk7-testes.com.br\/agazeta\/\"},{\"@type\":\"ListItem\",\"position\":2,\"name\":\"Expoacre 2016 ter\u00e1 novo palco de shows musicais\"}]},{\"@type\":\"WebSite\",\"@id\":\"https:\/\/nk7-testes.com.br\/agazeta\/#website\",\"url\":\"https:\/\/nk7-testes.com.br\/agazeta\/\",\"name\":\"Agazeta.net\",\"description\":\"Agazeta.net - Not\u00edcias de Rio Branco\/AC\",\"potentialAction\":[{\"@type\":\"SearchAction\",\"target\":{\"@type\":\"EntryPoint\",\"urlTemplate\":\"https:\/\/nk7-testes.com.br\/agazeta\/?s={search_term_string}\"},\"query-input\":{\"@type\":\"PropertyValueSpecification\",\"valueRequired\":true,\"valueName\":\"search_term_string\"}}],\"inLanguage\":\"pt-BR\"},{\"@type\":\"Person\",\"@id\":\"https:\/\/nk7-testes.com.br\/agazeta\/#\/schema\/person\/6d6e25cb0435eb4a02fd44d30b4e3020\",\"name\":\"Agazeta.Net\",\"url\":\"https:\/\/nk7-testes.com.br\/agazeta\/author\/agazeta\/\"}]}<\/script>\n<!-- \/ Yoast SEO plugin. -->","yoast_head_json":{"title":"Expoacre 2016 ter\u00e1 novo palco de shows musicais - Agazeta.net","robots":{"index":"index","follow":"follow","max-snippet":"max-snippet:-1","max-image-preview":"max-image-preview:large","max-video-preview":"max-video-preview:-1"},"canonical":"https:\/\/nk7-testes.com.br\/agazeta\/expoacre-2016-tera-novo-palco-de-shows-musicais\/","og_locale":"pt_BR","og_type":"article","og_title":"Expoacre 2016 ter\u00e1 novo palco de shows musicais - Agazeta.net","og_description":"Abertura ser\u00e1 no s\u00e1bado com a Cavalgada","og_url":"https:\/\/nk7-testes.com.br\/agazeta\/expoacre-2016-tera-novo-palco-de-shows-musicais\/","og_site_name":"Agazeta.net","article_published_time":"2016-07-20T14:45:35+00:00","og_image":[{"width":458,"height":340,"url":"https:\/\/nk7-testes.com.br\/agazeta\/wp-content\/uploads\/2016\/07\/200716-cotidiano-expoacre2016-tvgazeta.jpg","type":"image\/jpeg"}],"author":"Agazeta.Net","twitter_card":"summary_large_image","twitter_misc":{"Escrito por":"Agazeta.Net","Est. tempo de leitura":"2 minutos"},"schema":{"@context":"https:\/\/schema.org","@graph":[{"@type":"WebPage","@id":"https:\/\/nk7-testes.com.br\/agazeta\/expoacre-2016-tera-novo-palco-de-shows-musicais\/","url":"https:\/\/nk7-testes.com.br\/agazeta\/expoacre-2016-tera-novo-palco-de-shows-musicais\/","name":"Expoacre 2016 ter\u00e1 novo palco de shows musicais - Agazeta.net","isPartOf":{"@id":"https:\/\/nk7-testes.com.br\/agazeta\/#website"},"primaryImageOfPage":{"@id":"https:\/\/nk7-testes.com.br\/agazeta\/expoacre-2016-tera-novo-palco-de-shows-musicais\/#primaryimage"},"image":{"@id":"https:\/\/nk7-testes.com.br\/agazeta\/expoacre-2016-tera-novo-palco-de-shows-musicais\/#primaryimage"},"thumbnailUrl":"https:\/\/nk7-testes.com.br\/agazeta\/wp-content\/uploads\/2016\/07\/200716-cotidiano-expoacre2016-tvgazeta.jpg","datePublished":"2016-07-20T14:45:35+00:00","author":{"@id":"https:\/\/nk7-testes.com.br\/agazeta\/#\/schema\/person\/6d6e25cb0435eb4a02fd44d30b4e3020"},"breadcrumb":{"@id":"https:\/\/nk7-testes.com.br\/agazeta\/expoacre-2016-tera-novo-palco-de-shows-musicais\/#breadcrumb"},"inLanguage":"pt-BR","potentialAction":[{"@type":"ReadAction","target":["https:\/\/nk7-testes.com.br\/agazeta\/expoacre-2016-tera-novo-palco-de-shows-musicais\/"]}]},{"@type":"ImageObject","inLanguage":"pt-BR","@id":"https:\/\/nk7-testes.com.br\/agazeta\/expoacre-2016-tera-novo-palco-de-shows-musicais\/#primaryimage","url":"https:\/\/nk7-testes.com.br\/agazeta\/wp-content\/uploads\/2016\/07\/200716-cotidiano-expoacre2016-tvgazeta.jpg","contentUrl":"https:\/\/nk7-testes.com.br\/agazeta\/wp-content\/uploads\/2016\/07\/200716-cotidiano-expoacre2016-tvgazeta.jpg","width":458,"height":340,"caption":"200716-cotidiano-expoacre2016-tvgazeta"},{"@type":"BreadcrumbList","@id":"https:\/\/nk7-testes.com.br\/agazeta\/expoacre-2016-tera-novo-palco-de-shows-musicais\/#breadcrumb","itemListElement":[{"@type":"ListItem","position":1,"name":"In\u00edcio","item":"https:\/\/nk7-testes.com.br\/agazeta\/"},{"@type":"ListItem","position":2,"name":"Expoacre 2016 ter\u00e1 novo palco de shows musicais"}]},{"@type":"WebSite","@id":"https:\/\/nk7-testes.com.br\/agazeta\/#website","url":"https:\/\/nk7-testes.com.br\/agazeta\/","name":"Agazeta.net","description":"Agazeta.net - Not\u00edcias de Rio Branco\/AC","potentialAction":[{"@type":"SearchAction","target":{"@type":"EntryPoint","urlTemplate":"https:\/\/nk7-testes.com.br\/agazeta\/?s={search_term_string}"},"query-input":{"@type":"PropertyValueSpecification","valueRequired":true,"valueName":"search_term_string"}}],"inLanguage":"pt-BR"},{"@type":"Person","@id":"https:\/\/nk7-testes.com.br\/agazeta\/#\/schema\/person\/6d6e25cb0435eb4a02fd44d30b4e3020","name":"Agazeta.Net","url":"https:\/\/nk7-testes.com.br\/agazeta\/author\/agazeta\/"}]}},"_links":{"self":[{"href":"https:\/\/nk7-testes.com.br\/agazeta\/wp-json\/wp\/v2\/posts\/23958","targetHints":{"allow":["GET"]}}],"collection":[{"href":"https:\/\/nk7-testes.com.br\/agazeta\/wp-json\/wp\/v2\/posts"}],"about":[{"href":"https:\/\/nk7-testes.com.br\/agazeta\/wp-json\/wp\/v2\/types\/post"}],"author":[{"embeddable":true,"href":"https:\/\/nk7-testes.com.br\/agazeta\/wp-json\/wp\/v2\/users\/4"}],"replies":[{"embeddable":true,"href":"https:\/\/nk7-testes.com.br\/agazeta\/wp-json\/wp\/v2\/comments?post=23958"}],"version-history":[{"count":0,"href":"https:\/\/nk7-testes.com.br\/agazeta\/wp-json\/wp\/v2\/posts\/23958\/revisions"}],"wp:featuredmedia":[{"embeddable":true,"href":"https:\/\/nk7-testes.com.br\/agazeta\/wp-json\/wp\/v2\/media\/23957"}],"wp:attachment":[{"href":"https:\/\/nk7-testes.com.br\/agazeta\/wp-json\/wp\/v2\/media?parent=23958"}],"wp:term":[{"taxonomy":"category","embeddable":true,"href":"https:\/\/nk7-testes.com.br\/agazeta\/wp-json\/wp\/v2\/categories?post=23958"},{"taxonomy":"post_tag","embeddable":true,"href":"https:\/\/nk7-testes.com.br\/agazeta\/wp-json\/wp\/v2\/tags?post=23958"}],"curies":[{"name":"wp","href":"https:\/\/api.w.org\/{rel}","templated":true}]}}