{"id":23950,"date":"2016-07-19T21:23:33","date_gmt":"2016-07-19T21:23:33","guid":{"rendered":"https:\/\/abarevegan.com.br\/index.php\/2016\/07\/19\/forum-de-porto-acre-deve-ficar-pronto-em-agosto\/"},"modified":"2016-07-19T21:23:33","modified_gmt":"2016-07-19T21:23:33","slug":"forum-de-porto-acre-deve-ficar-pronto-em-agosto","status":"publish","type":"post","link":"https:\/\/nk7-testes.com.br\/agazeta\/forum-de-porto-acre-deve-ficar-pronto-em-agosto\/","title":{"rendered":"F\u00f3rum de Porto Acre deve ficar pronto em agosto"},"content":{"rendered":"<p style=\"text-align: justify;\">Cidade ser\u00e1 comarca: agilidade nas demandas da Justi\u00e7a<\/p>\n<p style=\"text-align: justify;\">A cidade hist\u00f3rica do Acre, s\u00edmbolo da revolu\u00e7\u00e3o, \u00e9 uma das \u00faltimas a abrigar uma Comarca e ter um f\u00f3rum de Justi\u00e7a com juiz, promotor e defensor p\u00fablico.<br \/>A obra do pr\u00e9dio onde ser\u00e1 o f\u00f3rum est\u00e1 quase pronta, e at\u00e9 o in\u00edcio do m\u00eas de agosto os processos que tiverem origem no munic\u00edpio n\u00e3o ser\u00e3o enviados a Rio Branco.<\/p>\n<p style=\"text-align: justify;\">A cidade ter\u00e1 um magistrado para trabalhar exclusivamente as demandas e um promotor que vai ajudar o cidad\u00e3o que quer apresentar den\u00fancias.<\/p>\n<p style=\"text-align: justify;\">Dos 22 munic\u00edpios do Acre, os considerados isolados n\u00e3o s\u00e3o Comarca, n\u00e3o contam com Justi\u00e7a local. Os moradores de Jord\u00e3o que precisam dos servi\u00e7os da Justi\u00e7a v\u00e3o ter que viajar de barco ou avi\u00e3o at\u00e9 Tarauac\u00e1.<\/p>\n<p style=\"text-align: justify;\">Os de Santa Rosa se deslocam at\u00e9 Sena Madureira e em Porto Walter e Marechal Thaumaturgo a sa\u00edda \u00e9 o f\u00f3rum de Cruzeiro do Sul. Nessa lista entrava Porto Acre que fica a 60 quil\u00f4metros de Rio Branco.<\/p>\n<p style=\"text-align: justify;\">A presidente do Tribunal de Justi\u00e7a, desembargadora, Maria Cezarinete Angelim, disse que o pr\u00e9dio onde funcionar\u00e1 o f\u00f3rum vai ter toda a estrutura necess\u00e1ria para atendimento ao p\u00fablico, audi\u00eancias e o trabalho administrativos dos t\u00e9cnicos do Judici\u00e1rio.<\/p>\n<p style=\"text-align: justify;\">\u201c\u00c9 tamb\u00e9m uma quest\u00e3o de economia processual e o mais importante: a popula\u00e7\u00e3o daquele munic\u00edpio n\u00e3o vai precisar se deslocar at\u00e9 a capital buscar direitos garantidos em lei\u201d, completou.<\/p>\n","protected":false},"excerpt":{"rendered":"<p style=\"text-align: justify;\">Cidade ser\u00e1 comarca: agilidade nas demandas da Justi\u00e7a<\/p>\n","protected":false},"author":4,"featured_media":23949,"comment_status":"open","ping_status":"open","sticky":false,"template":"","format":"standard","meta":{"jnews-multi-image_gallery":[],"jnews_single_post":[],"jnews_primary_category":[],"jnews_social_meta":[],"jnews_review":[],"enable_review":"","type":"","name":"","summary":"","brand":"","sku":"","good":[],"bad":[],"score_override":"","override_value":"","rating":[],"price":[],"footnotes":""},"categories":[54],"tags":[],"class_list":["post-23950","post","type-post","status-publish","format-standard","has-post-thumbnail","hentry","category-cotidiano"],"yoast_head":"<!-- This site is optimized with the Yoast SEO plugin v26.5 - https:\/\/yoast.com\/wordpress\/plugins\/seo\/ -->\n<title>F\u00f3rum de Porto Acre deve ficar pronto em agosto - Agazeta.net<\/title>\n<meta name=\"robots\" content=\"index, follow, max-snippet:-1, max-image-preview:large, max-video-preview:-1\" \/>\n<link rel=\"canonical\" href=\"https:\/\/nk7-testes.com.br\/agazeta\/forum-de-porto-acre-deve-ficar-pronto-em-agosto\/\" \/>\n<meta property=\"og:locale\" content=\"pt_BR\" \/>\n<meta property=\"og:type\" content=\"article\" \/>\n<meta property=\"og:title\" content=\"F\u00f3rum de Porto Acre deve ficar pronto em agosto - Agazeta.net\" \/>\n<meta property=\"og:description\" content=\"Cidade ser\u00e1 comarca: agilidade nas demandas da Justi\u00e7a\" \/>\n<meta property=\"og:url\" content=\"https:\/\/nk7-testes.com.br\/agazeta\/forum-de-porto-acre-deve-ficar-pronto-em-agosto\/\" \/>\n<meta property=\"og:site_name\" content=\"Agazeta.net\" \/>\n<meta property=\"article:published_time\" content=\"2016-07-19T21:23:33+00:00\" \/>\n<meta property=\"og:image\" content=\"https:\/\/nk7-testes.com.br\/agazeta\/wp-content\/uploads\/2016\/07\/190716-politica-cesarinete-tvgazeta.jpg\" \/>\n\t<meta property=\"og:image:width\" content=\"458\" \/>\n\t<meta property=\"og:image:height\" content=\"340\" \/>\n\t<meta property=\"og:image:type\" content=\"image\/jpeg\" \/>\n<meta name=\"author\" content=\"Agazeta.Net\" \/>\n<meta name=\"twitter:card\" content=\"summary_large_image\" \/>\n<meta name=\"twitter:label1\" content=\"Escrito por\" \/>\n\t<meta name=\"twitter:data1\" content=\"Agazeta.Net\" \/>\n\t<meta name=\"twitter:label2\" content=\"Est. tempo de leitura\" \/>\n\t<meta name=\"twitter:data2\" content=\"1 minuto\" \/>\n<script type=\"application\/ld+json\" class=\"yoast-schema-graph\">{\"@context\":\"https:\/\/schema.org\",\"@graph\":[{\"@type\":\"WebPage\",\"@id\":\"https:\/\/nk7-testes.com.br\/agazeta\/forum-de-porto-acre-deve-ficar-pronto-em-agosto\/\",\"url\":\"https:\/\/nk7-testes.com.br\/agazeta\/forum-de-porto-acre-deve-ficar-pronto-em-agosto\/\",\"name\":\"F\u00f3rum de Porto Acre deve ficar pronto em agosto - Agazeta.net\",\"isPartOf\":{\"@id\":\"https:\/\/nk7-testes.com.br\/agazeta\/#website\"},\"primaryImageOfPage\":{\"@id\":\"https:\/\/nk7-testes.com.br\/agazeta\/forum-de-porto-acre-deve-ficar-pronto-em-agosto\/#primaryimage\"},\"image\":{\"@id\":\"https:\/\/nk7-testes.com.br\/agazeta\/forum-de-porto-acre-deve-ficar-pronto-em-agosto\/#primaryimage\"},\"thumbnailUrl\":\"https:\/\/nk7-testes.com.br\/agazeta\/wp-content\/uploads\/2016\/07\/190716-politica-cesarinete-tvgazeta.jpg\",\"datePublished\":\"2016-07-19T21:23:33+00:00\",\"author\":{\"@id\":\"https:\/\/nk7-testes.com.br\/agazeta\/#\/schema\/person\/6d6e25cb0435eb4a02fd44d30b4e3020\"},\"breadcrumb\":{\"@id\":\"https:\/\/nk7-testes.com.br\/agazeta\/forum-de-porto-acre-deve-ficar-pronto-em-agosto\/#breadcrumb\"},\"inLanguage\":\"pt-BR\",\"potentialAction\":[{\"@type\":\"ReadAction\",\"target\":[\"https:\/\/nk7-testes.com.br\/agazeta\/forum-de-porto-acre-deve-ficar-pronto-em-agosto\/\"]}]},{\"@type\":\"ImageObject\",\"inLanguage\":\"pt-BR\",\"@id\":\"https:\/\/nk7-testes.com.br\/agazeta\/forum-de-porto-acre-deve-ficar-pronto-em-agosto\/#primaryimage\",\"url\":\"https:\/\/nk7-testes.com.br\/agazeta\/wp-content\/uploads\/2016\/07\/190716-politica-cesarinete-tvgazeta.jpg\",\"contentUrl\":\"https:\/\/nk7-testes.com.br\/agazeta\/wp-content\/uploads\/2016\/07\/190716-politica-cesarinete-tvgazeta.jpg\",\"width\":458,\"height\":340,\"caption\":\"190716-politica-cesarinete-tvgazeta\"},{\"@type\":\"BreadcrumbList\",\"@id\":\"https:\/\/nk7-testes.com.br\/agazeta\/forum-de-porto-acre-deve-ficar-pronto-em-agosto\/#breadcrumb\",\"itemListElement\":[{\"@type\":\"ListItem\",\"position\":1,\"name\":\"In\u00edcio\",\"item\":\"https:\/\/nk7-testes.com.br\/agazeta\/\"},{\"@type\":\"ListItem\",\"position\":2,\"name\":\"F\u00f3rum de Porto Acre deve ficar pronto em agosto\"}]},{\"@type\":\"WebSite\",\"@id\":\"https:\/\/nk7-testes.com.br\/agazeta\/#website\",\"url\":\"https:\/\/nk7-testes.com.br\/agazeta\/\",\"name\":\"Agazeta.net\",\"description\":\"Agazeta.net - Not\u00edcias de Rio Branco\/AC\",\"potentialAction\":[{\"@type\":\"SearchAction\",\"target\":{\"@type\":\"EntryPoint\",\"urlTemplate\":\"https:\/\/nk7-testes.com.br\/agazeta\/?s={search_term_string}\"},\"query-input\":{\"@type\":\"PropertyValueSpecification\",\"valueRequired\":true,\"valueName\":\"search_term_string\"}}],\"inLanguage\":\"pt-BR\"},{\"@type\":\"Person\",\"@id\":\"https:\/\/nk7-testes.com.br\/agazeta\/#\/schema\/person\/6d6e25cb0435eb4a02fd44d30b4e3020\",\"name\":\"Agazeta.Net\",\"url\":\"https:\/\/nk7-testes.com.br\/agazeta\/author\/agazeta\/\"}]}<\/script>\n<!-- \/ Yoast SEO plugin. -->","yoast_head_json":{"title":"F\u00f3rum de Porto Acre deve ficar pronto em agosto - Agazeta.net","robots":{"index":"index","follow":"follow","max-snippet":"max-snippet:-1","max-image-preview":"max-image-preview:large","max-video-preview":"max-video-preview:-1"},"canonical":"https:\/\/nk7-testes.com.br\/agazeta\/forum-de-porto-acre-deve-ficar-pronto-em-agosto\/","og_locale":"pt_BR","og_type":"article","og_title":"F\u00f3rum de Porto Acre deve ficar pronto em agosto - Agazeta.net","og_description":"Cidade ser\u00e1 comarca: agilidade nas demandas da Justi\u00e7a","og_url":"https:\/\/nk7-testes.com.br\/agazeta\/forum-de-porto-acre-deve-ficar-pronto-em-agosto\/","og_site_name":"Agazeta.net","article_published_time":"2016-07-19T21:23:33+00:00","og_image":[{"width":458,"height":340,"url":"https:\/\/nk7-testes.com.br\/agazeta\/wp-content\/uploads\/2016\/07\/190716-politica-cesarinete-tvgazeta.jpg","type":"image\/jpeg"}],"author":"Agazeta.Net","twitter_card":"summary_large_image","twitter_misc":{"Escrito por":"Agazeta.Net","Est. tempo de leitura":"1 minuto"},"schema":{"@context":"https:\/\/schema.org","@graph":[{"@type":"WebPage","@id":"https:\/\/nk7-testes.com.br\/agazeta\/forum-de-porto-acre-deve-ficar-pronto-em-agosto\/","url":"https:\/\/nk7-testes.com.br\/agazeta\/forum-de-porto-acre-deve-ficar-pronto-em-agosto\/","name":"F\u00f3rum de Porto Acre deve ficar pronto em agosto - Agazeta.net","isPartOf":{"@id":"https:\/\/nk7-testes.com.br\/agazeta\/#website"},"primaryImageOfPage":{"@id":"https:\/\/nk7-testes.com.br\/agazeta\/forum-de-porto-acre-deve-ficar-pronto-em-agosto\/#primaryimage"},"image":{"@id":"https:\/\/nk7-testes.com.br\/agazeta\/forum-de-porto-acre-deve-ficar-pronto-em-agosto\/#primaryimage"},"thumbnailUrl":"https:\/\/nk7-testes.com.br\/agazeta\/wp-content\/uploads\/2016\/07\/190716-politica-cesarinete-tvgazeta.jpg","datePublished":"2016-07-19T21:23:33+00:00","author":{"@id":"https:\/\/nk7-testes.com.br\/agazeta\/#\/schema\/person\/6d6e25cb0435eb4a02fd44d30b4e3020"},"breadcrumb":{"@id":"https:\/\/nk7-testes.com.br\/agazeta\/forum-de-porto-acre-deve-ficar-pronto-em-agosto\/#breadcrumb"},"inLanguage":"pt-BR","potentialAction":[{"@type":"ReadAction","target":["https:\/\/nk7-testes.com.br\/agazeta\/forum-de-porto-acre-deve-ficar-pronto-em-agosto\/"]}]},{"@type":"ImageObject","inLanguage":"pt-BR","@id":"https:\/\/nk7-testes.com.br\/agazeta\/forum-de-porto-acre-deve-ficar-pronto-em-agosto\/#primaryimage","url":"https:\/\/nk7-testes.com.br\/agazeta\/wp-content\/uploads\/2016\/07\/190716-politica-cesarinete-tvgazeta.jpg","contentUrl":"https:\/\/nk7-testes.com.br\/agazeta\/wp-content\/uploads\/2016\/07\/190716-politica-cesarinete-tvgazeta.jpg","width":458,"height":340,"caption":"190716-politica-cesarinete-tvgazeta"},{"@type":"BreadcrumbList","@id":"https:\/\/nk7-testes.com.br\/agazeta\/forum-de-porto-acre-deve-ficar-pronto-em-agosto\/#breadcrumb","itemListElement":[{"@type":"ListItem","position":1,"name":"In\u00edcio","item":"https:\/\/nk7-testes.com.br\/agazeta\/"},{"@type":"ListItem","position":2,"name":"F\u00f3rum de Porto Acre deve ficar pronto em agosto"}]},{"@type":"WebSite","@id":"https:\/\/nk7-testes.com.br\/agazeta\/#website","url":"https:\/\/nk7-testes.com.br\/agazeta\/","name":"Agazeta.net","description":"Agazeta.net - Not\u00edcias de Rio Branco\/AC","potentialAction":[{"@type":"SearchAction","target":{"@type":"EntryPoint","urlTemplate":"https:\/\/nk7-testes.com.br\/agazeta\/?s={search_term_string}"},"query-input":{"@type":"PropertyValueSpecification","valueRequired":true,"valueName":"search_term_string"}}],"inLanguage":"pt-BR"},{"@type":"Person","@id":"https:\/\/nk7-testes.com.br\/agazeta\/#\/schema\/person\/6d6e25cb0435eb4a02fd44d30b4e3020","name":"Agazeta.Net","url":"https:\/\/nk7-testes.com.br\/agazeta\/author\/agazeta\/"}]}},"_links":{"self":[{"href":"https:\/\/nk7-testes.com.br\/agazeta\/wp-json\/wp\/v2\/posts\/23950","targetHints":{"allow":["GET"]}}],"collection":[{"href":"https:\/\/nk7-testes.com.br\/agazeta\/wp-json\/wp\/v2\/posts"}],"about":[{"href":"https:\/\/nk7-testes.com.br\/agazeta\/wp-json\/wp\/v2\/types\/post"}],"author":[{"embeddable":true,"href":"https:\/\/nk7-testes.com.br\/agazeta\/wp-json\/wp\/v2\/users\/4"}],"replies":[{"embeddable":true,"href":"https:\/\/nk7-testes.com.br\/agazeta\/wp-json\/wp\/v2\/comments?post=23950"}],"version-history":[{"count":0,"href":"https:\/\/nk7-testes.com.br\/agazeta\/wp-json\/wp\/v2\/posts\/23950\/revisions"}],"wp:featuredmedia":[{"embeddable":true,"href":"https:\/\/nk7-testes.com.br\/agazeta\/wp-json\/wp\/v2\/media\/23949"}],"wp:attachment":[{"href":"https:\/\/nk7-testes.com.br\/agazeta\/wp-json\/wp\/v2\/media?parent=23950"}],"wp:term":[{"taxonomy":"category","embeddable":true,"href":"https:\/\/nk7-testes.com.br\/agazeta\/wp-json\/wp\/v2\/categories?post=23950"},{"taxonomy":"post_tag","embeddable":true,"href":"https:\/\/nk7-testes.com.br\/agazeta\/wp-json\/wp\/v2\/tags?post=23950"}],"curies":[{"name":"wp","href":"https:\/\/api.w.org\/{rel}","templated":true}]}}