{"id":23932,"date":"2016-07-19T13:48:49","date_gmt":"2016-07-19T13:48:49","guid":{"rendered":"https:\/\/abarevegan.com.br\/index.php\/2016\/07\/19\/indio-que-perguntava-as-horas-e-roubava-foi-preso\/"},"modified":"2016-07-19T13:48:49","modified_gmt":"2016-07-19T13:48:49","slug":"indio-que-perguntava-as-horas-e-roubava-foi-preso","status":"publish","type":"post","link":"https:\/\/nk7-testes.com.br\/agazeta\/indio-que-perguntava-as-horas-e-roubava-foi-preso\/","title":{"rendered":"\u201c\u00cdndio\u201d que perguntava as horas e roubava foi preso"},"content":{"rendered":"<p style=\"margin-bottom: 7.5pt; text-align: justify; line-height: normal; vertical-align: baseline; background-image: initial; background-attachment: initial; background-position: initial; background-repeat: initial;\"><strong><span style=\"font-size: 12pt; font-family: 'Times New Roman', serif;\"><\/span><\/strong><\/p>\n<p style=\"text-align: justify;\">Pol\u00edcia Civil provou autoria e Justi\u00e7a mandou prender<\/p>\n<p style=\"margin-bottom: 7.5pt; text-align: justify; line-height: normal; vertical-align: baseline; background-image: initial; background-attachment: initial; background-position: initial; background-repeat: initial;\"><strong><span style=\"font-size: 12pt; font-family: 'Times New Roman', serif;\"><\/span><\/strong><\/p>\n<p style=\"text-align: justify;\">A Pol\u00edcia Civil apresentou, na Delegacia Antissalto da Pol\u00edcia Civil (DAPC), Ideildo Silva do Nascimento, mais conhecido como \u201c\u00cdndio\u201d. Ele foi preso na Rua do Divisor, nas Depend\u00eancias do bairro S\u00e3o Francisco, em Rio Branco, na sexta-feira, 15, atrav\u00e9s de um mandado de pris\u00e3o, acusando-o de roubo.<\/p>\n<p style=\"margin-bottom: 7.5pt; text-align: justify; line-height: normal; vertical-align: baseline; background-image: initial; background-attachment: initial; background-position: initial; background-repeat: initial;\"><strong><span style=\"font-size: 12pt; font-family: 'Times New Roman', serif;\"><\/span><\/strong><\/p>\n<p style=\"text-align: justify;\">Segundo o Delegado Karlesso Nespoli, o acusado atuava em via p\u00fablica, perguntava \u00e0s horas as v\u00edtimas e as roubavam.<\/p>\n<p style=\"margin-bottom: 7.5pt; text-align: justify; line-height: normal; vertical-align: baseline; background-image: initial; background-attachment: initial; background-position: initial; background-repeat: initial;\"><strong><span style=\"font-size: 12pt; font-family: 'Times New Roman', serif;\"><\/span><\/strong><\/p>\n<p style=\"text-align: justify;\">\u201cIdeildo \u00e9 acusado de roubo com emprego de arma de fogo com grave amea\u00e7as \u00e0s v\u00edtimas. Ele foi identificado pela equipe de investiga\u00e7\u00e3o. Conseguimos comprovar perante o Poder Judici\u00e1rio a autoria de Ideildo e a Justi\u00e7a agiu rapidamente decretando o mandado de pris\u00e3o e nossa pol\u00edcia a cumpriu na sexta-feira. Ele agia em via p\u00fablica, se aproximava das v\u00edtimas perguntando as horas e anunciava os assaltos\u201d, concluiu o delegado.<\/p>\n<p style=\"margin-bottom: 7.5pt; text-align: justify; line-height: normal; vertical-align: baseline; background-image: initial; background-attachment: initial; background-position: initial; background-repeat: initial;\"><strong><span style=\"font-size: 12pt; font-family: 'Times New Roman', serif;\"><\/span><\/strong><\/p>\n<p style=\"text-align: justify;\">\u00cdndio est\u00e1 sendo ouvido e reconhecido pelas v\u00edtimas, em seguida ser\u00e1 encaminhado ao sistema prisional da Capital.<\/p>\n<p style=\"margin-bottom: 7.5pt; text-align: justify; line-height: normal; vertical-align: baseline; background-image: initial; background-attachment: initial; background-position: initial; background-repeat: initial;\"><strong><span style=\"font-size: 12pt; font-family: 'Times New Roman', serif;\">&nbsp;<\/span><\/strong><\/p>\n","protected":false},"excerpt":{"rendered":"<p style=\"margin-bottom: 7.5pt; text-align: justify; line-height: normal; vertical-align: baseline; background-image: initial; background-attachment: initial; background-position: initial; background-repeat: initial;\"><strong><span style=\"font-size: 12pt; font-family: 'Times New Roman', serif;\"><\/span><\/strong><\/p>\n<p style=\"text-align: justify;\">Pol\u00edcia Civil provou autoria e Justi\u00e7a mandou prender<\/p>\n","protected":false},"author":4,"featured_media":23931,"comment_status":"open","ping_status":"open","sticky":false,"template":"","format":"standard","meta":{"jnews-multi-image_gallery":[],"jnews_single_post":[],"jnews_primary_category":[],"jnews_social_meta":[],"jnews_review":[],"enable_review":"","type":"","name":"","summary":"","brand":"","sku":"","good":[],"bad":[],"score_override":"","override_value":"","rating":[],"price":[],"footnotes":""},"categories":[44],"tags":[],"class_list":["post-23932","post","type-post","status-publish","format-standard","has-post-thumbnail","hentry","category-policia"],"yoast_head":"<!-- This site is optimized with the Yoast SEO plugin v26.5 - https:\/\/yoast.com\/wordpress\/plugins\/seo\/ -->\n<title>\u201c\u00cdndio\u201d que perguntava as horas e roubava foi preso - Agazeta.net<\/title>\n<meta name=\"robots\" content=\"index, follow, max-snippet:-1, max-image-preview:large, max-video-preview:-1\" \/>\n<link rel=\"canonical\" href=\"https:\/\/nk7-testes.com.br\/agazeta\/indio-que-perguntava-as-horas-e-roubava-foi-preso\/\" \/>\n<meta property=\"og:locale\" content=\"pt_BR\" \/>\n<meta property=\"og:type\" content=\"article\" \/>\n<meta property=\"og:title\" content=\"\u201c\u00cdndio\u201d que perguntava as horas e roubava foi preso - Agazeta.net\" \/>\n<meta property=\"og:description\" content=\"Pol\u00edcia Civil provou autoria e Justi\u00e7a mandou prender\" \/>\n<meta property=\"og:url\" content=\"https:\/\/nk7-testes.com.br\/agazeta\/indio-que-perguntava-as-horas-e-roubava-foi-preso\/\" \/>\n<meta property=\"og:site_name\" content=\"Agazeta.net\" \/>\n<meta property=\"article:published_time\" content=\"2016-07-19T13:48:49+00:00\" \/>\n<meta property=\"og:image\" content=\"https:\/\/nk7-testes.com.br\/agazeta\/wp-content\/uploads\/2016\/07\/190716-policia-homempreso-cleriston.jpg\" \/>\n\t<meta property=\"og:image:width\" content=\"458\" \/>\n\t<meta property=\"og:image:height\" content=\"340\" \/>\n\t<meta property=\"og:image:type\" content=\"image\/jpeg\" \/>\n<meta name=\"author\" content=\"Agazeta.Net\" \/>\n<meta name=\"twitter:card\" content=\"summary_large_image\" \/>\n<meta name=\"twitter:label1\" content=\"Escrito por\" \/>\n\t<meta name=\"twitter:data1\" content=\"Agazeta.Net\" \/>\n\t<meta name=\"twitter:label2\" content=\"Est. tempo de leitura\" \/>\n\t<meta name=\"twitter:data2\" content=\"1 minuto\" \/>\n<script type=\"application\/ld+json\" class=\"yoast-schema-graph\">{\"@context\":\"https:\/\/schema.org\",\"@graph\":[{\"@type\":\"WebPage\",\"@id\":\"https:\/\/nk7-testes.com.br\/agazeta\/indio-que-perguntava-as-horas-e-roubava-foi-preso\/\",\"url\":\"https:\/\/nk7-testes.com.br\/agazeta\/indio-que-perguntava-as-horas-e-roubava-foi-preso\/\",\"name\":\"\u201c\u00cdndio\u201d que perguntava as horas e roubava foi preso - Agazeta.net\",\"isPartOf\":{\"@id\":\"https:\/\/nk7-testes.com.br\/agazeta\/#website\"},\"primaryImageOfPage\":{\"@id\":\"https:\/\/nk7-testes.com.br\/agazeta\/indio-que-perguntava-as-horas-e-roubava-foi-preso\/#primaryimage\"},\"image\":{\"@id\":\"https:\/\/nk7-testes.com.br\/agazeta\/indio-que-perguntava-as-horas-e-roubava-foi-preso\/#primaryimage\"},\"thumbnailUrl\":\"https:\/\/nk7-testes.com.br\/agazeta\/wp-content\/uploads\/2016\/07\/190716-policia-homempreso-cleriston.jpg\",\"datePublished\":\"2016-07-19T13:48:49+00:00\",\"author\":{\"@id\":\"https:\/\/nk7-testes.com.br\/agazeta\/#\/schema\/person\/6d6e25cb0435eb4a02fd44d30b4e3020\"},\"breadcrumb\":{\"@id\":\"https:\/\/nk7-testes.com.br\/agazeta\/indio-que-perguntava-as-horas-e-roubava-foi-preso\/#breadcrumb\"},\"inLanguage\":\"pt-BR\",\"potentialAction\":[{\"@type\":\"ReadAction\",\"target\":[\"https:\/\/nk7-testes.com.br\/agazeta\/indio-que-perguntava-as-horas-e-roubava-foi-preso\/\"]}]},{\"@type\":\"ImageObject\",\"inLanguage\":\"pt-BR\",\"@id\":\"https:\/\/nk7-testes.com.br\/agazeta\/indio-que-perguntava-as-horas-e-roubava-foi-preso\/#primaryimage\",\"url\":\"https:\/\/nk7-testes.com.br\/agazeta\/wp-content\/uploads\/2016\/07\/190716-policia-homempreso-cleriston.jpg\",\"contentUrl\":\"https:\/\/nk7-testes.com.br\/agazeta\/wp-content\/uploads\/2016\/07\/190716-policia-homempreso-cleriston.jpg\",\"width\":458,\"height\":340,\"caption\":\"190716-policia-homempreso-cleriston\"},{\"@type\":\"BreadcrumbList\",\"@id\":\"https:\/\/nk7-testes.com.br\/agazeta\/indio-que-perguntava-as-horas-e-roubava-foi-preso\/#breadcrumb\",\"itemListElement\":[{\"@type\":\"ListItem\",\"position\":1,\"name\":\"In\u00edcio\",\"item\":\"https:\/\/nk7-testes.com.br\/agazeta\/\"},{\"@type\":\"ListItem\",\"position\":2,\"name\":\"\u201c\u00cdndio\u201d que perguntava as horas e roubava foi preso\"}]},{\"@type\":\"WebSite\",\"@id\":\"https:\/\/nk7-testes.com.br\/agazeta\/#website\",\"url\":\"https:\/\/nk7-testes.com.br\/agazeta\/\",\"name\":\"Agazeta.net\",\"description\":\"Agazeta.net - Not\u00edcias de Rio Branco\/AC\",\"potentialAction\":[{\"@type\":\"SearchAction\",\"target\":{\"@type\":\"EntryPoint\",\"urlTemplate\":\"https:\/\/nk7-testes.com.br\/agazeta\/?s={search_term_string}\"},\"query-input\":{\"@type\":\"PropertyValueSpecification\",\"valueRequired\":true,\"valueName\":\"search_term_string\"}}],\"inLanguage\":\"pt-BR\"},{\"@type\":\"Person\",\"@id\":\"https:\/\/nk7-testes.com.br\/agazeta\/#\/schema\/person\/6d6e25cb0435eb4a02fd44d30b4e3020\",\"name\":\"Agazeta.Net\",\"url\":\"https:\/\/nk7-testes.com.br\/agazeta\/author\/agazeta\/\"}]}<\/script>\n<!-- \/ Yoast SEO plugin. -->","yoast_head_json":{"title":"\u201c\u00cdndio\u201d que perguntava as horas e roubava foi preso - Agazeta.net","robots":{"index":"index","follow":"follow","max-snippet":"max-snippet:-1","max-image-preview":"max-image-preview:large","max-video-preview":"max-video-preview:-1"},"canonical":"https:\/\/nk7-testes.com.br\/agazeta\/indio-que-perguntava-as-horas-e-roubava-foi-preso\/","og_locale":"pt_BR","og_type":"article","og_title":"\u201c\u00cdndio\u201d que perguntava as horas e roubava foi preso - Agazeta.net","og_description":"Pol\u00edcia Civil provou autoria e Justi\u00e7a mandou prender","og_url":"https:\/\/nk7-testes.com.br\/agazeta\/indio-que-perguntava-as-horas-e-roubava-foi-preso\/","og_site_name":"Agazeta.net","article_published_time":"2016-07-19T13:48:49+00:00","og_image":[{"width":458,"height":340,"url":"https:\/\/nk7-testes.com.br\/agazeta\/wp-content\/uploads\/2016\/07\/190716-policia-homempreso-cleriston.jpg","type":"image\/jpeg"}],"author":"Agazeta.Net","twitter_card":"summary_large_image","twitter_misc":{"Escrito por":"Agazeta.Net","Est. tempo de leitura":"1 minuto"},"schema":{"@context":"https:\/\/schema.org","@graph":[{"@type":"WebPage","@id":"https:\/\/nk7-testes.com.br\/agazeta\/indio-que-perguntava-as-horas-e-roubava-foi-preso\/","url":"https:\/\/nk7-testes.com.br\/agazeta\/indio-que-perguntava-as-horas-e-roubava-foi-preso\/","name":"\u201c\u00cdndio\u201d que perguntava as horas e roubava foi preso - Agazeta.net","isPartOf":{"@id":"https:\/\/nk7-testes.com.br\/agazeta\/#website"},"primaryImageOfPage":{"@id":"https:\/\/nk7-testes.com.br\/agazeta\/indio-que-perguntava-as-horas-e-roubava-foi-preso\/#primaryimage"},"image":{"@id":"https:\/\/nk7-testes.com.br\/agazeta\/indio-que-perguntava-as-horas-e-roubava-foi-preso\/#primaryimage"},"thumbnailUrl":"https:\/\/nk7-testes.com.br\/agazeta\/wp-content\/uploads\/2016\/07\/190716-policia-homempreso-cleriston.jpg","datePublished":"2016-07-19T13:48:49+00:00","author":{"@id":"https:\/\/nk7-testes.com.br\/agazeta\/#\/schema\/person\/6d6e25cb0435eb4a02fd44d30b4e3020"},"breadcrumb":{"@id":"https:\/\/nk7-testes.com.br\/agazeta\/indio-que-perguntava-as-horas-e-roubava-foi-preso\/#breadcrumb"},"inLanguage":"pt-BR","potentialAction":[{"@type":"ReadAction","target":["https:\/\/nk7-testes.com.br\/agazeta\/indio-que-perguntava-as-horas-e-roubava-foi-preso\/"]}]},{"@type":"ImageObject","inLanguage":"pt-BR","@id":"https:\/\/nk7-testes.com.br\/agazeta\/indio-que-perguntava-as-horas-e-roubava-foi-preso\/#primaryimage","url":"https:\/\/nk7-testes.com.br\/agazeta\/wp-content\/uploads\/2016\/07\/190716-policia-homempreso-cleriston.jpg","contentUrl":"https:\/\/nk7-testes.com.br\/agazeta\/wp-content\/uploads\/2016\/07\/190716-policia-homempreso-cleriston.jpg","width":458,"height":340,"caption":"190716-policia-homempreso-cleriston"},{"@type":"BreadcrumbList","@id":"https:\/\/nk7-testes.com.br\/agazeta\/indio-que-perguntava-as-horas-e-roubava-foi-preso\/#breadcrumb","itemListElement":[{"@type":"ListItem","position":1,"name":"In\u00edcio","item":"https:\/\/nk7-testes.com.br\/agazeta\/"},{"@type":"ListItem","position":2,"name":"\u201c\u00cdndio\u201d que perguntava as horas e roubava foi preso"}]},{"@type":"WebSite","@id":"https:\/\/nk7-testes.com.br\/agazeta\/#website","url":"https:\/\/nk7-testes.com.br\/agazeta\/","name":"Agazeta.net","description":"Agazeta.net - Not\u00edcias de Rio Branco\/AC","potentialAction":[{"@type":"SearchAction","target":{"@type":"EntryPoint","urlTemplate":"https:\/\/nk7-testes.com.br\/agazeta\/?s={search_term_string}"},"query-input":{"@type":"PropertyValueSpecification","valueRequired":true,"valueName":"search_term_string"}}],"inLanguage":"pt-BR"},{"@type":"Person","@id":"https:\/\/nk7-testes.com.br\/agazeta\/#\/schema\/person\/6d6e25cb0435eb4a02fd44d30b4e3020","name":"Agazeta.Net","url":"https:\/\/nk7-testes.com.br\/agazeta\/author\/agazeta\/"}]}},"_links":{"self":[{"href":"https:\/\/nk7-testes.com.br\/agazeta\/wp-json\/wp\/v2\/posts\/23932","targetHints":{"allow":["GET"]}}],"collection":[{"href":"https:\/\/nk7-testes.com.br\/agazeta\/wp-json\/wp\/v2\/posts"}],"about":[{"href":"https:\/\/nk7-testes.com.br\/agazeta\/wp-json\/wp\/v2\/types\/post"}],"author":[{"embeddable":true,"href":"https:\/\/nk7-testes.com.br\/agazeta\/wp-json\/wp\/v2\/users\/4"}],"replies":[{"embeddable":true,"href":"https:\/\/nk7-testes.com.br\/agazeta\/wp-json\/wp\/v2\/comments?post=23932"}],"version-history":[{"count":0,"href":"https:\/\/nk7-testes.com.br\/agazeta\/wp-json\/wp\/v2\/posts\/23932\/revisions"}],"wp:featuredmedia":[{"embeddable":true,"href":"https:\/\/nk7-testes.com.br\/agazeta\/wp-json\/wp\/v2\/media\/23931"}],"wp:attachment":[{"href":"https:\/\/nk7-testes.com.br\/agazeta\/wp-json\/wp\/v2\/media?parent=23932"}],"wp:term":[{"taxonomy":"category","embeddable":true,"href":"https:\/\/nk7-testes.com.br\/agazeta\/wp-json\/wp\/v2\/categories?post=23932"},{"taxonomy":"post_tag","embeddable":true,"href":"https:\/\/nk7-testes.com.br\/agazeta\/wp-json\/wp\/v2\/tags?post=23932"}],"curies":[{"name":"wp","href":"https:\/\/api.w.org\/{rel}","templated":true}]}}