{"id":23909,"date":"2016-07-18T14:17:23","date_gmt":"2016-07-18T14:17:23","guid":{"rendered":"https:\/\/abarevegan.com.br\/index.php\/2016\/07\/18\/ha-mais-de-200-moradores-de-rua-na-capital\/"},"modified":"2016-07-18T14:17:23","modified_gmt":"2016-07-18T14:17:23","slug":"ha-mais-de-200-moradores-de-rua-na-capital","status":"publish","type":"post","link":"https:\/\/nk7-testes.com.br\/agazeta\/ha-mais-de-200-moradores-de-rua-na-capital\/","title":{"rendered":"H\u00e1 mais de 200 moradores de rua na Capital"},"content":{"rendered":"<p>Depress\u00e3o se mistura \u00e0s drogas e alcoolismo<\/p>\n<p style=\"text-align: justify;\">Em Rio Branco, existem 214 moradores de rua, segundo dados da prefeitura. S\u00e3o 44 mulheres e os demais homens, na faixa et\u00e1ria entre 30 e 50 anos de idade. Os principais motivos que levaram \u00e0 situa\u00e7\u00e3o de rua s\u00e3o o alcoolismo e as drogas, desemprego e conflitos familiares.<\/p>\n<p style=\"text-align: justify;\">Quando a fam\u00edlia tem condi\u00e7\u00f5es, oferece a estrutura e o tratamento ao usu\u00e1rio, mas quando \u00e9 pobre a tend\u00eancia \u00e9 ir para a rua. Os conflitos familiares tamb\u00e9m s\u00e3o fatores primordiais. A perda do v\u00ednculo com a fam\u00edlia j\u00e1 se consolida como uma caracter\u00edstica da situa\u00e7\u00e3o de rua, independente de qual seja o motivo da briga.<\/p>\n<p style=\"text-align: justify;\">\u201cEssa situa\u00e7\u00e3o \u00e9 um desafio para o poder p\u00fablico, para as fam\u00edlias e para a sociedade como um todo\u201d, avalia a coordenadora do centro de referencia especializado para popula\u00e7\u00e3o em situa\u00e7\u00e3o de rua S\u00edlvia Alet\u00edcia.<\/p>\n<p style=\"text-align: justify;\">Em Rio Branco, existe o centro de refer\u00eancia especializado para popula\u00e7\u00e3o em situa\u00e7\u00e3o de rua, chamado POP. Uma equipe de profissionais da \u00e1rea de Assist\u00eancia Social trabalha dia e noite para ajudar os moradores de rua.<\/p>\n<p style=\"text-align: justify;\">No local, as pessoas recebem acolhimento e alimenta\u00e7\u00e3o, e depois passam por uma triagem pelos assistentes sociais e psic\u00f3logos. Mas, bem antes deles passarem por esse lugar, os educadores sociais v\u00e3o em busca de ajudar as pessoas em situa\u00e7\u00e3o de rua.<\/p>\n<p style=\"text-align: justify;\">Inaugurado em novembro do ano passado, a casa de acolhimento, localizada na Cidade Nova, perto da antiga rodovi\u00e1ria, \u00e9 o ponto de refer\u00eancia para essas pessoas. O espa\u00e7o \u00e9 composto de alojamento com 20 vagas para homens e 10 para mulheres. O ambiente conta com lavanderia, sala de v\u00eddeo, banheiros, cozinha e consult\u00f3rios.<\/p>\n<p style=\"text-align: justify;\">O cuidado com essas pessoas \u00e9 intenso. A situa\u00e7\u00e3o \u00e9 um desafio para os servidores que n\u00e3o medem esfor\u00e7os para tentar reintegrar eles ao seio familiar e a sociedade.<br \/>Muitos aceitam ajuda e compartilham seus dramas. J\u00e1 outros se fecham e preferem a solid\u00e3o como parceira.<\/p>\n","protected":false},"excerpt":{"rendered":"<p>Depress\u00e3o se mistura \u00e0s drogas e alcoolismo<\/p>\n","protected":false},"author":4,"featured_media":23908,"comment_status":"open","ping_status":"open","sticky":false,"template":"","format":"standard","meta":{"jnews-multi-image_gallery":[],"jnews_single_post":[],"jnews_primary_category":[],"jnews_social_meta":[],"jnews_review":[],"enable_review":"","type":"","name":"","summary":"","brand":"","sku":"","good":[],"bad":[],"score_override":"","override_value":"","rating":[],"price":[],"footnotes":""},"categories":[54],"tags":[],"class_list":["post-23909","post","type-post","status-publish","format-standard","has-post-thumbnail","hentry","category-cotidiano"],"yoast_head":"<!-- This site is optimized with the Yoast SEO plugin v26.5 - https:\/\/yoast.com\/wordpress\/plugins\/seo\/ -->\n<title>H\u00e1 mais de 200 moradores de rua na Capital - Agazeta.net<\/title>\n<meta name=\"robots\" content=\"index, follow, max-snippet:-1, max-image-preview:large, max-video-preview:-1\" \/>\n<link rel=\"canonical\" href=\"https:\/\/nk7-testes.com.br\/agazeta\/ha-mais-de-200-moradores-de-rua-na-capital\/\" \/>\n<meta property=\"og:locale\" content=\"pt_BR\" \/>\n<meta property=\"og:type\" content=\"article\" \/>\n<meta property=\"og:title\" content=\"H\u00e1 mais de 200 moradores de rua na Capital - Agazeta.net\" \/>\n<meta property=\"og:description\" content=\"Depress\u00e3o se mistura \u00e0s drogas e alcoolismo\" \/>\n<meta property=\"og:url\" content=\"https:\/\/nk7-testes.com.br\/agazeta\/ha-mais-de-200-moradores-de-rua-na-capital\/\" \/>\n<meta property=\"og:site_name\" content=\"Agazeta.net\" \/>\n<meta property=\"article:published_time\" content=\"2016-07-18T14:17:23+00:00\" \/>\n<meta property=\"og:image\" content=\"https:\/\/nk7-testes.com.br\/agazeta\/wp-content\/uploads\/2016\/07\/180716-cotidiano-moradoresderua-tvgazeta2.jpg\" \/>\n\t<meta property=\"og:image:width\" content=\"458\" \/>\n\t<meta property=\"og:image:height\" content=\"340\" \/>\n\t<meta property=\"og:image:type\" content=\"image\/jpeg\" \/>\n<meta name=\"author\" content=\"Agazeta.Net\" \/>\n<meta name=\"twitter:card\" content=\"summary_large_image\" \/>\n<meta name=\"twitter:label1\" content=\"Escrito por\" \/>\n\t<meta name=\"twitter:data1\" content=\"Agazeta.Net\" \/>\n\t<meta name=\"twitter:label2\" content=\"Est. tempo de leitura\" \/>\n\t<meta name=\"twitter:data2\" content=\"2 minutos\" \/>\n<script type=\"application\/ld+json\" class=\"yoast-schema-graph\">{\"@context\":\"https:\/\/schema.org\",\"@graph\":[{\"@type\":\"WebPage\",\"@id\":\"https:\/\/nk7-testes.com.br\/agazeta\/ha-mais-de-200-moradores-de-rua-na-capital\/\",\"url\":\"https:\/\/nk7-testes.com.br\/agazeta\/ha-mais-de-200-moradores-de-rua-na-capital\/\",\"name\":\"H\u00e1 mais de 200 moradores de rua na Capital - Agazeta.net\",\"isPartOf\":{\"@id\":\"https:\/\/nk7-testes.com.br\/agazeta\/#website\"},\"primaryImageOfPage\":{\"@id\":\"https:\/\/nk7-testes.com.br\/agazeta\/ha-mais-de-200-moradores-de-rua-na-capital\/#primaryimage\"},\"image\":{\"@id\":\"https:\/\/nk7-testes.com.br\/agazeta\/ha-mais-de-200-moradores-de-rua-na-capital\/#primaryimage\"},\"thumbnailUrl\":\"https:\/\/nk7-testes.com.br\/agazeta\/wp-content\/uploads\/2016\/07\/180716-cotidiano-moradoresderua-tvgazeta2.jpg\",\"datePublished\":\"2016-07-18T14:17:23+00:00\",\"author\":{\"@id\":\"https:\/\/nk7-testes.com.br\/agazeta\/#\/schema\/person\/6d6e25cb0435eb4a02fd44d30b4e3020\"},\"breadcrumb\":{\"@id\":\"https:\/\/nk7-testes.com.br\/agazeta\/ha-mais-de-200-moradores-de-rua-na-capital\/#breadcrumb\"},\"inLanguage\":\"pt-BR\",\"potentialAction\":[{\"@type\":\"ReadAction\",\"target\":[\"https:\/\/nk7-testes.com.br\/agazeta\/ha-mais-de-200-moradores-de-rua-na-capital\/\"]}]},{\"@type\":\"ImageObject\",\"inLanguage\":\"pt-BR\",\"@id\":\"https:\/\/nk7-testes.com.br\/agazeta\/ha-mais-de-200-moradores-de-rua-na-capital\/#primaryimage\",\"url\":\"https:\/\/nk7-testes.com.br\/agazeta\/wp-content\/uploads\/2016\/07\/180716-cotidiano-moradoresderua-tvgazeta2.jpg\",\"contentUrl\":\"https:\/\/nk7-testes.com.br\/agazeta\/wp-content\/uploads\/2016\/07\/180716-cotidiano-moradoresderua-tvgazeta2.jpg\",\"width\":458,\"height\":340,\"caption\":\"180716-cotidiano-moradoresderua-tvgazeta2\"},{\"@type\":\"BreadcrumbList\",\"@id\":\"https:\/\/nk7-testes.com.br\/agazeta\/ha-mais-de-200-moradores-de-rua-na-capital\/#breadcrumb\",\"itemListElement\":[{\"@type\":\"ListItem\",\"position\":1,\"name\":\"In\u00edcio\",\"item\":\"https:\/\/nk7-testes.com.br\/agazeta\/\"},{\"@type\":\"ListItem\",\"position\":2,\"name\":\"H\u00e1 mais de 200 moradores de rua na Capital\"}]},{\"@type\":\"WebSite\",\"@id\":\"https:\/\/nk7-testes.com.br\/agazeta\/#website\",\"url\":\"https:\/\/nk7-testes.com.br\/agazeta\/\",\"name\":\"Agazeta.net\",\"description\":\"Agazeta.net - Not\u00edcias de Rio Branco\/AC\",\"potentialAction\":[{\"@type\":\"SearchAction\",\"target\":{\"@type\":\"EntryPoint\",\"urlTemplate\":\"https:\/\/nk7-testes.com.br\/agazeta\/?s={search_term_string}\"},\"query-input\":{\"@type\":\"PropertyValueSpecification\",\"valueRequired\":true,\"valueName\":\"search_term_string\"}}],\"inLanguage\":\"pt-BR\"},{\"@type\":\"Person\",\"@id\":\"https:\/\/nk7-testes.com.br\/agazeta\/#\/schema\/person\/6d6e25cb0435eb4a02fd44d30b4e3020\",\"name\":\"Agazeta.Net\",\"url\":\"https:\/\/nk7-testes.com.br\/agazeta\/author\/agazeta\/\"}]}<\/script>\n<!-- \/ Yoast SEO plugin. -->","yoast_head_json":{"title":"H\u00e1 mais de 200 moradores de rua na Capital - Agazeta.net","robots":{"index":"index","follow":"follow","max-snippet":"max-snippet:-1","max-image-preview":"max-image-preview:large","max-video-preview":"max-video-preview:-1"},"canonical":"https:\/\/nk7-testes.com.br\/agazeta\/ha-mais-de-200-moradores-de-rua-na-capital\/","og_locale":"pt_BR","og_type":"article","og_title":"H\u00e1 mais de 200 moradores de rua na Capital - Agazeta.net","og_description":"Depress\u00e3o se mistura \u00e0s drogas e alcoolismo","og_url":"https:\/\/nk7-testes.com.br\/agazeta\/ha-mais-de-200-moradores-de-rua-na-capital\/","og_site_name":"Agazeta.net","article_published_time":"2016-07-18T14:17:23+00:00","og_image":[{"width":458,"height":340,"url":"https:\/\/nk7-testes.com.br\/agazeta\/wp-content\/uploads\/2016\/07\/180716-cotidiano-moradoresderua-tvgazeta2.jpg","type":"image\/jpeg"}],"author":"Agazeta.Net","twitter_card":"summary_large_image","twitter_misc":{"Escrito por":"Agazeta.Net","Est. tempo de leitura":"2 minutos"},"schema":{"@context":"https:\/\/schema.org","@graph":[{"@type":"WebPage","@id":"https:\/\/nk7-testes.com.br\/agazeta\/ha-mais-de-200-moradores-de-rua-na-capital\/","url":"https:\/\/nk7-testes.com.br\/agazeta\/ha-mais-de-200-moradores-de-rua-na-capital\/","name":"H\u00e1 mais de 200 moradores de rua na Capital - Agazeta.net","isPartOf":{"@id":"https:\/\/nk7-testes.com.br\/agazeta\/#website"},"primaryImageOfPage":{"@id":"https:\/\/nk7-testes.com.br\/agazeta\/ha-mais-de-200-moradores-de-rua-na-capital\/#primaryimage"},"image":{"@id":"https:\/\/nk7-testes.com.br\/agazeta\/ha-mais-de-200-moradores-de-rua-na-capital\/#primaryimage"},"thumbnailUrl":"https:\/\/nk7-testes.com.br\/agazeta\/wp-content\/uploads\/2016\/07\/180716-cotidiano-moradoresderua-tvgazeta2.jpg","datePublished":"2016-07-18T14:17:23+00:00","author":{"@id":"https:\/\/nk7-testes.com.br\/agazeta\/#\/schema\/person\/6d6e25cb0435eb4a02fd44d30b4e3020"},"breadcrumb":{"@id":"https:\/\/nk7-testes.com.br\/agazeta\/ha-mais-de-200-moradores-de-rua-na-capital\/#breadcrumb"},"inLanguage":"pt-BR","potentialAction":[{"@type":"ReadAction","target":["https:\/\/nk7-testes.com.br\/agazeta\/ha-mais-de-200-moradores-de-rua-na-capital\/"]}]},{"@type":"ImageObject","inLanguage":"pt-BR","@id":"https:\/\/nk7-testes.com.br\/agazeta\/ha-mais-de-200-moradores-de-rua-na-capital\/#primaryimage","url":"https:\/\/nk7-testes.com.br\/agazeta\/wp-content\/uploads\/2016\/07\/180716-cotidiano-moradoresderua-tvgazeta2.jpg","contentUrl":"https:\/\/nk7-testes.com.br\/agazeta\/wp-content\/uploads\/2016\/07\/180716-cotidiano-moradoresderua-tvgazeta2.jpg","width":458,"height":340,"caption":"180716-cotidiano-moradoresderua-tvgazeta2"},{"@type":"BreadcrumbList","@id":"https:\/\/nk7-testes.com.br\/agazeta\/ha-mais-de-200-moradores-de-rua-na-capital\/#breadcrumb","itemListElement":[{"@type":"ListItem","position":1,"name":"In\u00edcio","item":"https:\/\/nk7-testes.com.br\/agazeta\/"},{"@type":"ListItem","position":2,"name":"H\u00e1 mais de 200 moradores de rua na Capital"}]},{"@type":"WebSite","@id":"https:\/\/nk7-testes.com.br\/agazeta\/#website","url":"https:\/\/nk7-testes.com.br\/agazeta\/","name":"Agazeta.net","description":"Agazeta.net - Not\u00edcias de Rio Branco\/AC","potentialAction":[{"@type":"SearchAction","target":{"@type":"EntryPoint","urlTemplate":"https:\/\/nk7-testes.com.br\/agazeta\/?s={search_term_string}"},"query-input":{"@type":"PropertyValueSpecification","valueRequired":true,"valueName":"search_term_string"}}],"inLanguage":"pt-BR"},{"@type":"Person","@id":"https:\/\/nk7-testes.com.br\/agazeta\/#\/schema\/person\/6d6e25cb0435eb4a02fd44d30b4e3020","name":"Agazeta.Net","url":"https:\/\/nk7-testes.com.br\/agazeta\/author\/agazeta\/"}]}},"_links":{"self":[{"href":"https:\/\/nk7-testes.com.br\/agazeta\/wp-json\/wp\/v2\/posts\/23909","targetHints":{"allow":["GET"]}}],"collection":[{"href":"https:\/\/nk7-testes.com.br\/agazeta\/wp-json\/wp\/v2\/posts"}],"about":[{"href":"https:\/\/nk7-testes.com.br\/agazeta\/wp-json\/wp\/v2\/types\/post"}],"author":[{"embeddable":true,"href":"https:\/\/nk7-testes.com.br\/agazeta\/wp-json\/wp\/v2\/users\/4"}],"replies":[{"embeddable":true,"href":"https:\/\/nk7-testes.com.br\/agazeta\/wp-json\/wp\/v2\/comments?post=23909"}],"version-history":[{"count":0,"href":"https:\/\/nk7-testes.com.br\/agazeta\/wp-json\/wp\/v2\/posts\/23909\/revisions"}],"wp:featuredmedia":[{"embeddable":true,"href":"https:\/\/nk7-testes.com.br\/agazeta\/wp-json\/wp\/v2\/media\/23908"}],"wp:attachment":[{"href":"https:\/\/nk7-testes.com.br\/agazeta\/wp-json\/wp\/v2\/media?parent=23909"}],"wp:term":[{"taxonomy":"category","embeddable":true,"href":"https:\/\/nk7-testes.com.br\/agazeta\/wp-json\/wp\/v2\/categories?post=23909"},{"taxonomy":"post_tag","embeddable":true,"href":"https:\/\/nk7-testes.com.br\/agazeta\/wp-json\/wp\/v2\/tags?post=23909"}],"curies":[{"name":"wp","href":"https:\/\/api.w.org\/{rel}","templated":true}]}}