{"id":23901,"date":"2016-07-16T18:15:16","date_gmt":"2016-07-16T18:15:16","guid":{"rendered":"https:\/\/abarevegan.com.br\/index.php\/2016\/07\/16\/nicolas-e-matheus-gravam-primeiro-dvd-promocional\/"},"modified":"2016-07-16T18:15:16","modified_gmt":"2016-07-16T18:15:16","slug":"nicolas-e-matheus-gravam-primeiro-dvd-promocional","status":"publish","type":"post","link":"https:\/\/nk7-testes.com.br\/agazeta\/nicolas-e-matheus-gravam-primeiro-dvd-promocional\/","title":{"rendered":"Nicolas e Matheus gravam primeiro DVD Promocional"},"content":{"rendered":"<p style=\"text-align: justify;\">Grava\u00e7\u00e3o ocorre neste s\u00e1bado na Vaca Loca<\/p>\n<p style=\"text-align: justify;\">A dupla revela\u00e7\u00e3o da m\u00fasica acriana, Nicolas e Matheus, grava neste s\u00e1bado, 16, na Vaca Loca, um DVD promocional para divulgar o trabalho. Sucesso nas casas noturnas de Rio Branco, a dupla agora se prepara para encarar o mercado nacional.<\/p>\n<p style=\"text-align: justify;\">Naturais de Sena Madureira, Nicolas e Matheus conquistaram o p\u00fablico de Rio Branco com muita simpatia, talento e com apresenta\u00e7\u00f5es nas casas noturnas que levam o p\u00fablico ao del\u00edrio.<\/p>\n<p style=\"text-align: justify;\">Para a grava\u00e7\u00e3o do primeiro DVD ao Vivo, a dupla promete um show para ficar marcado na mem\u00f3ria dos amantes da boa m\u00fasica. \u201cEstamos preparando um grande show para nosso p\u00fablico. Vamos cantar m\u00fasicas autorais, mas tamb\u00e9m grandes sucessos da m\u00fasica brasileira\u201d, destaca Nicolas Maia.<\/p>\n<p style=\"text-align: justify;\">A grava\u00e7\u00e3o do DVD contar\u00e1 com uma estrutura especial que foi montada na Vaca Loca, com ilumina\u00e7\u00e3o, sonoriza\u00e7\u00e3o e c\u00e2meras especiais. \u201cSer\u00e1 um DVD Promocional, mas estamos com uma estrutura semelhante a utilizada no sul do pa\u00eds. Estamos levando esse trabalho muito a s\u00e9rio, para garantir um grande show para nosso p\u00fablico\u201d, assegura Matheus Sampaio.<\/p>\n<p style=\"text-align: justify;\">O f\u00e3 clube da dupla promete lotar a Vaca Loca e cantar os grandes sucessos da dupla. Nicolas e Matheus v\u00e3o cantar, entre outras m\u00fasicas, \u201cQue Sofr\u00eancia e Mudei o DDD\u201d. O primeiro DVD ser\u00e1 gravado como parte do projeto da dupla que \u00e9 gravar, no Acre, o primeiro CD e DVD ao Vivo com m\u00fasicas autorais.<\/p>\n","protected":false},"excerpt":{"rendered":"<p style=\"text-align: justify;\">Grava\u00e7\u00e3o ocorre neste s\u00e1bado na Vaca Loca<\/p>\n","protected":false},"author":4,"featured_media":23900,"comment_status":"open","ping_status":"open","sticky":false,"template":"","format":"standard","meta":{"jnews-multi-image_gallery":[],"jnews_single_post":[],"jnews_primary_category":[],"jnews_social_meta":[],"jnews_review":[],"enable_review":"","type":"","name":"","summary":"","brand":"","sku":"","good":[],"bad":[],"score_override":"","override_value":"","rating":[],"price":[],"footnotes":""},"categories":[54],"tags":[],"class_list":["post-23901","post","type-post","status-publish","format-standard","has-post-thumbnail","hentry","category-cotidiano"],"yoast_head":"<!-- This site is optimized with the Yoast SEO plugin v26.5 - https:\/\/yoast.com\/wordpress\/plugins\/seo\/ -->\n<title>Nicolas e Matheus gravam primeiro DVD Promocional - Agazeta.net<\/title>\n<meta name=\"robots\" content=\"index, follow, max-snippet:-1, max-image-preview:large, max-video-preview:-1\" \/>\n<link rel=\"canonical\" href=\"https:\/\/nk7-testes.com.br\/agazeta\/nicolas-e-matheus-gravam-primeiro-dvd-promocional\/\" \/>\n<meta property=\"og:locale\" content=\"pt_BR\" \/>\n<meta property=\"og:type\" content=\"article\" \/>\n<meta property=\"og:title\" content=\"Nicolas e Matheus gravam primeiro DVD Promocional - Agazeta.net\" \/>\n<meta property=\"og:description\" content=\"Grava\u00e7\u00e3o ocorre neste s\u00e1bado na Vaca Loca\" \/>\n<meta property=\"og:url\" content=\"https:\/\/nk7-testes.com.br\/agazeta\/nicolas-e-matheus-gravam-primeiro-dvd-promocional\/\" \/>\n<meta property=\"og:site_name\" content=\"Agazeta.net\" \/>\n<meta property=\"article:published_time\" content=\"2016-07-16T18:15:16+00:00\" \/>\n<meta property=\"og:image\" content=\"https:\/\/nk7-testes.com.br\/agazeta\/wp-content\/uploads\/2016\/07\/150716-cotidiano-rutembergpidao-divulgacao.jpg\" \/>\n\t<meta property=\"og:image:width\" content=\"458\" \/>\n\t<meta property=\"og:image:height\" content=\"340\" \/>\n\t<meta property=\"og:image:type\" content=\"image\/jpeg\" \/>\n<meta name=\"author\" content=\"Agazeta.Net\" \/>\n<meta name=\"twitter:card\" content=\"summary_large_image\" \/>\n<meta name=\"twitter:label1\" content=\"Escrito por\" \/>\n\t<meta name=\"twitter:data1\" content=\"Agazeta.Net\" \/>\n\t<meta name=\"twitter:label2\" content=\"Est. tempo de leitura\" \/>\n\t<meta name=\"twitter:data2\" content=\"1 minuto\" \/>\n<script type=\"application\/ld+json\" class=\"yoast-schema-graph\">{\"@context\":\"https:\/\/schema.org\",\"@graph\":[{\"@type\":\"WebPage\",\"@id\":\"https:\/\/nk7-testes.com.br\/agazeta\/nicolas-e-matheus-gravam-primeiro-dvd-promocional\/\",\"url\":\"https:\/\/nk7-testes.com.br\/agazeta\/nicolas-e-matheus-gravam-primeiro-dvd-promocional\/\",\"name\":\"Nicolas e Matheus gravam primeiro DVD Promocional - Agazeta.net\",\"isPartOf\":{\"@id\":\"https:\/\/nk7-testes.com.br\/agazeta\/#website\"},\"primaryImageOfPage\":{\"@id\":\"https:\/\/nk7-testes.com.br\/agazeta\/nicolas-e-matheus-gravam-primeiro-dvd-promocional\/#primaryimage\"},\"image\":{\"@id\":\"https:\/\/nk7-testes.com.br\/agazeta\/nicolas-e-matheus-gravam-primeiro-dvd-promocional\/#primaryimage\"},\"thumbnailUrl\":\"https:\/\/nk7-testes.com.br\/agazeta\/wp-content\/uploads\/2016\/07\/150716-cotidiano-rutembergpidao-divulgacao.jpg\",\"datePublished\":\"2016-07-16T18:15:16+00:00\",\"author\":{\"@id\":\"https:\/\/nk7-testes.com.br\/agazeta\/#\/schema\/person\/6d6e25cb0435eb4a02fd44d30b4e3020\"},\"breadcrumb\":{\"@id\":\"https:\/\/nk7-testes.com.br\/agazeta\/nicolas-e-matheus-gravam-primeiro-dvd-promocional\/#breadcrumb\"},\"inLanguage\":\"pt-BR\",\"potentialAction\":[{\"@type\":\"ReadAction\",\"target\":[\"https:\/\/nk7-testes.com.br\/agazeta\/nicolas-e-matheus-gravam-primeiro-dvd-promocional\/\"]}]},{\"@type\":\"ImageObject\",\"inLanguage\":\"pt-BR\",\"@id\":\"https:\/\/nk7-testes.com.br\/agazeta\/nicolas-e-matheus-gravam-primeiro-dvd-promocional\/#primaryimage\",\"url\":\"https:\/\/nk7-testes.com.br\/agazeta\/wp-content\/uploads\/2016\/07\/150716-cotidiano-rutembergpidao-divulgacao.jpg\",\"contentUrl\":\"https:\/\/nk7-testes.com.br\/agazeta\/wp-content\/uploads\/2016\/07\/150716-cotidiano-rutembergpidao-divulgacao.jpg\",\"width\":458,\"height\":340,\"caption\":\"150716-cotidiano-rutembergpidao-divulgacao\"},{\"@type\":\"BreadcrumbList\",\"@id\":\"https:\/\/nk7-testes.com.br\/agazeta\/nicolas-e-matheus-gravam-primeiro-dvd-promocional\/#breadcrumb\",\"itemListElement\":[{\"@type\":\"ListItem\",\"position\":1,\"name\":\"In\u00edcio\",\"item\":\"https:\/\/nk7-testes.com.br\/agazeta\/\"},{\"@type\":\"ListItem\",\"position\":2,\"name\":\"Nicolas e Matheus gravam primeiro DVD Promocional\"}]},{\"@type\":\"WebSite\",\"@id\":\"https:\/\/nk7-testes.com.br\/agazeta\/#website\",\"url\":\"https:\/\/nk7-testes.com.br\/agazeta\/\",\"name\":\"Agazeta.net\",\"description\":\"Agazeta.net - Not\u00edcias de Rio Branco\/AC\",\"potentialAction\":[{\"@type\":\"SearchAction\",\"target\":{\"@type\":\"EntryPoint\",\"urlTemplate\":\"https:\/\/nk7-testes.com.br\/agazeta\/?s={search_term_string}\"},\"query-input\":{\"@type\":\"PropertyValueSpecification\",\"valueRequired\":true,\"valueName\":\"search_term_string\"}}],\"inLanguage\":\"pt-BR\"},{\"@type\":\"Person\",\"@id\":\"https:\/\/nk7-testes.com.br\/agazeta\/#\/schema\/person\/6d6e25cb0435eb4a02fd44d30b4e3020\",\"name\":\"Agazeta.Net\",\"url\":\"https:\/\/nk7-testes.com.br\/agazeta\/author\/agazeta\/\"}]}<\/script>\n<!-- \/ Yoast SEO plugin. -->","yoast_head_json":{"title":"Nicolas e Matheus gravam primeiro DVD Promocional - Agazeta.net","robots":{"index":"index","follow":"follow","max-snippet":"max-snippet:-1","max-image-preview":"max-image-preview:large","max-video-preview":"max-video-preview:-1"},"canonical":"https:\/\/nk7-testes.com.br\/agazeta\/nicolas-e-matheus-gravam-primeiro-dvd-promocional\/","og_locale":"pt_BR","og_type":"article","og_title":"Nicolas e Matheus gravam primeiro DVD Promocional - Agazeta.net","og_description":"Grava\u00e7\u00e3o ocorre neste s\u00e1bado na Vaca Loca","og_url":"https:\/\/nk7-testes.com.br\/agazeta\/nicolas-e-matheus-gravam-primeiro-dvd-promocional\/","og_site_name":"Agazeta.net","article_published_time":"2016-07-16T18:15:16+00:00","og_image":[{"width":458,"height":340,"url":"https:\/\/nk7-testes.com.br\/agazeta\/wp-content\/uploads\/2016\/07\/150716-cotidiano-rutembergpidao-divulgacao.jpg","type":"image\/jpeg"}],"author":"Agazeta.Net","twitter_card":"summary_large_image","twitter_misc":{"Escrito por":"Agazeta.Net","Est. tempo de leitura":"1 minuto"},"schema":{"@context":"https:\/\/schema.org","@graph":[{"@type":"WebPage","@id":"https:\/\/nk7-testes.com.br\/agazeta\/nicolas-e-matheus-gravam-primeiro-dvd-promocional\/","url":"https:\/\/nk7-testes.com.br\/agazeta\/nicolas-e-matheus-gravam-primeiro-dvd-promocional\/","name":"Nicolas e Matheus gravam primeiro DVD Promocional - Agazeta.net","isPartOf":{"@id":"https:\/\/nk7-testes.com.br\/agazeta\/#website"},"primaryImageOfPage":{"@id":"https:\/\/nk7-testes.com.br\/agazeta\/nicolas-e-matheus-gravam-primeiro-dvd-promocional\/#primaryimage"},"image":{"@id":"https:\/\/nk7-testes.com.br\/agazeta\/nicolas-e-matheus-gravam-primeiro-dvd-promocional\/#primaryimage"},"thumbnailUrl":"https:\/\/nk7-testes.com.br\/agazeta\/wp-content\/uploads\/2016\/07\/150716-cotidiano-rutembergpidao-divulgacao.jpg","datePublished":"2016-07-16T18:15:16+00:00","author":{"@id":"https:\/\/nk7-testes.com.br\/agazeta\/#\/schema\/person\/6d6e25cb0435eb4a02fd44d30b4e3020"},"breadcrumb":{"@id":"https:\/\/nk7-testes.com.br\/agazeta\/nicolas-e-matheus-gravam-primeiro-dvd-promocional\/#breadcrumb"},"inLanguage":"pt-BR","potentialAction":[{"@type":"ReadAction","target":["https:\/\/nk7-testes.com.br\/agazeta\/nicolas-e-matheus-gravam-primeiro-dvd-promocional\/"]}]},{"@type":"ImageObject","inLanguage":"pt-BR","@id":"https:\/\/nk7-testes.com.br\/agazeta\/nicolas-e-matheus-gravam-primeiro-dvd-promocional\/#primaryimage","url":"https:\/\/nk7-testes.com.br\/agazeta\/wp-content\/uploads\/2016\/07\/150716-cotidiano-rutembergpidao-divulgacao.jpg","contentUrl":"https:\/\/nk7-testes.com.br\/agazeta\/wp-content\/uploads\/2016\/07\/150716-cotidiano-rutembergpidao-divulgacao.jpg","width":458,"height":340,"caption":"150716-cotidiano-rutembergpidao-divulgacao"},{"@type":"BreadcrumbList","@id":"https:\/\/nk7-testes.com.br\/agazeta\/nicolas-e-matheus-gravam-primeiro-dvd-promocional\/#breadcrumb","itemListElement":[{"@type":"ListItem","position":1,"name":"In\u00edcio","item":"https:\/\/nk7-testes.com.br\/agazeta\/"},{"@type":"ListItem","position":2,"name":"Nicolas e Matheus gravam primeiro DVD Promocional"}]},{"@type":"WebSite","@id":"https:\/\/nk7-testes.com.br\/agazeta\/#website","url":"https:\/\/nk7-testes.com.br\/agazeta\/","name":"Agazeta.net","description":"Agazeta.net - Not\u00edcias de Rio Branco\/AC","potentialAction":[{"@type":"SearchAction","target":{"@type":"EntryPoint","urlTemplate":"https:\/\/nk7-testes.com.br\/agazeta\/?s={search_term_string}"},"query-input":{"@type":"PropertyValueSpecification","valueRequired":true,"valueName":"search_term_string"}}],"inLanguage":"pt-BR"},{"@type":"Person","@id":"https:\/\/nk7-testes.com.br\/agazeta\/#\/schema\/person\/6d6e25cb0435eb4a02fd44d30b4e3020","name":"Agazeta.Net","url":"https:\/\/nk7-testes.com.br\/agazeta\/author\/agazeta\/"}]}},"_links":{"self":[{"href":"https:\/\/nk7-testes.com.br\/agazeta\/wp-json\/wp\/v2\/posts\/23901","targetHints":{"allow":["GET"]}}],"collection":[{"href":"https:\/\/nk7-testes.com.br\/agazeta\/wp-json\/wp\/v2\/posts"}],"about":[{"href":"https:\/\/nk7-testes.com.br\/agazeta\/wp-json\/wp\/v2\/types\/post"}],"author":[{"embeddable":true,"href":"https:\/\/nk7-testes.com.br\/agazeta\/wp-json\/wp\/v2\/users\/4"}],"replies":[{"embeddable":true,"href":"https:\/\/nk7-testes.com.br\/agazeta\/wp-json\/wp\/v2\/comments?post=23901"}],"version-history":[{"count":0,"href":"https:\/\/nk7-testes.com.br\/agazeta\/wp-json\/wp\/v2\/posts\/23901\/revisions"}],"wp:featuredmedia":[{"embeddable":true,"href":"https:\/\/nk7-testes.com.br\/agazeta\/wp-json\/wp\/v2\/media\/23900"}],"wp:attachment":[{"href":"https:\/\/nk7-testes.com.br\/agazeta\/wp-json\/wp\/v2\/media?parent=23901"}],"wp:term":[{"taxonomy":"category","embeddable":true,"href":"https:\/\/nk7-testes.com.br\/agazeta\/wp-json\/wp\/v2\/categories?post=23901"},{"taxonomy":"post_tag","embeddable":true,"href":"https:\/\/nk7-testes.com.br\/agazeta\/wp-json\/wp\/v2\/tags?post=23901"}],"curies":[{"name":"wp","href":"https:\/\/api.w.org\/{rel}","templated":true}]}}