{"id":23885,"date":"2016-07-15T20:27:21","date_gmt":"2016-07-15T20:27:21","guid":{"rendered":"https:\/\/abarevegan.com.br\/index.php\/2016\/07\/15\/thais-manchini-atendimento-diferenciado\/"},"modified":"2016-07-15T20:27:21","modified_gmt":"2016-07-15T20:27:21","slug":"thais-manchini-atendimento-diferenciado","status":"publish","type":"post","link":"https:\/\/nk7-testes.com.br\/agazeta\/thais-manchini-atendimento-diferenciado\/","title":{"rendered":"Pol\u00edcia prende quatro envolvidos em sequestro de Tha\u00eds Manchini"},"content":{"rendered":"<p style=\"text-align: justify;\">Pol\u00edcia Militar, Civil e For\u00e7a Nacional mobilizadas<\/p>\n<p style=\"text-align: justify;\">A pol\u00edcia prendeu os quatro jovens que participaram do sequestro de Tha\u00eds Manchini e do roubo da caminhonete Hilux. Al\u00e9m do ve\u00edculo apreendido, os policiais tamb\u00e9m apreenderam a motocicleta usada pelo grupo que sequestrou a jovem na noite de quinta-feira. eles n\u00e3o comoetram nenhum tipo de viol\u00eancia f\u00edsica. Abandonaram Manchini na BR-364, na sa\u00edda de Rio Branco.<\/p>\n<p style=\"text-align: justify;\">A pris\u00e3o dos tr\u00eas assaltantes ocorreu na Vila Campinas, distrito de Acrel\u00e2ndia. Outras duas pessoas ainda est\u00e3o sendo procuradas. Representantes da Pol\u00edcia Civil participam de mais uma entrevista coletiva em que explicam como foi feita a investiga\u00e7\u00e3o da filha do procurador do Estado, Edson Manchini.<\/p>\n<p style=\"text-align: justify;\"><strong>O Fato:<\/strong> Depois de passar o terror de ser sequestrada e ficar na mira de rev\u00f3lveres por tr\u00eas horas, a jovem Thais Manchini de 21 anos, prestou depoimento na sede da Pol\u00edcia Civil na avenida Ant\u00f4nio da Rocha Viana.<\/p>\n<p style=\"text-align: justify;\">Geralmente, as v\u00edtimas desse tipo de crime v\u00e3o para a apertada Delegacia Antiassalto, mas, a filha do procurador do Estado, Edson Manchini, do alto escal\u00e3o do governo, recebeu tratamento diferenciado.<\/p>\n<p style=\"text-align: justify;\">Na verdade, as benesses come\u00e7aram nas buscas da pol\u00edcia.&nbsp; A secretaria de Seguran\u00e7a preparou uma verdadeira for\u00e7a tarefa para atender a esse caso. Ao mesmo tempo, todas viaturas das pol\u00edcias Civil, Militar, For\u00e7a Nacional e Corpo de Bombeiros come\u00e7aram as buscas a Thais Manchini.<\/p>\n<p style=\"text-align: justify;\">O crime aconteceu \u00e0s 21:30 dessa quinta-feira quando os bandidos abordaram a mo\u00e7a na sa\u00edda da casa do namorado no bairro Tropical. Dentro de casa, o namorado viu a a\u00e7\u00e3o dos bandidos que renderam Thais quando entrava na sua camionete Hilux. Rapidamente, o homem que n\u00e3o foi identificado telefonou para a pol\u00edcia e a fam\u00edlia.<\/p>\n<p style=\"text-align: justify;\">Nas redes sociais, o caso ganhou repercuss\u00e3o. Todos tentavam ajudar a encontrar a garota e carro. Por sorte, tr\u00eas horas depois a jovem foi abandonada pr\u00f3ximo ao bairro Cidade do Povo na BR-364. A pol\u00edcia ainda n\u00e3o tem pistas do ve\u00edculo.<\/p>\n","protected":false},"excerpt":{"rendered":"<p style=\"text-align: justify;\">Pol\u00edcia Militar, Civil e For\u00e7a Nacional mobilizadas<\/p>\n","protected":false},"author":4,"featured_media":23884,"comment_status":"open","ping_status":"open","sticky":false,"template":"","format":"standard","meta":{"jnews-multi-image_gallery":[],"jnews_single_post":[],"jnews_primary_category":[],"jnews_social_meta":[],"jnews_review":[],"enable_review":"","type":"","name":"","summary":"","brand":"","sku":"","good":[],"bad":[],"score_override":"","override_value":"","rating":[],"price":[],"footnotes":""},"categories":[44],"tags":[],"class_list":["post-23885","post","type-post","status-publish","format-standard","has-post-thumbnail","hentry","category-policia"],"yoast_head":"<!-- This site is optimized with the Yoast SEO plugin v26.5 - https:\/\/yoast.com\/wordpress\/plugins\/seo\/ -->\n<title>Pol\u00edcia prende quatro envolvidos em sequestro de Tha\u00eds Manchini - Agazeta.net<\/title>\n<meta name=\"robots\" content=\"index, follow, max-snippet:-1, max-image-preview:large, max-video-preview:-1\" \/>\n<link rel=\"canonical\" href=\"https:\/\/nk7-testes.com.br\/agazeta\/thais-manchini-atendimento-diferenciado\/\" \/>\n<meta property=\"og:locale\" content=\"pt_BR\" \/>\n<meta property=\"og:type\" content=\"article\" \/>\n<meta property=\"og:title\" content=\"Pol\u00edcia prende quatro envolvidos em sequestro de Tha\u00eds Manchini - Agazeta.net\" \/>\n<meta property=\"og:description\" content=\"Pol\u00edcia Militar, Civil e For\u00e7a Nacional mobilizadas\" \/>\n<meta property=\"og:url\" content=\"https:\/\/nk7-testes.com.br\/agazeta\/thais-manchini-atendimento-diferenciado\/\" \/>\n<meta property=\"og:site_name\" content=\"Agazeta.net\" \/>\n<meta property=\"article:published_time\" content=\"2016-07-15T20:27:21+00:00\" \/>\n<meta property=\"og:image\" content=\"https:\/\/nk7-testes.com.br\/agazeta\/wp-content\/uploads\/2016\/07\/150716-policia-sequestro-tvgazeta2.jpg\" \/>\n\t<meta property=\"og:image:width\" content=\"458\" \/>\n\t<meta property=\"og:image:height\" content=\"340\" \/>\n\t<meta property=\"og:image:type\" content=\"image\/jpeg\" \/>\n<meta name=\"author\" content=\"Agazeta.Net\" \/>\n<meta name=\"twitter:card\" content=\"summary_large_image\" \/>\n<meta name=\"twitter:label1\" content=\"Escrito por\" \/>\n\t<meta name=\"twitter:data1\" content=\"Agazeta.Net\" \/>\n\t<meta name=\"twitter:label2\" content=\"Est. tempo de leitura\" \/>\n\t<meta name=\"twitter:data2\" content=\"2 minutos\" \/>\n<script type=\"application\/ld+json\" class=\"yoast-schema-graph\">{\"@context\":\"https:\/\/schema.org\",\"@graph\":[{\"@type\":\"WebPage\",\"@id\":\"https:\/\/nk7-testes.com.br\/agazeta\/thais-manchini-atendimento-diferenciado\/\",\"url\":\"https:\/\/nk7-testes.com.br\/agazeta\/thais-manchini-atendimento-diferenciado\/\",\"name\":\"Pol\u00edcia prende quatro envolvidos em sequestro de Tha\u00eds Manchini - Agazeta.net\",\"isPartOf\":{\"@id\":\"https:\/\/nk7-testes.com.br\/agazeta\/#website\"},\"primaryImageOfPage\":{\"@id\":\"https:\/\/nk7-testes.com.br\/agazeta\/thais-manchini-atendimento-diferenciado\/#primaryimage\"},\"image\":{\"@id\":\"https:\/\/nk7-testes.com.br\/agazeta\/thais-manchini-atendimento-diferenciado\/#primaryimage\"},\"thumbnailUrl\":\"https:\/\/nk7-testes.com.br\/agazeta\/wp-content\/uploads\/2016\/07\/150716-policia-sequestro-tvgazeta2.jpg\",\"datePublished\":\"2016-07-15T20:27:21+00:00\",\"author\":{\"@id\":\"https:\/\/nk7-testes.com.br\/agazeta\/#\/schema\/person\/6d6e25cb0435eb4a02fd44d30b4e3020\"},\"breadcrumb\":{\"@id\":\"https:\/\/nk7-testes.com.br\/agazeta\/thais-manchini-atendimento-diferenciado\/#breadcrumb\"},\"inLanguage\":\"pt-BR\",\"potentialAction\":[{\"@type\":\"ReadAction\",\"target\":[\"https:\/\/nk7-testes.com.br\/agazeta\/thais-manchini-atendimento-diferenciado\/\"]}]},{\"@type\":\"ImageObject\",\"inLanguage\":\"pt-BR\",\"@id\":\"https:\/\/nk7-testes.com.br\/agazeta\/thais-manchini-atendimento-diferenciado\/#primaryimage\",\"url\":\"https:\/\/nk7-testes.com.br\/agazeta\/wp-content\/uploads\/2016\/07\/150716-policia-sequestro-tvgazeta2.jpg\",\"contentUrl\":\"https:\/\/nk7-testes.com.br\/agazeta\/wp-content\/uploads\/2016\/07\/150716-policia-sequestro-tvgazeta2.jpg\",\"width\":458,\"height\":340,\"caption\":\"150716-policia-sequestro-tvgazeta2\"},{\"@type\":\"BreadcrumbList\",\"@id\":\"https:\/\/nk7-testes.com.br\/agazeta\/thais-manchini-atendimento-diferenciado\/#breadcrumb\",\"itemListElement\":[{\"@type\":\"ListItem\",\"position\":1,\"name\":\"In\u00edcio\",\"item\":\"https:\/\/nk7-testes.com.br\/agazeta\/\"},{\"@type\":\"ListItem\",\"position\":2,\"name\":\"Pol\u00edcia prende quatro envolvidos em sequestro de Tha\u00eds Manchini\"}]},{\"@type\":\"WebSite\",\"@id\":\"https:\/\/nk7-testes.com.br\/agazeta\/#website\",\"url\":\"https:\/\/nk7-testes.com.br\/agazeta\/\",\"name\":\"Agazeta.net\",\"description\":\"Agazeta.net - Not\u00edcias de Rio Branco\/AC\",\"potentialAction\":[{\"@type\":\"SearchAction\",\"target\":{\"@type\":\"EntryPoint\",\"urlTemplate\":\"https:\/\/nk7-testes.com.br\/agazeta\/?s={search_term_string}\"},\"query-input\":{\"@type\":\"PropertyValueSpecification\",\"valueRequired\":true,\"valueName\":\"search_term_string\"}}],\"inLanguage\":\"pt-BR\"},{\"@type\":\"Person\",\"@id\":\"https:\/\/nk7-testes.com.br\/agazeta\/#\/schema\/person\/6d6e25cb0435eb4a02fd44d30b4e3020\",\"name\":\"Agazeta.Net\",\"url\":\"https:\/\/nk7-testes.com.br\/agazeta\/author\/agazeta\/\"}]}<\/script>\n<!-- \/ Yoast SEO plugin. -->","yoast_head_json":{"title":"Pol\u00edcia prende quatro envolvidos em sequestro de Tha\u00eds Manchini - Agazeta.net","robots":{"index":"index","follow":"follow","max-snippet":"max-snippet:-1","max-image-preview":"max-image-preview:large","max-video-preview":"max-video-preview:-1"},"canonical":"https:\/\/nk7-testes.com.br\/agazeta\/thais-manchini-atendimento-diferenciado\/","og_locale":"pt_BR","og_type":"article","og_title":"Pol\u00edcia prende quatro envolvidos em sequestro de Tha\u00eds Manchini - Agazeta.net","og_description":"Pol\u00edcia Militar, Civil e For\u00e7a Nacional mobilizadas","og_url":"https:\/\/nk7-testes.com.br\/agazeta\/thais-manchini-atendimento-diferenciado\/","og_site_name":"Agazeta.net","article_published_time":"2016-07-15T20:27:21+00:00","og_image":[{"width":458,"height":340,"url":"https:\/\/nk7-testes.com.br\/agazeta\/wp-content\/uploads\/2016\/07\/150716-policia-sequestro-tvgazeta2.jpg","type":"image\/jpeg"}],"author":"Agazeta.Net","twitter_card":"summary_large_image","twitter_misc":{"Escrito por":"Agazeta.Net","Est. tempo de leitura":"2 minutos"},"schema":{"@context":"https:\/\/schema.org","@graph":[{"@type":"WebPage","@id":"https:\/\/nk7-testes.com.br\/agazeta\/thais-manchini-atendimento-diferenciado\/","url":"https:\/\/nk7-testes.com.br\/agazeta\/thais-manchini-atendimento-diferenciado\/","name":"Pol\u00edcia prende quatro envolvidos em sequestro de Tha\u00eds Manchini - Agazeta.net","isPartOf":{"@id":"https:\/\/nk7-testes.com.br\/agazeta\/#website"},"primaryImageOfPage":{"@id":"https:\/\/nk7-testes.com.br\/agazeta\/thais-manchini-atendimento-diferenciado\/#primaryimage"},"image":{"@id":"https:\/\/nk7-testes.com.br\/agazeta\/thais-manchini-atendimento-diferenciado\/#primaryimage"},"thumbnailUrl":"https:\/\/nk7-testes.com.br\/agazeta\/wp-content\/uploads\/2016\/07\/150716-policia-sequestro-tvgazeta2.jpg","datePublished":"2016-07-15T20:27:21+00:00","author":{"@id":"https:\/\/nk7-testes.com.br\/agazeta\/#\/schema\/person\/6d6e25cb0435eb4a02fd44d30b4e3020"},"breadcrumb":{"@id":"https:\/\/nk7-testes.com.br\/agazeta\/thais-manchini-atendimento-diferenciado\/#breadcrumb"},"inLanguage":"pt-BR","potentialAction":[{"@type":"ReadAction","target":["https:\/\/nk7-testes.com.br\/agazeta\/thais-manchini-atendimento-diferenciado\/"]}]},{"@type":"ImageObject","inLanguage":"pt-BR","@id":"https:\/\/nk7-testes.com.br\/agazeta\/thais-manchini-atendimento-diferenciado\/#primaryimage","url":"https:\/\/nk7-testes.com.br\/agazeta\/wp-content\/uploads\/2016\/07\/150716-policia-sequestro-tvgazeta2.jpg","contentUrl":"https:\/\/nk7-testes.com.br\/agazeta\/wp-content\/uploads\/2016\/07\/150716-policia-sequestro-tvgazeta2.jpg","width":458,"height":340,"caption":"150716-policia-sequestro-tvgazeta2"},{"@type":"BreadcrumbList","@id":"https:\/\/nk7-testes.com.br\/agazeta\/thais-manchini-atendimento-diferenciado\/#breadcrumb","itemListElement":[{"@type":"ListItem","position":1,"name":"In\u00edcio","item":"https:\/\/nk7-testes.com.br\/agazeta\/"},{"@type":"ListItem","position":2,"name":"Pol\u00edcia prende quatro envolvidos em sequestro de Tha\u00eds Manchini"}]},{"@type":"WebSite","@id":"https:\/\/nk7-testes.com.br\/agazeta\/#website","url":"https:\/\/nk7-testes.com.br\/agazeta\/","name":"Agazeta.net","description":"Agazeta.net - Not\u00edcias de Rio Branco\/AC","potentialAction":[{"@type":"SearchAction","target":{"@type":"EntryPoint","urlTemplate":"https:\/\/nk7-testes.com.br\/agazeta\/?s={search_term_string}"},"query-input":{"@type":"PropertyValueSpecification","valueRequired":true,"valueName":"search_term_string"}}],"inLanguage":"pt-BR"},{"@type":"Person","@id":"https:\/\/nk7-testes.com.br\/agazeta\/#\/schema\/person\/6d6e25cb0435eb4a02fd44d30b4e3020","name":"Agazeta.Net","url":"https:\/\/nk7-testes.com.br\/agazeta\/author\/agazeta\/"}]}},"_links":{"self":[{"href":"https:\/\/nk7-testes.com.br\/agazeta\/wp-json\/wp\/v2\/posts\/23885","targetHints":{"allow":["GET"]}}],"collection":[{"href":"https:\/\/nk7-testes.com.br\/agazeta\/wp-json\/wp\/v2\/posts"}],"about":[{"href":"https:\/\/nk7-testes.com.br\/agazeta\/wp-json\/wp\/v2\/types\/post"}],"author":[{"embeddable":true,"href":"https:\/\/nk7-testes.com.br\/agazeta\/wp-json\/wp\/v2\/users\/4"}],"replies":[{"embeddable":true,"href":"https:\/\/nk7-testes.com.br\/agazeta\/wp-json\/wp\/v2\/comments?post=23885"}],"version-history":[{"count":0,"href":"https:\/\/nk7-testes.com.br\/agazeta\/wp-json\/wp\/v2\/posts\/23885\/revisions"}],"wp:featuredmedia":[{"embeddable":true,"href":"https:\/\/nk7-testes.com.br\/agazeta\/wp-json\/wp\/v2\/media\/23884"}],"wp:attachment":[{"href":"https:\/\/nk7-testes.com.br\/agazeta\/wp-json\/wp\/v2\/media?parent=23885"}],"wp:term":[{"taxonomy":"category","embeddable":true,"href":"https:\/\/nk7-testes.com.br\/agazeta\/wp-json\/wp\/v2\/categories?post=23885"},{"taxonomy":"post_tag","embeddable":true,"href":"https:\/\/nk7-testes.com.br\/agazeta\/wp-json\/wp\/v2\/tags?post=23885"}],"curies":[{"name":"wp","href":"https:\/\/api.w.org\/{rel}","templated":true}]}}