{"id":23827,"date":"2016-07-13T21:51:41","date_gmt":"2016-07-13T21:51:41","guid":{"rendered":"https:\/\/abarevegan.com.br\/index.php\/2016\/07\/13\/em-brasileia-jovens-que-assaltaram-advogado-ja-fugiram\/"},"modified":"2016-07-13T21:51:41","modified_gmt":"2016-07-13T21:51:41","slug":"em-brasileia-jovens-que-assaltaram-advogado-ja-fugiram","status":"publish","type":"post","link":"https:\/\/nk7-testes.com.br\/agazeta\/em-brasileia-jovens-que-assaltaram-advogado-ja-fugiram\/","title":{"rendered":"Em Brasileia, jovens que assaltaram advogado j\u00e1 fugiram"},"content":{"rendered":"<p style=\"text-align: justify;\">Dupla usou serra para quebrar cadeado<\/p>\n<p style=\"text-align: justify;\">As pol\u00edcias Militar e Civil das cidades de Brasileia e Epitaciol\u00e2ndia est\u00e3o em alerta total ap\u00f3s um acontecimento inesperado. Dois bandidos que haviam sido presos neste final de semana ap\u00f3s assaltar a resid\u00eancia de um advogado conseguiram fugir das celas onde estavam presos.<\/p>\n<p style=\"text-align: justify;\">As informa\u00e7\u00f5es ainda est\u00e3o sendo apuradas. Mas, j\u00e1 foi poss\u00edvel constatar que os fugitivos utilizaram uma serra para cortar cadeados de pelo menos duas celas. N\u00e3o se sabe ainda por que os outros comparsas do crime de domingo n\u00e3o quiseram fugir.<\/p>\n<p style=\"text-align: justify;\">Genilson Menezes (Beb\u00ea) e Lucas Gon\u00e7alves Soares (Boc\u00e3o) s\u00e3o da cidade de Brasileia e podem ter procurado o lado boliviano para se esconderem. Acredita-se que algu\u00e9m deve ter pulado o muro lateral \u00e0 delegacia e jogado a serra para ajudar na fuga dos dois bandidos.<\/p>\n<p style=\"text-align: justify;\">O delegado titular de Brasileia, Roberto Lucena, se encontra na cidade de Xapuri e est\u00e1 retornando para se inteirar do caso.<\/p>\n","protected":false},"excerpt":{"rendered":"<p style=\"text-align: justify;\">Dupla usou serra para quebrar cadeado<\/p>\n","protected":false},"author":4,"featured_media":23826,"comment_status":"open","ping_status":"open","sticky":false,"template":"","format":"standard","meta":{"jnews-multi-image_gallery":[],"jnews_single_post":[],"jnews_primary_category":[],"jnews_social_meta":[],"jnews_review":[],"enable_review":"","type":"","name":"","summary":"","brand":"","sku":"","good":[],"bad":[],"score_override":"","override_value":"","rating":[],"price":[],"footnotes":""},"categories":[44],"tags":[],"class_list":["post-23827","post","type-post","status-publish","format-standard","has-post-thumbnail","hentry","category-policia"],"yoast_head":"<!-- This site is optimized with the Yoast SEO plugin v26.5 - https:\/\/yoast.com\/wordpress\/plugins\/seo\/ -->\n<title>Em Brasileia, jovens que assaltaram advogado j\u00e1 fugiram - Agazeta.net<\/title>\n<meta name=\"robots\" content=\"index, follow, max-snippet:-1, max-image-preview:large, max-video-preview:-1\" \/>\n<link rel=\"canonical\" href=\"https:\/\/nk7-testes.com.br\/agazeta\/em-brasileia-jovens-que-assaltaram-advogado-ja-fugiram\/\" \/>\n<meta property=\"og:locale\" content=\"pt_BR\" \/>\n<meta property=\"og:type\" content=\"article\" \/>\n<meta property=\"og:title\" content=\"Em Brasileia, jovens que assaltaram advogado j\u00e1 fugiram - Agazeta.net\" \/>\n<meta property=\"og:description\" content=\"Dupla usou serra para quebrar cadeado\" \/>\n<meta property=\"og:url\" content=\"https:\/\/nk7-testes.com.br\/agazeta\/em-brasileia-jovens-que-assaltaram-advogado-ja-fugiram\/\" \/>\n<meta property=\"og:site_name\" content=\"Agazeta.net\" \/>\n<meta property=\"article:published_time\" content=\"2016-07-13T21:51:41+00:00\" \/>\n<meta property=\"og:image\" content=\"https:\/\/nk7-testes.com.br\/agazeta\/wp-content\/uploads\/2016\/07\/130716-policia-duplafugida-oaltoacre.jpg\" \/>\n\t<meta property=\"og:image:width\" content=\"458\" \/>\n\t<meta property=\"og:image:height\" content=\"340\" \/>\n\t<meta property=\"og:image:type\" content=\"image\/jpeg\" \/>\n<meta name=\"author\" content=\"Agazeta.Net\" \/>\n<meta name=\"twitter:card\" content=\"summary_large_image\" \/>\n<meta name=\"twitter:label1\" content=\"Escrito por\" \/>\n\t<meta name=\"twitter:data1\" content=\"Agazeta.Net\" \/>\n\t<meta name=\"twitter:label2\" content=\"Est. tempo de leitura\" \/>\n\t<meta name=\"twitter:data2\" content=\"1 minuto\" \/>\n<script type=\"application\/ld+json\" class=\"yoast-schema-graph\">{\"@context\":\"https:\/\/schema.org\",\"@graph\":[{\"@type\":\"WebPage\",\"@id\":\"https:\/\/nk7-testes.com.br\/agazeta\/em-brasileia-jovens-que-assaltaram-advogado-ja-fugiram\/\",\"url\":\"https:\/\/nk7-testes.com.br\/agazeta\/em-brasileia-jovens-que-assaltaram-advogado-ja-fugiram\/\",\"name\":\"Em Brasileia, jovens que assaltaram advogado j\u00e1 fugiram - Agazeta.net\",\"isPartOf\":{\"@id\":\"https:\/\/nk7-testes.com.br\/agazeta\/#website\"},\"primaryImageOfPage\":{\"@id\":\"https:\/\/nk7-testes.com.br\/agazeta\/em-brasileia-jovens-que-assaltaram-advogado-ja-fugiram\/#primaryimage\"},\"image\":{\"@id\":\"https:\/\/nk7-testes.com.br\/agazeta\/em-brasileia-jovens-que-assaltaram-advogado-ja-fugiram\/#primaryimage\"},\"thumbnailUrl\":\"https:\/\/nk7-testes.com.br\/agazeta\/wp-content\/uploads\/2016\/07\/130716-policia-duplafugida-oaltoacre.jpg\",\"datePublished\":\"2016-07-13T21:51:41+00:00\",\"author\":{\"@id\":\"https:\/\/nk7-testes.com.br\/agazeta\/#\/schema\/person\/6d6e25cb0435eb4a02fd44d30b4e3020\"},\"breadcrumb\":{\"@id\":\"https:\/\/nk7-testes.com.br\/agazeta\/em-brasileia-jovens-que-assaltaram-advogado-ja-fugiram\/#breadcrumb\"},\"inLanguage\":\"pt-BR\",\"potentialAction\":[{\"@type\":\"ReadAction\",\"target\":[\"https:\/\/nk7-testes.com.br\/agazeta\/em-brasileia-jovens-que-assaltaram-advogado-ja-fugiram\/\"]}]},{\"@type\":\"ImageObject\",\"inLanguage\":\"pt-BR\",\"@id\":\"https:\/\/nk7-testes.com.br\/agazeta\/em-brasileia-jovens-que-assaltaram-advogado-ja-fugiram\/#primaryimage\",\"url\":\"https:\/\/nk7-testes.com.br\/agazeta\/wp-content\/uploads\/2016\/07\/130716-policia-duplafugida-oaltoacre.jpg\",\"contentUrl\":\"https:\/\/nk7-testes.com.br\/agazeta\/wp-content\/uploads\/2016\/07\/130716-policia-duplafugida-oaltoacre.jpg\",\"width\":458,\"height\":340,\"caption\":\"130716-policia-duplafugida-oaltoacre\"},{\"@type\":\"BreadcrumbList\",\"@id\":\"https:\/\/nk7-testes.com.br\/agazeta\/em-brasileia-jovens-que-assaltaram-advogado-ja-fugiram\/#breadcrumb\",\"itemListElement\":[{\"@type\":\"ListItem\",\"position\":1,\"name\":\"In\u00edcio\",\"item\":\"https:\/\/nk7-testes.com.br\/agazeta\/\"},{\"@type\":\"ListItem\",\"position\":2,\"name\":\"Em Brasileia, jovens que assaltaram advogado j\u00e1 fugiram\"}]},{\"@type\":\"WebSite\",\"@id\":\"https:\/\/nk7-testes.com.br\/agazeta\/#website\",\"url\":\"https:\/\/nk7-testes.com.br\/agazeta\/\",\"name\":\"Agazeta.net\",\"description\":\"Agazeta.net - Not\u00edcias de Rio Branco\/AC\",\"potentialAction\":[{\"@type\":\"SearchAction\",\"target\":{\"@type\":\"EntryPoint\",\"urlTemplate\":\"https:\/\/nk7-testes.com.br\/agazeta\/?s={search_term_string}\"},\"query-input\":{\"@type\":\"PropertyValueSpecification\",\"valueRequired\":true,\"valueName\":\"search_term_string\"}}],\"inLanguage\":\"pt-BR\"},{\"@type\":\"Person\",\"@id\":\"https:\/\/nk7-testes.com.br\/agazeta\/#\/schema\/person\/6d6e25cb0435eb4a02fd44d30b4e3020\",\"name\":\"Agazeta.Net\",\"url\":\"https:\/\/nk7-testes.com.br\/agazeta\/author\/agazeta\/\"}]}<\/script>\n<!-- \/ Yoast SEO plugin. -->","yoast_head_json":{"title":"Em Brasileia, jovens que assaltaram advogado j\u00e1 fugiram - Agazeta.net","robots":{"index":"index","follow":"follow","max-snippet":"max-snippet:-1","max-image-preview":"max-image-preview:large","max-video-preview":"max-video-preview:-1"},"canonical":"https:\/\/nk7-testes.com.br\/agazeta\/em-brasileia-jovens-que-assaltaram-advogado-ja-fugiram\/","og_locale":"pt_BR","og_type":"article","og_title":"Em Brasileia, jovens que assaltaram advogado j\u00e1 fugiram - Agazeta.net","og_description":"Dupla usou serra para quebrar cadeado","og_url":"https:\/\/nk7-testes.com.br\/agazeta\/em-brasileia-jovens-que-assaltaram-advogado-ja-fugiram\/","og_site_name":"Agazeta.net","article_published_time":"2016-07-13T21:51:41+00:00","og_image":[{"width":458,"height":340,"url":"https:\/\/nk7-testes.com.br\/agazeta\/wp-content\/uploads\/2016\/07\/130716-policia-duplafugida-oaltoacre.jpg","type":"image\/jpeg"}],"author":"Agazeta.Net","twitter_card":"summary_large_image","twitter_misc":{"Escrito por":"Agazeta.Net","Est. tempo de leitura":"1 minuto"},"schema":{"@context":"https:\/\/schema.org","@graph":[{"@type":"WebPage","@id":"https:\/\/nk7-testes.com.br\/agazeta\/em-brasileia-jovens-que-assaltaram-advogado-ja-fugiram\/","url":"https:\/\/nk7-testes.com.br\/agazeta\/em-brasileia-jovens-que-assaltaram-advogado-ja-fugiram\/","name":"Em Brasileia, jovens que assaltaram advogado j\u00e1 fugiram - Agazeta.net","isPartOf":{"@id":"https:\/\/nk7-testes.com.br\/agazeta\/#website"},"primaryImageOfPage":{"@id":"https:\/\/nk7-testes.com.br\/agazeta\/em-brasileia-jovens-que-assaltaram-advogado-ja-fugiram\/#primaryimage"},"image":{"@id":"https:\/\/nk7-testes.com.br\/agazeta\/em-brasileia-jovens-que-assaltaram-advogado-ja-fugiram\/#primaryimage"},"thumbnailUrl":"https:\/\/nk7-testes.com.br\/agazeta\/wp-content\/uploads\/2016\/07\/130716-policia-duplafugida-oaltoacre.jpg","datePublished":"2016-07-13T21:51:41+00:00","author":{"@id":"https:\/\/nk7-testes.com.br\/agazeta\/#\/schema\/person\/6d6e25cb0435eb4a02fd44d30b4e3020"},"breadcrumb":{"@id":"https:\/\/nk7-testes.com.br\/agazeta\/em-brasileia-jovens-que-assaltaram-advogado-ja-fugiram\/#breadcrumb"},"inLanguage":"pt-BR","potentialAction":[{"@type":"ReadAction","target":["https:\/\/nk7-testes.com.br\/agazeta\/em-brasileia-jovens-que-assaltaram-advogado-ja-fugiram\/"]}]},{"@type":"ImageObject","inLanguage":"pt-BR","@id":"https:\/\/nk7-testes.com.br\/agazeta\/em-brasileia-jovens-que-assaltaram-advogado-ja-fugiram\/#primaryimage","url":"https:\/\/nk7-testes.com.br\/agazeta\/wp-content\/uploads\/2016\/07\/130716-policia-duplafugida-oaltoacre.jpg","contentUrl":"https:\/\/nk7-testes.com.br\/agazeta\/wp-content\/uploads\/2016\/07\/130716-policia-duplafugida-oaltoacre.jpg","width":458,"height":340,"caption":"130716-policia-duplafugida-oaltoacre"},{"@type":"BreadcrumbList","@id":"https:\/\/nk7-testes.com.br\/agazeta\/em-brasileia-jovens-que-assaltaram-advogado-ja-fugiram\/#breadcrumb","itemListElement":[{"@type":"ListItem","position":1,"name":"In\u00edcio","item":"https:\/\/nk7-testes.com.br\/agazeta\/"},{"@type":"ListItem","position":2,"name":"Em Brasileia, jovens que assaltaram advogado j\u00e1 fugiram"}]},{"@type":"WebSite","@id":"https:\/\/nk7-testes.com.br\/agazeta\/#website","url":"https:\/\/nk7-testes.com.br\/agazeta\/","name":"Agazeta.net","description":"Agazeta.net - Not\u00edcias de Rio Branco\/AC","potentialAction":[{"@type":"SearchAction","target":{"@type":"EntryPoint","urlTemplate":"https:\/\/nk7-testes.com.br\/agazeta\/?s={search_term_string}"},"query-input":{"@type":"PropertyValueSpecification","valueRequired":true,"valueName":"search_term_string"}}],"inLanguage":"pt-BR"},{"@type":"Person","@id":"https:\/\/nk7-testes.com.br\/agazeta\/#\/schema\/person\/6d6e25cb0435eb4a02fd44d30b4e3020","name":"Agazeta.Net","url":"https:\/\/nk7-testes.com.br\/agazeta\/author\/agazeta\/"}]}},"_links":{"self":[{"href":"https:\/\/nk7-testes.com.br\/agazeta\/wp-json\/wp\/v2\/posts\/23827","targetHints":{"allow":["GET"]}}],"collection":[{"href":"https:\/\/nk7-testes.com.br\/agazeta\/wp-json\/wp\/v2\/posts"}],"about":[{"href":"https:\/\/nk7-testes.com.br\/agazeta\/wp-json\/wp\/v2\/types\/post"}],"author":[{"embeddable":true,"href":"https:\/\/nk7-testes.com.br\/agazeta\/wp-json\/wp\/v2\/users\/4"}],"replies":[{"embeddable":true,"href":"https:\/\/nk7-testes.com.br\/agazeta\/wp-json\/wp\/v2\/comments?post=23827"}],"version-history":[{"count":0,"href":"https:\/\/nk7-testes.com.br\/agazeta\/wp-json\/wp\/v2\/posts\/23827\/revisions"}],"wp:featuredmedia":[{"embeddable":true,"href":"https:\/\/nk7-testes.com.br\/agazeta\/wp-json\/wp\/v2\/media\/23826"}],"wp:attachment":[{"href":"https:\/\/nk7-testes.com.br\/agazeta\/wp-json\/wp\/v2\/media?parent=23827"}],"wp:term":[{"taxonomy":"category","embeddable":true,"href":"https:\/\/nk7-testes.com.br\/agazeta\/wp-json\/wp\/v2\/categories?post=23827"},{"taxonomy":"post_tag","embeddable":true,"href":"https:\/\/nk7-testes.com.br\/agazeta\/wp-json\/wp\/v2\/tags?post=23827"}],"curies":[{"name":"wp","href":"https:\/\/api.w.org\/{rel}","templated":true}]}}