{"id":23811,"date":"2016-07-13T14:51:30","date_gmt":"2016-07-13T14:51:30","guid":{"rendered":"https:\/\/abarevegan.com.br\/index.php\/2016\/07\/13\/caso-assem-neto-nao-se-enquadra-na-lei-maria-da-penha\/"},"modified":"2016-07-13T14:51:30","modified_gmt":"2016-07-13T14:51:30","slug":"caso-assem-neto-nao-se-enquadra-na-lei-maria-da-penha","status":"publish","type":"post","link":"https:\/\/nk7-testes.com.br\/agazeta\/caso-assem-neto-nao-se-enquadra-na-lei-maria-da-penha\/","title":{"rendered":"Caso Assem Neto n\u00e3o se enquadra na Lei Maria da Penha"},"content":{"rendered":"<p style=\"text-align: justify;\">Epis\u00f3dio \u00e9 tratado como caso de agress\u00e3o: les\u00e3o corporal<\/p>\n<p style=\"text-align: justify;\">O Termo Circunstanciado de Ocorr\u00eancia (TCO) assinado na Delegacia Especializada de Atendimento \u00e0 Mulher pelo jornalista Assem Neto j\u00e1 foi enviado \u00e0 Justi\u00e7a. O prazo para que o ju\u00edzo se pronuncie \u00e9 de 10 a 15 dias.<\/p>\n<p style=\"text-align: justify;\">De acordo com a assessoria da Pol\u00edcia Civil, a situa\u00e7\u00e3o n\u00e3o se enquadra na Lei Maria da Penha por n\u00e3o haver nenhum grau de parentesco entre os envolvidos. A situa\u00e7\u00e3o pode ser tipificada como les\u00e3o corporal.<\/p>\n<p style=\"text-align: justify;\">O jornalista foi flagranteado agredindo a diretora do Sindicato dos Trabalhadores em Educa\u00e7\u00e3o M\u00e1rcia Lima na manh\u00e3 de quarta-feira. O jornalista trabalhava como assessor de imprensa do Sinteac. A cena foi assistida por diversos colegas de trabalho que tentaram impedir novas investidas de Assem Neto ap\u00f3s as primeiras agress\u00f5es.<\/p>\n<p style=\"text-align: justify;\">\u201cJ\u00e1 estamos com toda a documenta\u00e7\u00e3o formalizando a demiss\u00e3o dele. Basta apenas ele vir assinar\u201d, afirmou a presidente do Sinteac, Rosana Nascimento.<\/p>\n<p style=\"text-align: justify;\">A reportagem de agazeta.net tentou contato com o jornalista por meio de um telefone atualizado. Deixou recado na secret\u00e1ria eletr\u00f4nica. O jornalista Assem Neto tem se pronunciado sobre o epis\u00f3dio em redes sociais.<\/p>\n<p style=\"text-align: justify;\">\u201cMulher barraqueira merece, SIM, uma bordoada, principalmente quando n\u00e3o sabe ser rejeitada e ainda chama a tua m\u00e3e de puta. Cultura vem de ber\u00e7o. Quando o baga\u00e7o se diz educadora, pior ainda. A Lei Maria da Penha pune sem observar causas e consequ\u00eancia. Ainda teria o prazer de ler a Lei de Prote\u00e7\u00e3o aos Direitos dos Homens\u201d, afirmou o jornalista em perfil mantido na rede social Facebook.<\/p>\n","protected":false},"excerpt":{"rendered":"<p style=\"text-align: justify;\">Epis\u00f3dio \u00e9 tratado como caso de agress\u00e3o: les\u00e3o corporal<\/p>\n","protected":false},"author":4,"featured_media":23810,"comment_status":"open","ping_status":"open","sticky":false,"template":"","format":"standard","meta":{"jnews-multi-image_gallery":[],"jnews_single_post":[],"jnews_primary_category":[],"jnews_social_meta":[],"jnews_review":[],"enable_review":"","type":"","name":"","summary":"","brand":"","sku":"","good":[],"bad":[],"score_override":"","override_value":"","rating":[],"price":[],"footnotes":""},"categories":[44],"tags":[],"class_list":["post-23811","post","type-post","status-publish","format-standard","has-post-thumbnail","hentry","category-policia"],"yoast_head":"<!-- This site is optimized with the Yoast SEO plugin v26.5 - https:\/\/yoast.com\/wordpress\/plugins\/seo\/ -->\n<title>Caso Assem Neto n\u00e3o se enquadra na Lei Maria da Penha - Agazeta.net<\/title>\n<meta name=\"robots\" content=\"index, follow, max-snippet:-1, max-image-preview:large, max-video-preview:-1\" \/>\n<link rel=\"canonical\" href=\"https:\/\/nk7-testes.com.br\/agazeta\/caso-assem-neto-nao-se-enquadra-na-lei-maria-da-penha\/\" \/>\n<meta property=\"og:locale\" content=\"pt_BR\" \/>\n<meta property=\"og:type\" content=\"article\" \/>\n<meta property=\"og:title\" content=\"Caso Assem Neto n\u00e3o se enquadra na Lei Maria da Penha - Agazeta.net\" \/>\n<meta property=\"og:description\" content=\"Epis\u00f3dio \u00e9 tratado como caso de agress\u00e3o: les\u00e3o corporal\" \/>\n<meta property=\"og:url\" content=\"https:\/\/nk7-testes.com.br\/agazeta\/caso-assem-neto-nao-se-enquadra-na-lei-maria-da-penha\/\" \/>\n<meta property=\"og:site_name\" content=\"Agazeta.net\" \/>\n<meta property=\"article:published_time\" content=\"2016-07-13T14:51:30+00:00\" \/>\n<meta property=\"og:image\" content=\"https:\/\/nk7-testes.com.br\/agazeta\/wp-content\/uploads\/2016\/07\/130716-policia-agressao-cedida.jpg\" \/>\n\t<meta property=\"og:image:width\" content=\"458\" \/>\n\t<meta property=\"og:image:height\" content=\"340\" \/>\n\t<meta property=\"og:image:type\" content=\"image\/jpeg\" \/>\n<meta name=\"author\" content=\"Agazeta.Net\" \/>\n<meta name=\"twitter:card\" content=\"summary_large_image\" \/>\n<meta name=\"twitter:label1\" content=\"Escrito por\" \/>\n\t<meta name=\"twitter:data1\" content=\"Agazeta.Net\" \/>\n\t<meta name=\"twitter:label2\" content=\"Est. tempo de leitura\" \/>\n\t<meta name=\"twitter:data2\" content=\"1 minuto\" \/>\n<script type=\"application\/ld+json\" class=\"yoast-schema-graph\">{\"@context\":\"https:\/\/schema.org\",\"@graph\":[{\"@type\":\"WebPage\",\"@id\":\"https:\/\/nk7-testes.com.br\/agazeta\/caso-assem-neto-nao-se-enquadra-na-lei-maria-da-penha\/\",\"url\":\"https:\/\/nk7-testes.com.br\/agazeta\/caso-assem-neto-nao-se-enquadra-na-lei-maria-da-penha\/\",\"name\":\"Caso Assem Neto n\u00e3o se enquadra na Lei Maria da Penha - Agazeta.net\",\"isPartOf\":{\"@id\":\"https:\/\/nk7-testes.com.br\/agazeta\/#website\"},\"primaryImageOfPage\":{\"@id\":\"https:\/\/nk7-testes.com.br\/agazeta\/caso-assem-neto-nao-se-enquadra-na-lei-maria-da-penha\/#primaryimage\"},\"image\":{\"@id\":\"https:\/\/nk7-testes.com.br\/agazeta\/caso-assem-neto-nao-se-enquadra-na-lei-maria-da-penha\/#primaryimage\"},\"thumbnailUrl\":\"https:\/\/nk7-testes.com.br\/agazeta\/wp-content\/uploads\/2016\/07\/130716-policia-agressao-cedida.jpg\",\"datePublished\":\"2016-07-13T14:51:30+00:00\",\"author\":{\"@id\":\"https:\/\/nk7-testes.com.br\/agazeta\/#\/schema\/person\/6d6e25cb0435eb4a02fd44d30b4e3020\"},\"breadcrumb\":{\"@id\":\"https:\/\/nk7-testes.com.br\/agazeta\/caso-assem-neto-nao-se-enquadra-na-lei-maria-da-penha\/#breadcrumb\"},\"inLanguage\":\"pt-BR\",\"potentialAction\":[{\"@type\":\"ReadAction\",\"target\":[\"https:\/\/nk7-testes.com.br\/agazeta\/caso-assem-neto-nao-se-enquadra-na-lei-maria-da-penha\/\"]}]},{\"@type\":\"ImageObject\",\"inLanguage\":\"pt-BR\",\"@id\":\"https:\/\/nk7-testes.com.br\/agazeta\/caso-assem-neto-nao-se-enquadra-na-lei-maria-da-penha\/#primaryimage\",\"url\":\"https:\/\/nk7-testes.com.br\/agazeta\/wp-content\/uploads\/2016\/07\/130716-policia-agressao-cedida.jpg\",\"contentUrl\":\"https:\/\/nk7-testes.com.br\/agazeta\/wp-content\/uploads\/2016\/07\/130716-policia-agressao-cedida.jpg\",\"width\":458,\"height\":340,\"caption\":\"130716-policia-agressao-cedida\"},{\"@type\":\"BreadcrumbList\",\"@id\":\"https:\/\/nk7-testes.com.br\/agazeta\/caso-assem-neto-nao-se-enquadra-na-lei-maria-da-penha\/#breadcrumb\",\"itemListElement\":[{\"@type\":\"ListItem\",\"position\":1,\"name\":\"In\u00edcio\",\"item\":\"https:\/\/nk7-testes.com.br\/agazeta\/\"},{\"@type\":\"ListItem\",\"position\":2,\"name\":\"Caso Assem Neto n\u00e3o se enquadra na Lei Maria da Penha\"}]},{\"@type\":\"WebSite\",\"@id\":\"https:\/\/nk7-testes.com.br\/agazeta\/#website\",\"url\":\"https:\/\/nk7-testes.com.br\/agazeta\/\",\"name\":\"Agazeta.net\",\"description\":\"Agazeta.net - Not\u00edcias de Rio Branco\/AC\",\"potentialAction\":[{\"@type\":\"SearchAction\",\"target\":{\"@type\":\"EntryPoint\",\"urlTemplate\":\"https:\/\/nk7-testes.com.br\/agazeta\/?s={search_term_string}\"},\"query-input\":{\"@type\":\"PropertyValueSpecification\",\"valueRequired\":true,\"valueName\":\"search_term_string\"}}],\"inLanguage\":\"pt-BR\"},{\"@type\":\"Person\",\"@id\":\"https:\/\/nk7-testes.com.br\/agazeta\/#\/schema\/person\/6d6e25cb0435eb4a02fd44d30b4e3020\",\"name\":\"Agazeta.Net\",\"url\":\"https:\/\/nk7-testes.com.br\/agazeta\/author\/agazeta\/\"}]}<\/script>\n<!-- \/ Yoast SEO plugin. -->","yoast_head_json":{"title":"Caso Assem Neto n\u00e3o se enquadra na Lei Maria da Penha - Agazeta.net","robots":{"index":"index","follow":"follow","max-snippet":"max-snippet:-1","max-image-preview":"max-image-preview:large","max-video-preview":"max-video-preview:-1"},"canonical":"https:\/\/nk7-testes.com.br\/agazeta\/caso-assem-neto-nao-se-enquadra-na-lei-maria-da-penha\/","og_locale":"pt_BR","og_type":"article","og_title":"Caso Assem Neto n\u00e3o se enquadra na Lei Maria da Penha - Agazeta.net","og_description":"Epis\u00f3dio \u00e9 tratado como caso de agress\u00e3o: les\u00e3o corporal","og_url":"https:\/\/nk7-testes.com.br\/agazeta\/caso-assem-neto-nao-se-enquadra-na-lei-maria-da-penha\/","og_site_name":"Agazeta.net","article_published_time":"2016-07-13T14:51:30+00:00","og_image":[{"width":458,"height":340,"url":"https:\/\/nk7-testes.com.br\/agazeta\/wp-content\/uploads\/2016\/07\/130716-policia-agressao-cedida.jpg","type":"image\/jpeg"}],"author":"Agazeta.Net","twitter_card":"summary_large_image","twitter_misc":{"Escrito por":"Agazeta.Net","Est. tempo de leitura":"1 minuto"},"schema":{"@context":"https:\/\/schema.org","@graph":[{"@type":"WebPage","@id":"https:\/\/nk7-testes.com.br\/agazeta\/caso-assem-neto-nao-se-enquadra-na-lei-maria-da-penha\/","url":"https:\/\/nk7-testes.com.br\/agazeta\/caso-assem-neto-nao-se-enquadra-na-lei-maria-da-penha\/","name":"Caso Assem Neto n\u00e3o se enquadra na Lei Maria da Penha - Agazeta.net","isPartOf":{"@id":"https:\/\/nk7-testes.com.br\/agazeta\/#website"},"primaryImageOfPage":{"@id":"https:\/\/nk7-testes.com.br\/agazeta\/caso-assem-neto-nao-se-enquadra-na-lei-maria-da-penha\/#primaryimage"},"image":{"@id":"https:\/\/nk7-testes.com.br\/agazeta\/caso-assem-neto-nao-se-enquadra-na-lei-maria-da-penha\/#primaryimage"},"thumbnailUrl":"https:\/\/nk7-testes.com.br\/agazeta\/wp-content\/uploads\/2016\/07\/130716-policia-agressao-cedida.jpg","datePublished":"2016-07-13T14:51:30+00:00","author":{"@id":"https:\/\/nk7-testes.com.br\/agazeta\/#\/schema\/person\/6d6e25cb0435eb4a02fd44d30b4e3020"},"breadcrumb":{"@id":"https:\/\/nk7-testes.com.br\/agazeta\/caso-assem-neto-nao-se-enquadra-na-lei-maria-da-penha\/#breadcrumb"},"inLanguage":"pt-BR","potentialAction":[{"@type":"ReadAction","target":["https:\/\/nk7-testes.com.br\/agazeta\/caso-assem-neto-nao-se-enquadra-na-lei-maria-da-penha\/"]}]},{"@type":"ImageObject","inLanguage":"pt-BR","@id":"https:\/\/nk7-testes.com.br\/agazeta\/caso-assem-neto-nao-se-enquadra-na-lei-maria-da-penha\/#primaryimage","url":"https:\/\/nk7-testes.com.br\/agazeta\/wp-content\/uploads\/2016\/07\/130716-policia-agressao-cedida.jpg","contentUrl":"https:\/\/nk7-testes.com.br\/agazeta\/wp-content\/uploads\/2016\/07\/130716-policia-agressao-cedida.jpg","width":458,"height":340,"caption":"130716-policia-agressao-cedida"},{"@type":"BreadcrumbList","@id":"https:\/\/nk7-testes.com.br\/agazeta\/caso-assem-neto-nao-se-enquadra-na-lei-maria-da-penha\/#breadcrumb","itemListElement":[{"@type":"ListItem","position":1,"name":"In\u00edcio","item":"https:\/\/nk7-testes.com.br\/agazeta\/"},{"@type":"ListItem","position":2,"name":"Caso Assem Neto n\u00e3o se enquadra na Lei Maria da Penha"}]},{"@type":"WebSite","@id":"https:\/\/nk7-testes.com.br\/agazeta\/#website","url":"https:\/\/nk7-testes.com.br\/agazeta\/","name":"Agazeta.net","description":"Agazeta.net - Not\u00edcias de Rio Branco\/AC","potentialAction":[{"@type":"SearchAction","target":{"@type":"EntryPoint","urlTemplate":"https:\/\/nk7-testes.com.br\/agazeta\/?s={search_term_string}"},"query-input":{"@type":"PropertyValueSpecification","valueRequired":true,"valueName":"search_term_string"}}],"inLanguage":"pt-BR"},{"@type":"Person","@id":"https:\/\/nk7-testes.com.br\/agazeta\/#\/schema\/person\/6d6e25cb0435eb4a02fd44d30b4e3020","name":"Agazeta.Net","url":"https:\/\/nk7-testes.com.br\/agazeta\/author\/agazeta\/"}]}},"_links":{"self":[{"href":"https:\/\/nk7-testes.com.br\/agazeta\/wp-json\/wp\/v2\/posts\/23811","targetHints":{"allow":["GET"]}}],"collection":[{"href":"https:\/\/nk7-testes.com.br\/agazeta\/wp-json\/wp\/v2\/posts"}],"about":[{"href":"https:\/\/nk7-testes.com.br\/agazeta\/wp-json\/wp\/v2\/types\/post"}],"author":[{"embeddable":true,"href":"https:\/\/nk7-testes.com.br\/agazeta\/wp-json\/wp\/v2\/users\/4"}],"replies":[{"embeddable":true,"href":"https:\/\/nk7-testes.com.br\/agazeta\/wp-json\/wp\/v2\/comments?post=23811"}],"version-history":[{"count":0,"href":"https:\/\/nk7-testes.com.br\/agazeta\/wp-json\/wp\/v2\/posts\/23811\/revisions"}],"wp:featuredmedia":[{"embeddable":true,"href":"https:\/\/nk7-testes.com.br\/agazeta\/wp-json\/wp\/v2\/media\/23810"}],"wp:attachment":[{"href":"https:\/\/nk7-testes.com.br\/agazeta\/wp-json\/wp\/v2\/media?parent=23811"}],"wp:term":[{"taxonomy":"category","embeddable":true,"href":"https:\/\/nk7-testes.com.br\/agazeta\/wp-json\/wp\/v2\/categories?post=23811"},{"taxonomy":"post_tag","embeddable":true,"href":"https:\/\/nk7-testes.com.br\/agazeta\/wp-json\/wp\/v2\/tags?post=23811"}],"curies":[{"name":"wp","href":"https:\/\/api.w.org\/{rel}","templated":true}]}}