{"id":23809,"date":"2016-07-12T22:35:47","date_gmt":"2016-07-12T22:35:47","guid":{"rendered":"https:\/\/abarevegan.com.br\/index.php\/2016\/07\/12\/operacao-lares-daniel-gomes-e-solto\/"},"modified":"2016-07-12T22:35:47","modified_gmt":"2016-07-12T22:35:47","slug":"operacao-lares-daniel-gomes-e-solto","status":"publish","type":"post","link":"https:\/\/nk7-testes.com.br\/agazeta\/operacao-lares-daniel-gomes-e-solto\/","title":{"rendered":"Opera\u00e7\u00e3o Lares: Daniel Gomes \u00e9 solto"},"content":{"rendered":"<p style=\"text-align: justify;\">Justi\u00e7a entendeu que Daniel \u201cn\u00e3o oferece risco\u201d<\/p>\n<p style=\"text-align: justify;\">A Justi\u00e7a do Acre concedeu nesta ter\u00e7a-feira (12) a soltura do ex-diretor administrativo da Secretaria de Habita\u00e7\u00e3o, Daniel Gomes. Ele estava preso no 4\u00ba Bis, desde o dia 26 de abril, suspeito de participa\u00e7\u00e3o na negocia\u00e7\u00e3o de casas do programa Minha Casa Minha Vida.<\/p>\n<p style=\"text-align: justify;\">De acordo com o advogado de Daniel, Jecson Cavalcante Dutra, ele j\u00e1 esperava pela revoga\u00e7\u00e3o da pris\u00e3o preventiva que havia sido pedido h\u00e1 algum tempo.<\/p>\n<p style=\"text-align: justify;\">Apesar de o Minist\u00e9rio P\u00fablico ter se oposto ao pedido, Jecson disse que o juiz entendeu que seu cliente n\u00e3o apresenta risco \u00e0 sociedade. \u201cClaro que h\u00e1 condi\u00e7\u00f5es, como n\u00e3o voltar a Sehab, n\u00e3o manter contato com as pessoas relacionadas \u00e0 investiga\u00e7\u00e3o e n\u00e3o sair da cidade sem autoriza\u00e7\u00e3o judicial por mais de 8 dias\u201d.<\/p>\n<p style=\"text-align: justify;\">Ainda na tarde de hoje (12) o alvar\u00e1 de soltura foi liberado e Daniel j\u00e1 pode sair do 4\u00ba Bis, onde estava preso j\u00e1 que ele \u00e9 sargento do Ex\u00e9rcito que est\u00e1 na reserva.<\/p>\n<p style=\"text-align: justify;\">&#8220;Entendo que a pris\u00e3o preventiva n\u00e3o mais se mostra justific\u00e1vel e imprescind\u00edvel, podendo ser substitu\u00edda por outras medidas cautelares, inclusive porque as melhores medidas s\u00e3o aquelas adequadas \u00e0 &#8220;gravidade do crime, circunst\u00e2ncias do fato e condi\u00e7\u00f5es pessoais do indiciado ou acusado&#8221;, disse o juiz, respons\u00e1vel pela decis\u00e3o.<\/p>\n","protected":false},"excerpt":{"rendered":"<p style=\"text-align: justify;\">Justi\u00e7a entendeu que Daniel \u201cn\u00e3o oferece risco\u201d<\/p>\n","protected":false},"author":4,"featured_media":23808,"comment_status":"open","ping_status":"open","sticky":false,"template":"","format":"standard","meta":{"jnews-multi-image_gallery":[],"jnews_single_post":[],"jnews_primary_category":[],"jnews_social_meta":[],"jnews_review":[],"enable_review":"","type":"","name":"","summary":"","brand":"","sku":"","good":[],"bad":[],"score_override":"","override_value":"","rating":[],"price":[],"footnotes":""},"categories":[44],"tags":[],"class_list":["post-23809","post","type-post","status-publish","format-standard","has-post-thumbnail","hentry","category-policia"],"yoast_head":"<!-- This site is optimized with the Yoast SEO plugin v26.5 - https:\/\/yoast.com\/wordpress\/plugins\/seo\/ -->\n<title>Opera\u00e7\u00e3o Lares: Daniel Gomes \u00e9 solto - Agazeta.net<\/title>\n<meta name=\"robots\" content=\"index, follow, max-snippet:-1, max-image-preview:large, max-video-preview:-1\" \/>\n<link rel=\"canonical\" href=\"https:\/\/nk7-testes.com.br\/agazeta\/operacao-lares-daniel-gomes-e-solto\/\" \/>\n<meta property=\"og:locale\" content=\"pt_BR\" \/>\n<meta property=\"og:type\" content=\"article\" \/>\n<meta property=\"og:title\" content=\"Opera\u00e7\u00e3o Lares: Daniel Gomes \u00e9 solto - Agazeta.net\" \/>\n<meta property=\"og:description\" content=\"Justi\u00e7a entendeu que Daniel \u201cn\u00e3o oferece risco\u201d\" \/>\n<meta property=\"og:url\" content=\"https:\/\/nk7-testes.com.br\/agazeta\/operacao-lares-daniel-gomes-e-solto\/\" \/>\n<meta property=\"og:site_name\" content=\"Agazeta.net\" \/>\n<meta property=\"article:published_time\" content=\"2016-07-12T22:35:47+00:00\" \/>\n<meta property=\"og:image\" content=\"https:\/\/nk7-testes.com.br\/agazeta\/wp-content\/uploads\/2016\/07\/120716-policia-danielgomes-arquivopessoal.jpg\" \/>\n\t<meta property=\"og:image:width\" content=\"458\" \/>\n\t<meta property=\"og:image:height\" content=\"340\" \/>\n\t<meta property=\"og:image:type\" content=\"image\/jpeg\" \/>\n<meta name=\"author\" content=\"Agazeta.Net\" \/>\n<meta name=\"twitter:card\" content=\"summary_large_image\" \/>\n<meta name=\"twitter:label1\" content=\"Escrito por\" \/>\n\t<meta name=\"twitter:data1\" content=\"Agazeta.Net\" \/>\n\t<meta name=\"twitter:label2\" content=\"Est. tempo de leitura\" \/>\n\t<meta name=\"twitter:data2\" content=\"1 minuto\" \/>\n<script type=\"application\/ld+json\" class=\"yoast-schema-graph\">{\"@context\":\"https:\/\/schema.org\",\"@graph\":[{\"@type\":\"WebPage\",\"@id\":\"https:\/\/nk7-testes.com.br\/agazeta\/operacao-lares-daniel-gomes-e-solto\/\",\"url\":\"https:\/\/nk7-testes.com.br\/agazeta\/operacao-lares-daniel-gomes-e-solto\/\",\"name\":\"Opera\u00e7\u00e3o Lares: Daniel Gomes \u00e9 solto - Agazeta.net\",\"isPartOf\":{\"@id\":\"https:\/\/nk7-testes.com.br\/agazeta\/#website\"},\"primaryImageOfPage\":{\"@id\":\"https:\/\/nk7-testes.com.br\/agazeta\/operacao-lares-daniel-gomes-e-solto\/#primaryimage\"},\"image\":{\"@id\":\"https:\/\/nk7-testes.com.br\/agazeta\/operacao-lares-daniel-gomes-e-solto\/#primaryimage\"},\"thumbnailUrl\":\"https:\/\/nk7-testes.com.br\/agazeta\/wp-content\/uploads\/2016\/07\/120716-policia-danielgomes-arquivopessoal.jpg\",\"datePublished\":\"2016-07-12T22:35:47+00:00\",\"author\":{\"@id\":\"https:\/\/nk7-testes.com.br\/agazeta\/#\/schema\/person\/6d6e25cb0435eb4a02fd44d30b4e3020\"},\"breadcrumb\":{\"@id\":\"https:\/\/nk7-testes.com.br\/agazeta\/operacao-lares-daniel-gomes-e-solto\/#breadcrumb\"},\"inLanguage\":\"pt-BR\",\"potentialAction\":[{\"@type\":\"ReadAction\",\"target\":[\"https:\/\/nk7-testes.com.br\/agazeta\/operacao-lares-daniel-gomes-e-solto\/\"]}]},{\"@type\":\"ImageObject\",\"inLanguage\":\"pt-BR\",\"@id\":\"https:\/\/nk7-testes.com.br\/agazeta\/operacao-lares-daniel-gomes-e-solto\/#primaryimage\",\"url\":\"https:\/\/nk7-testes.com.br\/agazeta\/wp-content\/uploads\/2016\/07\/120716-policia-danielgomes-arquivopessoal.jpg\",\"contentUrl\":\"https:\/\/nk7-testes.com.br\/agazeta\/wp-content\/uploads\/2016\/07\/120716-policia-danielgomes-arquivopessoal.jpg\",\"width\":458,\"height\":340,\"caption\":\"120716-policia-danielgomes-arquivopessoal\"},{\"@type\":\"BreadcrumbList\",\"@id\":\"https:\/\/nk7-testes.com.br\/agazeta\/operacao-lares-daniel-gomes-e-solto\/#breadcrumb\",\"itemListElement\":[{\"@type\":\"ListItem\",\"position\":1,\"name\":\"In\u00edcio\",\"item\":\"https:\/\/nk7-testes.com.br\/agazeta\/\"},{\"@type\":\"ListItem\",\"position\":2,\"name\":\"Opera\u00e7\u00e3o Lares: Daniel Gomes \u00e9 solto\"}]},{\"@type\":\"WebSite\",\"@id\":\"https:\/\/nk7-testes.com.br\/agazeta\/#website\",\"url\":\"https:\/\/nk7-testes.com.br\/agazeta\/\",\"name\":\"Agazeta.net\",\"description\":\"Agazeta.net - Not\u00edcias de Rio Branco\/AC\",\"potentialAction\":[{\"@type\":\"SearchAction\",\"target\":{\"@type\":\"EntryPoint\",\"urlTemplate\":\"https:\/\/nk7-testes.com.br\/agazeta\/?s={search_term_string}\"},\"query-input\":{\"@type\":\"PropertyValueSpecification\",\"valueRequired\":true,\"valueName\":\"search_term_string\"}}],\"inLanguage\":\"pt-BR\"},{\"@type\":\"Person\",\"@id\":\"https:\/\/nk7-testes.com.br\/agazeta\/#\/schema\/person\/6d6e25cb0435eb4a02fd44d30b4e3020\",\"name\":\"Agazeta.Net\",\"url\":\"https:\/\/nk7-testes.com.br\/agazeta\/author\/agazeta\/\"}]}<\/script>\n<!-- \/ Yoast SEO plugin. -->","yoast_head_json":{"title":"Opera\u00e7\u00e3o Lares: Daniel Gomes \u00e9 solto - Agazeta.net","robots":{"index":"index","follow":"follow","max-snippet":"max-snippet:-1","max-image-preview":"max-image-preview:large","max-video-preview":"max-video-preview:-1"},"canonical":"https:\/\/nk7-testes.com.br\/agazeta\/operacao-lares-daniel-gomes-e-solto\/","og_locale":"pt_BR","og_type":"article","og_title":"Opera\u00e7\u00e3o Lares: Daniel Gomes \u00e9 solto - Agazeta.net","og_description":"Justi\u00e7a entendeu que Daniel \u201cn\u00e3o oferece risco\u201d","og_url":"https:\/\/nk7-testes.com.br\/agazeta\/operacao-lares-daniel-gomes-e-solto\/","og_site_name":"Agazeta.net","article_published_time":"2016-07-12T22:35:47+00:00","og_image":[{"width":458,"height":340,"url":"https:\/\/nk7-testes.com.br\/agazeta\/wp-content\/uploads\/2016\/07\/120716-policia-danielgomes-arquivopessoal.jpg","type":"image\/jpeg"}],"author":"Agazeta.Net","twitter_card":"summary_large_image","twitter_misc":{"Escrito por":"Agazeta.Net","Est. tempo de leitura":"1 minuto"},"schema":{"@context":"https:\/\/schema.org","@graph":[{"@type":"WebPage","@id":"https:\/\/nk7-testes.com.br\/agazeta\/operacao-lares-daniel-gomes-e-solto\/","url":"https:\/\/nk7-testes.com.br\/agazeta\/operacao-lares-daniel-gomes-e-solto\/","name":"Opera\u00e7\u00e3o Lares: Daniel Gomes \u00e9 solto - Agazeta.net","isPartOf":{"@id":"https:\/\/nk7-testes.com.br\/agazeta\/#website"},"primaryImageOfPage":{"@id":"https:\/\/nk7-testes.com.br\/agazeta\/operacao-lares-daniel-gomes-e-solto\/#primaryimage"},"image":{"@id":"https:\/\/nk7-testes.com.br\/agazeta\/operacao-lares-daniel-gomes-e-solto\/#primaryimage"},"thumbnailUrl":"https:\/\/nk7-testes.com.br\/agazeta\/wp-content\/uploads\/2016\/07\/120716-policia-danielgomes-arquivopessoal.jpg","datePublished":"2016-07-12T22:35:47+00:00","author":{"@id":"https:\/\/nk7-testes.com.br\/agazeta\/#\/schema\/person\/6d6e25cb0435eb4a02fd44d30b4e3020"},"breadcrumb":{"@id":"https:\/\/nk7-testes.com.br\/agazeta\/operacao-lares-daniel-gomes-e-solto\/#breadcrumb"},"inLanguage":"pt-BR","potentialAction":[{"@type":"ReadAction","target":["https:\/\/nk7-testes.com.br\/agazeta\/operacao-lares-daniel-gomes-e-solto\/"]}]},{"@type":"ImageObject","inLanguage":"pt-BR","@id":"https:\/\/nk7-testes.com.br\/agazeta\/operacao-lares-daniel-gomes-e-solto\/#primaryimage","url":"https:\/\/nk7-testes.com.br\/agazeta\/wp-content\/uploads\/2016\/07\/120716-policia-danielgomes-arquivopessoal.jpg","contentUrl":"https:\/\/nk7-testes.com.br\/agazeta\/wp-content\/uploads\/2016\/07\/120716-policia-danielgomes-arquivopessoal.jpg","width":458,"height":340,"caption":"120716-policia-danielgomes-arquivopessoal"},{"@type":"BreadcrumbList","@id":"https:\/\/nk7-testes.com.br\/agazeta\/operacao-lares-daniel-gomes-e-solto\/#breadcrumb","itemListElement":[{"@type":"ListItem","position":1,"name":"In\u00edcio","item":"https:\/\/nk7-testes.com.br\/agazeta\/"},{"@type":"ListItem","position":2,"name":"Opera\u00e7\u00e3o Lares: Daniel Gomes \u00e9 solto"}]},{"@type":"WebSite","@id":"https:\/\/nk7-testes.com.br\/agazeta\/#website","url":"https:\/\/nk7-testes.com.br\/agazeta\/","name":"Agazeta.net","description":"Agazeta.net - Not\u00edcias de Rio Branco\/AC","potentialAction":[{"@type":"SearchAction","target":{"@type":"EntryPoint","urlTemplate":"https:\/\/nk7-testes.com.br\/agazeta\/?s={search_term_string}"},"query-input":{"@type":"PropertyValueSpecification","valueRequired":true,"valueName":"search_term_string"}}],"inLanguage":"pt-BR"},{"@type":"Person","@id":"https:\/\/nk7-testes.com.br\/agazeta\/#\/schema\/person\/6d6e25cb0435eb4a02fd44d30b4e3020","name":"Agazeta.Net","url":"https:\/\/nk7-testes.com.br\/agazeta\/author\/agazeta\/"}]}},"_links":{"self":[{"href":"https:\/\/nk7-testes.com.br\/agazeta\/wp-json\/wp\/v2\/posts\/23809","targetHints":{"allow":["GET"]}}],"collection":[{"href":"https:\/\/nk7-testes.com.br\/agazeta\/wp-json\/wp\/v2\/posts"}],"about":[{"href":"https:\/\/nk7-testes.com.br\/agazeta\/wp-json\/wp\/v2\/types\/post"}],"author":[{"embeddable":true,"href":"https:\/\/nk7-testes.com.br\/agazeta\/wp-json\/wp\/v2\/users\/4"}],"replies":[{"embeddable":true,"href":"https:\/\/nk7-testes.com.br\/agazeta\/wp-json\/wp\/v2\/comments?post=23809"}],"version-history":[{"count":0,"href":"https:\/\/nk7-testes.com.br\/agazeta\/wp-json\/wp\/v2\/posts\/23809\/revisions"}],"wp:featuredmedia":[{"embeddable":true,"href":"https:\/\/nk7-testes.com.br\/agazeta\/wp-json\/wp\/v2\/media\/23808"}],"wp:attachment":[{"href":"https:\/\/nk7-testes.com.br\/agazeta\/wp-json\/wp\/v2\/media?parent=23809"}],"wp:term":[{"taxonomy":"category","embeddable":true,"href":"https:\/\/nk7-testes.com.br\/agazeta\/wp-json\/wp\/v2\/categories?post=23809"},{"taxonomy":"post_tag","embeddable":true,"href":"https:\/\/nk7-testes.com.br\/agazeta\/wp-json\/wp\/v2\/tags?post=23809"}],"curies":[{"name":"wp","href":"https:\/\/api.w.org\/{rel}","templated":true}]}}