{"id":23807,"date":"2016-07-12T21:30:46","date_gmt":"2016-07-12T21:30:46","guid":{"rendered":"https:\/\/abarevegan.com.br\/index.php\/2016\/07\/12\/seca-do-rio-acre-ja-prejudica-producao-ribeirinha\/"},"modified":"2016-07-12T21:30:46","modified_gmt":"2016-07-12T21:30:46","slug":"seca-do-rio-acre-ja-prejudica-producao-ribeirinha","status":"publish","type":"post","link":"https:\/\/nk7-testes.com.br\/agazeta\/seca-do-rio-acre-ja-prejudica-producao-ribeirinha\/","title":{"rendered":"Seca do Rio Acre j\u00e1 prejudica produ\u00e7\u00e3o ribeirinha"},"content":{"rendered":"<p style=\"text-align: justify;\">Rio seco escoamento da produ\u00e7\u00e3o comprometido<\/p>\n<p style=\"text-align: justify;\">A seca do Rio Acre ainda est\u00e1 longe de acabar e j\u00e1 come\u00e7a a prejudicar a produ\u00e7\u00e3o dos ribeirinhos. Os preju\u00edzos j\u00e1 come\u00e7am a ser sentidos tanto nas comunidades agr\u00edcolas pr\u00f3ximas \u00e0 Capital quanto na \u00e1rea urbana.<\/p>\n<p style=\"text-align: justify;\">Nas comunidades ribeirinhas o baixo volume do rio causa problema por causa do transporte da produ\u00e7\u00e3o. Para os agricultores que residem na \u00e1rea urbana, o problema \u00e9 a falta de \u00e1gua para irrigar a pequena produ\u00e7\u00e3o.<\/p>\n<p style=\"text-align: justify;\">O agricultor Ant\u00f4nio Cez\u00e1rio, h\u00e1 20 anos, trabalha na feira e hoje foi o \u00faltimo dia de servi\u00e7o, pelo menos por enquanto. \u00c9 que at\u00e9 o po\u00e7o artesiano de 12 metros de profundidade que ele tem em sua propriedade, na Avenida Amadeo Barbosa, secou.<\/p>\n<p style=\"text-align: justify;\">\u201cT\u00e1 fazendo vinte anos que eu trabalho aqui nessa feira, nunca tinha me acontecido isso, pela primeira vez que eu t\u00f4 vendo a \u00e1gua l\u00e1 secando\u201d.<\/p>\n<p style=\"text-align: justify;\">Dessa forma, Cez\u00e1rio n\u00e3o tem mais como manter a horta, uma vez que esse po\u00e7o \u00e9 sua \u00fanica fonte de \u00e1gua. O jeito vai ser esperar passar o per\u00edodo de estiagem. \u201cHoje mesmo eu vou l\u00e1 atr\u00e1s do rapaz pra ver se a gente consegue fazer outro po\u00e7o mais fundo, e v\u00ea como eu vou conseguir adaptara \u00e1gua debaixo pra cima pra eu aguar essas coisas\u201d.<\/p>\n<p style=\"text-align: justify;\">Maria da Liberdade, por exemplo, disse que j\u00e1 come\u00e7ou a faltar couve, cheiro verde e alface.<\/p>\n<p style=\"text-align: justify;\">Com essa escassez, a tend\u00eancia \u00e9 que essas hortali\u00e7as sofram ajustes no pre\u00e7o. \u201cCome\u00e7a a faltar as coisas e a as coisas que vem pra gente aqui j\u00e1 come\u00e7am a subir de pre\u00e7o\u201d, disse.<\/p>\n<p style=\"text-align: justify;\">O secret\u00e1rio de Agricultura de Rio Branco, Jorge Fadell, explica que o principal porto de Rio Branco, localizado no Cadeia Velha, \u00e9 utilizado principalmente por produtores das regi\u00f5es do Catuaba, Panorama e Vista alegre, que juntos somam cerca de 300 fam\u00edlias. Para essas comunidades, os ramais s\u00e3o alternativa.<\/p>\n<p style=\"text-align: justify;\">\u201cA navega\u00e7\u00e3o primeiramente \u00e9 comprometida, embora isso seja compensado porque temos uma malha de ramais que consegue transportar produ\u00e7\u00e3o sem problema. Mas, a produ\u00e7\u00e3o tradicional de feij\u00e3o, melancia, dos ribeirinhos e algumas hortali\u00e7as ficam comprometidas\u201d.<\/p>\n","protected":false},"excerpt":{"rendered":"<p style=\"text-align: justify;\">Rio seco escoamento da produ\u00e7\u00e3o comprometido<\/p>\n","protected":false},"author":4,"featured_media":23806,"comment_status":"open","ping_status":"open","sticky":false,"template":"","format":"standard","meta":{"jnews-multi-image_gallery":[],"jnews_single_post":[],"jnews_primary_category":[],"jnews_social_meta":[],"jnews_review":[],"enable_review":"","type":"","name":"","summary":"","brand":"","sku":"","good":[],"bad":[],"score_override":"","override_value":"","rating":[],"price":[],"footnotes":""},"categories":[54],"tags":[],"class_list":["post-23807","post","type-post","status-publish","format-standard","has-post-thumbnail","hentry","category-cotidiano"],"yoast_head":"<!-- This site is optimized with the Yoast SEO plugin v26.5 - https:\/\/yoast.com\/wordpress\/plugins\/seo\/ -->\n<title>Seca do Rio Acre j\u00e1 prejudica produ\u00e7\u00e3o ribeirinha - Agazeta.net<\/title>\n<meta name=\"robots\" content=\"index, follow, max-snippet:-1, max-image-preview:large, max-video-preview:-1\" \/>\n<link rel=\"canonical\" href=\"https:\/\/nk7-testes.com.br\/agazeta\/seca-do-rio-acre-ja-prejudica-producao-ribeirinha\/\" \/>\n<meta property=\"og:locale\" content=\"pt_BR\" \/>\n<meta property=\"og:type\" content=\"article\" \/>\n<meta property=\"og:title\" content=\"Seca do Rio Acre j\u00e1 prejudica produ\u00e7\u00e3o ribeirinha - Agazeta.net\" \/>\n<meta property=\"og:description\" content=\"Rio seco escoamento da produ\u00e7\u00e3o comprometido\" \/>\n<meta property=\"og:url\" content=\"https:\/\/nk7-testes.com.br\/agazeta\/seca-do-rio-acre-ja-prejudica-producao-ribeirinha\/\" \/>\n<meta property=\"og:site_name\" content=\"Agazeta.net\" \/>\n<meta property=\"article:published_time\" content=\"2016-07-12T21:30:46+00:00\" \/>\n<meta property=\"og:image\" content=\"https:\/\/nk7-testes.com.br\/agazeta\/wp-content\/uploads\/2016\/07\/120716-cotidiano-riosecoproducaoribeirinhos-tvgazeta.jpg\" \/>\n\t<meta property=\"og:image:width\" content=\"458\" \/>\n\t<meta property=\"og:image:height\" content=\"340\" \/>\n\t<meta property=\"og:image:type\" content=\"image\/jpeg\" \/>\n<meta name=\"author\" content=\"Agazeta.Net\" \/>\n<meta name=\"twitter:card\" content=\"summary_large_image\" \/>\n<meta name=\"twitter:label1\" content=\"Escrito por\" \/>\n\t<meta name=\"twitter:data1\" content=\"Agazeta.Net\" \/>\n\t<meta name=\"twitter:label2\" content=\"Est. tempo de leitura\" \/>\n\t<meta name=\"twitter:data2\" content=\"2 minutos\" \/>\n<script type=\"application\/ld+json\" class=\"yoast-schema-graph\">{\"@context\":\"https:\/\/schema.org\",\"@graph\":[{\"@type\":\"WebPage\",\"@id\":\"https:\/\/nk7-testes.com.br\/agazeta\/seca-do-rio-acre-ja-prejudica-producao-ribeirinha\/\",\"url\":\"https:\/\/nk7-testes.com.br\/agazeta\/seca-do-rio-acre-ja-prejudica-producao-ribeirinha\/\",\"name\":\"Seca do Rio Acre j\u00e1 prejudica produ\u00e7\u00e3o ribeirinha - Agazeta.net\",\"isPartOf\":{\"@id\":\"https:\/\/nk7-testes.com.br\/agazeta\/#website\"},\"primaryImageOfPage\":{\"@id\":\"https:\/\/nk7-testes.com.br\/agazeta\/seca-do-rio-acre-ja-prejudica-producao-ribeirinha\/#primaryimage\"},\"image\":{\"@id\":\"https:\/\/nk7-testes.com.br\/agazeta\/seca-do-rio-acre-ja-prejudica-producao-ribeirinha\/#primaryimage\"},\"thumbnailUrl\":\"https:\/\/nk7-testes.com.br\/agazeta\/wp-content\/uploads\/2016\/07\/120716-cotidiano-riosecoproducaoribeirinhos-tvgazeta.jpg\",\"datePublished\":\"2016-07-12T21:30:46+00:00\",\"author\":{\"@id\":\"https:\/\/nk7-testes.com.br\/agazeta\/#\/schema\/person\/6d6e25cb0435eb4a02fd44d30b4e3020\"},\"breadcrumb\":{\"@id\":\"https:\/\/nk7-testes.com.br\/agazeta\/seca-do-rio-acre-ja-prejudica-producao-ribeirinha\/#breadcrumb\"},\"inLanguage\":\"pt-BR\",\"potentialAction\":[{\"@type\":\"ReadAction\",\"target\":[\"https:\/\/nk7-testes.com.br\/agazeta\/seca-do-rio-acre-ja-prejudica-producao-ribeirinha\/\"]}]},{\"@type\":\"ImageObject\",\"inLanguage\":\"pt-BR\",\"@id\":\"https:\/\/nk7-testes.com.br\/agazeta\/seca-do-rio-acre-ja-prejudica-producao-ribeirinha\/#primaryimage\",\"url\":\"https:\/\/nk7-testes.com.br\/agazeta\/wp-content\/uploads\/2016\/07\/120716-cotidiano-riosecoproducaoribeirinhos-tvgazeta.jpg\",\"contentUrl\":\"https:\/\/nk7-testes.com.br\/agazeta\/wp-content\/uploads\/2016\/07\/120716-cotidiano-riosecoproducaoribeirinhos-tvgazeta.jpg\",\"width\":458,\"height\":340,\"caption\":\"120716-cotidiano-riosecoproducaoribeirinhos-tvgazeta\"},{\"@type\":\"BreadcrumbList\",\"@id\":\"https:\/\/nk7-testes.com.br\/agazeta\/seca-do-rio-acre-ja-prejudica-producao-ribeirinha\/#breadcrumb\",\"itemListElement\":[{\"@type\":\"ListItem\",\"position\":1,\"name\":\"In\u00edcio\",\"item\":\"https:\/\/nk7-testes.com.br\/agazeta\/\"},{\"@type\":\"ListItem\",\"position\":2,\"name\":\"Seca do Rio Acre j\u00e1 prejudica produ\u00e7\u00e3o ribeirinha\"}]},{\"@type\":\"WebSite\",\"@id\":\"https:\/\/nk7-testes.com.br\/agazeta\/#website\",\"url\":\"https:\/\/nk7-testes.com.br\/agazeta\/\",\"name\":\"Agazeta.net\",\"description\":\"Agazeta.net - Not\u00edcias de Rio Branco\/AC\",\"potentialAction\":[{\"@type\":\"SearchAction\",\"target\":{\"@type\":\"EntryPoint\",\"urlTemplate\":\"https:\/\/nk7-testes.com.br\/agazeta\/?s={search_term_string}\"},\"query-input\":{\"@type\":\"PropertyValueSpecification\",\"valueRequired\":true,\"valueName\":\"search_term_string\"}}],\"inLanguage\":\"pt-BR\"},{\"@type\":\"Person\",\"@id\":\"https:\/\/nk7-testes.com.br\/agazeta\/#\/schema\/person\/6d6e25cb0435eb4a02fd44d30b4e3020\",\"name\":\"Agazeta.Net\",\"url\":\"https:\/\/nk7-testes.com.br\/agazeta\/author\/agazeta\/\"}]}<\/script>\n<!-- \/ Yoast SEO plugin. -->","yoast_head_json":{"title":"Seca do Rio Acre j\u00e1 prejudica produ\u00e7\u00e3o ribeirinha - Agazeta.net","robots":{"index":"index","follow":"follow","max-snippet":"max-snippet:-1","max-image-preview":"max-image-preview:large","max-video-preview":"max-video-preview:-1"},"canonical":"https:\/\/nk7-testes.com.br\/agazeta\/seca-do-rio-acre-ja-prejudica-producao-ribeirinha\/","og_locale":"pt_BR","og_type":"article","og_title":"Seca do Rio Acre j\u00e1 prejudica produ\u00e7\u00e3o ribeirinha - Agazeta.net","og_description":"Rio seco escoamento da produ\u00e7\u00e3o comprometido","og_url":"https:\/\/nk7-testes.com.br\/agazeta\/seca-do-rio-acre-ja-prejudica-producao-ribeirinha\/","og_site_name":"Agazeta.net","article_published_time":"2016-07-12T21:30:46+00:00","og_image":[{"width":458,"height":340,"url":"https:\/\/nk7-testes.com.br\/agazeta\/wp-content\/uploads\/2016\/07\/120716-cotidiano-riosecoproducaoribeirinhos-tvgazeta.jpg","type":"image\/jpeg"}],"author":"Agazeta.Net","twitter_card":"summary_large_image","twitter_misc":{"Escrito por":"Agazeta.Net","Est. tempo de leitura":"2 minutos"},"schema":{"@context":"https:\/\/schema.org","@graph":[{"@type":"WebPage","@id":"https:\/\/nk7-testes.com.br\/agazeta\/seca-do-rio-acre-ja-prejudica-producao-ribeirinha\/","url":"https:\/\/nk7-testes.com.br\/agazeta\/seca-do-rio-acre-ja-prejudica-producao-ribeirinha\/","name":"Seca do Rio Acre j\u00e1 prejudica produ\u00e7\u00e3o ribeirinha - Agazeta.net","isPartOf":{"@id":"https:\/\/nk7-testes.com.br\/agazeta\/#website"},"primaryImageOfPage":{"@id":"https:\/\/nk7-testes.com.br\/agazeta\/seca-do-rio-acre-ja-prejudica-producao-ribeirinha\/#primaryimage"},"image":{"@id":"https:\/\/nk7-testes.com.br\/agazeta\/seca-do-rio-acre-ja-prejudica-producao-ribeirinha\/#primaryimage"},"thumbnailUrl":"https:\/\/nk7-testes.com.br\/agazeta\/wp-content\/uploads\/2016\/07\/120716-cotidiano-riosecoproducaoribeirinhos-tvgazeta.jpg","datePublished":"2016-07-12T21:30:46+00:00","author":{"@id":"https:\/\/nk7-testes.com.br\/agazeta\/#\/schema\/person\/6d6e25cb0435eb4a02fd44d30b4e3020"},"breadcrumb":{"@id":"https:\/\/nk7-testes.com.br\/agazeta\/seca-do-rio-acre-ja-prejudica-producao-ribeirinha\/#breadcrumb"},"inLanguage":"pt-BR","potentialAction":[{"@type":"ReadAction","target":["https:\/\/nk7-testes.com.br\/agazeta\/seca-do-rio-acre-ja-prejudica-producao-ribeirinha\/"]}]},{"@type":"ImageObject","inLanguage":"pt-BR","@id":"https:\/\/nk7-testes.com.br\/agazeta\/seca-do-rio-acre-ja-prejudica-producao-ribeirinha\/#primaryimage","url":"https:\/\/nk7-testes.com.br\/agazeta\/wp-content\/uploads\/2016\/07\/120716-cotidiano-riosecoproducaoribeirinhos-tvgazeta.jpg","contentUrl":"https:\/\/nk7-testes.com.br\/agazeta\/wp-content\/uploads\/2016\/07\/120716-cotidiano-riosecoproducaoribeirinhos-tvgazeta.jpg","width":458,"height":340,"caption":"120716-cotidiano-riosecoproducaoribeirinhos-tvgazeta"},{"@type":"BreadcrumbList","@id":"https:\/\/nk7-testes.com.br\/agazeta\/seca-do-rio-acre-ja-prejudica-producao-ribeirinha\/#breadcrumb","itemListElement":[{"@type":"ListItem","position":1,"name":"In\u00edcio","item":"https:\/\/nk7-testes.com.br\/agazeta\/"},{"@type":"ListItem","position":2,"name":"Seca do Rio Acre j\u00e1 prejudica produ\u00e7\u00e3o ribeirinha"}]},{"@type":"WebSite","@id":"https:\/\/nk7-testes.com.br\/agazeta\/#website","url":"https:\/\/nk7-testes.com.br\/agazeta\/","name":"Agazeta.net","description":"Agazeta.net - Not\u00edcias de Rio Branco\/AC","potentialAction":[{"@type":"SearchAction","target":{"@type":"EntryPoint","urlTemplate":"https:\/\/nk7-testes.com.br\/agazeta\/?s={search_term_string}"},"query-input":{"@type":"PropertyValueSpecification","valueRequired":true,"valueName":"search_term_string"}}],"inLanguage":"pt-BR"},{"@type":"Person","@id":"https:\/\/nk7-testes.com.br\/agazeta\/#\/schema\/person\/6d6e25cb0435eb4a02fd44d30b4e3020","name":"Agazeta.Net","url":"https:\/\/nk7-testes.com.br\/agazeta\/author\/agazeta\/"}]}},"_links":{"self":[{"href":"https:\/\/nk7-testes.com.br\/agazeta\/wp-json\/wp\/v2\/posts\/23807","targetHints":{"allow":["GET"]}}],"collection":[{"href":"https:\/\/nk7-testes.com.br\/agazeta\/wp-json\/wp\/v2\/posts"}],"about":[{"href":"https:\/\/nk7-testes.com.br\/agazeta\/wp-json\/wp\/v2\/types\/post"}],"author":[{"embeddable":true,"href":"https:\/\/nk7-testes.com.br\/agazeta\/wp-json\/wp\/v2\/users\/4"}],"replies":[{"embeddable":true,"href":"https:\/\/nk7-testes.com.br\/agazeta\/wp-json\/wp\/v2\/comments?post=23807"}],"version-history":[{"count":0,"href":"https:\/\/nk7-testes.com.br\/agazeta\/wp-json\/wp\/v2\/posts\/23807\/revisions"}],"wp:featuredmedia":[{"embeddable":true,"href":"https:\/\/nk7-testes.com.br\/agazeta\/wp-json\/wp\/v2\/media\/23806"}],"wp:attachment":[{"href":"https:\/\/nk7-testes.com.br\/agazeta\/wp-json\/wp\/v2\/media?parent=23807"}],"wp:term":[{"taxonomy":"category","embeddable":true,"href":"https:\/\/nk7-testes.com.br\/agazeta\/wp-json\/wp\/v2\/categories?post=23807"},{"taxonomy":"post_tag","embeddable":true,"href":"https:\/\/nk7-testes.com.br\/agazeta\/wp-json\/wp\/v2\/tags?post=23807"}],"curies":[{"name":"wp","href":"https:\/\/api.w.org\/{rel}","templated":true}]}}