{"id":23788,"date":"2016-07-11T21:55:42","date_gmt":"2016-07-11T21:55:42","guid":{"rendered":"https:\/\/abarevegan.com.br\/index.php\/2016\/07\/11\/policial-confirma-que-apontou-arma-para-medico\/"},"modified":"2016-07-11T21:55:42","modified_gmt":"2016-07-11T21:55:42","slug":"policial-confirma-que-apontou-arma-para-medico","status":"publish","type":"post","link":"https:\/\/nk7-testes.com.br\/agazeta\/policial-confirma-que-apontou-arma-para-medico\/","title":{"rendered":"Policial confirma que apontou arma para m\u00e9dico"},"content":{"rendered":"<p style=\"text-align: justify;\">Ele alega prote\u00e7\u00e3o diante da negativa de socorro<\/p>\n<p style=\"text-align: justify;\">O policial rodovi\u00e1rio federal C\u00e9sar Henrique de Oliveira, 54, confirma que apontou a arma para um m\u00e9dico no Pronto Socorro do Hospital de Urg\u00eancia e Emerg\u00eancia que, segundo ele, negava atendimento \u00e0 jovem.<\/p>\n<p style=\"text-align: justify;\">\u201cUm rapaz foi atender a Yasmin, minha filha estava querendo desmaiar. A\u00ed ele me pediu: \u2018d\u00e1 pro senhor preencher um formul\u00e1rio?\u2019 Eu disse: \u2018D\u00e1, mas eu posso ficar aqui at\u00e9 terminar o atendimento dela?\u2019 Bastou eu acabar de falar isso que esse doutor Eduardo [Eduardo Knaip], em um tom bem r\u00edspido falou: \u2018S\u00f3 atenda quando ele trouxer o formul\u00e1rio preenchido\u2019. Aquilo me chocou, eu fiquei transtornado (&#8230;) A\u00ed tomei a medida que voc\u00eas sabem\u201d, contou o policial.<\/p>\n<p style=\"text-align: justify;\">Ap\u00f3s o p\u00e2nico, a jovem foi atendida e o caso foi parar na Delegacia de Flagrantes. De acordo com o delegado Frederico Tostes, C\u00e9sar deve responder pelo crime de amea\u00e7a. \u201cO policial rodovi\u00e1rio federal confessou o crime, justificou a quest\u00e3o desse sentimento paterno de prote\u00e7\u00e3o da filha, disse que perdeu a cabe\u00e7a, tentou se justificar na delegacia, mas isso n\u00e3o o isenta da punibilidade\u201d.<\/p>\n<p style=\"text-align: justify;\">A equipe m\u00e9dica solicitou que primeiro o pai realizasse o boletim de entrada da filha na recep\u00e7\u00e3o. Segundo as pessoas que estavam no local, o agente federal revoltado sacou uma arma de fogo e exigiu que o m\u00e9dico Eduardo Kenaip fizesse o atendimento imediatamente. O pr\u00f3prio policial confirma o fato.<\/p>\n<p style=\"text-align: justify;\">O PRF reconhece que se excedeu diante da negativa do atendimento da filha e alegou que tamb\u00e9m vai processar o m\u00e9dico por omiss\u00e3o de socorro. O Sindicato dos M\u00e9dicos do Estado do Acre disse que vai processar o policial e o Estado.<\/p>\n<p style=\"text-align: justify;\"><strong>PRF divulga nota sobre o epis\u00f3dio<\/strong><\/p>\n<p style=\"text-align: justify;\">A Pol\u00edcia rodovi\u00e1ria Federal divulgou nota no fim da tarde desta segunda-feira, informando que vai abrir um Procedimento Administrativo para investigar a conduta do policial. &#8220;<span style=\"font-size: 13.1999998092651px; line-height: 21.1199989318848px; text-align: justify;\">A Pol\u00edcia Rodovi\u00e1ria Federal n\u00e3o se coaduna com desvios de fun\u00e7\u00e3o de seus servidores, e adotar\u00e1 todas as medidas necess\u00e1rias para a imparcial apura\u00e7\u00e3o da verdade&#8221;.<\/span><\/p>\n<p><strong>MINIST\u00c9RIO DA JUSTI\u00c7A E CIDADANIA<\/strong><\/p>\n<p style=\"text-align: justify;\"><strong>POL\u00cdCIA RODOVI\u00c1RIA FEDERAL<\/strong><\/p>\n<p style=\"text-align: justify;\"><strong>COMUNICADO GERAL<\/strong><\/p>\n<p style=\"text-align: justify;\">A Superintend\u00eancia Regional da Pol\u00edcia Rodovi\u00e1ria Federal no Estado do Acre, CONSIDERANDO as mat\u00e9rias publicadas em diversos jornais locais sobre incidente envolvendo um Policial Rodovi\u00e1rio Federal e uma equipe m\u00e9dica de plant\u00e3o no HUERB, na manh\u00e3 do dia 10\/07\/2016; CONSIDERANDO a comunica\u00e7\u00e3o formalizada pelo servidor envolvido na ocorr\u00eancia; CONSIDERANDO que n\u00e3o recebemos at\u00e9 o momento nenhuma comunica\u00e7\u00e3o oficial de outra institui\u00e7\u00e3o a respeito do assunto; CONSIDERANDO o princ\u00edpio legal do contradit\u00f3rio e da ampla defesa;<\/p>\n<p style=\"text-align: justify;\">COMUNICA que foi aberto Procedimento Administrativo com o intuito de apurar eventual infra\u00e7\u00e3o administrativa envolvendo Policial Rodovi\u00e1rio Federal lotado nesta Superintend\u00eancia.<\/p>\n<p style=\"text-align: justify;\">A Pol\u00edcia Rodovi\u00e1ria Federal n\u00e3o se coaduna com desvios de fun\u00e7\u00e3o de seus servidores, e adotar\u00e1 todas as medidas necess\u00e1rias para a imparcial apura\u00e7\u00e3o da verdade.<\/p>\n<p style=\"text-align: justify;\"><strong>Rio Branco-AC, 11 de julho de 2016.<\/strong><\/p>\n<p style=\"text-align: justify;\"><em>NELIS NEWTON DA CUNHA SILVA<\/em><\/p>\n<p style=\"text-align: justify;\"><strong>Superintendente Regional<\/strong><\/p>\n","protected":false},"excerpt":{"rendered":"<p style=\"text-align: justify;\">Ele alega prote\u00e7\u00e3o diante da negativa de socorro<\/p>\n","protected":false},"author":4,"featured_media":23787,"comment_status":"open","ping_status":"open","sticky":false,"template":"","format":"standard","meta":{"jnews-multi-image_gallery":[],"jnews_single_post":[],"jnews_primary_category":[],"jnews_social_meta":[],"jnews_review":[],"enable_review":"","type":"","name":"","summary":"","brand":"","sku":"","good":[],"bad":[],"score_override":"","override_value":"","rating":[],"price":[],"footnotes":""},"categories":[44],"tags":[],"class_list":["post-23788","post","type-post","status-publish","format-standard","has-post-thumbnail","hentry","category-policia"],"yoast_head":"<!-- This site is optimized with the Yoast SEO plugin v26.5 - https:\/\/yoast.com\/wordpress\/plugins\/seo\/ -->\n<title>Policial confirma que apontou arma para m\u00e9dico - Agazeta.net<\/title>\n<meta name=\"robots\" content=\"index, follow, max-snippet:-1, max-image-preview:large, max-video-preview:-1\" \/>\n<link rel=\"canonical\" href=\"https:\/\/nk7-testes.com.br\/agazeta\/policial-confirma-que-apontou-arma-para-medico\/\" \/>\n<meta property=\"og:locale\" content=\"pt_BR\" \/>\n<meta property=\"og:type\" content=\"article\" \/>\n<meta property=\"og:title\" content=\"Policial confirma que apontou arma para m\u00e9dico - Agazeta.net\" \/>\n<meta property=\"og:description\" content=\"Ele alega prote\u00e7\u00e3o diante da negativa de socorro\" \/>\n<meta property=\"og:url\" content=\"https:\/\/nk7-testes.com.br\/agazeta\/policial-confirma-que-apontou-arma-para-medico\/\" \/>\n<meta property=\"og:site_name\" content=\"Agazeta.net\" \/>\n<meta property=\"article:published_time\" content=\"2016-07-11T21:55:42+00:00\" \/>\n<meta property=\"og:image\" content=\"https:\/\/nk7-testes.com.br\/agazeta\/wp-content\/uploads\/2016\/07\/110716-cotidiano-policialrodoviariofederal-tvgazeta.jpg\" \/>\n\t<meta property=\"og:image:width\" content=\"458\" \/>\n\t<meta property=\"og:image:height\" content=\"340\" \/>\n\t<meta property=\"og:image:type\" content=\"image\/jpeg\" \/>\n<meta name=\"author\" content=\"Agazeta.Net\" \/>\n<meta name=\"twitter:card\" content=\"summary_large_image\" \/>\n<meta name=\"twitter:label1\" content=\"Escrito por\" \/>\n\t<meta name=\"twitter:data1\" content=\"Agazeta.Net\" \/>\n\t<meta name=\"twitter:label2\" content=\"Est. tempo de leitura\" \/>\n\t<meta name=\"twitter:data2\" content=\"3 minutos\" \/>\n<script type=\"application\/ld+json\" class=\"yoast-schema-graph\">{\"@context\":\"https:\/\/schema.org\",\"@graph\":[{\"@type\":\"WebPage\",\"@id\":\"https:\/\/nk7-testes.com.br\/agazeta\/policial-confirma-que-apontou-arma-para-medico\/\",\"url\":\"https:\/\/nk7-testes.com.br\/agazeta\/policial-confirma-que-apontou-arma-para-medico\/\",\"name\":\"Policial confirma que apontou arma para m\u00e9dico - Agazeta.net\",\"isPartOf\":{\"@id\":\"https:\/\/nk7-testes.com.br\/agazeta\/#website\"},\"primaryImageOfPage\":{\"@id\":\"https:\/\/nk7-testes.com.br\/agazeta\/policial-confirma-que-apontou-arma-para-medico\/#primaryimage\"},\"image\":{\"@id\":\"https:\/\/nk7-testes.com.br\/agazeta\/policial-confirma-que-apontou-arma-para-medico\/#primaryimage\"},\"thumbnailUrl\":\"https:\/\/nk7-testes.com.br\/agazeta\/wp-content\/uploads\/2016\/07\/110716-cotidiano-policialrodoviariofederal-tvgazeta.jpg\",\"datePublished\":\"2016-07-11T21:55:42+00:00\",\"author\":{\"@id\":\"https:\/\/nk7-testes.com.br\/agazeta\/#\/schema\/person\/6d6e25cb0435eb4a02fd44d30b4e3020\"},\"breadcrumb\":{\"@id\":\"https:\/\/nk7-testes.com.br\/agazeta\/policial-confirma-que-apontou-arma-para-medico\/#breadcrumb\"},\"inLanguage\":\"pt-BR\",\"potentialAction\":[{\"@type\":\"ReadAction\",\"target\":[\"https:\/\/nk7-testes.com.br\/agazeta\/policial-confirma-que-apontou-arma-para-medico\/\"]}]},{\"@type\":\"ImageObject\",\"inLanguage\":\"pt-BR\",\"@id\":\"https:\/\/nk7-testes.com.br\/agazeta\/policial-confirma-que-apontou-arma-para-medico\/#primaryimage\",\"url\":\"https:\/\/nk7-testes.com.br\/agazeta\/wp-content\/uploads\/2016\/07\/110716-cotidiano-policialrodoviariofederal-tvgazeta.jpg\",\"contentUrl\":\"https:\/\/nk7-testes.com.br\/agazeta\/wp-content\/uploads\/2016\/07\/110716-cotidiano-policialrodoviariofederal-tvgazeta.jpg\",\"width\":458,\"height\":340,\"caption\":\"110716-cotidiano-policialrodoviariofederal-tvgazeta\"},{\"@type\":\"BreadcrumbList\",\"@id\":\"https:\/\/nk7-testes.com.br\/agazeta\/policial-confirma-que-apontou-arma-para-medico\/#breadcrumb\",\"itemListElement\":[{\"@type\":\"ListItem\",\"position\":1,\"name\":\"In\u00edcio\",\"item\":\"https:\/\/nk7-testes.com.br\/agazeta\/\"},{\"@type\":\"ListItem\",\"position\":2,\"name\":\"Policial confirma que apontou arma para m\u00e9dico\"}]},{\"@type\":\"WebSite\",\"@id\":\"https:\/\/nk7-testes.com.br\/agazeta\/#website\",\"url\":\"https:\/\/nk7-testes.com.br\/agazeta\/\",\"name\":\"Agazeta.net\",\"description\":\"Agazeta.net - Not\u00edcias de Rio Branco\/AC\",\"potentialAction\":[{\"@type\":\"SearchAction\",\"target\":{\"@type\":\"EntryPoint\",\"urlTemplate\":\"https:\/\/nk7-testes.com.br\/agazeta\/?s={search_term_string}\"},\"query-input\":{\"@type\":\"PropertyValueSpecification\",\"valueRequired\":true,\"valueName\":\"search_term_string\"}}],\"inLanguage\":\"pt-BR\"},{\"@type\":\"Person\",\"@id\":\"https:\/\/nk7-testes.com.br\/agazeta\/#\/schema\/person\/6d6e25cb0435eb4a02fd44d30b4e3020\",\"name\":\"Agazeta.Net\",\"url\":\"https:\/\/nk7-testes.com.br\/agazeta\/author\/agazeta\/\"}]}<\/script>\n<!-- \/ Yoast SEO plugin. -->","yoast_head_json":{"title":"Policial confirma que apontou arma para m\u00e9dico - Agazeta.net","robots":{"index":"index","follow":"follow","max-snippet":"max-snippet:-1","max-image-preview":"max-image-preview:large","max-video-preview":"max-video-preview:-1"},"canonical":"https:\/\/nk7-testes.com.br\/agazeta\/policial-confirma-que-apontou-arma-para-medico\/","og_locale":"pt_BR","og_type":"article","og_title":"Policial confirma que apontou arma para m\u00e9dico - Agazeta.net","og_description":"Ele alega prote\u00e7\u00e3o diante da negativa de socorro","og_url":"https:\/\/nk7-testes.com.br\/agazeta\/policial-confirma-que-apontou-arma-para-medico\/","og_site_name":"Agazeta.net","article_published_time":"2016-07-11T21:55:42+00:00","og_image":[{"width":458,"height":340,"url":"https:\/\/nk7-testes.com.br\/agazeta\/wp-content\/uploads\/2016\/07\/110716-cotidiano-policialrodoviariofederal-tvgazeta.jpg","type":"image\/jpeg"}],"author":"Agazeta.Net","twitter_card":"summary_large_image","twitter_misc":{"Escrito por":"Agazeta.Net","Est. tempo de leitura":"3 minutos"},"schema":{"@context":"https:\/\/schema.org","@graph":[{"@type":"WebPage","@id":"https:\/\/nk7-testes.com.br\/agazeta\/policial-confirma-que-apontou-arma-para-medico\/","url":"https:\/\/nk7-testes.com.br\/agazeta\/policial-confirma-que-apontou-arma-para-medico\/","name":"Policial confirma que apontou arma para m\u00e9dico - Agazeta.net","isPartOf":{"@id":"https:\/\/nk7-testes.com.br\/agazeta\/#website"},"primaryImageOfPage":{"@id":"https:\/\/nk7-testes.com.br\/agazeta\/policial-confirma-que-apontou-arma-para-medico\/#primaryimage"},"image":{"@id":"https:\/\/nk7-testes.com.br\/agazeta\/policial-confirma-que-apontou-arma-para-medico\/#primaryimage"},"thumbnailUrl":"https:\/\/nk7-testes.com.br\/agazeta\/wp-content\/uploads\/2016\/07\/110716-cotidiano-policialrodoviariofederal-tvgazeta.jpg","datePublished":"2016-07-11T21:55:42+00:00","author":{"@id":"https:\/\/nk7-testes.com.br\/agazeta\/#\/schema\/person\/6d6e25cb0435eb4a02fd44d30b4e3020"},"breadcrumb":{"@id":"https:\/\/nk7-testes.com.br\/agazeta\/policial-confirma-que-apontou-arma-para-medico\/#breadcrumb"},"inLanguage":"pt-BR","potentialAction":[{"@type":"ReadAction","target":["https:\/\/nk7-testes.com.br\/agazeta\/policial-confirma-que-apontou-arma-para-medico\/"]}]},{"@type":"ImageObject","inLanguage":"pt-BR","@id":"https:\/\/nk7-testes.com.br\/agazeta\/policial-confirma-que-apontou-arma-para-medico\/#primaryimage","url":"https:\/\/nk7-testes.com.br\/agazeta\/wp-content\/uploads\/2016\/07\/110716-cotidiano-policialrodoviariofederal-tvgazeta.jpg","contentUrl":"https:\/\/nk7-testes.com.br\/agazeta\/wp-content\/uploads\/2016\/07\/110716-cotidiano-policialrodoviariofederal-tvgazeta.jpg","width":458,"height":340,"caption":"110716-cotidiano-policialrodoviariofederal-tvgazeta"},{"@type":"BreadcrumbList","@id":"https:\/\/nk7-testes.com.br\/agazeta\/policial-confirma-que-apontou-arma-para-medico\/#breadcrumb","itemListElement":[{"@type":"ListItem","position":1,"name":"In\u00edcio","item":"https:\/\/nk7-testes.com.br\/agazeta\/"},{"@type":"ListItem","position":2,"name":"Policial confirma que apontou arma para m\u00e9dico"}]},{"@type":"WebSite","@id":"https:\/\/nk7-testes.com.br\/agazeta\/#website","url":"https:\/\/nk7-testes.com.br\/agazeta\/","name":"Agazeta.net","description":"Agazeta.net - Not\u00edcias de Rio Branco\/AC","potentialAction":[{"@type":"SearchAction","target":{"@type":"EntryPoint","urlTemplate":"https:\/\/nk7-testes.com.br\/agazeta\/?s={search_term_string}"},"query-input":{"@type":"PropertyValueSpecification","valueRequired":true,"valueName":"search_term_string"}}],"inLanguage":"pt-BR"},{"@type":"Person","@id":"https:\/\/nk7-testes.com.br\/agazeta\/#\/schema\/person\/6d6e25cb0435eb4a02fd44d30b4e3020","name":"Agazeta.Net","url":"https:\/\/nk7-testes.com.br\/agazeta\/author\/agazeta\/"}]}},"_links":{"self":[{"href":"https:\/\/nk7-testes.com.br\/agazeta\/wp-json\/wp\/v2\/posts\/23788","targetHints":{"allow":["GET"]}}],"collection":[{"href":"https:\/\/nk7-testes.com.br\/agazeta\/wp-json\/wp\/v2\/posts"}],"about":[{"href":"https:\/\/nk7-testes.com.br\/agazeta\/wp-json\/wp\/v2\/types\/post"}],"author":[{"embeddable":true,"href":"https:\/\/nk7-testes.com.br\/agazeta\/wp-json\/wp\/v2\/users\/4"}],"replies":[{"embeddable":true,"href":"https:\/\/nk7-testes.com.br\/agazeta\/wp-json\/wp\/v2\/comments?post=23788"}],"version-history":[{"count":0,"href":"https:\/\/nk7-testes.com.br\/agazeta\/wp-json\/wp\/v2\/posts\/23788\/revisions"}],"wp:featuredmedia":[{"embeddable":true,"href":"https:\/\/nk7-testes.com.br\/agazeta\/wp-json\/wp\/v2\/media\/23787"}],"wp:attachment":[{"href":"https:\/\/nk7-testes.com.br\/agazeta\/wp-json\/wp\/v2\/media?parent=23788"}],"wp:term":[{"taxonomy":"category","embeddable":true,"href":"https:\/\/nk7-testes.com.br\/agazeta\/wp-json\/wp\/v2\/categories?post=23788"},{"taxonomy":"post_tag","embeddable":true,"href":"https:\/\/nk7-testes.com.br\/agazeta\/wp-json\/wp\/v2\/tags?post=23788"}],"curies":[{"name":"wp","href":"https:\/\/api.w.org\/{rel}","templated":true}]}}