{"id":23727,"date":"2016-07-09T16:14:52","date_gmt":"2016-07-09T16:14:52","guid":{"rendered":"https:\/\/abarevegan.com.br\/index.php\/2016\/07\/09\/comecaram-a-secar-pocos-em-rio-branco\/"},"modified":"2016-07-09T16:14:52","modified_gmt":"2016-07-09T16:14:52","slug":"comecaram-a-secar-pocos-em-rio-branco","status":"publish","type":"post","link":"https:\/\/nk7-testes.com.br\/agazeta\/comecaram-a-secar-pocos-em-rio-branco\/","title":{"rendered":"Come\u00e7aram a secar po\u00e7os em Rio Branco"},"content":{"rendered":"<p style=\"text-align: justify;\">Algumas regi\u00f5es da Capital sentem primeiro efeitos da seca<\/p>\n<p style=\"text-align: justify;\">Segundo dados do instituto Trata Brasil, mais de 60% da \u00e1gua produzida em Rio Branco \u00e9 desperdi\u00e7ada. Por outro lado, ainda h\u00e1 comunidades que n\u00e3o tem acesso a \u00e1gua encanada e sofre ainda mais no per\u00edodo de seca. S\u00e3o os extremos que revelam a import\u00e2ncia de preservar o recurso vital para a sobreviv\u00eancia humana.<\/p>\n<p style=\"text-align: justify;\">Chegam constantemente \u00e0 reda\u00e7\u00e3o do site Agazeta.net, imagens registradas por moradores de diferentes bairros de Rio Branco que mostram desperd\u00edcio de \u00e1gua tratada. Ela escorre pelas ruas, emana de tubula\u00e7\u00f5es e jorra abundantemente.<\/p>\n<p style=\"text-align: justify;\">Um dos registros foi feito em uma esta\u00e7\u00e3o do Depasa, na regi\u00e3o do Calafate. A mulher que grava o v\u00eddeo, critica o desperd\u00edcio que vai de encontro com o alerta do poder p\u00fablico ao racionamento.<\/p>\n<p style=\"text-align: justify;\">De acordo com levantamento feito pelo Instituto Trata Brasil, organiza\u00e7\u00e3o da sociedade civil que incentiva a prote\u00e7\u00e3o dos recursos h\u00eddricos do pa\u00eds, em Rio Branco, 62% da \u00e1gua produzida \u00e9 desperdi\u00e7ada tanto pelo consumidor, quanto nas redes de distribui\u00e7\u00e3o.<\/p>\n<p style=\"text-align: justify;\">Para o Depasa, esse n\u00famero \u00e9 menor, mas ainda assim, preocupante. De acordo com o departamento, 40% da \u00e1gua tratada vai para o ralo, sem utiliza\u00e7\u00e3o, sendo a maioria, desperdi\u00e7ada no ambiente residencial.<\/p>\n<p style=\"text-align: justify;\">\u201cTemos aproximadamente cinco equipes que trabalham na quest\u00e3o de rompimento de adutora, quando h\u00e1 problemas na distribui\u00e7\u00e3o, na parte das ruas. Agora a gente observa que na grande maioria o desperd\u00edcio acontece dentro das resid\u00eancias. As pessoas n\u00e3o tem costume de usar a boia nas caixas para que no momento em que enche trava para evitar o desperd\u00edcio\u201d, comenta o diretor social do Depasa Nier Pinheiro.<\/p>\n<p style=\"text-align: justify;\">Durante uma a\u00e7\u00e3o no bairro 6 de agosto, o diretor social do Depasa explicou que existe atrav\u00e9s do telefone 3028-8080 a popula\u00e7\u00e3o pode comunicar vazamentos, desperd\u00edcio de \u00e1gua e problemas diversos em tubula\u00e7\u00f5es. Contudo a central s\u00f3 atende em hor\u00e1rio comercial.<\/p>\n<p style=\"text-align: justify;\">Enquanto em alguns locais o uso do recurso h\u00eddrico n\u00e3o \u00e9 racional, em outros, cada gota \u00e9 valorizada como ouro. No bairro praia do Amap\u00e1 100% das resid\u00eancias s\u00e3o abastecidas por po\u00e7os.<\/p>\n<p style=\"text-align: justify;\">Na comunidade chegaram com o programa Ruas do povo, a pavimenta\u00e7\u00e3o e o saneamento b\u00e1sico, ou melhor, parte dele. A tubula\u00e7\u00e3o foi colocada, mas a \u00e1gua n\u00e3o corre por ela. Vanusa Ferreira espera ansiosamente pelo dia em que a casa for abastecida por \u00e1gua encanada. \u201c\u00c9 um sonho pra gente. Nunca passamos por essa situa\u00e7\u00e3o. Com crian\u00e7a pequena, nesse calor, \u00e9 horr\u00edvel ficar sem \u00e1gua. Se quer d\u00e1 pra tomar um banho\u201d, lamenta.<\/p>\n<p style=\"text-align: justify;\">Por enquanto a moradora usa o po\u00e7o da vizinha, que at\u00e9 o ano passado continha \u00e1gua o suficiente para v\u00e1rias casas. Hoje, ela raciona o que pode, por que o reservat\u00f3rio est\u00e1 agonizando.<\/p>\n<p style=\"text-align: justify;\">Para a comunidade do bairro Praia do Amap\u00e1, o fornecimento de \u00e1gua tratada \u00e9 urgente, caso de sa\u00fade p\u00fablica.<\/p>\n<p style=\"text-align: justify;\">Como as casas s\u00e3o abaixo do n\u00edvel das ruas, no per\u00edodo chuvoso os terrenos alagam e a enxurrada se junta com esgoto, invade os po\u00e7os, contaminando a \u00e1gua. \u201cNo inverno passado muita gente aqui pegou hepatite A, e voc\u00eas sabem que a doen\u00e7a vem por causa da qualidade da \u00e1gua\u201d, alerta o presidente da associa\u00e7\u00e3o de moradores, Carlos Nascimento.<\/p>\n","protected":false},"excerpt":{"rendered":"<p style=\"text-align: justify;\">Algumas regi\u00f5es da Capital sentem primeiro efeitos da seca<\/p>\n","protected":false},"author":4,"featured_media":23726,"comment_status":"open","ping_status":"open","sticky":false,"template":"","format":"standard","meta":{"jnews-multi-image_gallery":[],"jnews_single_post":[],"jnews_primary_category":[],"jnews_social_meta":[],"jnews_review":[],"enable_review":"","type":"","name":"","summary":"","brand":"","sku":"","good":[],"bad":[],"score_override":"","override_value":"","rating":[],"price":[],"footnotes":""},"categories":[54],"tags":[],"class_list":["post-23727","post","type-post","status-publish","format-standard","has-post-thumbnail","hentry","category-cotidiano"],"yoast_head":"<!-- This site is optimized with the Yoast SEO plugin v26.5 - https:\/\/yoast.com\/wordpress\/plugins\/seo\/ -->\n<title>Come\u00e7aram a secar po\u00e7os em Rio Branco - Agazeta.net<\/title>\n<meta name=\"robots\" content=\"index, follow, max-snippet:-1, max-image-preview:large, max-video-preview:-1\" \/>\n<link rel=\"canonical\" href=\"https:\/\/nk7-testes.com.br\/agazeta\/comecaram-a-secar-pocos-em-rio-branco\/\" \/>\n<meta property=\"og:locale\" content=\"pt_BR\" \/>\n<meta property=\"og:type\" content=\"article\" \/>\n<meta property=\"og:title\" content=\"Come\u00e7aram a secar po\u00e7os em Rio Branco - Agazeta.net\" \/>\n<meta property=\"og:description\" content=\"Algumas regi\u00f5es da Capital sentem primeiro efeitos da seca\" \/>\n<meta property=\"og:url\" content=\"https:\/\/nk7-testes.com.br\/agazeta\/comecaram-a-secar-pocos-em-rio-branco\/\" \/>\n<meta property=\"og:site_name\" content=\"Agazeta.net\" \/>\n<meta property=\"article:published_time\" content=\"2016-07-09T16:14:52+00:00\" \/>\n<meta property=\"og:image\" content=\"https:\/\/nk7-testes.com.br\/agazeta\/wp-content\/uploads\/2016\/07\/090716-cotidiano-poco-cedida2.jpg\" \/>\n\t<meta property=\"og:image:width\" content=\"458\" \/>\n\t<meta property=\"og:image:height\" content=\"340\" \/>\n\t<meta property=\"og:image:type\" content=\"image\/jpeg\" \/>\n<meta name=\"author\" content=\"Agazeta.Net\" \/>\n<meta name=\"twitter:card\" content=\"summary_large_image\" \/>\n<meta name=\"twitter:label1\" content=\"Escrito por\" \/>\n\t<meta name=\"twitter:data1\" content=\"Agazeta.Net\" \/>\n\t<meta name=\"twitter:label2\" content=\"Est. tempo de leitura\" \/>\n\t<meta name=\"twitter:data2\" content=\"3 minutos\" \/>\n<script type=\"application\/ld+json\" class=\"yoast-schema-graph\">{\"@context\":\"https:\/\/schema.org\",\"@graph\":[{\"@type\":\"WebPage\",\"@id\":\"https:\/\/nk7-testes.com.br\/agazeta\/comecaram-a-secar-pocos-em-rio-branco\/\",\"url\":\"https:\/\/nk7-testes.com.br\/agazeta\/comecaram-a-secar-pocos-em-rio-branco\/\",\"name\":\"Come\u00e7aram a secar po\u00e7os em Rio Branco - Agazeta.net\",\"isPartOf\":{\"@id\":\"https:\/\/nk7-testes.com.br\/agazeta\/#website\"},\"primaryImageOfPage\":{\"@id\":\"https:\/\/nk7-testes.com.br\/agazeta\/comecaram-a-secar-pocos-em-rio-branco\/#primaryimage\"},\"image\":{\"@id\":\"https:\/\/nk7-testes.com.br\/agazeta\/comecaram-a-secar-pocos-em-rio-branco\/#primaryimage\"},\"thumbnailUrl\":\"https:\/\/nk7-testes.com.br\/agazeta\/wp-content\/uploads\/2016\/07\/090716-cotidiano-poco-cedida2.jpg\",\"datePublished\":\"2016-07-09T16:14:52+00:00\",\"author\":{\"@id\":\"https:\/\/nk7-testes.com.br\/agazeta\/#\/schema\/person\/ff6b39d54d6973bfc57f4140f659b23f\"},\"breadcrumb\":{\"@id\":\"https:\/\/nk7-testes.com.br\/agazeta\/comecaram-a-secar-pocos-em-rio-branco\/#breadcrumb\"},\"inLanguage\":\"pt-BR\",\"potentialAction\":[{\"@type\":\"ReadAction\",\"target\":[\"https:\/\/nk7-testes.com.br\/agazeta\/comecaram-a-secar-pocos-em-rio-branco\/\"]}]},{\"@type\":\"ImageObject\",\"inLanguage\":\"pt-BR\",\"@id\":\"https:\/\/nk7-testes.com.br\/agazeta\/comecaram-a-secar-pocos-em-rio-branco\/#primaryimage\",\"url\":\"https:\/\/nk7-testes.com.br\/agazeta\/wp-content\/uploads\/2016\/07\/090716-cotidiano-poco-cedida2.jpg\",\"contentUrl\":\"https:\/\/nk7-testes.com.br\/agazeta\/wp-content\/uploads\/2016\/07\/090716-cotidiano-poco-cedida2.jpg\",\"width\":458,\"height\":340,\"caption\":\"090716-cotidiano-poco-cedida2\"},{\"@type\":\"BreadcrumbList\",\"@id\":\"https:\/\/nk7-testes.com.br\/agazeta\/comecaram-a-secar-pocos-em-rio-branco\/#breadcrumb\",\"itemListElement\":[{\"@type\":\"ListItem\",\"position\":1,\"name\":\"In\u00edcio\",\"item\":\"https:\/\/nk7-testes.com.br\/agazeta\/\"},{\"@type\":\"ListItem\",\"position\":2,\"name\":\"Come\u00e7aram a secar po\u00e7os em Rio Branco\"}]},{\"@type\":\"WebSite\",\"@id\":\"https:\/\/nk7-testes.com.br\/agazeta\/#website\",\"url\":\"https:\/\/nk7-testes.com.br\/agazeta\/\",\"name\":\"Agazeta.net\",\"description\":\"Agazeta.net - Not\u00edcias de Rio Branco\/AC\",\"potentialAction\":[{\"@type\":\"SearchAction\",\"target\":{\"@type\":\"EntryPoint\",\"urlTemplate\":\"https:\/\/nk7-testes.com.br\/agazeta\/?s={search_term_string}\"},\"query-input\":{\"@type\":\"PropertyValueSpecification\",\"valueRequired\":true,\"valueName\":\"search_term_string\"}}],\"inLanguage\":\"pt-BR\"},{\"@type\":\"Person\",\"@id\":\"https:\/\/nk7-testes.com.br\/agazeta\/#\/schema\/person\/ff6b39d54d6973bfc57f4140f659b23f\",\"name\":\"Agazeta.Net\",\"url\":\"https:\/\/nk7-testes.com.br\/agazeta\/author\/agazeta\/\"}]}<\/script>\n<!-- \/ Yoast SEO plugin. -->","yoast_head_json":{"title":"Come\u00e7aram a secar po\u00e7os em Rio Branco - Agazeta.net","robots":{"index":"index","follow":"follow","max-snippet":"max-snippet:-1","max-image-preview":"max-image-preview:large","max-video-preview":"max-video-preview:-1"},"canonical":"https:\/\/nk7-testes.com.br\/agazeta\/comecaram-a-secar-pocos-em-rio-branco\/","og_locale":"pt_BR","og_type":"article","og_title":"Come\u00e7aram a secar po\u00e7os em Rio Branco - Agazeta.net","og_description":"Algumas regi\u00f5es da Capital sentem primeiro efeitos da seca","og_url":"https:\/\/nk7-testes.com.br\/agazeta\/comecaram-a-secar-pocos-em-rio-branco\/","og_site_name":"Agazeta.net","article_published_time":"2016-07-09T16:14:52+00:00","og_image":[{"width":458,"height":340,"url":"https:\/\/nk7-testes.com.br\/agazeta\/wp-content\/uploads\/2016\/07\/090716-cotidiano-poco-cedida2.jpg","type":"image\/jpeg"}],"author":"Agazeta.Net","twitter_card":"summary_large_image","twitter_misc":{"Escrito por":"Agazeta.Net","Est. tempo de leitura":"3 minutos"},"schema":{"@context":"https:\/\/schema.org","@graph":[{"@type":"WebPage","@id":"https:\/\/nk7-testes.com.br\/agazeta\/comecaram-a-secar-pocos-em-rio-branco\/","url":"https:\/\/nk7-testes.com.br\/agazeta\/comecaram-a-secar-pocos-em-rio-branco\/","name":"Come\u00e7aram a secar po\u00e7os em Rio Branco - Agazeta.net","isPartOf":{"@id":"https:\/\/nk7-testes.com.br\/agazeta\/#website"},"primaryImageOfPage":{"@id":"https:\/\/nk7-testes.com.br\/agazeta\/comecaram-a-secar-pocos-em-rio-branco\/#primaryimage"},"image":{"@id":"https:\/\/nk7-testes.com.br\/agazeta\/comecaram-a-secar-pocos-em-rio-branco\/#primaryimage"},"thumbnailUrl":"https:\/\/nk7-testes.com.br\/agazeta\/wp-content\/uploads\/2016\/07\/090716-cotidiano-poco-cedida2.jpg","datePublished":"2016-07-09T16:14:52+00:00","author":{"@id":"https:\/\/nk7-testes.com.br\/agazeta\/#\/schema\/person\/ff6b39d54d6973bfc57f4140f659b23f"},"breadcrumb":{"@id":"https:\/\/nk7-testes.com.br\/agazeta\/comecaram-a-secar-pocos-em-rio-branco\/#breadcrumb"},"inLanguage":"pt-BR","potentialAction":[{"@type":"ReadAction","target":["https:\/\/nk7-testes.com.br\/agazeta\/comecaram-a-secar-pocos-em-rio-branco\/"]}]},{"@type":"ImageObject","inLanguage":"pt-BR","@id":"https:\/\/nk7-testes.com.br\/agazeta\/comecaram-a-secar-pocos-em-rio-branco\/#primaryimage","url":"https:\/\/nk7-testes.com.br\/agazeta\/wp-content\/uploads\/2016\/07\/090716-cotidiano-poco-cedida2.jpg","contentUrl":"https:\/\/nk7-testes.com.br\/agazeta\/wp-content\/uploads\/2016\/07\/090716-cotidiano-poco-cedida2.jpg","width":458,"height":340,"caption":"090716-cotidiano-poco-cedida2"},{"@type":"BreadcrumbList","@id":"https:\/\/nk7-testes.com.br\/agazeta\/comecaram-a-secar-pocos-em-rio-branco\/#breadcrumb","itemListElement":[{"@type":"ListItem","position":1,"name":"In\u00edcio","item":"https:\/\/nk7-testes.com.br\/agazeta\/"},{"@type":"ListItem","position":2,"name":"Come\u00e7aram a secar po\u00e7os em Rio Branco"}]},{"@type":"WebSite","@id":"https:\/\/nk7-testes.com.br\/agazeta\/#website","url":"https:\/\/nk7-testes.com.br\/agazeta\/","name":"Agazeta.net","description":"Agazeta.net - Not\u00edcias de Rio Branco\/AC","potentialAction":[{"@type":"SearchAction","target":{"@type":"EntryPoint","urlTemplate":"https:\/\/nk7-testes.com.br\/agazeta\/?s={search_term_string}"},"query-input":{"@type":"PropertyValueSpecification","valueRequired":true,"valueName":"search_term_string"}}],"inLanguage":"pt-BR"},{"@type":"Person","@id":"https:\/\/nk7-testes.com.br\/agazeta\/#\/schema\/person\/ff6b39d54d6973bfc57f4140f659b23f","name":"Agazeta.Net","url":"https:\/\/nk7-testes.com.br\/agazeta\/author\/agazeta\/"}]}},"_links":{"self":[{"href":"https:\/\/nk7-testes.com.br\/agazeta\/wp-json\/wp\/v2\/posts\/23727","targetHints":{"allow":["GET"]}}],"collection":[{"href":"https:\/\/nk7-testes.com.br\/agazeta\/wp-json\/wp\/v2\/posts"}],"about":[{"href":"https:\/\/nk7-testes.com.br\/agazeta\/wp-json\/wp\/v2\/types\/post"}],"author":[{"embeddable":true,"href":"https:\/\/nk7-testes.com.br\/agazeta\/wp-json\/wp\/v2\/users\/4"}],"replies":[{"embeddable":true,"href":"https:\/\/nk7-testes.com.br\/agazeta\/wp-json\/wp\/v2\/comments?post=23727"}],"version-history":[{"count":0,"href":"https:\/\/nk7-testes.com.br\/agazeta\/wp-json\/wp\/v2\/posts\/23727\/revisions"}],"wp:featuredmedia":[{"embeddable":true,"href":"https:\/\/nk7-testes.com.br\/agazeta\/wp-json\/wp\/v2\/media\/23726"}],"wp:attachment":[{"href":"https:\/\/nk7-testes.com.br\/agazeta\/wp-json\/wp\/v2\/media?parent=23727"}],"wp:term":[{"taxonomy":"category","embeddable":true,"href":"https:\/\/nk7-testes.com.br\/agazeta\/wp-json\/wp\/v2\/categories?post=23727"},{"taxonomy":"post_tag","embeddable":true,"href":"https:\/\/nk7-testes.com.br\/agazeta\/wp-json\/wp\/v2\/tags?post=23727"}],"curies":[{"name":"wp","href":"https:\/\/api.w.org\/{rel}","templated":true}]}}