{"id":23722,"date":"2016-07-08T20:39:12","date_gmt":"2016-07-08T20:39:12","guid":{"rendered":"https:\/\/abarevegan.com.br\/index.php\/2016\/07\/08\/professor-se-amordaca-em-protesto-em-cruzeiro\/"},"modified":"2016-07-08T20:39:12","modified_gmt":"2016-07-08T20:39:12","slug":"professor-se-amordaca-em-protesto-em-cruzeiro","status":"publish","type":"post","link":"https:\/\/nk7-testes.com.br\/agazeta\/professor-se-amordaca-em-protesto-em-cruzeiro\/","title":{"rendered":"Professor se amorda\u00e7a em protesto em Cruzeiro"},"content":{"rendered":"<p style=\"text-align: justify;\">Ele admite falhas, mas contesta decis\u00e3o da dire\u00e7\u00e3o<\/p>\n<p style=\"text-align: justify;\">No munic\u00edpio de Cruzeiro do Sul, um professor de F\u00edsica, da Escola Henrique Ruth, se amorda\u00e7ou em protesto contra uma decis\u00e3o do conselho escolar que optou por devolver o profissional \u00e0 Secretaria de Estado de Educa\u00e7\u00e3o.<\/p>\n<p style=\"text-align: justify;\">Revoltada com a medida, a classe estudantil tamb\u00e9m manifestou apoio ao professor, na manh\u00e3 de hoje (8). Eles foram \u00e0 escola com cartazes e faixas, mas foram barrados no port\u00e3o e n\u00e3o tiveram acesso ao interior da institui\u00e7\u00e3o.<\/p>\n<p style=\"text-align: justify;\">\u201cAl\u00e9m do objetivo de trazer o professor de volta, nosso objetivo aqui \u00e9 acabar com a opress\u00e3o que o ditador instalou aqui nesta institui\u00e7\u00e3o desde o dia que ele assumiu o cargo.\u201d explicou o estudante, Jos\u00e9 Irlan.<\/p>\n<p style=\"text-align: justify;\">O estudante reclama ainda de v\u00e1rios outros problemas que existem na escola. \u201cHoje por coincid\u00eancia apareceu um vigia que ningu\u00e9m sabe de onde. N\u00e3o tem lixeira, n\u00e3o temos v\u00e1rias coisas b\u00e1sicas, mas o diretor foi na sala dizer que v\u00e3o investir tr\u00eas mil e seiscentos reais numa mesa de ping pong. Essa \u00e9 a nossa realidade, n\u00e3o \u00e9 s\u00f3 pelo professor. \u00c9 por todos n\u00f3s\u201d.<\/p>\n<p style=\"text-align: justify;\">O diretor Jair de Sousa Costa se defende e diz que a devolu\u00e7\u00e3o do profissional foi devido a \u201cv\u00e1rios problemas\u201d que a institui\u00e7\u00e3o teria tido devido \u00e0 conduta dele. <br \/>\u201cIsso n\u00e3o \u00e9 um tema que gente deveria levar pra imprensa, por quest\u00e3o de \u00e9tica profissional, mas o servidor decidiu tornar isso p\u00fablico. Desde o in\u00edcio o servidor vem descumprindo com suas atribui\u00e7\u00f5es funcionais, quest\u00e3o de faltas repetitivas, atraso\u201d.<\/p>\n<p style=\"text-align: justify;\">O professor Emerson de Aguiar Corsini tamb\u00e9m deu sua vers\u00e3o para o caso. Para ele, o caso se deu forma arbitr\u00e1ria por parte da dire\u00e7\u00e3o da escola. \u201cReconhe\u00e7o algumas falhas, mas o processo se deu de forma arbitr\u00e1ria. Em nenhum momento recebi uma advert\u00eancia formal\u201d.<\/p>\n<p style=\"text-align: justify;\">Para refor\u00e7ar que o fato foi tratado de forma arbitr\u00e1ria, Corsini remete a lei, que garante em caso de Processo Administrativo Disciplinar, o direito a ampla defesa e o contradit\u00f3rio. O que, segundo ele, lhe foi negado.<\/p>\n<p style=\"text-align: justify;\">\u201cHouve uma reuni\u00e3o ordin\u00e1ria com o conselho a pedido do diretor. No momento em que as acusa\u00e7\u00f5es seriam feitas contra mim, a presidente do Conselho Estudantil pediu que eu me retirasse\u201d. E completou. \u201cSe vai me punir, pune na proporcionalidade. Estou sendo acusado de ser mal profissional, incitar os alunos, causar um caso que j\u00e1 existia\u201d.<\/p>\n<p style=\"text-align: justify;\">Agora, o professor disse que vai tomar as medidas cab\u00edveis, primeiro vai pedir a avalia\u00e7\u00e3o da licitude do processo e deve entrar ainda com a\u00e7\u00e3o na justi\u00e7a, j\u00e1 que de acordo com ele, as declara\u00e7\u00f5es feitas sobre ele denigrem a sua imagem.<\/p>\n","protected":false},"excerpt":{"rendered":"<p style=\"text-align: justify;\">Ele admite falhas, mas contesta decis\u00e3o da dire\u00e7\u00e3o<\/p>\n","protected":false},"author":4,"featured_media":23721,"comment_status":"open","ping_status":"open","sticky":false,"template":"","format":"standard","meta":{"jnews-multi-image_gallery":[],"jnews_single_post":[],"jnews_primary_category":[],"jnews_social_meta":[],"jnews_review":[],"enable_review":"","type":"","name":"","summary":"","brand":"","sku":"","good":[],"bad":[],"score_override":"","override_value":"","rating":[],"price":[],"footnotes":""},"categories":[54],"tags":[],"class_list":["post-23722","post","type-post","status-publish","format-standard","has-post-thumbnail","hentry","category-cotidiano"],"yoast_head":"<!-- This site is optimized with the Yoast SEO plugin v26.5 - https:\/\/yoast.com\/wordpress\/plugins\/seo\/ -->\n<title>Professor se amorda\u00e7a em protesto em Cruzeiro - Agazeta.net<\/title>\n<meta name=\"robots\" content=\"index, follow, max-snippet:-1, max-image-preview:large, max-video-preview:-1\" \/>\n<link rel=\"canonical\" href=\"https:\/\/nk7-testes.com.br\/agazeta\/professor-se-amordaca-em-protesto-em-cruzeiro\/\" \/>\n<meta property=\"og:locale\" content=\"pt_BR\" \/>\n<meta property=\"og:type\" content=\"article\" \/>\n<meta property=\"og:title\" content=\"Professor se amorda\u00e7a em protesto em Cruzeiro - Agazeta.net\" \/>\n<meta property=\"og:description\" content=\"Ele admite falhas, mas contesta decis\u00e3o da dire\u00e7\u00e3o\" \/>\n<meta property=\"og:url\" content=\"https:\/\/nk7-testes.com.br\/agazeta\/professor-se-amordaca-em-protesto-em-cruzeiro\/\" \/>\n<meta property=\"og:site_name\" content=\"Agazeta.net\" \/>\n<meta property=\"article:published_time\" content=\"2016-07-08T20:39:12+00:00\" \/>\n<meta property=\"og:image\" content=\"https:\/\/nk7-testes.com.br\/agazeta\/wp-content\/uploads\/2016\/07\/080716-cotidiano-professor-cedida.jpg\" \/>\n\t<meta property=\"og:image:width\" content=\"458\" \/>\n\t<meta property=\"og:image:height\" content=\"340\" \/>\n\t<meta property=\"og:image:type\" content=\"image\/jpeg\" \/>\n<meta name=\"author\" content=\"Agazeta.Net\" \/>\n<meta name=\"twitter:card\" content=\"summary_large_image\" \/>\n<meta name=\"twitter:label1\" content=\"Escrito por\" \/>\n\t<meta name=\"twitter:data1\" content=\"Agazeta.Net\" \/>\n\t<meta name=\"twitter:label2\" content=\"Est. tempo de leitura\" \/>\n\t<meta name=\"twitter:data2\" content=\"2 minutos\" \/>\n<script type=\"application\/ld+json\" class=\"yoast-schema-graph\">{\"@context\":\"https:\/\/schema.org\",\"@graph\":[{\"@type\":\"WebPage\",\"@id\":\"https:\/\/nk7-testes.com.br\/agazeta\/professor-se-amordaca-em-protesto-em-cruzeiro\/\",\"url\":\"https:\/\/nk7-testes.com.br\/agazeta\/professor-se-amordaca-em-protesto-em-cruzeiro\/\",\"name\":\"Professor se amorda\u00e7a em protesto em Cruzeiro - Agazeta.net\",\"isPartOf\":{\"@id\":\"https:\/\/nk7-testes.com.br\/agazeta\/#website\"},\"primaryImageOfPage\":{\"@id\":\"https:\/\/nk7-testes.com.br\/agazeta\/professor-se-amordaca-em-protesto-em-cruzeiro\/#primaryimage\"},\"image\":{\"@id\":\"https:\/\/nk7-testes.com.br\/agazeta\/professor-se-amordaca-em-protesto-em-cruzeiro\/#primaryimage\"},\"thumbnailUrl\":\"https:\/\/nk7-testes.com.br\/agazeta\/wp-content\/uploads\/2016\/07\/080716-cotidiano-professor-cedida.jpg\",\"datePublished\":\"2016-07-08T20:39:12+00:00\",\"author\":{\"@id\":\"https:\/\/nk7-testes.com.br\/agazeta\/#\/schema\/person\/6d6e25cb0435eb4a02fd44d30b4e3020\"},\"breadcrumb\":{\"@id\":\"https:\/\/nk7-testes.com.br\/agazeta\/professor-se-amordaca-em-protesto-em-cruzeiro\/#breadcrumb\"},\"inLanguage\":\"pt-BR\",\"potentialAction\":[{\"@type\":\"ReadAction\",\"target\":[\"https:\/\/nk7-testes.com.br\/agazeta\/professor-se-amordaca-em-protesto-em-cruzeiro\/\"]}]},{\"@type\":\"ImageObject\",\"inLanguage\":\"pt-BR\",\"@id\":\"https:\/\/nk7-testes.com.br\/agazeta\/professor-se-amordaca-em-protesto-em-cruzeiro\/#primaryimage\",\"url\":\"https:\/\/nk7-testes.com.br\/agazeta\/wp-content\/uploads\/2016\/07\/080716-cotidiano-professor-cedida.jpg\",\"contentUrl\":\"https:\/\/nk7-testes.com.br\/agazeta\/wp-content\/uploads\/2016\/07\/080716-cotidiano-professor-cedida.jpg\",\"width\":458,\"height\":340,\"caption\":\"080716-cotidiano-professor-cedida\"},{\"@type\":\"BreadcrumbList\",\"@id\":\"https:\/\/nk7-testes.com.br\/agazeta\/professor-se-amordaca-em-protesto-em-cruzeiro\/#breadcrumb\",\"itemListElement\":[{\"@type\":\"ListItem\",\"position\":1,\"name\":\"In\u00edcio\",\"item\":\"https:\/\/nk7-testes.com.br\/agazeta\/\"},{\"@type\":\"ListItem\",\"position\":2,\"name\":\"Professor se amorda\u00e7a em protesto em Cruzeiro\"}]},{\"@type\":\"WebSite\",\"@id\":\"https:\/\/nk7-testes.com.br\/agazeta\/#website\",\"url\":\"https:\/\/nk7-testes.com.br\/agazeta\/\",\"name\":\"Agazeta.net\",\"description\":\"Agazeta.net - Not\u00edcias de Rio Branco\/AC\",\"potentialAction\":[{\"@type\":\"SearchAction\",\"target\":{\"@type\":\"EntryPoint\",\"urlTemplate\":\"https:\/\/nk7-testes.com.br\/agazeta\/?s={search_term_string}\"},\"query-input\":{\"@type\":\"PropertyValueSpecification\",\"valueRequired\":true,\"valueName\":\"search_term_string\"}}],\"inLanguage\":\"pt-BR\"},{\"@type\":\"Person\",\"@id\":\"https:\/\/nk7-testes.com.br\/agazeta\/#\/schema\/person\/6d6e25cb0435eb4a02fd44d30b4e3020\",\"name\":\"Agazeta.Net\",\"url\":\"https:\/\/nk7-testes.com.br\/agazeta\/author\/agazeta\/\"}]}<\/script>\n<!-- \/ Yoast SEO plugin. -->","yoast_head_json":{"title":"Professor se amorda\u00e7a em protesto em Cruzeiro - Agazeta.net","robots":{"index":"index","follow":"follow","max-snippet":"max-snippet:-1","max-image-preview":"max-image-preview:large","max-video-preview":"max-video-preview:-1"},"canonical":"https:\/\/nk7-testes.com.br\/agazeta\/professor-se-amordaca-em-protesto-em-cruzeiro\/","og_locale":"pt_BR","og_type":"article","og_title":"Professor se amorda\u00e7a em protesto em Cruzeiro - Agazeta.net","og_description":"Ele admite falhas, mas contesta decis\u00e3o da dire\u00e7\u00e3o","og_url":"https:\/\/nk7-testes.com.br\/agazeta\/professor-se-amordaca-em-protesto-em-cruzeiro\/","og_site_name":"Agazeta.net","article_published_time":"2016-07-08T20:39:12+00:00","og_image":[{"width":458,"height":340,"url":"https:\/\/nk7-testes.com.br\/agazeta\/wp-content\/uploads\/2016\/07\/080716-cotidiano-professor-cedida.jpg","type":"image\/jpeg"}],"author":"Agazeta.Net","twitter_card":"summary_large_image","twitter_misc":{"Escrito por":"Agazeta.Net","Est. tempo de leitura":"2 minutos"},"schema":{"@context":"https:\/\/schema.org","@graph":[{"@type":"WebPage","@id":"https:\/\/nk7-testes.com.br\/agazeta\/professor-se-amordaca-em-protesto-em-cruzeiro\/","url":"https:\/\/nk7-testes.com.br\/agazeta\/professor-se-amordaca-em-protesto-em-cruzeiro\/","name":"Professor se amorda\u00e7a em protesto em Cruzeiro - Agazeta.net","isPartOf":{"@id":"https:\/\/nk7-testes.com.br\/agazeta\/#website"},"primaryImageOfPage":{"@id":"https:\/\/nk7-testes.com.br\/agazeta\/professor-se-amordaca-em-protesto-em-cruzeiro\/#primaryimage"},"image":{"@id":"https:\/\/nk7-testes.com.br\/agazeta\/professor-se-amordaca-em-protesto-em-cruzeiro\/#primaryimage"},"thumbnailUrl":"https:\/\/nk7-testes.com.br\/agazeta\/wp-content\/uploads\/2016\/07\/080716-cotidiano-professor-cedida.jpg","datePublished":"2016-07-08T20:39:12+00:00","author":{"@id":"https:\/\/nk7-testes.com.br\/agazeta\/#\/schema\/person\/6d6e25cb0435eb4a02fd44d30b4e3020"},"breadcrumb":{"@id":"https:\/\/nk7-testes.com.br\/agazeta\/professor-se-amordaca-em-protesto-em-cruzeiro\/#breadcrumb"},"inLanguage":"pt-BR","potentialAction":[{"@type":"ReadAction","target":["https:\/\/nk7-testes.com.br\/agazeta\/professor-se-amordaca-em-protesto-em-cruzeiro\/"]}]},{"@type":"ImageObject","inLanguage":"pt-BR","@id":"https:\/\/nk7-testes.com.br\/agazeta\/professor-se-amordaca-em-protesto-em-cruzeiro\/#primaryimage","url":"https:\/\/nk7-testes.com.br\/agazeta\/wp-content\/uploads\/2016\/07\/080716-cotidiano-professor-cedida.jpg","contentUrl":"https:\/\/nk7-testes.com.br\/agazeta\/wp-content\/uploads\/2016\/07\/080716-cotidiano-professor-cedida.jpg","width":458,"height":340,"caption":"080716-cotidiano-professor-cedida"},{"@type":"BreadcrumbList","@id":"https:\/\/nk7-testes.com.br\/agazeta\/professor-se-amordaca-em-protesto-em-cruzeiro\/#breadcrumb","itemListElement":[{"@type":"ListItem","position":1,"name":"In\u00edcio","item":"https:\/\/nk7-testes.com.br\/agazeta\/"},{"@type":"ListItem","position":2,"name":"Professor se amorda\u00e7a em protesto em Cruzeiro"}]},{"@type":"WebSite","@id":"https:\/\/nk7-testes.com.br\/agazeta\/#website","url":"https:\/\/nk7-testes.com.br\/agazeta\/","name":"Agazeta.net","description":"Agazeta.net - Not\u00edcias de Rio Branco\/AC","potentialAction":[{"@type":"SearchAction","target":{"@type":"EntryPoint","urlTemplate":"https:\/\/nk7-testes.com.br\/agazeta\/?s={search_term_string}"},"query-input":{"@type":"PropertyValueSpecification","valueRequired":true,"valueName":"search_term_string"}}],"inLanguage":"pt-BR"},{"@type":"Person","@id":"https:\/\/nk7-testes.com.br\/agazeta\/#\/schema\/person\/6d6e25cb0435eb4a02fd44d30b4e3020","name":"Agazeta.Net","url":"https:\/\/nk7-testes.com.br\/agazeta\/author\/agazeta\/"}]}},"_links":{"self":[{"href":"https:\/\/nk7-testes.com.br\/agazeta\/wp-json\/wp\/v2\/posts\/23722","targetHints":{"allow":["GET"]}}],"collection":[{"href":"https:\/\/nk7-testes.com.br\/agazeta\/wp-json\/wp\/v2\/posts"}],"about":[{"href":"https:\/\/nk7-testes.com.br\/agazeta\/wp-json\/wp\/v2\/types\/post"}],"author":[{"embeddable":true,"href":"https:\/\/nk7-testes.com.br\/agazeta\/wp-json\/wp\/v2\/users\/4"}],"replies":[{"embeddable":true,"href":"https:\/\/nk7-testes.com.br\/agazeta\/wp-json\/wp\/v2\/comments?post=23722"}],"version-history":[{"count":0,"href":"https:\/\/nk7-testes.com.br\/agazeta\/wp-json\/wp\/v2\/posts\/23722\/revisions"}],"wp:featuredmedia":[{"embeddable":true,"href":"https:\/\/nk7-testes.com.br\/agazeta\/wp-json\/wp\/v2\/media\/23721"}],"wp:attachment":[{"href":"https:\/\/nk7-testes.com.br\/agazeta\/wp-json\/wp\/v2\/media?parent=23722"}],"wp:term":[{"taxonomy":"category","embeddable":true,"href":"https:\/\/nk7-testes.com.br\/agazeta\/wp-json\/wp\/v2\/categories?post=23722"},{"taxonomy":"post_tag","embeddable":true,"href":"https:\/\/nk7-testes.com.br\/agazeta\/wp-json\/wp\/v2\/tags?post=23722"}],"curies":[{"name":"wp","href":"https:\/\/api.w.org\/{rel}","templated":true}]}}