{"id":23716,"date":"2016-07-08T16:20:15","date_gmt":"2016-07-08T16:20:15","guid":{"rendered":"https:\/\/abarevegan.com.br\/index.php\/2016\/07\/08\/ha-tres-dias-agua-e-desperdicada-na-seis-de-agosto\/"},"modified":"2016-07-08T16:20:15","modified_gmt":"2016-07-08T16:20:15","slug":"ha-tres-dias-agua-e-desperdicada-na-seis-de-agosto","status":"publish","type":"post","link":"https:\/\/nk7-testes.com.br\/agazeta\/ha-tres-dias-agua-e-desperdicada-na-seis-de-agosto\/","title":{"rendered":"H\u00e1 tr\u00eas dias, \u00e1gua \u00e9 desperdi\u00e7ada na Seis de Agosto"},"content":{"rendered":"<p style=\"text-align: justify;\">Moradores procuram reportagem para denunciar<\/p>\n<p style=\"text-align: justify;\">Os moradores da Travessa \u00c9den, no bairro Seis de Agosto, denunciam o desperd\u00edcio de \u00e1gua tratada. H\u00e1 tr\u00eas dias, de acordo com representantes da comunidade, que a \u00e1gua est\u00e1 \u201cminando\u201d do asfalto.<\/p>\n<p style=\"text-align: justify;\">O problema n\u00e3o \u00e9 novo: j\u00e1 aconteceu h\u00e1 tempos, foi feito o conserto, mas voltou a acontecer. A comunidade acredita que o tr\u00e2nsito de \u00f4nibus na rua \u00e9 uma das causas.<\/p>\n","protected":false},"excerpt":{"rendered":"<p style=\"text-align: justify;\">Moradores procuram reportagem para denunciar<\/p>\n","protected":false},"author":4,"featured_media":23715,"comment_status":"open","ping_status":"open","sticky":false,"template":"","format":"standard","meta":{"jnews-multi-image_gallery":[],"jnews_single_post":[],"jnews_primary_category":[],"jnews_social_meta":[],"jnews_review":[],"enable_review":"","type":"","name":"","summary":"","brand":"","sku":"","good":[],"bad":[],"score_override":"","override_value":"","rating":[],"price":[],"footnotes":""},"categories":[54],"tags":[],"class_list":["post-23716","post","type-post","status-publish","format-standard","has-post-thumbnail","hentry","category-cotidiano"],"yoast_head":"<!-- This site is optimized with the Yoast SEO plugin v26.5 - https:\/\/yoast.com\/wordpress\/plugins\/seo\/ -->\n<title>H\u00e1 tr\u00eas dias, \u00e1gua \u00e9 desperdi\u00e7ada na Seis de Agosto - Agazeta.net<\/title>\n<meta name=\"robots\" content=\"index, follow, max-snippet:-1, max-image-preview:large, max-video-preview:-1\" \/>\n<link rel=\"canonical\" href=\"https:\/\/nk7-testes.com.br\/agazeta\/ha-tres-dias-agua-e-desperdicada-na-seis-de-agosto\/\" \/>\n<meta property=\"og:locale\" content=\"pt_BR\" \/>\n<meta property=\"og:type\" content=\"article\" \/>\n<meta property=\"og:title\" content=\"H\u00e1 tr\u00eas dias, \u00e1gua \u00e9 desperdi\u00e7ada na Seis de Agosto - Agazeta.net\" \/>\n<meta property=\"og:description\" content=\"Moradores procuram reportagem para denunciar\" \/>\n<meta property=\"og:url\" content=\"https:\/\/nk7-testes.com.br\/agazeta\/ha-tres-dias-agua-e-desperdicada-na-seis-de-agosto\/\" \/>\n<meta property=\"og:site_name\" content=\"Agazeta.net\" \/>\n<meta property=\"article:published_time\" content=\"2016-07-08T16:20:15+00:00\" \/>\n<meta property=\"og:image\" content=\"https:\/\/nk7-testes.com.br\/agazeta\/wp-content\/uploads\/2016\/07\/080716-cotidiano-estragodeagua-tvgazeta.jpg\" \/>\n\t<meta property=\"og:image:width\" content=\"458\" \/>\n\t<meta property=\"og:image:height\" content=\"340\" \/>\n\t<meta property=\"og:image:type\" content=\"image\/jpeg\" \/>\n<meta name=\"author\" content=\"Agazeta.Net\" \/>\n<meta name=\"twitter:card\" content=\"summary_large_image\" \/>\n<meta name=\"twitter:label1\" content=\"Escrito por\" \/>\n\t<meta name=\"twitter:data1\" content=\"Agazeta.Net\" \/>\n<script type=\"application\/ld+json\" class=\"yoast-schema-graph\">{\"@context\":\"https:\/\/schema.org\",\"@graph\":[{\"@type\":\"WebPage\",\"@id\":\"https:\/\/nk7-testes.com.br\/agazeta\/ha-tres-dias-agua-e-desperdicada-na-seis-de-agosto\/\",\"url\":\"https:\/\/nk7-testes.com.br\/agazeta\/ha-tres-dias-agua-e-desperdicada-na-seis-de-agosto\/\",\"name\":\"H\u00e1 tr\u00eas dias, \u00e1gua \u00e9 desperdi\u00e7ada na Seis de Agosto - Agazeta.net\",\"isPartOf\":{\"@id\":\"https:\/\/nk7-testes.com.br\/agazeta\/#website\"},\"primaryImageOfPage\":{\"@id\":\"https:\/\/nk7-testes.com.br\/agazeta\/ha-tres-dias-agua-e-desperdicada-na-seis-de-agosto\/#primaryimage\"},\"image\":{\"@id\":\"https:\/\/nk7-testes.com.br\/agazeta\/ha-tres-dias-agua-e-desperdicada-na-seis-de-agosto\/#primaryimage\"},\"thumbnailUrl\":\"https:\/\/nk7-testes.com.br\/agazeta\/wp-content\/uploads\/2016\/07\/080716-cotidiano-estragodeagua-tvgazeta.jpg\",\"datePublished\":\"2016-07-08T16:20:15+00:00\",\"author\":{\"@id\":\"https:\/\/nk7-testes.com.br\/agazeta\/#\/schema\/person\/6d6e25cb0435eb4a02fd44d30b4e3020\"},\"breadcrumb\":{\"@id\":\"https:\/\/nk7-testes.com.br\/agazeta\/ha-tres-dias-agua-e-desperdicada-na-seis-de-agosto\/#breadcrumb\"},\"inLanguage\":\"pt-BR\",\"potentialAction\":[{\"@type\":\"ReadAction\",\"target\":[\"https:\/\/nk7-testes.com.br\/agazeta\/ha-tres-dias-agua-e-desperdicada-na-seis-de-agosto\/\"]}]},{\"@type\":\"ImageObject\",\"inLanguage\":\"pt-BR\",\"@id\":\"https:\/\/nk7-testes.com.br\/agazeta\/ha-tres-dias-agua-e-desperdicada-na-seis-de-agosto\/#primaryimage\",\"url\":\"https:\/\/nk7-testes.com.br\/agazeta\/wp-content\/uploads\/2016\/07\/080716-cotidiano-estragodeagua-tvgazeta.jpg\",\"contentUrl\":\"https:\/\/nk7-testes.com.br\/agazeta\/wp-content\/uploads\/2016\/07\/080716-cotidiano-estragodeagua-tvgazeta.jpg\",\"width\":458,\"height\":340,\"caption\":\"080716-cotidiano-estragodeagua-tvgazeta\"},{\"@type\":\"BreadcrumbList\",\"@id\":\"https:\/\/nk7-testes.com.br\/agazeta\/ha-tres-dias-agua-e-desperdicada-na-seis-de-agosto\/#breadcrumb\",\"itemListElement\":[{\"@type\":\"ListItem\",\"position\":1,\"name\":\"In\u00edcio\",\"item\":\"https:\/\/nk7-testes.com.br\/agazeta\/\"},{\"@type\":\"ListItem\",\"position\":2,\"name\":\"H\u00e1 tr\u00eas dias, \u00e1gua \u00e9 desperdi\u00e7ada na Seis de Agosto\"}]},{\"@type\":\"WebSite\",\"@id\":\"https:\/\/nk7-testes.com.br\/agazeta\/#website\",\"url\":\"https:\/\/nk7-testes.com.br\/agazeta\/\",\"name\":\"Agazeta.net\",\"description\":\"Agazeta.net - Not\u00edcias de Rio Branco\/AC\",\"potentialAction\":[{\"@type\":\"SearchAction\",\"target\":{\"@type\":\"EntryPoint\",\"urlTemplate\":\"https:\/\/nk7-testes.com.br\/agazeta\/?s={search_term_string}\"},\"query-input\":{\"@type\":\"PropertyValueSpecification\",\"valueRequired\":true,\"valueName\":\"search_term_string\"}}],\"inLanguage\":\"pt-BR\"},{\"@type\":\"Person\",\"@id\":\"https:\/\/nk7-testes.com.br\/agazeta\/#\/schema\/person\/6d6e25cb0435eb4a02fd44d30b4e3020\",\"name\":\"Agazeta.Net\",\"url\":\"https:\/\/nk7-testes.com.br\/agazeta\/author\/agazeta\/\"}]}<\/script>\n<!-- \/ Yoast SEO plugin. -->","yoast_head_json":{"title":"H\u00e1 tr\u00eas dias, \u00e1gua \u00e9 desperdi\u00e7ada na Seis de Agosto - Agazeta.net","robots":{"index":"index","follow":"follow","max-snippet":"max-snippet:-1","max-image-preview":"max-image-preview:large","max-video-preview":"max-video-preview:-1"},"canonical":"https:\/\/nk7-testes.com.br\/agazeta\/ha-tres-dias-agua-e-desperdicada-na-seis-de-agosto\/","og_locale":"pt_BR","og_type":"article","og_title":"H\u00e1 tr\u00eas dias, \u00e1gua \u00e9 desperdi\u00e7ada na Seis de Agosto - Agazeta.net","og_description":"Moradores procuram reportagem para denunciar","og_url":"https:\/\/nk7-testes.com.br\/agazeta\/ha-tres-dias-agua-e-desperdicada-na-seis-de-agosto\/","og_site_name":"Agazeta.net","article_published_time":"2016-07-08T16:20:15+00:00","og_image":[{"width":458,"height":340,"url":"https:\/\/nk7-testes.com.br\/agazeta\/wp-content\/uploads\/2016\/07\/080716-cotidiano-estragodeagua-tvgazeta.jpg","type":"image\/jpeg"}],"author":"Agazeta.Net","twitter_card":"summary_large_image","twitter_misc":{"Escrito por":"Agazeta.Net"},"schema":{"@context":"https:\/\/schema.org","@graph":[{"@type":"WebPage","@id":"https:\/\/nk7-testes.com.br\/agazeta\/ha-tres-dias-agua-e-desperdicada-na-seis-de-agosto\/","url":"https:\/\/nk7-testes.com.br\/agazeta\/ha-tres-dias-agua-e-desperdicada-na-seis-de-agosto\/","name":"H\u00e1 tr\u00eas dias, \u00e1gua \u00e9 desperdi\u00e7ada na Seis de Agosto - Agazeta.net","isPartOf":{"@id":"https:\/\/nk7-testes.com.br\/agazeta\/#website"},"primaryImageOfPage":{"@id":"https:\/\/nk7-testes.com.br\/agazeta\/ha-tres-dias-agua-e-desperdicada-na-seis-de-agosto\/#primaryimage"},"image":{"@id":"https:\/\/nk7-testes.com.br\/agazeta\/ha-tres-dias-agua-e-desperdicada-na-seis-de-agosto\/#primaryimage"},"thumbnailUrl":"https:\/\/nk7-testes.com.br\/agazeta\/wp-content\/uploads\/2016\/07\/080716-cotidiano-estragodeagua-tvgazeta.jpg","datePublished":"2016-07-08T16:20:15+00:00","author":{"@id":"https:\/\/nk7-testes.com.br\/agazeta\/#\/schema\/person\/6d6e25cb0435eb4a02fd44d30b4e3020"},"breadcrumb":{"@id":"https:\/\/nk7-testes.com.br\/agazeta\/ha-tres-dias-agua-e-desperdicada-na-seis-de-agosto\/#breadcrumb"},"inLanguage":"pt-BR","potentialAction":[{"@type":"ReadAction","target":["https:\/\/nk7-testes.com.br\/agazeta\/ha-tres-dias-agua-e-desperdicada-na-seis-de-agosto\/"]}]},{"@type":"ImageObject","inLanguage":"pt-BR","@id":"https:\/\/nk7-testes.com.br\/agazeta\/ha-tres-dias-agua-e-desperdicada-na-seis-de-agosto\/#primaryimage","url":"https:\/\/nk7-testes.com.br\/agazeta\/wp-content\/uploads\/2016\/07\/080716-cotidiano-estragodeagua-tvgazeta.jpg","contentUrl":"https:\/\/nk7-testes.com.br\/agazeta\/wp-content\/uploads\/2016\/07\/080716-cotidiano-estragodeagua-tvgazeta.jpg","width":458,"height":340,"caption":"080716-cotidiano-estragodeagua-tvgazeta"},{"@type":"BreadcrumbList","@id":"https:\/\/nk7-testes.com.br\/agazeta\/ha-tres-dias-agua-e-desperdicada-na-seis-de-agosto\/#breadcrumb","itemListElement":[{"@type":"ListItem","position":1,"name":"In\u00edcio","item":"https:\/\/nk7-testes.com.br\/agazeta\/"},{"@type":"ListItem","position":2,"name":"H\u00e1 tr\u00eas dias, \u00e1gua \u00e9 desperdi\u00e7ada na Seis de Agosto"}]},{"@type":"WebSite","@id":"https:\/\/nk7-testes.com.br\/agazeta\/#website","url":"https:\/\/nk7-testes.com.br\/agazeta\/","name":"Agazeta.net","description":"Agazeta.net - Not\u00edcias de Rio Branco\/AC","potentialAction":[{"@type":"SearchAction","target":{"@type":"EntryPoint","urlTemplate":"https:\/\/nk7-testes.com.br\/agazeta\/?s={search_term_string}"},"query-input":{"@type":"PropertyValueSpecification","valueRequired":true,"valueName":"search_term_string"}}],"inLanguage":"pt-BR"},{"@type":"Person","@id":"https:\/\/nk7-testes.com.br\/agazeta\/#\/schema\/person\/6d6e25cb0435eb4a02fd44d30b4e3020","name":"Agazeta.Net","url":"https:\/\/nk7-testes.com.br\/agazeta\/author\/agazeta\/"}]}},"_links":{"self":[{"href":"https:\/\/nk7-testes.com.br\/agazeta\/wp-json\/wp\/v2\/posts\/23716","targetHints":{"allow":["GET"]}}],"collection":[{"href":"https:\/\/nk7-testes.com.br\/agazeta\/wp-json\/wp\/v2\/posts"}],"about":[{"href":"https:\/\/nk7-testes.com.br\/agazeta\/wp-json\/wp\/v2\/types\/post"}],"author":[{"embeddable":true,"href":"https:\/\/nk7-testes.com.br\/agazeta\/wp-json\/wp\/v2\/users\/4"}],"replies":[{"embeddable":true,"href":"https:\/\/nk7-testes.com.br\/agazeta\/wp-json\/wp\/v2\/comments?post=23716"}],"version-history":[{"count":0,"href":"https:\/\/nk7-testes.com.br\/agazeta\/wp-json\/wp\/v2\/posts\/23716\/revisions"}],"wp:featuredmedia":[{"embeddable":true,"href":"https:\/\/nk7-testes.com.br\/agazeta\/wp-json\/wp\/v2\/media\/23715"}],"wp:attachment":[{"href":"https:\/\/nk7-testes.com.br\/agazeta\/wp-json\/wp\/v2\/media?parent=23716"}],"wp:term":[{"taxonomy":"category","embeddable":true,"href":"https:\/\/nk7-testes.com.br\/agazeta\/wp-json\/wp\/v2\/categories?post=23716"},{"taxonomy":"post_tag","embeddable":true,"href":"https:\/\/nk7-testes.com.br\/agazeta\/wp-json\/wp\/v2\/tags?post=23716"}],"curies":[{"name":"wp","href":"https:\/\/api.w.org\/{rel}","templated":true}]}}