{"id":23714,"date":"2016-07-08T15:00:12","date_gmt":"2016-07-08T15:00:12","guid":{"rendered":"https:\/\/abarevegan.com.br\/index.php\/2016\/07\/08\/moradores-do-montanhes-reclamam-de-obra-mal-feita\/"},"modified":"2016-07-08T15:00:12","modified_gmt":"2016-07-08T15:00:12","slug":"moradores-do-montanhes-reclamam-de-obra-mal-feita","status":"publish","type":"post","link":"https:\/\/nk7-testes.com.br\/agazeta\/moradores-do-montanhes-reclamam-de-obra-mal-feita\/","title":{"rendered":"Moradores do Montanh\u00eas reclamam de \u201cobra mal feita\u201d"},"content":{"rendered":"<p style=\"text-align: justify;\">Protesto aconteceu na noite desta quinta<\/p>\n<p style=\"text-align: justify;\">A Rua Jo\u00e3o Minas Coelho, no bairro Montanh\u00eas, est\u00e1 com graves problemas de infraestrutura. Isso motivou protesto dos moradores. Quando chove, os problemas se agravam. Fa\u00e7a chuva ou fa\u00e7a sol, nenhuma viatura de pol\u00edcia, Bombeiro ou Samu consegue entrar no local para socorrer prestar socorro ou atender ocorr\u00eancias.<\/p>\n<p style=\"text-align: justify;\">Os moradores reclamam que a empresa contratada pela Prefeitura de Rio Branco para as obras de saneamento cavou um buraco comprido ao longo da rua onde seriam colocados canos de esgoto.<\/p>\n<p style=\"text-align: justify;\">Os pr\u00f3prios moradores levaram cano da empresa que ficou sem realizar o servi\u00e7o e ainda deixou o preju\u00edzo. Sem saneamento e com os tijolinhos que j\u00e1 est\u00e3o se soltando, todas as ruas do entorno padecem do mesmo problema.<\/p>\n<p style=\"text-align: justify;\">Sem ter a quem recorrer, a comunidade da Rua Jo\u00e3o Minas e adjac\u00eancias procurou a TV Gazeta para protestar e exigir provid\u00eancias do poder p\u00fablico.<\/p>\n<p style=\"text-align: justify;\">Resposta do Depasa<\/p>\n<p style=\"text-align: justify;\">O Depasa informou que o bairro j\u00e1 est\u00e1 na lista do projeto Ruas do Povo e que algumas ruas j\u00e1 ir\u00e3o receber a estrutura\u00e7\u00e3o. Por\u00e9m, eles est\u00e3o em fase de rescis\u00e3o de contrato com a empresa executora das obras e aguardando uma nova licita\u00e7\u00e3o.<\/p>\n<p style=\"text-align: justify;\">Assim que resolvido o problema, a rua Jo\u00e3o Minas Coelho ir\u00e1 receber a pavimenta\u00e7\u00e3o.<\/p>\n","protected":false},"excerpt":{"rendered":"<p style=\"text-align: justify;\">Protesto aconteceu na noite desta quinta<\/p>\n","protected":false},"author":4,"featured_media":23713,"comment_status":"open","ping_status":"open","sticky":false,"template":"","format":"standard","meta":{"jnews-multi-image_gallery":[],"jnews_single_post":[],"jnews_primary_category":[],"jnews_social_meta":[],"jnews_review":[],"enable_review":"","type":"","name":"","summary":"","brand":"","sku":"","good":[],"bad":[],"score_override":"","override_value":"","rating":[],"price":[],"footnotes":""},"categories":[54],"tags":[],"class_list":["post-23714","post","type-post","status-publish","format-standard","has-post-thumbnail","hentry","category-cotidiano"],"yoast_head":"<!-- This site is optimized with the Yoast SEO plugin v26.5 - https:\/\/yoast.com\/wordpress\/plugins\/seo\/ -->\n<title>Moradores do Montanh\u00eas reclamam de \u201cobra mal feita\u201d - Agazeta.net<\/title>\n<meta name=\"robots\" content=\"index, follow, max-snippet:-1, max-image-preview:large, max-video-preview:-1\" \/>\n<link rel=\"canonical\" href=\"https:\/\/nk7-testes.com.br\/agazeta\/moradores-do-montanhes-reclamam-de-obra-mal-feita\/\" \/>\n<meta property=\"og:locale\" content=\"pt_BR\" \/>\n<meta property=\"og:type\" content=\"article\" \/>\n<meta property=\"og:title\" content=\"Moradores do Montanh\u00eas reclamam de \u201cobra mal feita\u201d - Agazeta.net\" \/>\n<meta property=\"og:description\" content=\"Protesto aconteceu na noite desta quinta\" \/>\n<meta property=\"og:url\" content=\"https:\/\/nk7-testes.com.br\/agazeta\/moradores-do-montanhes-reclamam-de-obra-mal-feita\/\" \/>\n<meta property=\"og:site_name\" content=\"Agazeta.net\" \/>\n<meta property=\"article:published_time\" content=\"2016-07-08T15:00:12+00:00\" \/>\n<meta property=\"og:image\" content=\"https:\/\/nk7-testes.com.br\/agazeta\/wp-content\/uploads\/2016\/07\/080716-cotidiano-rua-cleriston.jpg\" \/>\n\t<meta property=\"og:image:width\" content=\"458\" \/>\n\t<meta property=\"og:image:height\" content=\"340\" \/>\n\t<meta property=\"og:image:type\" content=\"image\/jpeg\" \/>\n<meta name=\"author\" content=\"Agazeta.Net\" \/>\n<meta name=\"twitter:card\" content=\"summary_large_image\" \/>\n<meta name=\"twitter:label1\" content=\"Escrito por\" \/>\n\t<meta name=\"twitter:data1\" content=\"Agazeta.Net\" \/>\n\t<meta name=\"twitter:label2\" content=\"Est. tempo de leitura\" \/>\n\t<meta name=\"twitter:data2\" content=\"1 minuto\" \/>\n<script type=\"application\/ld+json\" class=\"yoast-schema-graph\">{\"@context\":\"https:\/\/schema.org\",\"@graph\":[{\"@type\":\"WebPage\",\"@id\":\"https:\/\/nk7-testes.com.br\/agazeta\/moradores-do-montanhes-reclamam-de-obra-mal-feita\/\",\"url\":\"https:\/\/nk7-testes.com.br\/agazeta\/moradores-do-montanhes-reclamam-de-obra-mal-feita\/\",\"name\":\"Moradores do Montanh\u00eas reclamam de \u201cobra mal feita\u201d - Agazeta.net\",\"isPartOf\":{\"@id\":\"https:\/\/nk7-testes.com.br\/agazeta\/#website\"},\"primaryImageOfPage\":{\"@id\":\"https:\/\/nk7-testes.com.br\/agazeta\/moradores-do-montanhes-reclamam-de-obra-mal-feita\/#primaryimage\"},\"image\":{\"@id\":\"https:\/\/nk7-testes.com.br\/agazeta\/moradores-do-montanhes-reclamam-de-obra-mal-feita\/#primaryimage\"},\"thumbnailUrl\":\"https:\/\/nk7-testes.com.br\/agazeta\/wp-content\/uploads\/2016\/07\/080716-cotidiano-rua-cleriston.jpg\",\"datePublished\":\"2016-07-08T15:00:12+00:00\",\"author\":{\"@id\":\"https:\/\/nk7-testes.com.br\/agazeta\/#\/schema\/person\/6d6e25cb0435eb4a02fd44d30b4e3020\"},\"breadcrumb\":{\"@id\":\"https:\/\/nk7-testes.com.br\/agazeta\/moradores-do-montanhes-reclamam-de-obra-mal-feita\/#breadcrumb\"},\"inLanguage\":\"pt-BR\",\"potentialAction\":[{\"@type\":\"ReadAction\",\"target\":[\"https:\/\/nk7-testes.com.br\/agazeta\/moradores-do-montanhes-reclamam-de-obra-mal-feita\/\"]}]},{\"@type\":\"ImageObject\",\"inLanguage\":\"pt-BR\",\"@id\":\"https:\/\/nk7-testes.com.br\/agazeta\/moradores-do-montanhes-reclamam-de-obra-mal-feita\/#primaryimage\",\"url\":\"https:\/\/nk7-testes.com.br\/agazeta\/wp-content\/uploads\/2016\/07\/080716-cotidiano-rua-cleriston.jpg\",\"contentUrl\":\"https:\/\/nk7-testes.com.br\/agazeta\/wp-content\/uploads\/2016\/07\/080716-cotidiano-rua-cleriston.jpg\",\"width\":458,\"height\":340,\"caption\":\"080716-cotidiano-rua-cleriston\"},{\"@type\":\"BreadcrumbList\",\"@id\":\"https:\/\/nk7-testes.com.br\/agazeta\/moradores-do-montanhes-reclamam-de-obra-mal-feita\/#breadcrumb\",\"itemListElement\":[{\"@type\":\"ListItem\",\"position\":1,\"name\":\"In\u00edcio\",\"item\":\"https:\/\/nk7-testes.com.br\/agazeta\/\"},{\"@type\":\"ListItem\",\"position\":2,\"name\":\"Moradores do Montanh\u00eas reclamam de \u201cobra mal feita\u201d\"}]},{\"@type\":\"WebSite\",\"@id\":\"https:\/\/nk7-testes.com.br\/agazeta\/#website\",\"url\":\"https:\/\/nk7-testes.com.br\/agazeta\/\",\"name\":\"Agazeta.net\",\"description\":\"Agazeta.net - Not\u00edcias de Rio Branco\/AC\",\"potentialAction\":[{\"@type\":\"SearchAction\",\"target\":{\"@type\":\"EntryPoint\",\"urlTemplate\":\"https:\/\/nk7-testes.com.br\/agazeta\/?s={search_term_string}\"},\"query-input\":{\"@type\":\"PropertyValueSpecification\",\"valueRequired\":true,\"valueName\":\"search_term_string\"}}],\"inLanguage\":\"pt-BR\"},{\"@type\":\"Person\",\"@id\":\"https:\/\/nk7-testes.com.br\/agazeta\/#\/schema\/person\/6d6e25cb0435eb4a02fd44d30b4e3020\",\"name\":\"Agazeta.Net\",\"url\":\"https:\/\/nk7-testes.com.br\/agazeta\/author\/agazeta\/\"}]}<\/script>\n<!-- \/ Yoast SEO plugin. -->","yoast_head_json":{"title":"Moradores do Montanh\u00eas reclamam de \u201cobra mal feita\u201d - Agazeta.net","robots":{"index":"index","follow":"follow","max-snippet":"max-snippet:-1","max-image-preview":"max-image-preview:large","max-video-preview":"max-video-preview:-1"},"canonical":"https:\/\/nk7-testes.com.br\/agazeta\/moradores-do-montanhes-reclamam-de-obra-mal-feita\/","og_locale":"pt_BR","og_type":"article","og_title":"Moradores do Montanh\u00eas reclamam de \u201cobra mal feita\u201d - Agazeta.net","og_description":"Protesto aconteceu na noite desta quinta","og_url":"https:\/\/nk7-testes.com.br\/agazeta\/moradores-do-montanhes-reclamam-de-obra-mal-feita\/","og_site_name":"Agazeta.net","article_published_time":"2016-07-08T15:00:12+00:00","og_image":[{"width":458,"height":340,"url":"https:\/\/nk7-testes.com.br\/agazeta\/wp-content\/uploads\/2016\/07\/080716-cotidiano-rua-cleriston.jpg","type":"image\/jpeg"}],"author":"Agazeta.Net","twitter_card":"summary_large_image","twitter_misc":{"Escrito por":"Agazeta.Net","Est. tempo de leitura":"1 minuto"},"schema":{"@context":"https:\/\/schema.org","@graph":[{"@type":"WebPage","@id":"https:\/\/nk7-testes.com.br\/agazeta\/moradores-do-montanhes-reclamam-de-obra-mal-feita\/","url":"https:\/\/nk7-testes.com.br\/agazeta\/moradores-do-montanhes-reclamam-de-obra-mal-feita\/","name":"Moradores do Montanh\u00eas reclamam de \u201cobra mal feita\u201d - Agazeta.net","isPartOf":{"@id":"https:\/\/nk7-testes.com.br\/agazeta\/#website"},"primaryImageOfPage":{"@id":"https:\/\/nk7-testes.com.br\/agazeta\/moradores-do-montanhes-reclamam-de-obra-mal-feita\/#primaryimage"},"image":{"@id":"https:\/\/nk7-testes.com.br\/agazeta\/moradores-do-montanhes-reclamam-de-obra-mal-feita\/#primaryimage"},"thumbnailUrl":"https:\/\/nk7-testes.com.br\/agazeta\/wp-content\/uploads\/2016\/07\/080716-cotidiano-rua-cleriston.jpg","datePublished":"2016-07-08T15:00:12+00:00","author":{"@id":"https:\/\/nk7-testes.com.br\/agazeta\/#\/schema\/person\/6d6e25cb0435eb4a02fd44d30b4e3020"},"breadcrumb":{"@id":"https:\/\/nk7-testes.com.br\/agazeta\/moradores-do-montanhes-reclamam-de-obra-mal-feita\/#breadcrumb"},"inLanguage":"pt-BR","potentialAction":[{"@type":"ReadAction","target":["https:\/\/nk7-testes.com.br\/agazeta\/moradores-do-montanhes-reclamam-de-obra-mal-feita\/"]}]},{"@type":"ImageObject","inLanguage":"pt-BR","@id":"https:\/\/nk7-testes.com.br\/agazeta\/moradores-do-montanhes-reclamam-de-obra-mal-feita\/#primaryimage","url":"https:\/\/nk7-testes.com.br\/agazeta\/wp-content\/uploads\/2016\/07\/080716-cotidiano-rua-cleriston.jpg","contentUrl":"https:\/\/nk7-testes.com.br\/agazeta\/wp-content\/uploads\/2016\/07\/080716-cotidiano-rua-cleriston.jpg","width":458,"height":340,"caption":"080716-cotidiano-rua-cleriston"},{"@type":"BreadcrumbList","@id":"https:\/\/nk7-testes.com.br\/agazeta\/moradores-do-montanhes-reclamam-de-obra-mal-feita\/#breadcrumb","itemListElement":[{"@type":"ListItem","position":1,"name":"In\u00edcio","item":"https:\/\/nk7-testes.com.br\/agazeta\/"},{"@type":"ListItem","position":2,"name":"Moradores do Montanh\u00eas reclamam de \u201cobra mal feita\u201d"}]},{"@type":"WebSite","@id":"https:\/\/nk7-testes.com.br\/agazeta\/#website","url":"https:\/\/nk7-testes.com.br\/agazeta\/","name":"Agazeta.net","description":"Agazeta.net - Not\u00edcias de Rio Branco\/AC","potentialAction":[{"@type":"SearchAction","target":{"@type":"EntryPoint","urlTemplate":"https:\/\/nk7-testes.com.br\/agazeta\/?s={search_term_string}"},"query-input":{"@type":"PropertyValueSpecification","valueRequired":true,"valueName":"search_term_string"}}],"inLanguage":"pt-BR"},{"@type":"Person","@id":"https:\/\/nk7-testes.com.br\/agazeta\/#\/schema\/person\/6d6e25cb0435eb4a02fd44d30b4e3020","name":"Agazeta.Net","url":"https:\/\/nk7-testes.com.br\/agazeta\/author\/agazeta\/"}]}},"_links":{"self":[{"href":"https:\/\/nk7-testes.com.br\/agazeta\/wp-json\/wp\/v2\/posts\/23714","targetHints":{"allow":["GET"]}}],"collection":[{"href":"https:\/\/nk7-testes.com.br\/agazeta\/wp-json\/wp\/v2\/posts"}],"about":[{"href":"https:\/\/nk7-testes.com.br\/agazeta\/wp-json\/wp\/v2\/types\/post"}],"author":[{"embeddable":true,"href":"https:\/\/nk7-testes.com.br\/agazeta\/wp-json\/wp\/v2\/users\/4"}],"replies":[{"embeddable":true,"href":"https:\/\/nk7-testes.com.br\/agazeta\/wp-json\/wp\/v2\/comments?post=23714"}],"version-history":[{"count":0,"href":"https:\/\/nk7-testes.com.br\/agazeta\/wp-json\/wp\/v2\/posts\/23714\/revisions"}],"wp:featuredmedia":[{"embeddable":true,"href":"https:\/\/nk7-testes.com.br\/agazeta\/wp-json\/wp\/v2\/media\/23713"}],"wp:attachment":[{"href":"https:\/\/nk7-testes.com.br\/agazeta\/wp-json\/wp\/v2\/media?parent=23714"}],"wp:term":[{"taxonomy":"category","embeddable":true,"href":"https:\/\/nk7-testes.com.br\/agazeta\/wp-json\/wp\/v2\/categories?post=23714"},{"taxonomy":"post_tag","embeddable":true,"href":"https:\/\/nk7-testes.com.br\/agazeta\/wp-json\/wp\/v2\/tags?post=23714"}],"curies":[{"name":"wp","href":"https:\/\/api.w.org\/{rel}","templated":true}]}}