{"id":23697,"date":"2016-07-07T16:56:26","date_gmt":"2016-07-07T16:56:26","guid":{"rendered":"https:\/\/abarevegan.com.br\/index.php\/2016\/07\/07\/gestao-e-marketing-qualificam-setor-de-farmacia-no-acre\/"},"modified":"2016-07-07T16:56:26","modified_gmt":"2016-07-07T16:56:26","slug":"gestao-e-marketing-qualificam-setor-de-farmacia-no-acre","status":"publish","type":"post","link":"https:\/\/nk7-testes.com.br\/agazeta\/gestao-e-marketing-qualificam-setor-de-farmacia-no-acre\/","title":{"rendered":"Gest\u00e3o e Marketing qualificam setor de Farm\u00e1cia no Acre"},"content":{"rendered":"<p><span style=\"font-size: 12pt; line-height: 115%; font-family: 'Times New Roman', serif;\"><\/span><\/p>\n<p style=\"text-align: justify;\">Curso oferecido pelo Conselho Regional de Farm\u00e1cia<\/p>\n<p style=\"text-align: justify;\"><span style=\"font-size: 12pt; line-height: 115%; font-family: 'Times New Roman', serif;\"><\/span><\/p>\n<p style=\"text-align: justify;\">O Conselho Regional de Farm\u00e1cia do Acre, em parceria com o Conselho Federal e a Sociedade Brasileira de Farmac\u00eauticos e Farm\u00e1cia Comunit\u00e1ria, realiza nesta sexta e s\u00e1bado (8 e 9 de julho), o curso de Excel\u00eancia Farmac\u00eautica \u2013 m\u00f3dulo Gest\u00e3o Administra\u00e7\u00e3o e Marketing.<\/p>\n<p style=\"text-align: justify;\"><span style=\"font-size: 12pt; line-height: 115%; font-family: 'Times New Roman', serif;\"><\/span><\/p>\n<p style=\"text-align: justify;\">O encontro \u00e9 realizado na FAMETA, nos per\u00edodos da manh\u00e3 e tarde. Participam dos debates os acad\u00eamicos do \u00faltimo ano do curso de Farm\u00e1cia, farmac\u00eauticos profissionais e donos de farm\u00e1cia.<\/p>\n<p style=\"text-align: justify;\"><span style=\"font-size: 12pt; line-height: 115%; font-family: 'Times New Roman', serif;\"><\/span><\/p>\n<p style=\"text-align: justify;\">O curso \u00e9 ministrado por palestrantes membros da Sociedade Brasileira de Farmac\u00eauticos e Farm\u00e1cia Comunit\u00e1ria, que percorrem todo o Brasil, apresentando meios e ferramentas para auxiliar farmac\u00eauticos e donos de farm\u00e1cia, com rela\u00e7\u00e3o \u00e0 excel\u00eancia na gest\u00e3o.<\/p>\n<p style=\"text-align: justify;\"><span style=\"font-size: 12pt; line-height: 115%; font-family: 'Times New Roman', serif;\"><\/span><\/p>\n<p style=\"text-align: justify;\">O presidente do Conselho Regional de Farm\u00e1cia do Acre, Tiaraju Mattos, explica que o curso tem como objetivo \u201cqualificar o farmac\u00eautico para que ele possa desempenhar novos e melhores servi\u00e7os em sua farm\u00e1cia e repassar no\u00e7\u00f5es de administra\u00e7\u00e3o e marketing em farm\u00e1cias e drogarias. Dessa forma, esse profissional passa a contribuir ainda mais na fideliza\u00e7\u00e3o de clientes\/pacientes e auxiliar na gest\u00e3o do estabelecimento farmac\u00eautico, colaborando para o aumento das vendas e da lucratividade\u201d.<\/p>\n<p style=\"text-align: justify;\"><span style=\"font-size: 12pt; line-height: 115%; font-family: 'Times New Roman', serif;\"><\/span><\/p>\n<p style=\"text-align: justify;\">Tiaraju esclarece que os interessados poder\u00e3o fazer as matr\u00edculas para o curso j\u00e1 na pr\u00f3pria FAMETA pouco antes do in\u00edcio das palestras, no valor de R$ 30. Quem n\u00e3o participou do primeiro m\u00f3dulo do curso realizado nos dias 3 e 4 de junho, poder\u00e1 fazer este m\u00f3dulo, j\u00e1 que os certificados s\u00e3o desmembrados.<\/p>\n<p><span style=\"font-size: 12pt; line-height: 115%; font-family: 'Times New Roman', serif;\">&nbsp;<\/span><\/p>\n","protected":false},"excerpt":{"rendered":"<p><span style=\"font-size: 12pt; line-height: 115%; font-family: 'Times New Roman', serif;\"><\/span><\/p>\n<p style=\"text-align: justify;\">Curso oferecido pelo Conselho Regional de Farm\u00e1cia<\/p>\n","protected":false},"author":4,"featured_media":23696,"comment_status":"open","ping_status":"open","sticky":false,"template":"","format":"standard","meta":{"jnews-multi-image_gallery":[],"jnews_single_post":[],"jnews_primary_category":[],"jnews_social_meta":[],"jnews_review":[],"enable_review":"","type":"","name":"","summary":"","brand":"","sku":"","good":[],"bad":[],"score_override":"","override_value":"","rating":[],"price":[],"footnotes":""},"categories":[54],"tags":[],"class_list":["post-23697","post","type-post","status-publish","format-standard","has-post-thumbnail","hentry","category-cotidiano"],"yoast_head":"<!-- This site is optimized with the Yoast SEO plugin v26.5 - https:\/\/yoast.com\/wordpress\/plugins\/seo\/ -->\n<title>Gest\u00e3o e Marketing qualificam setor de Farm\u00e1cia no Acre - Agazeta.net<\/title>\n<meta name=\"robots\" content=\"index, follow, max-snippet:-1, max-image-preview:large, max-video-preview:-1\" \/>\n<link rel=\"canonical\" href=\"https:\/\/nk7-testes.com.br\/agazeta\/gestao-e-marketing-qualificam-setor-de-farmacia-no-acre\/\" \/>\n<meta property=\"og:locale\" content=\"pt_BR\" \/>\n<meta property=\"og:type\" content=\"article\" \/>\n<meta property=\"og:title\" content=\"Gest\u00e3o e Marketing qualificam setor de Farm\u00e1cia no Acre - Agazeta.net\" \/>\n<meta property=\"og:description\" content=\"Curso oferecido pelo Conselho Regional de Farm\u00e1cia\" \/>\n<meta property=\"og:url\" content=\"https:\/\/nk7-testes.com.br\/agazeta\/gestao-e-marketing-qualificam-setor-de-farmacia-no-acre\/\" \/>\n<meta property=\"og:site_name\" content=\"Agazeta.net\" \/>\n<meta property=\"article:published_time\" content=\"2016-07-07T16:56:26+00:00\" \/>\n<meta property=\"og:image\" content=\"https:\/\/nk7-testes.com.br\/agazeta\/wp-content\/uploads\/2016\/07\/070716-cotidiano-farmacia-cedida.jpg\" \/>\n\t<meta property=\"og:image:width\" content=\"458\" \/>\n\t<meta property=\"og:image:height\" content=\"340\" \/>\n\t<meta property=\"og:image:type\" content=\"image\/jpeg\" \/>\n<meta name=\"author\" content=\"Agazeta.Net\" \/>\n<meta name=\"twitter:card\" content=\"summary_large_image\" \/>\n<meta name=\"twitter:label1\" content=\"Escrito por\" \/>\n\t<meta name=\"twitter:data1\" content=\"Agazeta.Net\" \/>\n\t<meta name=\"twitter:label2\" content=\"Est. tempo de leitura\" \/>\n\t<meta name=\"twitter:data2\" content=\"1 minuto\" \/>\n<script type=\"application\/ld+json\" class=\"yoast-schema-graph\">{\"@context\":\"https:\/\/schema.org\",\"@graph\":[{\"@type\":\"WebPage\",\"@id\":\"https:\/\/nk7-testes.com.br\/agazeta\/gestao-e-marketing-qualificam-setor-de-farmacia-no-acre\/\",\"url\":\"https:\/\/nk7-testes.com.br\/agazeta\/gestao-e-marketing-qualificam-setor-de-farmacia-no-acre\/\",\"name\":\"Gest\u00e3o e Marketing qualificam setor de Farm\u00e1cia no Acre - Agazeta.net\",\"isPartOf\":{\"@id\":\"https:\/\/nk7-testes.com.br\/agazeta\/#website\"},\"primaryImageOfPage\":{\"@id\":\"https:\/\/nk7-testes.com.br\/agazeta\/gestao-e-marketing-qualificam-setor-de-farmacia-no-acre\/#primaryimage\"},\"image\":{\"@id\":\"https:\/\/nk7-testes.com.br\/agazeta\/gestao-e-marketing-qualificam-setor-de-farmacia-no-acre\/#primaryimage\"},\"thumbnailUrl\":\"https:\/\/nk7-testes.com.br\/agazeta\/wp-content\/uploads\/2016\/07\/070716-cotidiano-farmacia-cedida.jpg\",\"datePublished\":\"2016-07-07T16:56:26+00:00\",\"author\":{\"@id\":\"https:\/\/nk7-testes.com.br\/agazeta\/#\/schema\/person\/6d6e25cb0435eb4a02fd44d30b4e3020\"},\"breadcrumb\":{\"@id\":\"https:\/\/nk7-testes.com.br\/agazeta\/gestao-e-marketing-qualificam-setor-de-farmacia-no-acre\/#breadcrumb\"},\"inLanguage\":\"pt-BR\",\"potentialAction\":[{\"@type\":\"ReadAction\",\"target\":[\"https:\/\/nk7-testes.com.br\/agazeta\/gestao-e-marketing-qualificam-setor-de-farmacia-no-acre\/\"]}]},{\"@type\":\"ImageObject\",\"inLanguage\":\"pt-BR\",\"@id\":\"https:\/\/nk7-testes.com.br\/agazeta\/gestao-e-marketing-qualificam-setor-de-farmacia-no-acre\/#primaryimage\",\"url\":\"https:\/\/nk7-testes.com.br\/agazeta\/wp-content\/uploads\/2016\/07\/070716-cotidiano-farmacia-cedida.jpg\",\"contentUrl\":\"https:\/\/nk7-testes.com.br\/agazeta\/wp-content\/uploads\/2016\/07\/070716-cotidiano-farmacia-cedida.jpg\",\"width\":458,\"height\":340,\"caption\":\"070716-cotidiano-farmacia-cedida\"},{\"@type\":\"BreadcrumbList\",\"@id\":\"https:\/\/nk7-testes.com.br\/agazeta\/gestao-e-marketing-qualificam-setor-de-farmacia-no-acre\/#breadcrumb\",\"itemListElement\":[{\"@type\":\"ListItem\",\"position\":1,\"name\":\"In\u00edcio\",\"item\":\"https:\/\/nk7-testes.com.br\/agazeta\/\"},{\"@type\":\"ListItem\",\"position\":2,\"name\":\"Gest\u00e3o e Marketing qualificam setor de Farm\u00e1cia no Acre\"}]},{\"@type\":\"WebSite\",\"@id\":\"https:\/\/nk7-testes.com.br\/agazeta\/#website\",\"url\":\"https:\/\/nk7-testes.com.br\/agazeta\/\",\"name\":\"Agazeta.net\",\"description\":\"Agazeta.net - Not\u00edcias de Rio Branco\/AC\",\"potentialAction\":[{\"@type\":\"SearchAction\",\"target\":{\"@type\":\"EntryPoint\",\"urlTemplate\":\"https:\/\/nk7-testes.com.br\/agazeta\/?s={search_term_string}\"},\"query-input\":{\"@type\":\"PropertyValueSpecification\",\"valueRequired\":true,\"valueName\":\"search_term_string\"}}],\"inLanguage\":\"pt-BR\"},{\"@type\":\"Person\",\"@id\":\"https:\/\/nk7-testes.com.br\/agazeta\/#\/schema\/person\/6d6e25cb0435eb4a02fd44d30b4e3020\",\"name\":\"Agazeta.Net\",\"url\":\"https:\/\/nk7-testes.com.br\/agazeta\/author\/agazeta\/\"}]}<\/script>\n<!-- \/ Yoast SEO plugin. -->","yoast_head_json":{"title":"Gest\u00e3o e Marketing qualificam setor de Farm\u00e1cia no Acre - Agazeta.net","robots":{"index":"index","follow":"follow","max-snippet":"max-snippet:-1","max-image-preview":"max-image-preview:large","max-video-preview":"max-video-preview:-1"},"canonical":"https:\/\/nk7-testes.com.br\/agazeta\/gestao-e-marketing-qualificam-setor-de-farmacia-no-acre\/","og_locale":"pt_BR","og_type":"article","og_title":"Gest\u00e3o e Marketing qualificam setor de Farm\u00e1cia no Acre - Agazeta.net","og_description":"Curso oferecido pelo Conselho Regional de Farm\u00e1cia","og_url":"https:\/\/nk7-testes.com.br\/agazeta\/gestao-e-marketing-qualificam-setor-de-farmacia-no-acre\/","og_site_name":"Agazeta.net","article_published_time":"2016-07-07T16:56:26+00:00","og_image":[{"width":458,"height":340,"url":"https:\/\/nk7-testes.com.br\/agazeta\/wp-content\/uploads\/2016\/07\/070716-cotidiano-farmacia-cedida.jpg","type":"image\/jpeg"}],"author":"Agazeta.Net","twitter_card":"summary_large_image","twitter_misc":{"Escrito por":"Agazeta.Net","Est. tempo de leitura":"1 minuto"},"schema":{"@context":"https:\/\/schema.org","@graph":[{"@type":"WebPage","@id":"https:\/\/nk7-testes.com.br\/agazeta\/gestao-e-marketing-qualificam-setor-de-farmacia-no-acre\/","url":"https:\/\/nk7-testes.com.br\/agazeta\/gestao-e-marketing-qualificam-setor-de-farmacia-no-acre\/","name":"Gest\u00e3o e Marketing qualificam setor de Farm\u00e1cia no Acre - Agazeta.net","isPartOf":{"@id":"https:\/\/nk7-testes.com.br\/agazeta\/#website"},"primaryImageOfPage":{"@id":"https:\/\/nk7-testes.com.br\/agazeta\/gestao-e-marketing-qualificam-setor-de-farmacia-no-acre\/#primaryimage"},"image":{"@id":"https:\/\/nk7-testes.com.br\/agazeta\/gestao-e-marketing-qualificam-setor-de-farmacia-no-acre\/#primaryimage"},"thumbnailUrl":"https:\/\/nk7-testes.com.br\/agazeta\/wp-content\/uploads\/2016\/07\/070716-cotidiano-farmacia-cedida.jpg","datePublished":"2016-07-07T16:56:26+00:00","author":{"@id":"https:\/\/nk7-testes.com.br\/agazeta\/#\/schema\/person\/6d6e25cb0435eb4a02fd44d30b4e3020"},"breadcrumb":{"@id":"https:\/\/nk7-testes.com.br\/agazeta\/gestao-e-marketing-qualificam-setor-de-farmacia-no-acre\/#breadcrumb"},"inLanguage":"pt-BR","potentialAction":[{"@type":"ReadAction","target":["https:\/\/nk7-testes.com.br\/agazeta\/gestao-e-marketing-qualificam-setor-de-farmacia-no-acre\/"]}]},{"@type":"ImageObject","inLanguage":"pt-BR","@id":"https:\/\/nk7-testes.com.br\/agazeta\/gestao-e-marketing-qualificam-setor-de-farmacia-no-acre\/#primaryimage","url":"https:\/\/nk7-testes.com.br\/agazeta\/wp-content\/uploads\/2016\/07\/070716-cotidiano-farmacia-cedida.jpg","contentUrl":"https:\/\/nk7-testes.com.br\/agazeta\/wp-content\/uploads\/2016\/07\/070716-cotidiano-farmacia-cedida.jpg","width":458,"height":340,"caption":"070716-cotidiano-farmacia-cedida"},{"@type":"BreadcrumbList","@id":"https:\/\/nk7-testes.com.br\/agazeta\/gestao-e-marketing-qualificam-setor-de-farmacia-no-acre\/#breadcrumb","itemListElement":[{"@type":"ListItem","position":1,"name":"In\u00edcio","item":"https:\/\/nk7-testes.com.br\/agazeta\/"},{"@type":"ListItem","position":2,"name":"Gest\u00e3o e Marketing qualificam setor de Farm\u00e1cia no Acre"}]},{"@type":"WebSite","@id":"https:\/\/nk7-testes.com.br\/agazeta\/#website","url":"https:\/\/nk7-testes.com.br\/agazeta\/","name":"Agazeta.net","description":"Agazeta.net - Not\u00edcias de Rio Branco\/AC","potentialAction":[{"@type":"SearchAction","target":{"@type":"EntryPoint","urlTemplate":"https:\/\/nk7-testes.com.br\/agazeta\/?s={search_term_string}"},"query-input":{"@type":"PropertyValueSpecification","valueRequired":true,"valueName":"search_term_string"}}],"inLanguage":"pt-BR"},{"@type":"Person","@id":"https:\/\/nk7-testes.com.br\/agazeta\/#\/schema\/person\/6d6e25cb0435eb4a02fd44d30b4e3020","name":"Agazeta.Net","url":"https:\/\/nk7-testes.com.br\/agazeta\/author\/agazeta\/"}]}},"_links":{"self":[{"href":"https:\/\/nk7-testes.com.br\/agazeta\/wp-json\/wp\/v2\/posts\/23697","targetHints":{"allow":["GET"]}}],"collection":[{"href":"https:\/\/nk7-testes.com.br\/agazeta\/wp-json\/wp\/v2\/posts"}],"about":[{"href":"https:\/\/nk7-testes.com.br\/agazeta\/wp-json\/wp\/v2\/types\/post"}],"author":[{"embeddable":true,"href":"https:\/\/nk7-testes.com.br\/agazeta\/wp-json\/wp\/v2\/users\/4"}],"replies":[{"embeddable":true,"href":"https:\/\/nk7-testes.com.br\/agazeta\/wp-json\/wp\/v2\/comments?post=23697"}],"version-history":[{"count":0,"href":"https:\/\/nk7-testes.com.br\/agazeta\/wp-json\/wp\/v2\/posts\/23697\/revisions"}],"wp:featuredmedia":[{"embeddable":true,"href":"https:\/\/nk7-testes.com.br\/agazeta\/wp-json\/wp\/v2\/media\/23696"}],"wp:attachment":[{"href":"https:\/\/nk7-testes.com.br\/agazeta\/wp-json\/wp\/v2\/media?parent=23697"}],"wp:term":[{"taxonomy":"category","embeddable":true,"href":"https:\/\/nk7-testes.com.br\/agazeta\/wp-json\/wp\/v2\/categories?post=23697"},{"taxonomy":"post_tag","embeddable":true,"href":"https:\/\/nk7-testes.com.br\/agazeta\/wp-json\/wp\/v2\/tags?post=23697"}],"curies":[{"name":"wp","href":"https:\/\/api.w.org\/{rel}","templated":true}]}}