{"id":23685,"date":"2016-07-07T13:39:42","date_gmt":"2016-07-07T13:39:42","guid":{"rendered":"https:\/\/abarevegan.com.br\/index.php\/2016\/07\/07\/zika-virus-bebe-com-microcefalia-morre\/"},"modified":"2016-07-07T13:39:42","modified_gmt":"2016-07-07T13:39:42","slug":"zika-virus-bebe-com-microcefalia-morre","status":"publish","type":"post","link":"https:\/\/nk7-testes.com.br\/agazeta\/zika-virus-bebe-com-microcefalia-morre\/","title":{"rendered":"Zika v\u00edrus: beb\u00ea com microcefalia morre"},"content":{"rendered":"<p><span style=\"font-size: 13.1999998092651px; line-height: 21.1199989318848px; text-align: justify;\"><\/span><\/p>\n<p style=\"text-align: justify;\">Boletim epidemiol\u00f3gico confirma primeira morte<\/p>\n<p style=\"text-align: justify;\"><span style=\"font-size: 13.1999998092651px; line-height: 21.1199989318848px; text-align: justify;\"><\/span><\/p>\n<p style=\"text-align: justify;\">A Secretaria de Estado de Sa\u00fade (Sesacre) confirmou o primeiro caso de microcefalia relacionado ao v\u00edrus zika no Acre. O beb\u00ea afetado n\u00e3o sobreviveu.<br \/>A confirma\u00e7\u00e3o veio atrav\u00e9s do boletim epidemiol\u00f3gico. O primeiro caso de microcefalia relacionado ao zika v\u00edrus no Acre ocorreu em Rio Branco, mas o beb\u00ea n\u00e3o sobreviveu. A Sesacre n\u00e3o tem detalhes sobre o nascimento.<\/p>\n<p style=\"text-align: justify;\"><span style=\"font-size: 13.1999998092651px; line-height: 21.1199989318848px; text-align: justify;\"><\/span><\/p>\n<p style=\"text-align: justify;\">Em fevereiro, os secret\u00e1rios de sa\u00fade do Estado e de Rio Branco comunicaram o resultado de um exame avaliado pelo Minist\u00e9rio da Sa\u00fade. Era a confirma\u00e7\u00e3o do primeiro caso de Z\u00edka V\u00edrus, que havia atingido uma gestante, de 35 anos de idade, moradora do bairro Abra\u00e3o Alab.<\/p>\n<p style=\"text-align: justify;\"><span style=\"font-size: 13.1999998092651px; line-height: 21.1199989318848px; text-align: justify;\"><\/span><\/p>\n<p style=\"text-align: justify;\">Para a gerente da vigil\u00e2ncia epidemiol\u00f3gica do estado, Eliane Costa, a confirma\u00e7\u00e3o do v\u00edrus relacionado a microcefalia exige aten\u00e7\u00e3o. \u201cO v\u00edrus continua circulando na nossa regi\u00e3o, nos munic\u00edpios e a gente pede o apoio dos t\u00e9cnicos municipais que continuem o trabalho de preven\u00e7\u00e3o e da popula\u00e7\u00e3o que continue diminuindo os focos do mosquito j\u00e1 que a maioria dos focos est\u00e1 dentro das casas\u201d, disse.<\/p>\n<p style=\"text-align: justify;\"><span style=\"font-size: 13.1999998092651px; line-height: 21.1199989318848px; text-align: justify;\"><\/span><\/p>\n<p style=\"text-align: justify;\">At\u00e9 o final de junho, foram notificados 1382 casos suspeitos de zika. Desses, 24 foram confirmados, 23 descartados e 1335 est\u00e3o sendo investigados. Dos 41 casos de microcefalia registrados no Acre, 30 foram descartados, 9 est\u00e3o sob investiga\u00e7\u00e3o e 2 foram confirmados.<\/p>\n<p style=\"text-align: justify;\"><span style=\"font-size: 13.1999998092651px; line-height: 21.1199989318848px; text-align: justify;\"><\/span><\/p>\n<p style=\"text-align: justify;\">Al\u00e9m do beb\u00ea que foi a \u00f3bito, outra crian\u00e7a foi afetada pela microcefalia, mas a condi\u00e7\u00e3o neurol\u00f3gica est\u00e1 relacionada \u00e0 infec\u00e7\u00e3o por toxoplasmose.<\/p>\n<p style=\"text-align: justify;\"><span style=\"font-size: 13.1999998092651px; line-height: 21.1199989318848px; text-align: justify;\"><\/span><\/p>\n<p style=\"text-align: justify;\">\u201cO boletim aponta um decr\u00e9scimo no n\u00famero de suspeitas, por\u00e9m a gente tem que continuar com as a\u00e7\u00f5es de controle que devem ser o ano\u201d, concluiu.<\/p>\n<p><span style=\"font-size: 13.1999998092651px; line-height: 21.1199989318848px; text-align: justify;\">&nbsp;<\/span><\/p>\n","protected":false},"excerpt":{"rendered":"<p><span style=\"font-size: 13.1999998092651px; line-height: 21.1199989318848px; text-align: justify;\"><\/span><\/p>\n<p style=\"text-align: justify;\">Boletim epidemiol\u00f3gico confirma primeira morte<\/p>\n","protected":false},"author":4,"featured_media":9484,"comment_status":"open","ping_status":"open","sticky":false,"template":"","format":"standard","meta":{"jnews-multi-image_gallery":[],"jnews_single_post":[],"jnews_primary_category":[],"jnews_social_meta":[],"jnews_review":[],"enable_review":"","type":"","name":"","summary":"","brand":"","sku":"","good":[],"bad":[],"score_override":"","override_value":"","rating":[],"price":[],"footnotes":""},"categories":[54],"tags":[],"class_list":["post-23685","post","type-post","status-publish","format-standard","has-post-thumbnail","hentry","category-cotidiano"],"yoast_head":"<!-- This site is optimized with the Yoast SEO plugin v26.5 - https:\/\/yoast.com\/wordpress\/plugins\/seo\/ -->\n<title>Zika v\u00edrus: beb\u00ea com microcefalia morre - Agazeta.net<\/title>\n<meta name=\"robots\" content=\"index, follow, max-snippet:-1, max-image-preview:large, max-video-preview:-1\" \/>\n<link rel=\"canonical\" href=\"https:\/\/nk7-testes.com.br\/agazeta\/zika-virus-bebe-com-microcefalia-morre\/\" \/>\n<meta property=\"og:locale\" content=\"pt_BR\" \/>\n<meta property=\"og:type\" content=\"article\" \/>\n<meta property=\"og:title\" content=\"Zika v\u00edrus: beb\u00ea com microcefalia morre - Agazeta.net\" \/>\n<meta property=\"og:description\" content=\"Boletim epidemiol\u00f3gico confirma primeira morte\" \/>\n<meta property=\"og:url\" content=\"https:\/\/nk7-testes.com.br\/agazeta\/zika-virus-bebe-com-microcefalia-morre\/\" \/>\n<meta property=\"og:site_name\" content=\"Agazeta.net\" \/>\n<meta property=\"article:published_time\" content=\"2016-07-07T13:39:42+00:00\" \/>\n<meta property=\"og:image\" content=\"https:\/\/nk7-testes.com.br\/agazeta\/wp-content\/uploads\/2014\/08\/2708-cotidiano-sesacre.jpg\" \/>\n\t<meta property=\"og:image:width\" content=\"458\" \/>\n\t<meta property=\"og:image:height\" content=\"340\" \/>\n\t<meta property=\"og:image:type\" content=\"image\/jpeg\" \/>\n<meta name=\"author\" content=\"Agazeta.Net\" \/>\n<meta name=\"twitter:card\" content=\"summary_large_image\" \/>\n<meta name=\"twitter:label1\" content=\"Escrito por\" \/>\n\t<meta name=\"twitter:data1\" content=\"Agazeta.Net\" \/>\n\t<meta name=\"twitter:label2\" content=\"Est. tempo de leitura\" \/>\n\t<meta name=\"twitter:data2\" content=\"1 minuto\" \/>\n<script type=\"application\/ld+json\" class=\"yoast-schema-graph\">{\"@context\":\"https:\/\/schema.org\",\"@graph\":[{\"@type\":\"WebPage\",\"@id\":\"https:\/\/nk7-testes.com.br\/agazeta\/zika-virus-bebe-com-microcefalia-morre\/\",\"url\":\"https:\/\/nk7-testes.com.br\/agazeta\/zika-virus-bebe-com-microcefalia-morre\/\",\"name\":\"Zika v\u00edrus: beb\u00ea com microcefalia morre - Agazeta.net\",\"isPartOf\":{\"@id\":\"https:\/\/nk7-testes.com.br\/agazeta\/#website\"},\"primaryImageOfPage\":{\"@id\":\"https:\/\/nk7-testes.com.br\/agazeta\/zika-virus-bebe-com-microcefalia-morre\/#primaryimage\"},\"image\":{\"@id\":\"https:\/\/nk7-testes.com.br\/agazeta\/zika-virus-bebe-com-microcefalia-morre\/#primaryimage\"},\"thumbnailUrl\":\"https:\/\/nk7-testes.com.br\/agazeta\/wp-content\/uploads\/2014\/08\/2708-cotidiano-sesacre.jpg\",\"datePublished\":\"2016-07-07T13:39:42+00:00\",\"author\":{\"@id\":\"https:\/\/nk7-testes.com.br\/agazeta\/#\/schema\/person\/6d6e25cb0435eb4a02fd44d30b4e3020\"},\"breadcrumb\":{\"@id\":\"https:\/\/nk7-testes.com.br\/agazeta\/zika-virus-bebe-com-microcefalia-morre\/#breadcrumb\"},\"inLanguage\":\"pt-BR\",\"potentialAction\":[{\"@type\":\"ReadAction\",\"target\":[\"https:\/\/nk7-testes.com.br\/agazeta\/zika-virus-bebe-com-microcefalia-morre\/\"]}]},{\"@type\":\"ImageObject\",\"inLanguage\":\"pt-BR\",\"@id\":\"https:\/\/nk7-testes.com.br\/agazeta\/zika-virus-bebe-com-microcefalia-morre\/#primaryimage\",\"url\":\"https:\/\/nk7-testes.com.br\/agazeta\/wp-content\/uploads\/2014\/08\/2708-cotidiano-sesacre.jpg\",\"contentUrl\":\"https:\/\/nk7-testes.com.br\/agazeta\/wp-content\/uploads\/2014\/08\/2708-cotidiano-sesacre.jpg\",\"width\":458,\"height\":340,\"caption\":\"2708-cotidiano-sesacre\"},{\"@type\":\"BreadcrumbList\",\"@id\":\"https:\/\/nk7-testes.com.br\/agazeta\/zika-virus-bebe-com-microcefalia-morre\/#breadcrumb\",\"itemListElement\":[{\"@type\":\"ListItem\",\"position\":1,\"name\":\"In\u00edcio\",\"item\":\"https:\/\/nk7-testes.com.br\/agazeta\/\"},{\"@type\":\"ListItem\",\"position\":2,\"name\":\"Zika v\u00edrus: beb\u00ea com microcefalia morre\"}]},{\"@type\":\"WebSite\",\"@id\":\"https:\/\/nk7-testes.com.br\/agazeta\/#website\",\"url\":\"https:\/\/nk7-testes.com.br\/agazeta\/\",\"name\":\"Agazeta.net\",\"description\":\"Agazeta.net - Not\u00edcias de Rio Branco\/AC\",\"potentialAction\":[{\"@type\":\"SearchAction\",\"target\":{\"@type\":\"EntryPoint\",\"urlTemplate\":\"https:\/\/nk7-testes.com.br\/agazeta\/?s={search_term_string}\"},\"query-input\":{\"@type\":\"PropertyValueSpecification\",\"valueRequired\":true,\"valueName\":\"search_term_string\"}}],\"inLanguage\":\"pt-BR\"},{\"@type\":\"Person\",\"@id\":\"https:\/\/nk7-testes.com.br\/agazeta\/#\/schema\/person\/6d6e25cb0435eb4a02fd44d30b4e3020\",\"name\":\"Agazeta.Net\",\"url\":\"https:\/\/nk7-testes.com.br\/agazeta\/author\/agazeta\/\"}]}<\/script>\n<!-- \/ Yoast SEO plugin. -->","yoast_head_json":{"title":"Zika v\u00edrus: beb\u00ea com microcefalia morre - Agazeta.net","robots":{"index":"index","follow":"follow","max-snippet":"max-snippet:-1","max-image-preview":"max-image-preview:large","max-video-preview":"max-video-preview:-1"},"canonical":"https:\/\/nk7-testes.com.br\/agazeta\/zika-virus-bebe-com-microcefalia-morre\/","og_locale":"pt_BR","og_type":"article","og_title":"Zika v\u00edrus: beb\u00ea com microcefalia morre - Agazeta.net","og_description":"Boletim epidemiol\u00f3gico confirma primeira morte","og_url":"https:\/\/nk7-testes.com.br\/agazeta\/zika-virus-bebe-com-microcefalia-morre\/","og_site_name":"Agazeta.net","article_published_time":"2016-07-07T13:39:42+00:00","og_image":[{"width":458,"height":340,"url":"https:\/\/nk7-testes.com.br\/agazeta\/wp-content\/uploads\/2014\/08\/2708-cotidiano-sesacre.jpg","type":"image\/jpeg"}],"author":"Agazeta.Net","twitter_card":"summary_large_image","twitter_misc":{"Escrito por":"Agazeta.Net","Est. tempo de leitura":"1 minuto"},"schema":{"@context":"https:\/\/schema.org","@graph":[{"@type":"WebPage","@id":"https:\/\/nk7-testes.com.br\/agazeta\/zika-virus-bebe-com-microcefalia-morre\/","url":"https:\/\/nk7-testes.com.br\/agazeta\/zika-virus-bebe-com-microcefalia-morre\/","name":"Zika v\u00edrus: beb\u00ea com microcefalia morre - Agazeta.net","isPartOf":{"@id":"https:\/\/nk7-testes.com.br\/agazeta\/#website"},"primaryImageOfPage":{"@id":"https:\/\/nk7-testes.com.br\/agazeta\/zika-virus-bebe-com-microcefalia-morre\/#primaryimage"},"image":{"@id":"https:\/\/nk7-testes.com.br\/agazeta\/zika-virus-bebe-com-microcefalia-morre\/#primaryimage"},"thumbnailUrl":"https:\/\/nk7-testes.com.br\/agazeta\/wp-content\/uploads\/2014\/08\/2708-cotidiano-sesacre.jpg","datePublished":"2016-07-07T13:39:42+00:00","author":{"@id":"https:\/\/nk7-testes.com.br\/agazeta\/#\/schema\/person\/6d6e25cb0435eb4a02fd44d30b4e3020"},"breadcrumb":{"@id":"https:\/\/nk7-testes.com.br\/agazeta\/zika-virus-bebe-com-microcefalia-morre\/#breadcrumb"},"inLanguage":"pt-BR","potentialAction":[{"@type":"ReadAction","target":["https:\/\/nk7-testes.com.br\/agazeta\/zika-virus-bebe-com-microcefalia-morre\/"]}]},{"@type":"ImageObject","inLanguage":"pt-BR","@id":"https:\/\/nk7-testes.com.br\/agazeta\/zika-virus-bebe-com-microcefalia-morre\/#primaryimage","url":"https:\/\/nk7-testes.com.br\/agazeta\/wp-content\/uploads\/2014\/08\/2708-cotidiano-sesacre.jpg","contentUrl":"https:\/\/nk7-testes.com.br\/agazeta\/wp-content\/uploads\/2014\/08\/2708-cotidiano-sesacre.jpg","width":458,"height":340,"caption":"2708-cotidiano-sesacre"},{"@type":"BreadcrumbList","@id":"https:\/\/nk7-testes.com.br\/agazeta\/zika-virus-bebe-com-microcefalia-morre\/#breadcrumb","itemListElement":[{"@type":"ListItem","position":1,"name":"In\u00edcio","item":"https:\/\/nk7-testes.com.br\/agazeta\/"},{"@type":"ListItem","position":2,"name":"Zika v\u00edrus: beb\u00ea com microcefalia morre"}]},{"@type":"WebSite","@id":"https:\/\/nk7-testes.com.br\/agazeta\/#website","url":"https:\/\/nk7-testes.com.br\/agazeta\/","name":"Agazeta.net","description":"Agazeta.net - Not\u00edcias de Rio Branco\/AC","potentialAction":[{"@type":"SearchAction","target":{"@type":"EntryPoint","urlTemplate":"https:\/\/nk7-testes.com.br\/agazeta\/?s={search_term_string}"},"query-input":{"@type":"PropertyValueSpecification","valueRequired":true,"valueName":"search_term_string"}}],"inLanguage":"pt-BR"},{"@type":"Person","@id":"https:\/\/nk7-testes.com.br\/agazeta\/#\/schema\/person\/6d6e25cb0435eb4a02fd44d30b4e3020","name":"Agazeta.Net","url":"https:\/\/nk7-testes.com.br\/agazeta\/author\/agazeta\/"}]}},"_links":{"self":[{"href":"https:\/\/nk7-testes.com.br\/agazeta\/wp-json\/wp\/v2\/posts\/23685","targetHints":{"allow":["GET"]}}],"collection":[{"href":"https:\/\/nk7-testes.com.br\/agazeta\/wp-json\/wp\/v2\/posts"}],"about":[{"href":"https:\/\/nk7-testes.com.br\/agazeta\/wp-json\/wp\/v2\/types\/post"}],"author":[{"embeddable":true,"href":"https:\/\/nk7-testes.com.br\/agazeta\/wp-json\/wp\/v2\/users\/4"}],"replies":[{"embeddable":true,"href":"https:\/\/nk7-testes.com.br\/agazeta\/wp-json\/wp\/v2\/comments?post=23685"}],"version-history":[{"count":0,"href":"https:\/\/nk7-testes.com.br\/agazeta\/wp-json\/wp\/v2\/posts\/23685\/revisions"}],"wp:featuredmedia":[{"embeddable":true,"href":"https:\/\/nk7-testes.com.br\/agazeta\/wp-json\/wp\/v2\/media\/9484"}],"wp:attachment":[{"href":"https:\/\/nk7-testes.com.br\/agazeta\/wp-json\/wp\/v2\/media?parent=23685"}],"wp:term":[{"taxonomy":"category","embeddable":true,"href":"https:\/\/nk7-testes.com.br\/agazeta\/wp-json\/wp\/v2\/categories?post=23685"},{"taxonomy":"post_tag","embeddable":true,"href":"https:\/\/nk7-testes.com.br\/agazeta\/wp-json\/wp\/v2\/tags?post=23685"}],"curies":[{"name":"wp","href":"https:\/\/api.w.org\/{rel}","templated":true}]}}