{"id":23682,"date":"2016-07-06T22:11:24","date_gmt":"2016-07-06T22:11:24","guid":{"rendered":"https:\/\/abarevegan.com.br\/index.php\/2016\/07\/06\/federacao-das-industrias-do-acre-comemora-28-anos\/"},"modified":"2016-07-06T22:11:24","modified_gmt":"2016-07-06T22:11:24","slug":"federacao-das-industrias-do-acre-comemora-28-anos","status":"publish","type":"post","link":"https:\/\/nk7-testes.com.br\/agazeta\/federacao-das-industrias-do-acre-comemora-28-anos\/","title":{"rendered":"Federa\u00e7\u00e3o das Ind\u00fastrias do Acre comemora 28 anos"},"content":{"rendered":"<p style=\"text-align: justify;\">Presidente faz apanhado hist\u00f3rico da institui\u00e7\u00e3o<\/p>\n<p style=\"text-align: justify;\">Fundada em um momento em que o ciclo da borracha j\u00e1 estava em decl\u00ednio, a economia do Acre era fr\u00e1gil. O emprego no setor p\u00fablico tornara-se a principal fonte de renda da maioria da popula\u00e7\u00e3o ativa.<\/p>\n<p style=\"text-align: justify;\">\u00c9 nessa \u00e9poca que fazendeiros do sul do Brasil, principalmente, paulistas come\u00e7am a encarar o Acre como regi\u00e3o privilegiada para a forma\u00e7\u00e3o de grandes fazendas de gado. Terras baratas, condi\u00e7\u00f5es apropriadas para a pecu\u00e1ria, possibilidades de conjugar a atividade com a explora\u00e7\u00e3o madeireira.<\/p>\n<p style=\"text-align: justify;\">O pioneirismo de um grupo determinado a promover a ind\u00fastria como instrumento seguro para o desenvolvimento econ\u00f4mico come\u00e7a a ganhar for\u00e7a, a superar os obst\u00e1culos, a sensibilizar as autoridades. Lan\u00e7ada a semente, adubada com a garra desses pioneiros, os primeiros frutos n\u00e3o tardam a amadurecer.<\/p>\n<p style=\"text-align: justify;\">O sonho da cria\u00e7\u00e3o de uma federa\u00e7\u00e3o de ind\u00fastria foi adiado durante mais de uma d\u00e9cada. Trabalhando com tenacidade para alcan\u00e7ar esse objetivo, empres\u00e1rios industriais come\u00e7aram a desenvolver a\u00e7\u00f5es, logo a partir de 1973, para se organizar em associa\u00e7\u00f5es de classe, por grupo de atividades. Pela legisla\u00e7\u00e3o daquela \u00e9poca, era o primeiro passo para a cria\u00e7\u00e3o de sindicatos patronais. <\/p>\n<p style=\"text-align: justify;\">Exigia-se, tamb\u00e9m, um m\u00ednimo de cinco sindicatos para viabilizar uma institui\u00e7\u00e3o aut\u00f4noma. Nesse per\u00edodo, a Federa\u00e7\u00e3o das Ind\u00fastrias do Estado do Amazonas (FIEAM) tinha sua jurisdi\u00e7\u00e3o estendida ao Acre.<\/p>\n<p style=\"text-align: justify;\">N\u00e3o foi um processo f\u00e1cil, mas ap\u00f3s o reconhecimento oficial de cinco sindicatos, estavam reunidas as condi\u00e7\u00f5es para implantar a Federa\u00e7\u00e3o das Ind\u00fastrias do Estado do Acre e, consequentemente, o desligamento da jurisdi\u00e7\u00e3o da FIEAM \u2013 que sempre agiu como maior incentivadora para se alcan\u00e7ar essa independ\u00eancia. O primeiro sindicato a se organizar foi o da Ind\u00fastria da Constru\u00e7\u00e3o Civil do Estado do Acre (Sinduscon), em 1985, seguido pelo Sindicato da Ind\u00fastria de Panifica\u00e7\u00e3o e Confeitaria do Estado do Acre (Sindpan), em 1986.<\/p>\n<p style=\"text-align: justify;\">Em 1987, foi homologada a institui\u00e7\u00e3o do Sindicato da Ind\u00fastria de Serrarias, Carpintarias, Tanoarias, Madeiras Compensadas e Laminadas, Aglomerados e Chapas de Fibras de Madeira do Estado do Acre (Sindusmad). Ainda em 1987, ganha forma o Sindicato de Olaria do Estado do Acre (Sindoac), e, em 1988, \u00e9 reconhecido o estatuto do Sindicato das Ind\u00fastrias Gr\u00e1ficas do Estado do Acre (Sindigraf).<\/p>\n<p style=\"text-align: justify;\">Finalmente, em 7 de julho de 1988, os representantes sindicais, reunidos em assembleia geral, aprovam a funda\u00e7\u00e3o da entidade, que tem como presidente provis\u00f3rio, escolhido em escrut\u00ednio secreto, o empres\u00e1rio da constru\u00e7\u00e3o civil, Naildo Carlos de Assis. Em 10 de dezembro do mesmo ano, a FIEAC elege, enfim, a sua primeira diretoria liderada pelo tamb\u00e9m empres\u00e1rio da constru\u00e7\u00e3o civil, Jorge Wanderlau Tom\u00e1s.<\/p>\n<p style=\"text-align: justify;\">Assim, a FIEAC passa a desempenhar um papel preponderante no desenvolvimento do Acre. Torna-se um forte e fiel parceiro do poder p\u00fablico para a aplica\u00e7\u00e3o de pol\u00edticas capazes de oferecer melhor qualidade de vida n\u00e3o s\u00f3 aos industri\u00e1rios como \u00e0 comunidade acriana em geral.<\/p>\n<p style=\"text-align: justify;\">Hoje, a FIEAC congrega 10 sindicatos patronais da ind\u00fastria, que representam empresas em todo o estado. Empreendedores que geram emprego e renda e s\u00e3o respons\u00e1veis por mais de 20% do PIB acriano. Atualmente, h\u00e1 1.064 ind\u00fastrias no Acre, que empregam mais de 16 mil trabalhadores.<\/p>\n<p style=\"text-align: justify;\">Atuando com sinergia, as entidades do Sistema FIEAC (SESI, SENAI e IEL) est\u00e3o voltadas \u00e0 promo\u00e7\u00e3o de um ambiente favor\u00e1vel aos neg\u00f3cios, \u00e0 qualidade de vida e educa\u00e7\u00e3o do industri\u00e1rio e ao est\u00edmulo \u00e0 inova\u00e7\u00e3o.<\/p>\n<p style=\"text-align: justify;\">Mantida e administrada pelo setor industrial com os mesmos par\u00e2metros das melhores empresas privadas, a FIEAC e as institui\u00e7\u00f5es que a comp\u00f5em s\u00e3o um dos alicerces da competitividade industrial acriana.<\/p>\n<p style=\"text-align: justify;\">Presidida, tamb\u00e9m, por Jo\u00e3o Oliveira de Albuquerque, Jo\u00e3o Francisco Salom\u00e3o e pelo saudoso Carlos Takashi Sasai, assumimos a dire\u00e7\u00e3o da FIEAC h\u00e1 um ano e sabemos que existem muitos desafios a serem superados. Temos de colocar a FIEAC como protagonista no processo de defini\u00e7\u00e3o de pol\u00edticas p\u00fablicas, bem como no de participar ativamente nas discuss\u00f5es de temas voltados ao desenvolvimento do Acre.<\/p>\n<p style=\"text-align: justify;\">Sei que a minha responsabilidade de ser representante da ind\u00fastria acreana \u00e9 imensa, mas estamos otimistas. Entendemos que o momento \u00e9 de grande dificuldade, mas temos consci\u00eancia de que unidos e coesos seremos capazes de mudar essa realidade.<\/p>\n<p style=\"text-align: justify;\">Para tanto, mantemos uma rela\u00e7\u00e3o estreita de confian\u00e7a com os Executivos Estadual e Municipal, bem como com os parlamentares acrianos.<\/p>\n<p style=\"text-align: justify;\">*Jos\u00e9 Adriano Ribeiro da Silva \u00e9 o presidente da Federa\u00e7\u00e3o das Ind\u00fastrias do Estado do Acre (FIEAC).<\/p>\n","protected":false},"excerpt":{"rendered":"<p style=\"text-align: justify;\">Presidente faz apanhado hist\u00f3rico da institui\u00e7\u00e3o<\/p>\n","protected":false},"author":4,"featured_media":22127,"comment_status":"open","ping_status":"open","sticky":false,"template":"","format":"standard","meta":{"jnews-multi-image_gallery":[],"jnews_single_post":[],"jnews_primary_category":[],"jnews_social_meta":[],"jnews_review":[],"enable_review":"","type":"","name":"","summary":"","brand":"","sku":"","good":[],"bad":[],"score_override":"","override_value":"","rating":[],"price":[],"footnotes":""},"categories":[54],"tags":[],"class_list":["post-23682","post","type-post","status-publish","format-standard","has-post-thumbnail","hentry","category-cotidiano"],"yoast_head":"<!-- This site is optimized with the Yoast SEO plugin v26.5 - https:\/\/yoast.com\/wordpress\/plugins\/seo\/ -->\n<title>Federa\u00e7\u00e3o das Ind\u00fastrias do Acre comemora 28 anos - Agazeta.net<\/title>\n<meta name=\"robots\" content=\"index, follow, max-snippet:-1, max-image-preview:large, max-video-preview:-1\" \/>\n<link rel=\"canonical\" href=\"https:\/\/nk7-testes.com.br\/agazeta\/federacao-das-industrias-do-acre-comemora-28-anos\/\" \/>\n<meta property=\"og:locale\" content=\"pt_BR\" \/>\n<meta property=\"og:type\" content=\"article\" \/>\n<meta property=\"og:title\" content=\"Federa\u00e7\u00e3o das Ind\u00fastrias do Acre comemora 28 anos - Agazeta.net\" \/>\n<meta property=\"og:description\" content=\"Presidente faz apanhado hist\u00f3rico da institui\u00e7\u00e3o\" \/>\n<meta property=\"og:url\" content=\"https:\/\/nk7-testes.com.br\/agazeta\/federacao-das-industrias-do-acre-comemora-28-anos\/\" \/>\n<meta property=\"og:site_name\" content=\"Agazeta.net\" \/>\n<meta property=\"article:published_time\" content=\"2016-07-06T22:11:24+00:00\" \/>\n<meta property=\"og:image\" content=\"https:\/\/nk7-testes.com.br\/agazeta\/wp-content\/uploads\/2016\/04\/130416-politica-joseadriano-divulgacao.jpg\" \/>\n\t<meta property=\"og:image:width\" content=\"458\" \/>\n\t<meta property=\"og:image:height\" content=\"340\" \/>\n\t<meta property=\"og:image:type\" content=\"image\/jpeg\" \/>\n<meta name=\"author\" content=\"Agazeta.Net\" \/>\n<meta name=\"twitter:card\" content=\"summary_large_image\" \/>\n<meta name=\"twitter:label1\" content=\"Escrito por\" \/>\n\t<meta name=\"twitter:data1\" content=\"Agazeta.Net\" \/>\n\t<meta name=\"twitter:label2\" content=\"Est. tempo de leitura\" \/>\n\t<meta name=\"twitter:data2\" content=\"4 minutos\" \/>\n<script type=\"application\/ld+json\" class=\"yoast-schema-graph\">{\"@context\":\"https:\/\/schema.org\",\"@graph\":[{\"@type\":\"WebPage\",\"@id\":\"https:\/\/nk7-testes.com.br\/agazeta\/federacao-das-industrias-do-acre-comemora-28-anos\/\",\"url\":\"https:\/\/nk7-testes.com.br\/agazeta\/federacao-das-industrias-do-acre-comemora-28-anos\/\",\"name\":\"Federa\u00e7\u00e3o das Ind\u00fastrias do Acre comemora 28 anos - Agazeta.net\",\"isPartOf\":{\"@id\":\"https:\/\/nk7-testes.com.br\/agazeta\/#website\"},\"primaryImageOfPage\":{\"@id\":\"https:\/\/nk7-testes.com.br\/agazeta\/federacao-das-industrias-do-acre-comemora-28-anos\/#primaryimage\"},\"image\":{\"@id\":\"https:\/\/nk7-testes.com.br\/agazeta\/federacao-das-industrias-do-acre-comemora-28-anos\/#primaryimage\"},\"thumbnailUrl\":\"https:\/\/nk7-testes.com.br\/agazeta\/wp-content\/uploads\/2016\/04\/130416-politica-joseadriano-divulgacao.jpg\",\"datePublished\":\"2016-07-06T22:11:24+00:00\",\"author\":{\"@id\":\"https:\/\/nk7-testes.com.br\/agazeta\/#\/schema\/person\/ff6b39d54d6973bfc57f4140f659b23f\"},\"breadcrumb\":{\"@id\":\"https:\/\/nk7-testes.com.br\/agazeta\/federacao-das-industrias-do-acre-comemora-28-anos\/#breadcrumb\"},\"inLanguage\":\"pt-BR\",\"potentialAction\":[{\"@type\":\"ReadAction\",\"target\":[\"https:\/\/nk7-testes.com.br\/agazeta\/federacao-das-industrias-do-acre-comemora-28-anos\/\"]}]},{\"@type\":\"ImageObject\",\"inLanguage\":\"pt-BR\",\"@id\":\"https:\/\/nk7-testes.com.br\/agazeta\/federacao-das-industrias-do-acre-comemora-28-anos\/#primaryimage\",\"url\":\"https:\/\/nk7-testes.com.br\/agazeta\/wp-content\/uploads\/2016\/04\/130416-politica-joseadriano-divulgacao.jpg\",\"contentUrl\":\"https:\/\/nk7-testes.com.br\/agazeta\/wp-content\/uploads\/2016\/04\/130416-politica-joseadriano-divulgacao.jpg\",\"width\":458,\"height\":340,\"caption\":\"130416-politica-joseadriano-divulgacao\"},{\"@type\":\"BreadcrumbList\",\"@id\":\"https:\/\/nk7-testes.com.br\/agazeta\/federacao-das-industrias-do-acre-comemora-28-anos\/#breadcrumb\",\"itemListElement\":[{\"@type\":\"ListItem\",\"position\":1,\"name\":\"In\u00edcio\",\"item\":\"https:\/\/nk7-testes.com.br\/agazeta\/\"},{\"@type\":\"ListItem\",\"position\":2,\"name\":\"Federa\u00e7\u00e3o das Ind\u00fastrias do Acre comemora 28 anos\"}]},{\"@type\":\"WebSite\",\"@id\":\"https:\/\/nk7-testes.com.br\/agazeta\/#website\",\"url\":\"https:\/\/nk7-testes.com.br\/agazeta\/\",\"name\":\"Agazeta.net\",\"description\":\"Agazeta.net - Not\u00edcias de Rio Branco\/AC\",\"potentialAction\":[{\"@type\":\"SearchAction\",\"target\":{\"@type\":\"EntryPoint\",\"urlTemplate\":\"https:\/\/nk7-testes.com.br\/agazeta\/?s={search_term_string}\"},\"query-input\":{\"@type\":\"PropertyValueSpecification\",\"valueRequired\":true,\"valueName\":\"search_term_string\"}}],\"inLanguage\":\"pt-BR\"},{\"@type\":\"Person\",\"@id\":\"https:\/\/nk7-testes.com.br\/agazeta\/#\/schema\/person\/ff6b39d54d6973bfc57f4140f659b23f\",\"name\":\"Agazeta.Net\",\"url\":\"https:\/\/nk7-testes.com.br\/agazeta\/author\/agazeta\/\"}]}<\/script>\n<!-- \/ Yoast SEO plugin. -->","yoast_head_json":{"title":"Federa\u00e7\u00e3o das Ind\u00fastrias do Acre comemora 28 anos - Agazeta.net","robots":{"index":"index","follow":"follow","max-snippet":"max-snippet:-1","max-image-preview":"max-image-preview:large","max-video-preview":"max-video-preview:-1"},"canonical":"https:\/\/nk7-testes.com.br\/agazeta\/federacao-das-industrias-do-acre-comemora-28-anos\/","og_locale":"pt_BR","og_type":"article","og_title":"Federa\u00e7\u00e3o das Ind\u00fastrias do Acre comemora 28 anos - Agazeta.net","og_description":"Presidente faz apanhado hist\u00f3rico da institui\u00e7\u00e3o","og_url":"https:\/\/nk7-testes.com.br\/agazeta\/federacao-das-industrias-do-acre-comemora-28-anos\/","og_site_name":"Agazeta.net","article_published_time":"2016-07-06T22:11:24+00:00","og_image":[{"width":458,"height":340,"url":"https:\/\/nk7-testes.com.br\/agazeta\/wp-content\/uploads\/2016\/04\/130416-politica-joseadriano-divulgacao.jpg","type":"image\/jpeg"}],"author":"Agazeta.Net","twitter_card":"summary_large_image","twitter_misc":{"Escrito por":"Agazeta.Net","Est. tempo de leitura":"4 minutos"},"schema":{"@context":"https:\/\/schema.org","@graph":[{"@type":"WebPage","@id":"https:\/\/nk7-testes.com.br\/agazeta\/federacao-das-industrias-do-acre-comemora-28-anos\/","url":"https:\/\/nk7-testes.com.br\/agazeta\/federacao-das-industrias-do-acre-comemora-28-anos\/","name":"Federa\u00e7\u00e3o das Ind\u00fastrias do Acre comemora 28 anos - Agazeta.net","isPartOf":{"@id":"https:\/\/nk7-testes.com.br\/agazeta\/#website"},"primaryImageOfPage":{"@id":"https:\/\/nk7-testes.com.br\/agazeta\/federacao-das-industrias-do-acre-comemora-28-anos\/#primaryimage"},"image":{"@id":"https:\/\/nk7-testes.com.br\/agazeta\/federacao-das-industrias-do-acre-comemora-28-anos\/#primaryimage"},"thumbnailUrl":"https:\/\/nk7-testes.com.br\/agazeta\/wp-content\/uploads\/2016\/04\/130416-politica-joseadriano-divulgacao.jpg","datePublished":"2016-07-06T22:11:24+00:00","author":{"@id":"https:\/\/nk7-testes.com.br\/agazeta\/#\/schema\/person\/ff6b39d54d6973bfc57f4140f659b23f"},"breadcrumb":{"@id":"https:\/\/nk7-testes.com.br\/agazeta\/federacao-das-industrias-do-acre-comemora-28-anos\/#breadcrumb"},"inLanguage":"pt-BR","potentialAction":[{"@type":"ReadAction","target":["https:\/\/nk7-testes.com.br\/agazeta\/federacao-das-industrias-do-acre-comemora-28-anos\/"]}]},{"@type":"ImageObject","inLanguage":"pt-BR","@id":"https:\/\/nk7-testes.com.br\/agazeta\/federacao-das-industrias-do-acre-comemora-28-anos\/#primaryimage","url":"https:\/\/nk7-testes.com.br\/agazeta\/wp-content\/uploads\/2016\/04\/130416-politica-joseadriano-divulgacao.jpg","contentUrl":"https:\/\/nk7-testes.com.br\/agazeta\/wp-content\/uploads\/2016\/04\/130416-politica-joseadriano-divulgacao.jpg","width":458,"height":340,"caption":"130416-politica-joseadriano-divulgacao"},{"@type":"BreadcrumbList","@id":"https:\/\/nk7-testes.com.br\/agazeta\/federacao-das-industrias-do-acre-comemora-28-anos\/#breadcrumb","itemListElement":[{"@type":"ListItem","position":1,"name":"In\u00edcio","item":"https:\/\/nk7-testes.com.br\/agazeta\/"},{"@type":"ListItem","position":2,"name":"Federa\u00e7\u00e3o das Ind\u00fastrias do Acre comemora 28 anos"}]},{"@type":"WebSite","@id":"https:\/\/nk7-testes.com.br\/agazeta\/#website","url":"https:\/\/nk7-testes.com.br\/agazeta\/","name":"Agazeta.net","description":"Agazeta.net - Not\u00edcias de Rio Branco\/AC","potentialAction":[{"@type":"SearchAction","target":{"@type":"EntryPoint","urlTemplate":"https:\/\/nk7-testes.com.br\/agazeta\/?s={search_term_string}"},"query-input":{"@type":"PropertyValueSpecification","valueRequired":true,"valueName":"search_term_string"}}],"inLanguage":"pt-BR"},{"@type":"Person","@id":"https:\/\/nk7-testes.com.br\/agazeta\/#\/schema\/person\/ff6b39d54d6973bfc57f4140f659b23f","name":"Agazeta.Net","url":"https:\/\/nk7-testes.com.br\/agazeta\/author\/agazeta\/"}]}},"_links":{"self":[{"href":"https:\/\/nk7-testes.com.br\/agazeta\/wp-json\/wp\/v2\/posts\/23682","targetHints":{"allow":["GET"]}}],"collection":[{"href":"https:\/\/nk7-testes.com.br\/agazeta\/wp-json\/wp\/v2\/posts"}],"about":[{"href":"https:\/\/nk7-testes.com.br\/agazeta\/wp-json\/wp\/v2\/types\/post"}],"author":[{"embeddable":true,"href":"https:\/\/nk7-testes.com.br\/agazeta\/wp-json\/wp\/v2\/users\/4"}],"replies":[{"embeddable":true,"href":"https:\/\/nk7-testes.com.br\/agazeta\/wp-json\/wp\/v2\/comments?post=23682"}],"version-history":[{"count":0,"href":"https:\/\/nk7-testes.com.br\/agazeta\/wp-json\/wp\/v2\/posts\/23682\/revisions"}],"wp:featuredmedia":[{"embeddable":true,"href":"https:\/\/nk7-testes.com.br\/agazeta\/wp-json\/wp\/v2\/media\/22127"}],"wp:attachment":[{"href":"https:\/\/nk7-testes.com.br\/agazeta\/wp-json\/wp\/v2\/media?parent=23682"}],"wp:term":[{"taxonomy":"category","embeddable":true,"href":"https:\/\/nk7-testes.com.br\/agazeta\/wp-json\/wp\/v2\/categories?post=23682"},{"taxonomy":"post_tag","embeddable":true,"href":"https:\/\/nk7-testes.com.br\/agazeta\/wp-json\/wp\/v2\/tags?post=23682"}],"curies":[{"name":"wp","href":"https:\/\/api.w.org\/{rel}","templated":true}]}}