{"id":23681,"date":"2016-07-06T21:57:39","date_gmt":"2016-07-06T21:57:39","guid":{"rendered":"https:\/\/abarevegan.com.br\/index.php\/2016\/07\/06\/governo-decreta-situacao-de-emergencia-na-sexta\/"},"modified":"2016-07-06T21:57:39","modified_gmt":"2016-07-06T21:57:39","slug":"governo-decreta-situacao-de-emergencia-na-sexta","status":"publish","type":"post","link":"https:\/\/nk7-testes.com.br\/agazeta\/governo-decreta-situacao-de-emergencia-na-sexta\/","title":{"rendered":"Governo decreta situa\u00e7\u00e3o de emerg\u00eancia na sexta"},"content":{"rendered":"<p style=\"text-align: justify;\">Medida ser\u00e1 tomada devido \u00e0 forte seca<\/p>\n<p style=\"text-align: justify;\">O governador Ti\u00e3o Viana assina na sexta-feira o decreto estabelecendo situa\u00e7\u00e3o de emerg\u00eancia para Rio Branco. Em uma reuni\u00e3o realizada hoje (6) com representantes de \u00f3rg\u00e3os e secretarias na sala de situa\u00e7\u00e3o do Corpo de Bombeiros, foram discutidas as pr\u00f3ximas a\u00e7\u00f5es do poder p\u00fablico para o per\u00edodo de estiagem in\u00e9dita na regi\u00e3o.<\/p>\n<p style=\"text-align: justify;\">A seca \u00e9 uma preocupa\u00e7\u00e3o para o Estado, j\u00e1 que pode ocasionar s\u00e9rios danos ao meio ambiente e trazer desabastecimento \u00e0 Capital.<\/p>\n<p style=\"text-align: justify;\">No final da semana passada, o governo decretou Estado de Alerta Ambiental. A situa\u00e7\u00e3o tende a se agravar.<\/p>\n<p style=\"text-align: justify;\">A partir da assinatura do decreto, o Acre poder\u00e1 receber ajuda do Governo Federal por meio de recursos e apoio da Defesa Civil Nacional para atuar nessa \u00e9poca de estiagem. \u201cN\u00f3s estamos agora trabalhando o decreto de emerg\u00eancia. A nossa expectativa \u00e9 que o governador possa assinar o decreto para que na sexta-feira seja publicado e as a\u00e7\u00f5es emergenciais, inclusive com apoio do Governo Federal, possam ocorrer\u201d, disse a chefe da Casa Civil, M\u00e1rcia Regina.<\/p>\n<p style=\"text-align: justify;\">A seca mais longa j\u00e1 registrada no Acre foi em 2005. Mas, os institutos clim\u00e1ticos apontam que o caso pode ser mais grave agora em 2016. A m\u00e9dia hist\u00f3rica do n\u00edvel do Rio Acre para julho \u00e9 de 3,27 m. Hoje (6), o rio encontra-se na marca de 1,88 m. Com base nos levantamentos o manancial pode ficar com a cota mais baixa do que um metro.<\/p>\n<p style=\"text-align: justify;\">O Departamento de Pavimenta\u00e7\u00e3o e Saneamento j\u00e1 tra\u00e7ou um plano de conting\u00eancia para o abastecimento, mas ele s\u00f3 contempla a marca de 1,25 m. Se o rio baixar mais do que isso, dever\u00e3o ser elaboradas novas estrat\u00e9gias.<\/p>\n<p style=\"text-align: justify;\">Outro agravante s\u00e3o as queimadas, inc\u00eandios florestais e desmatamento. O Corpo de Bombeiros trabalha todos os dias com essa demanda durante a seca. Para evitar problemas, a Defesa Civil estadual pede a colabora\u00e7\u00e3o da popula\u00e7\u00e3o.<\/p>\n<p style=\"text-align: justify;\">\u201cA quantidade de queimadas para o mesmo per\u00edodo est\u00e1 bem maior do que em rela\u00e7\u00e3o ano a anteriores, isso, mostra que a popula\u00e7\u00e3o continua queimando, principalmente o pessoal na zona rural, ent\u00e3o a gente orienta que a popula\u00e7\u00e3o n\u00e3o queime, queimar traz um problema grave, principalmente pra sa\u00fade da popula\u00e7\u00e3o mais idosa e das crian\u00e7as\u201d, disse o coordenador da Defesa Civil, Cel. Carlos Batista.<\/p>\n<p style=\"text-align: justify;\">O n\u00famero de aumento nos focos de calor em 2016 surpreende. Ano passado foram computados 348 focos de janeiro ao dia 6 de julho. Na mesma data desse ano j\u00e1 s\u00e3o 917.<\/p>\n","protected":false},"excerpt":{"rendered":"<p style=\"text-align: justify;\">Medida ser\u00e1 tomada devido \u00e0 forte seca<\/p>\n","protected":false},"author":4,"featured_media":23680,"comment_status":"open","ping_status":"open","sticky":false,"template":"","format":"standard","meta":{"jnews-multi-image_gallery":[],"jnews_single_post":[],"jnews_primary_category":[],"jnews_social_meta":[],"jnews_review":[],"enable_review":"","type":"","name":"","summary":"","brand":"","sku":"","good":[],"bad":[],"score_override":"","override_value":"","rating":[],"price":[],"footnotes":""},"categories":[54],"tags":[],"class_list":["post-23681","post","type-post","status-publish","format-standard","has-post-thumbnail","hentry","category-cotidiano"],"yoast_head":"<!-- This site is optimized with the Yoast SEO plugin v26.5 - https:\/\/yoast.com\/wordpress\/plugins\/seo\/ -->\n<title>Governo decreta situa\u00e7\u00e3o de emerg\u00eancia na sexta - Agazeta.net<\/title>\n<meta name=\"robots\" content=\"index, follow, max-snippet:-1, max-image-preview:large, max-video-preview:-1\" \/>\n<link rel=\"canonical\" href=\"https:\/\/nk7-testes.com.br\/agazeta\/governo-decreta-situacao-de-emergencia-na-sexta\/\" \/>\n<meta property=\"og:locale\" content=\"pt_BR\" \/>\n<meta property=\"og:type\" content=\"article\" \/>\n<meta property=\"og:title\" content=\"Governo decreta situa\u00e7\u00e3o de emerg\u00eancia na sexta - Agazeta.net\" \/>\n<meta property=\"og:description\" content=\"Medida ser\u00e1 tomada devido \u00e0 forte seca\" \/>\n<meta property=\"og:url\" content=\"https:\/\/nk7-testes.com.br\/agazeta\/governo-decreta-situacao-de-emergencia-na-sexta\/\" \/>\n<meta property=\"og:site_name\" content=\"Agazeta.net\" \/>\n<meta property=\"article:published_time\" content=\"2016-07-06T21:57:39+00:00\" \/>\n<meta property=\"og:image\" content=\"https:\/\/nk7-testes.com.br\/agazeta\/wp-content\/uploads\/2016\/07\/060716-cotidiano-situacaodemergencia-tvgazeta2.jpg\" \/>\n\t<meta property=\"og:image:width\" content=\"458\" \/>\n\t<meta property=\"og:image:height\" content=\"340\" \/>\n\t<meta property=\"og:image:type\" content=\"image\/jpeg\" \/>\n<meta name=\"author\" content=\"Agazeta.Net\" \/>\n<meta name=\"twitter:card\" content=\"summary_large_image\" \/>\n<meta name=\"twitter:label1\" content=\"Escrito por\" \/>\n\t<meta name=\"twitter:data1\" content=\"Agazeta.Net\" \/>\n\t<meta name=\"twitter:label2\" content=\"Est. tempo de leitura\" \/>\n\t<meta name=\"twitter:data2\" content=\"2 minutos\" \/>\n<script type=\"application\/ld+json\" class=\"yoast-schema-graph\">{\"@context\":\"https:\/\/schema.org\",\"@graph\":[{\"@type\":\"WebPage\",\"@id\":\"https:\/\/nk7-testes.com.br\/agazeta\/governo-decreta-situacao-de-emergencia-na-sexta\/\",\"url\":\"https:\/\/nk7-testes.com.br\/agazeta\/governo-decreta-situacao-de-emergencia-na-sexta\/\",\"name\":\"Governo decreta situa\u00e7\u00e3o de emerg\u00eancia na sexta - Agazeta.net\",\"isPartOf\":{\"@id\":\"https:\/\/nk7-testes.com.br\/agazeta\/#website\"},\"primaryImageOfPage\":{\"@id\":\"https:\/\/nk7-testes.com.br\/agazeta\/governo-decreta-situacao-de-emergencia-na-sexta\/#primaryimage\"},\"image\":{\"@id\":\"https:\/\/nk7-testes.com.br\/agazeta\/governo-decreta-situacao-de-emergencia-na-sexta\/#primaryimage\"},\"thumbnailUrl\":\"https:\/\/nk7-testes.com.br\/agazeta\/wp-content\/uploads\/2016\/07\/060716-cotidiano-situacaodemergencia-tvgazeta2.jpg\",\"datePublished\":\"2016-07-06T21:57:39+00:00\",\"author\":{\"@id\":\"https:\/\/nk7-testes.com.br\/agazeta\/#\/schema\/person\/6d6e25cb0435eb4a02fd44d30b4e3020\"},\"breadcrumb\":{\"@id\":\"https:\/\/nk7-testes.com.br\/agazeta\/governo-decreta-situacao-de-emergencia-na-sexta\/#breadcrumb\"},\"inLanguage\":\"pt-BR\",\"potentialAction\":[{\"@type\":\"ReadAction\",\"target\":[\"https:\/\/nk7-testes.com.br\/agazeta\/governo-decreta-situacao-de-emergencia-na-sexta\/\"]}]},{\"@type\":\"ImageObject\",\"inLanguage\":\"pt-BR\",\"@id\":\"https:\/\/nk7-testes.com.br\/agazeta\/governo-decreta-situacao-de-emergencia-na-sexta\/#primaryimage\",\"url\":\"https:\/\/nk7-testes.com.br\/agazeta\/wp-content\/uploads\/2016\/07\/060716-cotidiano-situacaodemergencia-tvgazeta2.jpg\",\"contentUrl\":\"https:\/\/nk7-testes.com.br\/agazeta\/wp-content\/uploads\/2016\/07\/060716-cotidiano-situacaodemergencia-tvgazeta2.jpg\",\"width\":458,\"height\":340,\"caption\":\"060716-cotidiano-situacaodemergencia-tvgazeta2\"},{\"@type\":\"BreadcrumbList\",\"@id\":\"https:\/\/nk7-testes.com.br\/agazeta\/governo-decreta-situacao-de-emergencia-na-sexta\/#breadcrumb\",\"itemListElement\":[{\"@type\":\"ListItem\",\"position\":1,\"name\":\"In\u00edcio\",\"item\":\"https:\/\/nk7-testes.com.br\/agazeta\/\"},{\"@type\":\"ListItem\",\"position\":2,\"name\":\"Governo decreta situa\u00e7\u00e3o de emerg\u00eancia na sexta\"}]},{\"@type\":\"WebSite\",\"@id\":\"https:\/\/nk7-testes.com.br\/agazeta\/#website\",\"url\":\"https:\/\/nk7-testes.com.br\/agazeta\/\",\"name\":\"Agazeta.net\",\"description\":\"Agazeta.net - Not\u00edcias de Rio Branco\/AC\",\"potentialAction\":[{\"@type\":\"SearchAction\",\"target\":{\"@type\":\"EntryPoint\",\"urlTemplate\":\"https:\/\/nk7-testes.com.br\/agazeta\/?s={search_term_string}\"},\"query-input\":{\"@type\":\"PropertyValueSpecification\",\"valueRequired\":true,\"valueName\":\"search_term_string\"}}],\"inLanguage\":\"pt-BR\"},{\"@type\":\"Person\",\"@id\":\"https:\/\/nk7-testes.com.br\/agazeta\/#\/schema\/person\/6d6e25cb0435eb4a02fd44d30b4e3020\",\"name\":\"Agazeta.Net\",\"url\":\"https:\/\/nk7-testes.com.br\/agazeta\/author\/agazeta\/\"}]}<\/script>\n<!-- \/ Yoast SEO plugin. -->","yoast_head_json":{"title":"Governo decreta situa\u00e7\u00e3o de emerg\u00eancia na sexta - Agazeta.net","robots":{"index":"index","follow":"follow","max-snippet":"max-snippet:-1","max-image-preview":"max-image-preview:large","max-video-preview":"max-video-preview:-1"},"canonical":"https:\/\/nk7-testes.com.br\/agazeta\/governo-decreta-situacao-de-emergencia-na-sexta\/","og_locale":"pt_BR","og_type":"article","og_title":"Governo decreta situa\u00e7\u00e3o de emerg\u00eancia na sexta - Agazeta.net","og_description":"Medida ser\u00e1 tomada devido \u00e0 forte seca","og_url":"https:\/\/nk7-testes.com.br\/agazeta\/governo-decreta-situacao-de-emergencia-na-sexta\/","og_site_name":"Agazeta.net","article_published_time":"2016-07-06T21:57:39+00:00","og_image":[{"width":458,"height":340,"url":"https:\/\/nk7-testes.com.br\/agazeta\/wp-content\/uploads\/2016\/07\/060716-cotidiano-situacaodemergencia-tvgazeta2.jpg","type":"image\/jpeg"}],"author":"Agazeta.Net","twitter_card":"summary_large_image","twitter_misc":{"Escrito por":"Agazeta.Net","Est. tempo de leitura":"2 minutos"},"schema":{"@context":"https:\/\/schema.org","@graph":[{"@type":"WebPage","@id":"https:\/\/nk7-testes.com.br\/agazeta\/governo-decreta-situacao-de-emergencia-na-sexta\/","url":"https:\/\/nk7-testes.com.br\/agazeta\/governo-decreta-situacao-de-emergencia-na-sexta\/","name":"Governo decreta situa\u00e7\u00e3o de emerg\u00eancia na sexta - Agazeta.net","isPartOf":{"@id":"https:\/\/nk7-testes.com.br\/agazeta\/#website"},"primaryImageOfPage":{"@id":"https:\/\/nk7-testes.com.br\/agazeta\/governo-decreta-situacao-de-emergencia-na-sexta\/#primaryimage"},"image":{"@id":"https:\/\/nk7-testes.com.br\/agazeta\/governo-decreta-situacao-de-emergencia-na-sexta\/#primaryimage"},"thumbnailUrl":"https:\/\/nk7-testes.com.br\/agazeta\/wp-content\/uploads\/2016\/07\/060716-cotidiano-situacaodemergencia-tvgazeta2.jpg","datePublished":"2016-07-06T21:57:39+00:00","author":{"@id":"https:\/\/nk7-testes.com.br\/agazeta\/#\/schema\/person\/6d6e25cb0435eb4a02fd44d30b4e3020"},"breadcrumb":{"@id":"https:\/\/nk7-testes.com.br\/agazeta\/governo-decreta-situacao-de-emergencia-na-sexta\/#breadcrumb"},"inLanguage":"pt-BR","potentialAction":[{"@type":"ReadAction","target":["https:\/\/nk7-testes.com.br\/agazeta\/governo-decreta-situacao-de-emergencia-na-sexta\/"]}]},{"@type":"ImageObject","inLanguage":"pt-BR","@id":"https:\/\/nk7-testes.com.br\/agazeta\/governo-decreta-situacao-de-emergencia-na-sexta\/#primaryimage","url":"https:\/\/nk7-testes.com.br\/agazeta\/wp-content\/uploads\/2016\/07\/060716-cotidiano-situacaodemergencia-tvgazeta2.jpg","contentUrl":"https:\/\/nk7-testes.com.br\/agazeta\/wp-content\/uploads\/2016\/07\/060716-cotidiano-situacaodemergencia-tvgazeta2.jpg","width":458,"height":340,"caption":"060716-cotidiano-situacaodemergencia-tvgazeta2"},{"@type":"BreadcrumbList","@id":"https:\/\/nk7-testes.com.br\/agazeta\/governo-decreta-situacao-de-emergencia-na-sexta\/#breadcrumb","itemListElement":[{"@type":"ListItem","position":1,"name":"In\u00edcio","item":"https:\/\/nk7-testes.com.br\/agazeta\/"},{"@type":"ListItem","position":2,"name":"Governo decreta situa\u00e7\u00e3o de emerg\u00eancia na sexta"}]},{"@type":"WebSite","@id":"https:\/\/nk7-testes.com.br\/agazeta\/#website","url":"https:\/\/nk7-testes.com.br\/agazeta\/","name":"Agazeta.net","description":"Agazeta.net - Not\u00edcias de Rio Branco\/AC","potentialAction":[{"@type":"SearchAction","target":{"@type":"EntryPoint","urlTemplate":"https:\/\/nk7-testes.com.br\/agazeta\/?s={search_term_string}"},"query-input":{"@type":"PropertyValueSpecification","valueRequired":true,"valueName":"search_term_string"}}],"inLanguage":"pt-BR"},{"@type":"Person","@id":"https:\/\/nk7-testes.com.br\/agazeta\/#\/schema\/person\/6d6e25cb0435eb4a02fd44d30b4e3020","name":"Agazeta.Net","url":"https:\/\/nk7-testes.com.br\/agazeta\/author\/agazeta\/"}]}},"_links":{"self":[{"href":"https:\/\/nk7-testes.com.br\/agazeta\/wp-json\/wp\/v2\/posts\/23681","targetHints":{"allow":["GET"]}}],"collection":[{"href":"https:\/\/nk7-testes.com.br\/agazeta\/wp-json\/wp\/v2\/posts"}],"about":[{"href":"https:\/\/nk7-testes.com.br\/agazeta\/wp-json\/wp\/v2\/types\/post"}],"author":[{"embeddable":true,"href":"https:\/\/nk7-testes.com.br\/agazeta\/wp-json\/wp\/v2\/users\/4"}],"replies":[{"embeddable":true,"href":"https:\/\/nk7-testes.com.br\/agazeta\/wp-json\/wp\/v2\/comments?post=23681"}],"version-history":[{"count":0,"href":"https:\/\/nk7-testes.com.br\/agazeta\/wp-json\/wp\/v2\/posts\/23681\/revisions"}],"wp:featuredmedia":[{"embeddable":true,"href":"https:\/\/nk7-testes.com.br\/agazeta\/wp-json\/wp\/v2\/media\/23680"}],"wp:attachment":[{"href":"https:\/\/nk7-testes.com.br\/agazeta\/wp-json\/wp\/v2\/media?parent=23681"}],"wp:term":[{"taxonomy":"category","embeddable":true,"href":"https:\/\/nk7-testes.com.br\/agazeta\/wp-json\/wp\/v2\/categories?post=23681"},{"taxonomy":"post_tag","embeddable":true,"href":"https:\/\/nk7-testes.com.br\/agazeta\/wp-json\/wp\/v2\/tags?post=23681"}],"curies":[{"name":"wp","href":"https:\/\/api.w.org\/{rel}","templated":true}]}}