{"id":23679,"date":"2016-07-06T21:24:46","date_gmt":"2016-07-06T21:24:46","guid":{"rendered":"https:\/\/abarevegan.com.br\/index.php\/2016\/07\/06\/delegado-intencao-de-pedido-de-prisao-preventiva\/"},"modified":"2016-07-06T21:24:46","modified_gmt":"2016-07-06T21:24:46","slug":"delegado-intencao-de-pedido-de-prisao-preventiva","status":"publish","type":"post","link":"https:\/\/nk7-testes.com.br\/agazeta\/delegado-intencao-de-pedido-de-prisao-preventiva\/","title":{"rendered":"Delegado nega inten\u00e7\u00e3o de pedir pris\u00e3o preventiva"},"content":{"rendered":"<p style=\"text-align: justify;\">Policial federal Victor Campelo continua preso<\/p>\n<p style=\"text-align: justify;\">Na manh\u00e3 desta quarta-feira, circulou a informa\u00e7\u00e3o de que o delegado que investiga o caso iria decretar a pris\u00e3o preventiva dos tr\u00eas envolvidos na briga com o policial. O delegado Rodrigo Noll negou a decis\u00e3o de prender os envolvidos. Ao menos, por enquanto.<\/p>\n<p style=\"text-align: justify;\">O processo envolvendo o policial federal Victor Manoel Campelo, 23, pode ser julgado na 2\u00aa vara do Tribunal do J\u00fari e auditoria militar da Capital. Ele \u00e9 acusado por homic\u00eddio qualificado por motivo f\u00fatil e les\u00e3o corporal de natureza grave.<\/p>\n<p style=\"text-align: justify;\">Por esse motivo, se o juiz acatar a den\u00fancia, pode encaminhar o caso para j\u00fari popular. Se for condenado, Victor Manoel pode pegar mais de 30 anos de pris\u00e3o somando os dois crimes.<\/p>\n<p style=\"text-align: justify;\">De acordo com a pol\u00edcia, a namorada de Victor foi assediada por alguns homens dentro dessa boate em Rio Branco, na madrugada do \u00faltimo s\u00e1bado, quando come\u00e7ou uma discuss\u00e3o que gerou uma briga entre tr\u00eas jovens e o agente.<\/p>\n<p style=\"text-align: justify;\">Na confus\u00e3o, o policial federal sacou uma pistola 9 mm, de sua propriedade, e efetuou alguns disparos. Um deles atingiu o estudante Rafael Frota, que acabou morrendo no hospital e segundo testemunhas n\u00e3o estava envolvido no confronto.<\/p>\n<p style=\"text-align: justify;\">Quando o inqu\u00e9rito estiver pronto, os autos ser\u00e3o encaminhados ao Minist\u00e9rio P\u00fablico que deve decidir se vai oferecer a den\u00fancia.<\/p>\n<p style=\"text-align: justify;\">O advogado do policial federal, por enquanto, prefere n\u00e3o se pronunciar em rela\u00e7\u00e3o ao processo.<\/p>\n","protected":false},"excerpt":{"rendered":"<p style=\"text-align: justify;\">Policial federal Victor Campelo continua preso<\/p>\n","protected":false},"author":4,"featured_media":17938,"comment_status":"open","ping_status":"open","sticky":false,"template":"","format":"standard","meta":{"jnews-multi-image_gallery":[],"jnews_single_post":[],"jnews_primary_category":[],"jnews_social_meta":[],"jnews_review":[],"enable_review":"","type":"","name":"","summary":"","brand":"","sku":"","good":[],"bad":[],"score_override":"","override_value":"","rating":[],"price":[],"footnotes":""},"categories":[44],"tags":[],"class_list":["post-23679","post","type-post","status-publish","format-standard","has-post-thumbnail","hentry","category-policia"],"yoast_head":"<!-- This site is optimized with the Yoast SEO plugin v26.5 - https:\/\/yoast.com\/wordpress\/plugins\/seo\/ -->\n<title>Delegado nega inten\u00e7\u00e3o de pedir pris\u00e3o preventiva - Agazeta.net<\/title>\n<meta name=\"robots\" content=\"index, follow, max-snippet:-1, max-image-preview:large, max-video-preview:-1\" \/>\n<link rel=\"canonical\" href=\"https:\/\/nk7-testes.com.br\/agazeta\/delegado-intencao-de-pedido-de-prisao-preventiva\/\" \/>\n<meta property=\"og:locale\" content=\"pt_BR\" \/>\n<meta property=\"og:type\" content=\"article\" \/>\n<meta property=\"og:title\" content=\"Delegado nega inten\u00e7\u00e3o de pedir pris\u00e3o preventiva - Agazeta.net\" \/>\n<meta property=\"og:description\" content=\"Policial federal Victor Campelo continua preso\" \/>\n<meta property=\"og:url\" content=\"https:\/\/nk7-testes.com.br\/agazeta\/delegado-intencao-de-pedido-de-prisao-preventiva\/\" \/>\n<meta property=\"og:site_name\" content=\"Agazeta.net\" \/>\n<meta property=\"article:published_time\" content=\"2016-07-06T21:24:46+00:00\" \/>\n<meta property=\"og:image\" content=\"https:\/\/nk7-testes.com.br\/agazeta\/wp-content\/uploads\/2015\/08\/0710-politica-policiafederal-altinomachado2.JPG\" \/>\n\t<meta property=\"og:image:width\" content=\"458\" \/>\n\t<meta property=\"og:image:height\" content=\"340\" \/>\n\t<meta property=\"og:image:type\" content=\"image\/jpeg\" \/>\n<meta name=\"author\" content=\"Agazeta.Net\" \/>\n<meta name=\"twitter:card\" content=\"summary_large_image\" \/>\n<meta name=\"twitter:label1\" content=\"Escrito por\" \/>\n\t<meta name=\"twitter:data1\" content=\"Agazeta.Net\" \/>\n\t<meta name=\"twitter:label2\" content=\"Est. tempo de leitura\" \/>\n\t<meta name=\"twitter:data2\" content=\"1 minuto\" \/>\n<script type=\"application\/ld+json\" class=\"yoast-schema-graph\">{\"@context\":\"https:\/\/schema.org\",\"@graph\":[{\"@type\":\"WebPage\",\"@id\":\"https:\/\/nk7-testes.com.br\/agazeta\/delegado-intencao-de-pedido-de-prisao-preventiva\/\",\"url\":\"https:\/\/nk7-testes.com.br\/agazeta\/delegado-intencao-de-pedido-de-prisao-preventiva\/\",\"name\":\"Delegado nega inten\u00e7\u00e3o de pedir pris\u00e3o preventiva - Agazeta.net\",\"isPartOf\":{\"@id\":\"https:\/\/nk7-testes.com.br\/agazeta\/#website\"},\"primaryImageOfPage\":{\"@id\":\"https:\/\/nk7-testes.com.br\/agazeta\/delegado-intencao-de-pedido-de-prisao-preventiva\/#primaryimage\"},\"image\":{\"@id\":\"https:\/\/nk7-testes.com.br\/agazeta\/delegado-intencao-de-pedido-de-prisao-preventiva\/#primaryimage\"},\"thumbnailUrl\":\"https:\/\/nk7-testes.com.br\/agazeta\/wp-content\/uploads\/2015\/08\/0710-politica-policiafederal-altinomachado2.JPG\",\"datePublished\":\"2016-07-06T21:24:46+00:00\",\"author\":{\"@id\":\"https:\/\/nk7-testes.com.br\/agazeta\/#\/schema\/person\/6d6e25cb0435eb4a02fd44d30b4e3020\"},\"breadcrumb\":{\"@id\":\"https:\/\/nk7-testes.com.br\/agazeta\/delegado-intencao-de-pedido-de-prisao-preventiva\/#breadcrumb\"},\"inLanguage\":\"pt-BR\",\"potentialAction\":[{\"@type\":\"ReadAction\",\"target\":[\"https:\/\/nk7-testes.com.br\/agazeta\/delegado-intencao-de-pedido-de-prisao-preventiva\/\"]}]},{\"@type\":\"ImageObject\",\"inLanguage\":\"pt-BR\",\"@id\":\"https:\/\/nk7-testes.com.br\/agazeta\/delegado-intencao-de-pedido-de-prisao-preventiva\/#primaryimage\",\"url\":\"https:\/\/nk7-testes.com.br\/agazeta\/wp-content\/uploads\/2015\/08\/0710-politica-policiafederal-altinomachado2.JPG\",\"contentUrl\":\"https:\/\/nk7-testes.com.br\/agazeta\/wp-content\/uploads\/2015\/08\/0710-politica-policiafederal-altinomachado2.JPG\",\"width\":458,\"height\":340,\"caption\":\"0710-politica-policiafederal-altinomachado2\"},{\"@type\":\"BreadcrumbList\",\"@id\":\"https:\/\/nk7-testes.com.br\/agazeta\/delegado-intencao-de-pedido-de-prisao-preventiva\/#breadcrumb\",\"itemListElement\":[{\"@type\":\"ListItem\",\"position\":1,\"name\":\"In\u00edcio\",\"item\":\"https:\/\/nk7-testes.com.br\/agazeta\/\"},{\"@type\":\"ListItem\",\"position\":2,\"name\":\"Delegado nega inten\u00e7\u00e3o de pedir pris\u00e3o preventiva\"}]},{\"@type\":\"WebSite\",\"@id\":\"https:\/\/nk7-testes.com.br\/agazeta\/#website\",\"url\":\"https:\/\/nk7-testes.com.br\/agazeta\/\",\"name\":\"Agazeta.net\",\"description\":\"Agazeta.net - Not\u00edcias de Rio Branco\/AC\",\"potentialAction\":[{\"@type\":\"SearchAction\",\"target\":{\"@type\":\"EntryPoint\",\"urlTemplate\":\"https:\/\/nk7-testes.com.br\/agazeta\/?s={search_term_string}\"},\"query-input\":{\"@type\":\"PropertyValueSpecification\",\"valueRequired\":true,\"valueName\":\"search_term_string\"}}],\"inLanguage\":\"pt-BR\"},{\"@type\":\"Person\",\"@id\":\"https:\/\/nk7-testes.com.br\/agazeta\/#\/schema\/person\/6d6e25cb0435eb4a02fd44d30b4e3020\",\"name\":\"Agazeta.Net\",\"url\":\"https:\/\/nk7-testes.com.br\/agazeta\/author\/agazeta\/\"}]}<\/script>\n<!-- \/ Yoast SEO plugin. -->","yoast_head_json":{"title":"Delegado nega inten\u00e7\u00e3o de pedir pris\u00e3o preventiva - Agazeta.net","robots":{"index":"index","follow":"follow","max-snippet":"max-snippet:-1","max-image-preview":"max-image-preview:large","max-video-preview":"max-video-preview:-1"},"canonical":"https:\/\/nk7-testes.com.br\/agazeta\/delegado-intencao-de-pedido-de-prisao-preventiva\/","og_locale":"pt_BR","og_type":"article","og_title":"Delegado nega inten\u00e7\u00e3o de pedir pris\u00e3o preventiva - Agazeta.net","og_description":"Policial federal Victor Campelo continua preso","og_url":"https:\/\/nk7-testes.com.br\/agazeta\/delegado-intencao-de-pedido-de-prisao-preventiva\/","og_site_name":"Agazeta.net","article_published_time":"2016-07-06T21:24:46+00:00","og_image":[{"width":458,"height":340,"url":"https:\/\/nk7-testes.com.br\/agazeta\/wp-content\/uploads\/2015\/08\/0710-politica-policiafederal-altinomachado2.JPG","type":"image\/jpeg"}],"author":"Agazeta.Net","twitter_card":"summary_large_image","twitter_misc":{"Escrito por":"Agazeta.Net","Est. tempo de leitura":"1 minuto"},"schema":{"@context":"https:\/\/schema.org","@graph":[{"@type":"WebPage","@id":"https:\/\/nk7-testes.com.br\/agazeta\/delegado-intencao-de-pedido-de-prisao-preventiva\/","url":"https:\/\/nk7-testes.com.br\/agazeta\/delegado-intencao-de-pedido-de-prisao-preventiva\/","name":"Delegado nega inten\u00e7\u00e3o de pedir pris\u00e3o preventiva - Agazeta.net","isPartOf":{"@id":"https:\/\/nk7-testes.com.br\/agazeta\/#website"},"primaryImageOfPage":{"@id":"https:\/\/nk7-testes.com.br\/agazeta\/delegado-intencao-de-pedido-de-prisao-preventiva\/#primaryimage"},"image":{"@id":"https:\/\/nk7-testes.com.br\/agazeta\/delegado-intencao-de-pedido-de-prisao-preventiva\/#primaryimage"},"thumbnailUrl":"https:\/\/nk7-testes.com.br\/agazeta\/wp-content\/uploads\/2015\/08\/0710-politica-policiafederal-altinomachado2.JPG","datePublished":"2016-07-06T21:24:46+00:00","author":{"@id":"https:\/\/nk7-testes.com.br\/agazeta\/#\/schema\/person\/6d6e25cb0435eb4a02fd44d30b4e3020"},"breadcrumb":{"@id":"https:\/\/nk7-testes.com.br\/agazeta\/delegado-intencao-de-pedido-de-prisao-preventiva\/#breadcrumb"},"inLanguage":"pt-BR","potentialAction":[{"@type":"ReadAction","target":["https:\/\/nk7-testes.com.br\/agazeta\/delegado-intencao-de-pedido-de-prisao-preventiva\/"]}]},{"@type":"ImageObject","inLanguage":"pt-BR","@id":"https:\/\/nk7-testes.com.br\/agazeta\/delegado-intencao-de-pedido-de-prisao-preventiva\/#primaryimage","url":"https:\/\/nk7-testes.com.br\/agazeta\/wp-content\/uploads\/2015\/08\/0710-politica-policiafederal-altinomachado2.JPG","contentUrl":"https:\/\/nk7-testes.com.br\/agazeta\/wp-content\/uploads\/2015\/08\/0710-politica-policiafederal-altinomachado2.JPG","width":458,"height":340,"caption":"0710-politica-policiafederal-altinomachado2"},{"@type":"BreadcrumbList","@id":"https:\/\/nk7-testes.com.br\/agazeta\/delegado-intencao-de-pedido-de-prisao-preventiva\/#breadcrumb","itemListElement":[{"@type":"ListItem","position":1,"name":"In\u00edcio","item":"https:\/\/nk7-testes.com.br\/agazeta\/"},{"@type":"ListItem","position":2,"name":"Delegado nega inten\u00e7\u00e3o de pedir pris\u00e3o preventiva"}]},{"@type":"WebSite","@id":"https:\/\/nk7-testes.com.br\/agazeta\/#website","url":"https:\/\/nk7-testes.com.br\/agazeta\/","name":"Agazeta.net","description":"Agazeta.net - Not\u00edcias de Rio Branco\/AC","potentialAction":[{"@type":"SearchAction","target":{"@type":"EntryPoint","urlTemplate":"https:\/\/nk7-testes.com.br\/agazeta\/?s={search_term_string}"},"query-input":{"@type":"PropertyValueSpecification","valueRequired":true,"valueName":"search_term_string"}}],"inLanguage":"pt-BR"},{"@type":"Person","@id":"https:\/\/nk7-testes.com.br\/agazeta\/#\/schema\/person\/6d6e25cb0435eb4a02fd44d30b4e3020","name":"Agazeta.Net","url":"https:\/\/nk7-testes.com.br\/agazeta\/author\/agazeta\/"}]}},"_links":{"self":[{"href":"https:\/\/nk7-testes.com.br\/agazeta\/wp-json\/wp\/v2\/posts\/23679","targetHints":{"allow":["GET"]}}],"collection":[{"href":"https:\/\/nk7-testes.com.br\/agazeta\/wp-json\/wp\/v2\/posts"}],"about":[{"href":"https:\/\/nk7-testes.com.br\/agazeta\/wp-json\/wp\/v2\/types\/post"}],"author":[{"embeddable":true,"href":"https:\/\/nk7-testes.com.br\/agazeta\/wp-json\/wp\/v2\/users\/4"}],"replies":[{"embeddable":true,"href":"https:\/\/nk7-testes.com.br\/agazeta\/wp-json\/wp\/v2\/comments?post=23679"}],"version-history":[{"count":0,"href":"https:\/\/nk7-testes.com.br\/agazeta\/wp-json\/wp\/v2\/posts\/23679\/revisions"}],"wp:featuredmedia":[{"embeddable":true,"href":"https:\/\/nk7-testes.com.br\/agazeta\/wp-json\/wp\/v2\/media\/17938"}],"wp:attachment":[{"href":"https:\/\/nk7-testes.com.br\/agazeta\/wp-json\/wp\/v2\/media?parent=23679"}],"wp:term":[{"taxonomy":"category","embeddable":true,"href":"https:\/\/nk7-testes.com.br\/agazeta\/wp-json\/wp\/v2\/categories?post=23679"},{"taxonomy":"post_tag","embeddable":true,"href":"https:\/\/nk7-testes.com.br\/agazeta\/wp-json\/wp\/v2\/tags?post=23679"}],"curies":[{"name":"wp","href":"https:\/\/api.w.org\/{rel}","templated":true}]}}