{"id":23678,"date":"2016-07-06T20:22:42","date_gmt":"2016-07-06T20:22:42","guid":{"rendered":"https:\/\/abarevegan.com.br\/index.php\/2016\/07\/06\/recital-da-escola-de-musica-sera-no-teatrao\/"},"modified":"2016-07-06T20:22:42","modified_gmt":"2016-07-06T20:22:42","slug":"recital-da-escola-de-musica-sera-no-teatrao","status":"publish","type":"post","link":"https:\/\/nk7-testes.com.br\/agazeta\/recital-da-escola-de-musica-sera-no-teatrao\/","title":{"rendered":"Recital da Escola de M\u00fasica ser\u00e1 no Teatr\u00e3o"},"content":{"rendered":"<p style=\"text-align: justify;\">Forma\u00e7\u00e3o de novos talentos \u00e9 miss\u00e3o<\/p>\n<p style=\"text-align: justify;\">A Escola de M\u00fasica do Acre, em parceria com o SESC ACRE, realiza no dia 8 de julho, \u00e0s 19h30, no Teatro Pl\u00e1cido de Castro, uma Mostra Musical. Os ingressos custam R$ 10 inteiro e R$ 5 estudante, e podem ser comprados na escola, localizada no Parque do Tucum\u00e3.<\/p>\n<p style=\"text-align: justify;\">O objetivo desta mostra \u00e9 arrecadar recursos para manuten\u00e7\u00e3o das atividades da Escola de M\u00fasica do Acre, que tem como a\u00e7\u00e3o principal promover a educa\u00e7\u00e3o musical, como ferramenta de inclus\u00e3o e transforma\u00e7\u00e3o social.<\/p>\n<p style=\"text-align: justify;\">&#8220;Os talentos garimpados na EMAC est\u00e3o se apresentando durante a amostra musical&#8221;, disse Duscinei Souza, diretor da EMAC.<\/p>\n<p style=\"text-align: justify;\"><strong>Sequ\u00eancia das apresenta\u00e7\u00f5es, conforme repert\u00f3rio apresentando em reuni\u00e3o:<\/strong><\/p>\n<p style=\"text-align: justify;\"><em>Somewhere over the Rainbow<\/em> &#8211; E.Y. Harburg e Harold Arlen<\/p>\n<p style=\"text-align: justify;\"><em>Dona Nobis Pacem<\/em> &#8211; Wolfgang Amadeus Mozart<\/p>\n<p style=\"text-align: justify;\"><strong>Alunos de Flauta<\/strong><\/p>\n<p style=\"text-align: justify;\"><em>Hallelujah<\/em> \u2013 <strong>Donald Cohen<\/strong><\/p>\n<p style=\"text-align: justify;\">Afonso Portela, Laura Guilherme, Lidson Souza e Aluildo Moura<\/p>\n<p style=\"text-align: justify;\">All of Me \u2013 Gerald Marks e Seymour Simons<\/p>\n<p style=\"text-align: justify;\">Nicke, Mauro Alunos: Fernanda \/ Amilton \/ Jo\u00e3o Victor<\/p>\n<p style=\"text-align: justify;\"><em>Nothing Else Matters<\/em> \u2013 <strong>Metallica<\/strong><\/p>\n<p style=\"text-align: justify;\">Cleiciomar, Nicke, Maximo, Zeca, Afonso, Caio<\/p>\n<p style=\"text-align: justify;\"><em>Indiana Jones Theme<\/em> \u2013 <strong>John Williams Orquestra de Flauta<\/strong><\/p>\n<p style=\"text-align: justify;\"><em>Amianto<\/em> \u2013 <strong>Supercombo<\/strong><\/p>\n<p style=\"text-align: justify;\"><em>Vou deixar<\/em> \u2013 <strong>Skank<\/strong><\/p>\n<p style=\"text-align: justify;\"><strong>Alunos B\u00e1sico Livre<\/strong><\/p>\n<p style=\"text-align: justify;\"><em>Lamentos<\/em> \u2013 <strong>Pixinguinha<\/strong><\/p>\n<p style=\"text-align: justify;\"><strong>Professores da EMAC<\/strong><\/p>\n<p style=\"text-align: justify;\"><em>Nos bailes da Vida<\/em> \u2013 <strong>Milton Nascimento<\/strong> Professores da EMAC<\/p>\n<p style=\"text-align: justify;\"><em>The Thrill is Gone<\/em> \u2013 <strong>B.B. King<\/strong> Professores da EMAC<\/p>\n<p style=\"text-align: justify;\"><em>Sandra Rosa Madalena<\/em> \u2013 <strong>Sidney Magal<\/strong> Professores da EMAC<\/p>\n<p style=\"text-align: justify;\"><em>Pout-Pourri Tim Maia<\/em> Professores da EMAC<\/p>\n","protected":false},"excerpt":{"rendered":"<p style=\"text-align: justify;\">Forma\u00e7\u00e3o de novos talentos \u00e9 miss\u00e3o<\/p>\n","protected":false},"author":4,"featured_media":23677,"comment_status":"open","ping_status":"open","sticky":false,"template":"","format":"standard","meta":{"jnews-multi-image_gallery":[],"jnews_single_post":[],"jnews_primary_category":[],"jnews_social_meta":[],"jnews_review":[],"enable_review":"","type":"","name":"","summary":"","brand":"","sku":"","good":[],"bad":[],"score_override":"","override_value":"","rating":[],"price":[],"footnotes":""},"categories":[54],"tags":[],"class_list":["post-23678","post","type-post","status-publish","format-standard","has-post-thumbnail","hentry","category-cotidiano"],"yoast_head":"<!-- This site is optimized with the Yoast SEO plugin v26.5 - https:\/\/yoast.com\/wordpress\/plugins\/seo\/ -->\n<title>Recital da Escola de M\u00fasica ser\u00e1 no Teatr\u00e3o - Agazeta.net<\/title>\n<meta name=\"robots\" content=\"index, follow, max-snippet:-1, max-image-preview:large, max-video-preview:-1\" \/>\n<link rel=\"canonical\" href=\"https:\/\/nk7-testes.com.br\/agazeta\/recital-da-escola-de-musica-sera-no-teatrao\/\" \/>\n<meta property=\"og:locale\" content=\"pt_BR\" \/>\n<meta property=\"og:type\" content=\"article\" \/>\n<meta property=\"og:title\" content=\"Recital da Escola de M\u00fasica ser\u00e1 no Teatr\u00e3o - Agazeta.net\" \/>\n<meta property=\"og:description\" content=\"Forma\u00e7\u00e3o de novos talentos \u00e9 miss\u00e3o\" \/>\n<meta property=\"og:url\" content=\"https:\/\/nk7-testes.com.br\/agazeta\/recital-da-escola-de-musica-sera-no-teatrao\/\" \/>\n<meta property=\"og:site_name\" content=\"Agazeta.net\" \/>\n<meta property=\"article:published_time\" content=\"2016-07-06T20:22:42+00:00\" \/>\n<meta property=\"og:image\" content=\"https:\/\/nk7-testes.com.br\/agazeta\/wp-content\/uploads\/2016\/07\/060716-cotidiano-musica-senildomelo.jpg\" \/>\n\t<meta property=\"og:image:width\" content=\"458\" \/>\n\t<meta property=\"og:image:height\" content=\"340\" \/>\n\t<meta property=\"og:image:type\" content=\"image\/jpeg\" \/>\n<meta name=\"author\" content=\"Agazeta.Net\" \/>\n<meta name=\"twitter:card\" content=\"summary_large_image\" \/>\n<meta name=\"twitter:label1\" content=\"Escrito por\" \/>\n\t<meta name=\"twitter:data1\" content=\"Agazeta.Net\" \/>\n\t<meta name=\"twitter:label2\" content=\"Est. tempo de leitura\" \/>\n\t<meta name=\"twitter:data2\" content=\"1 minuto\" \/>\n<script type=\"application\/ld+json\" class=\"yoast-schema-graph\">{\"@context\":\"https:\/\/schema.org\",\"@graph\":[{\"@type\":\"WebPage\",\"@id\":\"https:\/\/nk7-testes.com.br\/agazeta\/recital-da-escola-de-musica-sera-no-teatrao\/\",\"url\":\"https:\/\/nk7-testes.com.br\/agazeta\/recital-da-escola-de-musica-sera-no-teatrao\/\",\"name\":\"Recital da Escola de M\u00fasica ser\u00e1 no Teatr\u00e3o - Agazeta.net\",\"isPartOf\":{\"@id\":\"https:\/\/nk7-testes.com.br\/agazeta\/#website\"},\"primaryImageOfPage\":{\"@id\":\"https:\/\/nk7-testes.com.br\/agazeta\/recital-da-escola-de-musica-sera-no-teatrao\/#primaryimage\"},\"image\":{\"@id\":\"https:\/\/nk7-testes.com.br\/agazeta\/recital-da-escola-de-musica-sera-no-teatrao\/#primaryimage\"},\"thumbnailUrl\":\"https:\/\/nk7-testes.com.br\/agazeta\/wp-content\/uploads\/2016\/07\/060716-cotidiano-musica-senildomelo.jpg\",\"datePublished\":\"2016-07-06T20:22:42+00:00\",\"author\":{\"@id\":\"https:\/\/nk7-testes.com.br\/agazeta\/#\/schema\/person\/ff6b39d54d6973bfc57f4140f659b23f\"},\"breadcrumb\":{\"@id\":\"https:\/\/nk7-testes.com.br\/agazeta\/recital-da-escola-de-musica-sera-no-teatrao\/#breadcrumb\"},\"inLanguage\":\"pt-BR\",\"potentialAction\":[{\"@type\":\"ReadAction\",\"target\":[\"https:\/\/nk7-testes.com.br\/agazeta\/recital-da-escola-de-musica-sera-no-teatrao\/\"]}]},{\"@type\":\"ImageObject\",\"inLanguage\":\"pt-BR\",\"@id\":\"https:\/\/nk7-testes.com.br\/agazeta\/recital-da-escola-de-musica-sera-no-teatrao\/#primaryimage\",\"url\":\"https:\/\/nk7-testes.com.br\/agazeta\/wp-content\/uploads\/2016\/07\/060716-cotidiano-musica-senildomelo.jpg\",\"contentUrl\":\"https:\/\/nk7-testes.com.br\/agazeta\/wp-content\/uploads\/2016\/07\/060716-cotidiano-musica-senildomelo.jpg\",\"width\":458,\"height\":340,\"caption\":\"060716-cotidiano-musica-senildomelo\"},{\"@type\":\"BreadcrumbList\",\"@id\":\"https:\/\/nk7-testes.com.br\/agazeta\/recital-da-escola-de-musica-sera-no-teatrao\/#breadcrumb\",\"itemListElement\":[{\"@type\":\"ListItem\",\"position\":1,\"name\":\"In\u00edcio\",\"item\":\"https:\/\/nk7-testes.com.br\/agazeta\/\"},{\"@type\":\"ListItem\",\"position\":2,\"name\":\"Recital da Escola de M\u00fasica ser\u00e1 no Teatr\u00e3o\"}]},{\"@type\":\"WebSite\",\"@id\":\"https:\/\/nk7-testes.com.br\/agazeta\/#website\",\"url\":\"https:\/\/nk7-testes.com.br\/agazeta\/\",\"name\":\"Agazeta.net\",\"description\":\"Agazeta.net - Not\u00edcias de Rio Branco\/AC\",\"potentialAction\":[{\"@type\":\"SearchAction\",\"target\":{\"@type\":\"EntryPoint\",\"urlTemplate\":\"https:\/\/nk7-testes.com.br\/agazeta\/?s={search_term_string}\"},\"query-input\":{\"@type\":\"PropertyValueSpecification\",\"valueRequired\":true,\"valueName\":\"search_term_string\"}}],\"inLanguage\":\"pt-BR\"},{\"@type\":\"Person\",\"@id\":\"https:\/\/nk7-testes.com.br\/agazeta\/#\/schema\/person\/ff6b39d54d6973bfc57f4140f659b23f\",\"name\":\"Agazeta.Net\",\"url\":\"https:\/\/nk7-testes.com.br\/agazeta\/author\/agazeta\/\"}]}<\/script>\n<!-- \/ Yoast SEO plugin. -->","yoast_head_json":{"title":"Recital da Escola de M\u00fasica ser\u00e1 no Teatr\u00e3o - Agazeta.net","robots":{"index":"index","follow":"follow","max-snippet":"max-snippet:-1","max-image-preview":"max-image-preview:large","max-video-preview":"max-video-preview:-1"},"canonical":"https:\/\/nk7-testes.com.br\/agazeta\/recital-da-escola-de-musica-sera-no-teatrao\/","og_locale":"pt_BR","og_type":"article","og_title":"Recital da Escola de M\u00fasica ser\u00e1 no Teatr\u00e3o - Agazeta.net","og_description":"Forma\u00e7\u00e3o de novos talentos \u00e9 miss\u00e3o","og_url":"https:\/\/nk7-testes.com.br\/agazeta\/recital-da-escola-de-musica-sera-no-teatrao\/","og_site_name":"Agazeta.net","article_published_time":"2016-07-06T20:22:42+00:00","og_image":[{"width":458,"height":340,"url":"https:\/\/nk7-testes.com.br\/agazeta\/wp-content\/uploads\/2016\/07\/060716-cotidiano-musica-senildomelo.jpg","type":"image\/jpeg"}],"author":"Agazeta.Net","twitter_card":"summary_large_image","twitter_misc":{"Escrito por":"Agazeta.Net","Est. tempo de leitura":"1 minuto"},"schema":{"@context":"https:\/\/schema.org","@graph":[{"@type":"WebPage","@id":"https:\/\/nk7-testes.com.br\/agazeta\/recital-da-escola-de-musica-sera-no-teatrao\/","url":"https:\/\/nk7-testes.com.br\/agazeta\/recital-da-escola-de-musica-sera-no-teatrao\/","name":"Recital da Escola de M\u00fasica ser\u00e1 no Teatr\u00e3o - Agazeta.net","isPartOf":{"@id":"https:\/\/nk7-testes.com.br\/agazeta\/#website"},"primaryImageOfPage":{"@id":"https:\/\/nk7-testes.com.br\/agazeta\/recital-da-escola-de-musica-sera-no-teatrao\/#primaryimage"},"image":{"@id":"https:\/\/nk7-testes.com.br\/agazeta\/recital-da-escola-de-musica-sera-no-teatrao\/#primaryimage"},"thumbnailUrl":"https:\/\/nk7-testes.com.br\/agazeta\/wp-content\/uploads\/2016\/07\/060716-cotidiano-musica-senildomelo.jpg","datePublished":"2016-07-06T20:22:42+00:00","author":{"@id":"https:\/\/nk7-testes.com.br\/agazeta\/#\/schema\/person\/ff6b39d54d6973bfc57f4140f659b23f"},"breadcrumb":{"@id":"https:\/\/nk7-testes.com.br\/agazeta\/recital-da-escola-de-musica-sera-no-teatrao\/#breadcrumb"},"inLanguage":"pt-BR","potentialAction":[{"@type":"ReadAction","target":["https:\/\/nk7-testes.com.br\/agazeta\/recital-da-escola-de-musica-sera-no-teatrao\/"]}]},{"@type":"ImageObject","inLanguage":"pt-BR","@id":"https:\/\/nk7-testes.com.br\/agazeta\/recital-da-escola-de-musica-sera-no-teatrao\/#primaryimage","url":"https:\/\/nk7-testes.com.br\/agazeta\/wp-content\/uploads\/2016\/07\/060716-cotidiano-musica-senildomelo.jpg","contentUrl":"https:\/\/nk7-testes.com.br\/agazeta\/wp-content\/uploads\/2016\/07\/060716-cotidiano-musica-senildomelo.jpg","width":458,"height":340,"caption":"060716-cotidiano-musica-senildomelo"},{"@type":"BreadcrumbList","@id":"https:\/\/nk7-testes.com.br\/agazeta\/recital-da-escola-de-musica-sera-no-teatrao\/#breadcrumb","itemListElement":[{"@type":"ListItem","position":1,"name":"In\u00edcio","item":"https:\/\/nk7-testes.com.br\/agazeta\/"},{"@type":"ListItem","position":2,"name":"Recital da Escola de M\u00fasica ser\u00e1 no Teatr\u00e3o"}]},{"@type":"WebSite","@id":"https:\/\/nk7-testes.com.br\/agazeta\/#website","url":"https:\/\/nk7-testes.com.br\/agazeta\/","name":"Agazeta.net","description":"Agazeta.net - Not\u00edcias de Rio Branco\/AC","potentialAction":[{"@type":"SearchAction","target":{"@type":"EntryPoint","urlTemplate":"https:\/\/nk7-testes.com.br\/agazeta\/?s={search_term_string}"},"query-input":{"@type":"PropertyValueSpecification","valueRequired":true,"valueName":"search_term_string"}}],"inLanguage":"pt-BR"},{"@type":"Person","@id":"https:\/\/nk7-testes.com.br\/agazeta\/#\/schema\/person\/ff6b39d54d6973bfc57f4140f659b23f","name":"Agazeta.Net","url":"https:\/\/nk7-testes.com.br\/agazeta\/author\/agazeta\/"}]}},"_links":{"self":[{"href":"https:\/\/nk7-testes.com.br\/agazeta\/wp-json\/wp\/v2\/posts\/23678","targetHints":{"allow":["GET"]}}],"collection":[{"href":"https:\/\/nk7-testes.com.br\/agazeta\/wp-json\/wp\/v2\/posts"}],"about":[{"href":"https:\/\/nk7-testes.com.br\/agazeta\/wp-json\/wp\/v2\/types\/post"}],"author":[{"embeddable":true,"href":"https:\/\/nk7-testes.com.br\/agazeta\/wp-json\/wp\/v2\/users\/4"}],"replies":[{"embeddable":true,"href":"https:\/\/nk7-testes.com.br\/agazeta\/wp-json\/wp\/v2\/comments?post=23678"}],"version-history":[{"count":0,"href":"https:\/\/nk7-testes.com.br\/agazeta\/wp-json\/wp\/v2\/posts\/23678\/revisions"}],"wp:featuredmedia":[{"embeddable":true,"href":"https:\/\/nk7-testes.com.br\/agazeta\/wp-json\/wp\/v2\/media\/23677"}],"wp:attachment":[{"href":"https:\/\/nk7-testes.com.br\/agazeta\/wp-json\/wp\/v2\/media?parent=23678"}],"wp:term":[{"taxonomy":"category","embeddable":true,"href":"https:\/\/nk7-testes.com.br\/agazeta\/wp-json\/wp\/v2\/categories?post=23678"},{"taxonomy":"post_tag","embeddable":true,"href":"https:\/\/nk7-testes.com.br\/agazeta\/wp-json\/wp\/v2\/tags?post=23678"}],"curies":[{"name":"wp","href":"https:\/\/api.w.org\/{rel}","templated":true}]}}