{"id":23655,"date":"2016-07-05T21:17:13","date_gmt":"2016-07-05T21:17:13","guid":{"rendered":"https:\/\/abarevegan.com.br\/index.php\/2016\/07\/05\/familia-denuncia-falta-de-tratamento-a-mulher-com-cancer\/"},"modified":"2016-07-05T21:17:13","modified_gmt":"2016-07-05T21:17:13","slug":"familia-denuncia-falta-de-tratamento-a-mulher-com-cancer","status":"publish","type":"post","link":"https:\/\/nk7-testes.com.br\/agazeta\/familia-denuncia-falta-de-tratamento-a-mulher-com-cancer\/","title":{"rendered":"Fam\u00edlia denuncia falta de tratamento \u00e0 mulher com c\u00e2ncer"},"content":{"rendered":"<p style=\"text-align: justify;\"><span style=\"font-size: 12pt; line-height: 115%; font-family: 'Times New Roman', serif;\"><\/span><\/p>\n<p style=\"text-align: justify;\">Sem m\u00e9dico e sem hemodi\u00e1lise: governo diz averiguar<\/p>\n<p style=\"text-align: justify;\"><span style=\"font-size: 12pt; line-height: 115%; font-family: 'Times New Roman', serif;\"><\/span><\/p>\n<p style=\"text-align: justify;\">A fam\u00edlia de Francisca Neide Paiva, 47, que faz tratamento contra um c\u00e2ncer no ov\u00e1rio desde setembro do ano passado, denuncia descaso por parte do poder p\u00fablico. Al\u00e9m da falta de m\u00e9dico a fam\u00edlia alega que ela n\u00e3o tem conseguido fazer o tratamento.<\/p>\n<p style=\"text-align: justify;\"><span style=\"font-size: 12pt; line-height: 115%; font-family: 'Times New Roman', serif;\"><\/span><\/p>\n<p style=\"text-align: justify;\">Francisca n\u00e3o conseguiu realizar a hemodi\u00e1lise e encontra-se em estado grave no Hospital do C\u00e2ncer. \u201cA hemodi\u00e1lise dela era pra ter sido feita ontem de manh\u00e3, porque a \u00faltima vez que ela fez foi na sexta-feira, da\u00ed eles ficam enrolando. <br \/>Desde ontem, ela sente muita dor de cabe\u00e7a\u201d, indigna-se a filha Ana Luiza. <br \/>Para fam\u00edlia, a espera \u201c\u00e9 uma tortura\u201d, al\u00e9m de deixar ainda mais distante a esperan\u00e7a de melhora de Francisca. \u201cSe ela tivesse feito hemodi\u00e1lise n\u00e3o era nem pra t\u00e1 nesse estado grave. \u00c9 dif\u00edcil essa espera. E se esperar muito e ela morrer? \u00c9 muito dif\u00edcil pra gente fam\u00edlia\u201d, reclama Ana.<\/p>\n<p style=\"text-align: justify;\"><span style=\"font-size: 12pt; line-height: 115%; font-family: 'Times New Roman', serif;\"><\/span><\/p>\n<p style=\"text-align: justify;\">Reposta Sesacre<\/p>\n<p style=\"text-align: justify;\"><span style=\"font-size: 12pt; line-height: 115%; font-family: 'Times New Roman', serif;\"><\/span><\/p>\n<p style=\"text-align: justify;\">A Secret\u00e1ria de Sa\u00fade informou que a equipe do setor de nefrologia est\u00e1 verificando o caso da paciente.<\/p>\n<p style=\"text-align: justify;\"><span style=\"font-size: 12pt; line-height: 115%; font-family: 'Times New Roman', serif;\"><\/span><\/p>\n<p style=\"text-align: justify;\">A assessoria destacou ainda, que a situa\u00e7\u00e3o causa estranheza porque o setor est\u00e1 contando com m\u00e1quinas novas para o atendimento.<\/p>\n<p style=\"text-align: justify;\"><span style=\"font-size: 12pt; line-height: 115%; font-family: 'Times New Roman', serif;\"><\/span><\/p>\n<p style=\"text-align: justify;\">Contudo, refor\u00e7a que a equipe vai se empenhar para que a paciente n\u00e3o sofra preju\u00edzo em seu tratamento, por entender que a situa\u00e7\u00e3o dela inspira cuidados urgentes.<\/p>\n<p style=\"text-align: justify;\"><span style=\"font-size: 12pt; line-height: 115%; font-family: 'Times New Roman', serif;\">&nbsp;<\/span><\/p>\n","protected":false},"excerpt":{"rendered":"<p style=\"text-align: justify;\"><span style=\"font-size: 12pt; line-height: 115%; font-family: 'Times New Roman', serif;\"><\/span><\/p>\n<p style=\"text-align: justify;\">Sem m\u00e9dico e sem hemodi\u00e1lise: governo diz averiguar<\/p>\n","protected":false},"author":4,"featured_media":23654,"comment_status":"open","ping_status":"open","sticky":false,"template":"","format":"standard","meta":{"jnews-multi-image_gallery":[],"jnews_single_post":[],"jnews_primary_category":[],"jnews_social_meta":[],"jnews_review":[],"enable_review":"","type":"","name":"","summary":"","brand":"","sku":"","good":[],"bad":[],"score_override":"","override_value":"","rating":[],"price":[],"footnotes":""},"categories":[54],"tags":[],"class_list":["post-23655","post","type-post","status-publish","format-standard","has-post-thumbnail","hentry","category-cotidiano"],"yoast_head":"<!-- This site is optimized with the Yoast SEO plugin v26.5 - https:\/\/yoast.com\/wordpress\/plugins\/seo\/ -->\n<title>Fam\u00edlia denuncia falta de tratamento \u00e0 mulher com c\u00e2ncer - Agazeta.net<\/title>\n<meta name=\"robots\" content=\"index, follow, max-snippet:-1, max-image-preview:large, max-video-preview:-1\" \/>\n<link rel=\"canonical\" href=\"https:\/\/nk7-testes.com.br\/agazeta\/familia-denuncia-falta-de-tratamento-a-mulher-com-cancer\/\" \/>\n<meta property=\"og:locale\" content=\"pt_BR\" \/>\n<meta property=\"og:type\" content=\"article\" \/>\n<meta property=\"og:title\" content=\"Fam\u00edlia denuncia falta de tratamento \u00e0 mulher com c\u00e2ncer - Agazeta.net\" \/>\n<meta property=\"og:description\" content=\"Sem m\u00e9dico e sem hemodi\u00e1lise: governo diz averiguar\" \/>\n<meta property=\"og:url\" content=\"https:\/\/nk7-testes.com.br\/agazeta\/familia-denuncia-falta-de-tratamento-a-mulher-com-cancer\/\" \/>\n<meta property=\"og:site_name\" content=\"Agazeta.net\" \/>\n<meta property=\"article:published_time\" content=\"2016-07-05T21:17:13+00:00\" \/>\n<meta property=\"og:image\" content=\"https:\/\/nk7-testes.com.br\/agazeta\/wp-content\/uploads\/2016\/07\/050716-cotidiano-hospitaldocancer-cleriston.jpg\" \/>\n\t<meta property=\"og:image:width\" content=\"458\" \/>\n\t<meta property=\"og:image:height\" content=\"340\" \/>\n\t<meta property=\"og:image:type\" content=\"image\/jpeg\" \/>\n<meta name=\"author\" content=\"Agazeta.Net\" \/>\n<meta name=\"twitter:card\" content=\"summary_large_image\" \/>\n<meta name=\"twitter:label1\" content=\"Escrito por\" \/>\n\t<meta name=\"twitter:data1\" content=\"Agazeta.Net\" \/>\n\t<meta name=\"twitter:label2\" content=\"Est. tempo de leitura\" \/>\n\t<meta name=\"twitter:data2\" content=\"1 minuto\" \/>\n<script type=\"application\/ld+json\" class=\"yoast-schema-graph\">{\"@context\":\"https:\/\/schema.org\",\"@graph\":[{\"@type\":\"WebPage\",\"@id\":\"https:\/\/nk7-testes.com.br\/agazeta\/familia-denuncia-falta-de-tratamento-a-mulher-com-cancer\/\",\"url\":\"https:\/\/nk7-testes.com.br\/agazeta\/familia-denuncia-falta-de-tratamento-a-mulher-com-cancer\/\",\"name\":\"Fam\u00edlia denuncia falta de tratamento \u00e0 mulher com c\u00e2ncer - Agazeta.net\",\"isPartOf\":{\"@id\":\"https:\/\/nk7-testes.com.br\/agazeta\/#website\"},\"primaryImageOfPage\":{\"@id\":\"https:\/\/nk7-testes.com.br\/agazeta\/familia-denuncia-falta-de-tratamento-a-mulher-com-cancer\/#primaryimage\"},\"image\":{\"@id\":\"https:\/\/nk7-testes.com.br\/agazeta\/familia-denuncia-falta-de-tratamento-a-mulher-com-cancer\/#primaryimage\"},\"thumbnailUrl\":\"https:\/\/nk7-testes.com.br\/agazeta\/wp-content\/uploads\/2016\/07\/050716-cotidiano-hospitaldocancer-cleriston.jpg\",\"datePublished\":\"2016-07-05T21:17:13+00:00\",\"author\":{\"@id\":\"https:\/\/nk7-testes.com.br\/agazeta\/#\/schema\/person\/ff6b39d54d6973bfc57f4140f659b23f\"},\"breadcrumb\":{\"@id\":\"https:\/\/nk7-testes.com.br\/agazeta\/familia-denuncia-falta-de-tratamento-a-mulher-com-cancer\/#breadcrumb\"},\"inLanguage\":\"pt-BR\",\"potentialAction\":[{\"@type\":\"ReadAction\",\"target\":[\"https:\/\/nk7-testes.com.br\/agazeta\/familia-denuncia-falta-de-tratamento-a-mulher-com-cancer\/\"]}]},{\"@type\":\"ImageObject\",\"inLanguage\":\"pt-BR\",\"@id\":\"https:\/\/nk7-testes.com.br\/agazeta\/familia-denuncia-falta-de-tratamento-a-mulher-com-cancer\/#primaryimage\",\"url\":\"https:\/\/nk7-testes.com.br\/agazeta\/wp-content\/uploads\/2016\/07\/050716-cotidiano-hospitaldocancer-cleriston.jpg\",\"contentUrl\":\"https:\/\/nk7-testes.com.br\/agazeta\/wp-content\/uploads\/2016\/07\/050716-cotidiano-hospitaldocancer-cleriston.jpg\",\"width\":458,\"height\":340,\"caption\":\"050716-cotidiano-hospitaldocancer-cleriston\"},{\"@type\":\"BreadcrumbList\",\"@id\":\"https:\/\/nk7-testes.com.br\/agazeta\/familia-denuncia-falta-de-tratamento-a-mulher-com-cancer\/#breadcrumb\",\"itemListElement\":[{\"@type\":\"ListItem\",\"position\":1,\"name\":\"In\u00edcio\",\"item\":\"https:\/\/nk7-testes.com.br\/agazeta\/\"},{\"@type\":\"ListItem\",\"position\":2,\"name\":\"Fam\u00edlia denuncia falta de tratamento \u00e0 mulher com c\u00e2ncer\"}]},{\"@type\":\"WebSite\",\"@id\":\"https:\/\/nk7-testes.com.br\/agazeta\/#website\",\"url\":\"https:\/\/nk7-testes.com.br\/agazeta\/\",\"name\":\"Agazeta.net\",\"description\":\"Agazeta.net - Not\u00edcias de Rio Branco\/AC\",\"potentialAction\":[{\"@type\":\"SearchAction\",\"target\":{\"@type\":\"EntryPoint\",\"urlTemplate\":\"https:\/\/nk7-testes.com.br\/agazeta\/?s={search_term_string}\"},\"query-input\":{\"@type\":\"PropertyValueSpecification\",\"valueRequired\":true,\"valueName\":\"search_term_string\"}}],\"inLanguage\":\"pt-BR\"},{\"@type\":\"Person\",\"@id\":\"https:\/\/nk7-testes.com.br\/agazeta\/#\/schema\/person\/ff6b39d54d6973bfc57f4140f659b23f\",\"name\":\"Agazeta.Net\",\"url\":\"https:\/\/nk7-testes.com.br\/agazeta\/author\/agazeta\/\"}]}<\/script>\n<!-- \/ Yoast SEO plugin. -->","yoast_head_json":{"title":"Fam\u00edlia denuncia falta de tratamento \u00e0 mulher com c\u00e2ncer - Agazeta.net","robots":{"index":"index","follow":"follow","max-snippet":"max-snippet:-1","max-image-preview":"max-image-preview:large","max-video-preview":"max-video-preview:-1"},"canonical":"https:\/\/nk7-testes.com.br\/agazeta\/familia-denuncia-falta-de-tratamento-a-mulher-com-cancer\/","og_locale":"pt_BR","og_type":"article","og_title":"Fam\u00edlia denuncia falta de tratamento \u00e0 mulher com c\u00e2ncer - Agazeta.net","og_description":"Sem m\u00e9dico e sem hemodi\u00e1lise: governo diz averiguar","og_url":"https:\/\/nk7-testes.com.br\/agazeta\/familia-denuncia-falta-de-tratamento-a-mulher-com-cancer\/","og_site_name":"Agazeta.net","article_published_time":"2016-07-05T21:17:13+00:00","og_image":[{"width":458,"height":340,"url":"https:\/\/nk7-testes.com.br\/agazeta\/wp-content\/uploads\/2016\/07\/050716-cotidiano-hospitaldocancer-cleriston.jpg","type":"image\/jpeg"}],"author":"Agazeta.Net","twitter_card":"summary_large_image","twitter_misc":{"Escrito por":"Agazeta.Net","Est. tempo de leitura":"1 minuto"},"schema":{"@context":"https:\/\/schema.org","@graph":[{"@type":"WebPage","@id":"https:\/\/nk7-testes.com.br\/agazeta\/familia-denuncia-falta-de-tratamento-a-mulher-com-cancer\/","url":"https:\/\/nk7-testes.com.br\/agazeta\/familia-denuncia-falta-de-tratamento-a-mulher-com-cancer\/","name":"Fam\u00edlia denuncia falta de tratamento \u00e0 mulher com c\u00e2ncer - Agazeta.net","isPartOf":{"@id":"https:\/\/nk7-testes.com.br\/agazeta\/#website"},"primaryImageOfPage":{"@id":"https:\/\/nk7-testes.com.br\/agazeta\/familia-denuncia-falta-de-tratamento-a-mulher-com-cancer\/#primaryimage"},"image":{"@id":"https:\/\/nk7-testes.com.br\/agazeta\/familia-denuncia-falta-de-tratamento-a-mulher-com-cancer\/#primaryimage"},"thumbnailUrl":"https:\/\/nk7-testes.com.br\/agazeta\/wp-content\/uploads\/2016\/07\/050716-cotidiano-hospitaldocancer-cleriston.jpg","datePublished":"2016-07-05T21:17:13+00:00","author":{"@id":"https:\/\/nk7-testes.com.br\/agazeta\/#\/schema\/person\/ff6b39d54d6973bfc57f4140f659b23f"},"breadcrumb":{"@id":"https:\/\/nk7-testes.com.br\/agazeta\/familia-denuncia-falta-de-tratamento-a-mulher-com-cancer\/#breadcrumb"},"inLanguage":"pt-BR","potentialAction":[{"@type":"ReadAction","target":["https:\/\/nk7-testes.com.br\/agazeta\/familia-denuncia-falta-de-tratamento-a-mulher-com-cancer\/"]}]},{"@type":"ImageObject","inLanguage":"pt-BR","@id":"https:\/\/nk7-testes.com.br\/agazeta\/familia-denuncia-falta-de-tratamento-a-mulher-com-cancer\/#primaryimage","url":"https:\/\/nk7-testes.com.br\/agazeta\/wp-content\/uploads\/2016\/07\/050716-cotidiano-hospitaldocancer-cleriston.jpg","contentUrl":"https:\/\/nk7-testes.com.br\/agazeta\/wp-content\/uploads\/2016\/07\/050716-cotidiano-hospitaldocancer-cleriston.jpg","width":458,"height":340,"caption":"050716-cotidiano-hospitaldocancer-cleriston"},{"@type":"BreadcrumbList","@id":"https:\/\/nk7-testes.com.br\/agazeta\/familia-denuncia-falta-de-tratamento-a-mulher-com-cancer\/#breadcrumb","itemListElement":[{"@type":"ListItem","position":1,"name":"In\u00edcio","item":"https:\/\/nk7-testes.com.br\/agazeta\/"},{"@type":"ListItem","position":2,"name":"Fam\u00edlia denuncia falta de tratamento \u00e0 mulher com c\u00e2ncer"}]},{"@type":"WebSite","@id":"https:\/\/nk7-testes.com.br\/agazeta\/#website","url":"https:\/\/nk7-testes.com.br\/agazeta\/","name":"Agazeta.net","description":"Agazeta.net - Not\u00edcias de Rio Branco\/AC","potentialAction":[{"@type":"SearchAction","target":{"@type":"EntryPoint","urlTemplate":"https:\/\/nk7-testes.com.br\/agazeta\/?s={search_term_string}"},"query-input":{"@type":"PropertyValueSpecification","valueRequired":true,"valueName":"search_term_string"}}],"inLanguage":"pt-BR"},{"@type":"Person","@id":"https:\/\/nk7-testes.com.br\/agazeta\/#\/schema\/person\/ff6b39d54d6973bfc57f4140f659b23f","name":"Agazeta.Net","url":"https:\/\/nk7-testes.com.br\/agazeta\/author\/agazeta\/"}]}},"_links":{"self":[{"href":"https:\/\/nk7-testes.com.br\/agazeta\/wp-json\/wp\/v2\/posts\/23655","targetHints":{"allow":["GET"]}}],"collection":[{"href":"https:\/\/nk7-testes.com.br\/agazeta\/wp-json\/wp\/v2\/posts"}],"about":[{"href":"https:\/\/nk7-testes.com.br\/agazeta\/wp-json\/wp\/v2\/types\/post"}],"author":[{"embeddable":true,"href":"https:\/\/nk7-testes.com.br\/agazeta\/wp-json\/wp\/v2\/users\/4"}],"replies":[{"embeddable":true,"href":"https:\/\/nk7-testes.com.br\/agazeta\/wp-json\/wp\/v2\/comments?post=23655"}],"version-history":[{"count":0,"href":"https:\/\/nk7-testes.com.br\/agazeta\/wp-json\/wp\/v2\/posts\/23655\/revisions"}],"wp:featuredmedia":[{"embeddable":true,"href":"https:\/\/nk7-testes.com.br\/agazeta\/wp-json\/wp\/v2\/media\/23654"}],"wp:attachment":[{"href":"https:\/\/nk7-testes.com.br\/agazeta\/wp-json\/wp\/v2\/media?parent=23655"}],"wp:term":[{"taxonomy":"category","embeddable":true,"href":"https:\/\/nk7-testes.com.br\/agazeta\/wp-json\/wp\/v2\/categories?post=23655"},{"taxonomy":"post_tag","embeddable":true,"href":"https:\/\/nk7-testes.com.br\/agazeta\/wp-json\/wp\/v2\/tags?post=23655"}],"curies":[{"name":"wp","href":"https:\/\/api.w.org\/{rel}","templated":true}]}}