{"id":23651,"date":"2016-07-05T20:42:03","date_gmt":"2016-07-05T20:42:03","guid":{"rendered":"https:\/\/abarevegan.com.br\/index.php\/2016\/07\/05\/sindicato-relativiza-porte-de-arma-dentro-da-boate\/"},"modified":"2016-07-05T20:42:03","modified_gmt":"2016-07-05T20:42:03","slug":"sindicato-relativiza-porte-de-arma-dentro-da-boate","status":"publish","type":"post","link":"https:\/\/nk7-testes.com.br\/agazeta\/sindicato-relativiza-porte-de-arma-dentro-da-boate\/","title":{"rendered":"Sindicato relativiza porte de arma dentro da boate"},"content":{"rendered":"<p style=\"text-align: justify;\">\u201cSaber se portar em ambientes onde podem se expor a risco\u201d<\/p>\n<p style=\"text-align: justify;\">O presidente do Sindicato dos Policiais Federais no Estado do Acre, Renato Santos, disse que o fato de o policial estar armado dentro de uma boate n\u00e3o pode ser levado em conta.<\/p>\n<p style=\"text-align: justify;\">Para o presidente, cada pessoa deve ter consci\u00eancia dos seus atos. Lembra tamb\u00e9m que o efetivo recebe um treinamento para evitar que situa\u00e7\u00f5es como a que resultaram na morte do estudante Rafael Frota ocorram.<\/p>\n<p style=\"text-align: justify;\">\u201cA gente sempre aconselha, como Pol\u00edcia Federal, que as pessoas sejam respons\u00e1veis por suas condutas\u201d. Santos pontua que \u00e9 policial h\u00e1 20 anos e defende a ideia de que o profissional deva andar armado em qualquer ambiente. O que diferencia, na vis\u00e3o do sindicalista, \u00e9 a postura do policial. &#8220;<span style=\"font-size: 13.1999998092651px; line-height: 21.1199989318848px; text-align: justify;\">O policial t\u00eam que saber se portar em ambientes onde podem se expor a risco&#8221;.<\/span><\/p>\n<p style=\"text-align: justify;\">A Pol\u00edcia Civil continua investigando a confus\u00e3o na boate que resultou na morte do estudante Rafael Frota. Os suspeitos de agredir o policial federal Victor Manoel Campelo, acusado de realizar os disparos, j\u00e1 foram identificados e ouvidos pelo delegado do caso.<\/p>\n<p style=\"text-align: justify;\">O agente da PF teve a pris\u00e3o preventiva decretada durante audi\u00eancia de cust\u00f3dia no domingo (3). O presidente do Sindicado dos Policiais Federais do Estado do Acre, Renato Santos, disse que acompanha a investiga\u00e7\u00e3o da Pol\u00edcia Civil e da pr\u00f3pria PF.<\/p>\n<p style=\"text-align: justify;\">\u201cTemos acompanhado os fatos. Desde as investiga\u00e7\u00f5es que est\u00e3o a cargo da Pol\u00edcia Civil, at\u00e9 a instaura\u00e7\u00e3o do procedimento administrativo disciplinar na Pol\u00edcia Federal que vai apurar a conduta do servidor\u201d, pontua. \u201cIsso \u00e9 para que nenhuma ilegalidade ou responsabilidade seja tomada durante todo esse percurso do esclarecimento dos fatos\u201d.<\/p>\n<p style=\"text-align: justify;\">Santos pondera que as investiga\u00e7\u00f5es est\u00e3o apenas no in\u00edcio e que as respostas a uma s\u00e9rie de d\u00favidas ser\u00e3o esclarecidas.<\/p>\n<p style=\"text-align: justify;\">O policial federal Victor Campelo est\u00e1 h\u00e1 menos de um ano na institui\u00e7\u00e3o e morava no Rio de Janeiro antes de se mudar para o Acre.<\/p>\n","protected":false},"excerpt":{"rendered":"<p style=\"text-align: justify;\">\u201cSaber se portar em ambientes onde podem se expor a risco\u201d<\/p>\n","protected":false},"author":4,"featured_media":23650,"comment_status":"open","ping_status":"open","sticky":false,"template":"","format":"standard","meta":{"jnews-multi-image_gallery":[],"jnews_single_post":[],"jnews_primary_category":[],"jnews_social_meta":[],"jnews_review":[],"enable_review":"","type":"","name":"","summary":"","brand":"","sku":"","good":[],"bad":[],"score_override":"","override_value":"","rating":[],"price":[],"footnotes":""},"categories":[44],"tags":[],"class_list":["post-23651","post","type-post","status-publish","format-standard","has-post-thumbnail","hentry","category-policia"],"yoast_head":"<!-- This site is optimized with the Yoast SEO plugin v26.5 - https:\/\/yoast.com\/wordpress\/plugins\/seo\/ -->\n<title>Sindicato relativiza porte de arma dentro da boate - Agazeta.net<\/title>\n<meta name=\"robots\" content=\"index, follow, max-snippet:-1, max-image-preview:large, max-video-preview:-1\" \/>\n<link rel=\"canonical\" href=\"https:\/\/nk7-testes.com.br\/agazeta\/sindicato-relativiza-porte-de-arma-dentro-da-boate\/\" \/>\n<meta property=\"og:locale\" content=\"pt_BR\" \/>\n<meta property=\"og:type\" content=\"article\" \/>\n<meta property=\"og:title\" content=\"Sindicato relativiza porte de arma dentro da boate - Agazeta.net\" \/>\n<meta property=\"og:description\" content=\"\u201cSaber se portar em ambientes onde podem se expor a risco\u201d\" \/>\n<meta property=\"og:url\" content=\"https:\/\/nk7-testes.com.br\/agazeta\/sindicato-relativiza-porte-de-arma-dentro-da-boate\/\" \/>\n<meta property=\"og:site_name\" content=\"Agazeta.net\" \/>\n<meta property=\"article:published_time\" content=\"2016-07-05T20:42:03+00:00\" \/>\n<meta property=\"og:image\" content=\"https:\/\/nk7-testes.com.br\/agazeta\/wp-content\/uploads\/2016\/07\/050716-policia-presidentedosindicatopolicialfederal-tvgazeta.jpg\" \/>\n\t<meta property=\"og:image:width\" content=\"458\" \/>\n\t<meta property=\"og:image:height\" content=\"340\" \/>\n\t<meta property=\"og:image:type\" content=\"image\/jpeg\" \/>\n<meta name=\"author\" content=\"Agazeta.Net\" \/>\n<meta name=\"twitter:card\" content=\"summary_large_image\" \/>\n<meta name=\"twitter:label1\" content=\"Escrito por\" \/>\n\t<meta name=\"twitter:data1\" content=\"Agazeta.Net\" \/>\n\t<meta name=\"twitter:label2\" content=\"Est. tempo de leitura\" \/>\n\t<meta name=\"twitter:data2\" content=\"2 minutos\" \/>\n<script type=\"application\/ld+json\" class=\"yoast-schema-graph\">{\"@context\":\"https:\/\/schema.org\",\"@graph\":[{\"@type\":\"WebPage\",\"@id\":\"https:\/\/nk7-testes.com.br\/agazeta\/sindicato-relativiza-porte-de-arma-dentro-da-boate\/\",\"url\":\"https:\/\/nk7-testes.com.br\/agazeta\/sindicato-relativiza-porte-de-arma-dentro-da-boate\/\",\"name\":\"Sindicato relativiza porte de arma dentro da boate - Agazeta.net\",\"isPartOf\":{\"@id\":\"https:\/\/nk7-testes.com.br\/agazeta\/#website\"},\"primaryImageOfPage\":{\"@id\":\"https:\/\/nk7-testes.com.br\/agazeta\/sindicato-relativiza-porte-de-arma-dentro-da-boate\/#primaryimage\"},\"image\":{\"@id\":\"https:\/\/nk7-testes.com.br\/agazeta\/sindicato-relativiza-porte-de-arma-dentro-da-boate\/#primaryimage\"},\"thumbnailUrl\":\"https:\/\/nk7-testes.com.br\/agazeta\/wp-content\/uploads\/2016\/07\/050716-policia-presidentedosindicatopolicialfederal-tvgazeta.jpg\",\"datePublished\":\"2016-07-05T20:42:03+00:00\",\"author\":{\"@id\":\"https:\/\/nk7-testes.com.br\/agazeta\/#\/schema\/person\/6d6e25cb0435eb4a02fd44d30b4e3020\"},\"breadcrumb\":{\"@id\":\"https:\/\/nk7-testes.com.br\/agazeta\/sindicato-relativiza-porte-de-arma-dentro-da-boate\/#breadcrumb\"},\"inLanguage\":\"pt-BR\",\"potentialAction\":[{\"@type\":\"ReadAction\",\"target\":[\"https:\/\/nk7-testes.com.br\/agazeta\/sindicato-relativiza-porte-de-arma-dentro-da-boate\/\"]}]},{\"@type\":\"ImageObject\",\"inLanguage\":\"pt-BR\",\"@id\":\"https:\/\/nk7-testes.com.br\/agazeta\/sindicato-relativiza-porte-de-arma-dentro-da-boate\/#primaryimage\",\"url\":\"https:\/\/nk7-testes.com.br\/agazeta\/wp-content\/uploads\/2016\/07\/050716-policia-presidentedosindicatopolicialfederal-tvgazeta.jpg\",\"contentUrl\":\"https:\/\/nk7-testes.com.br\/agazeta\/wp-content\/uploads\/2016\/07\/050716-policia-presidentedosindicatopolicialfederal-tvgazeta.jpg\",\"width\":458,\"height\":340,\"caption\":\"050716-policia-presidentedosindicatopolicialfederal-tvgazeta\"},{\"@type\":\"BreadcrumbList\",\"@id\":\"https:\/\/nk7-testes.com.br\/agazeta\/sindicato-relativiza-porte-de-arma-dentro-da-boate\/#breadcrumb\",\"itemListElement\":[{\"@type\":\"ListItem\",\"position\":1,\"name\":\"In\u00edcio\",\"item\":\"https:\/\/nk7-testes.com.br\/agazeta\/\"},{\"@type\":\"ListItem\",\"position\":2,\"name\":\"Sindicato relativiza porte de arma dentro da boate\"}]},{\"@type\":\"WebSite\",\"@id\":\"https:\/\/nk7-testes.com.br\/agazeta\/#website\",\"url\":\"https:\/\/nk7-testes.com.br\/agazeta\/\",\"name\":\"Agazeta.net\",\"description\":\"Agazeta.net - Not\u00edcias de Rio Branco\/AC\",\"potentialAction\":[{\"@type\":\"SearchAction\",\"target\":{\"@type\":\"EntryPoint\",\"urlTemplate\":\"https:\/\/nk7-testes.com.br\/agazeta\/?s={search_term_string}\"},\"query-input\":{\"@type\":\"PropertyValueSpecification\",\"valueRequired\":true,\"valueName\":\"search_term_string\"}}],\"inLanguage\":\"pt-BR\"},{\"@type\":\"Person\",\"@id\":\"https:\/\/nk7-testes.com.br\/agazeta\/#\/schema\/person\/6d6e25cb0435eb4a02fd44d30b4e3020\",\"name\":\"Agazeta.Net\",\"url\":\"https:\/\/nk7-testes.com.br\/agazeta\/author\/agazeta\/\"}]}<\/script>\n<!-- \/ Yoast SEO plugin. -->","yoast_head_json":{"title":"Sindicato relativiza porte de arma dentro da boate - Agazeta.net","robots":{"index":"index","follow":"follow","max-snippet":"max-snippet:-1","max-image-preview":"max-image-preview:large","max-video-preview":"max-video-preview:-1"},"canonical":"https:\/\/nk7-testes.com.br\/agazeta\/sindicato-relativiza-porte-de-arma-dentro-da-boate\/","og_locale":"pt_BR","og_type":"article","og_title":"Sindicato relativiza porte de arma dentro da boate - Agazeta.net","og_description":"\u201cSaber se portar em ambientes onde podem se expor a risco\u201d","og_url":"https:\/\/nk7-testes.com.br\/agazeta\/sindicato-relativiza-porte-de-arma-dentro-da-boate\/","og_site_name":"Agazeta.net","article_published_time":"2016-07-05T20:42:03+00:00","og_image":[{"width":458,"height":340,"url":"https:\/\/nk7-testes.com.br\/agazeta\/wp-content\/uploads\/2016\/07\/050716-policia-presidentedosindicatopolicialfederal-tvgazeta.jpg","type":"image\/jpeg"}],"author":"Agazeta.Net","twitter_card":"summary_large_image","twitter_misc":{"Escrito por":"Agazeta.Net","Est. tempo de leitura":"2 minutos"},"schema":{"@context":"https:\/\/schema.org","@graph":[{"@type":"WebPage","@id":"https:\/\/nk7-testes.com.br\/agazeta\/sindicato-relativiza-porte-de-arma-dentro-da-boate\/","url":"https:\/\/nk7-testes.com.br\/agazeta\/sindicato-relativiza-porte-de-arma-dentro-da-boate\/","name":"Sindicato relativiza porte de arma dentro da boate - Agazeta.net","isPartOf":{"@id":"https:\/\/nk7-testes.com.br\/agazeta\/#website"},"primaryImageOfPage":{"@id":"https:\/\/nk7-testes.com.br\/agazeta\/sindicato-relativiza-porte-de-arma-dentro-da-boate\/#primaryimage"},"image":{"@id":"https:\/\/nk7-testes.com.br\/agazeta\/sindicato-relativiza-porte-de-arma-dentro-da-boate\/#primaryimage"},"thumbnailUrl":"https:\/\/nk7-testes.com.br\/agazeta\/wp-content\/uploads\/2016\/07\/050716-policia-presidentedosindicatopolicialfederal-tvgazeta.jpg","datePublished":"2016-07-05T20:42:03+00:00","author":{"@id":"https:\/\/nk7-testes.com.br\/agazeta\/#\/schema\/person\/6d6e25cb0435eb4a02fd44d30b4e3020"},"breadcrumb":{"@id":"https:\/\/nk7-testes.com.br\/agazeta\/sindicato-relativiza-porte-de-arma-dentro-da-boate\/#breadcrumb"},"inLanguage":"pt-BR","potentialAction":[{"@type":"ReadAction","target":["https:\/\/nk7-testes.com.br\/agazeta\/sindicato-relativiza-porte-de-arma-dentro-da-boate\/"]}]},{"@type":"ImageObject","inLanguage":"pt-BR","@id":"https:\/\/nk7-testes.com.br\/agazeta\/sindicato-relativiza-porte-de-arma-dentro-da-boate\/#primaryimage","url":"https:\/\/nk7-testes.com.br\/agazeta\/wp-content\/uploads\/2016\/07\/050716-policia-presidentedosindicatopolicialfederal-tvgazeta.jpg","contentUrl":"https:\/\/nk7-testes.com.br\/agazeta\/wp-content\/uploads\/2016\/07\/050716-policia-presidentedosindicatopolicialfederal-tvgazeta.jpg","width":458,"height":340,"caption":"050716-policia-presidentedosindicatopolicialfederal-tvgazeta"},{"@type":"BreadcrumbList","@id":"https:\/\/nk7-testes.com.br\/agazeta\/sindicato-relativiza-porte-de-arma-dentro-da-boate\/#breadcrumb","itemListElement":[{"@type":"ListItem","position":1,"name":"In\u00edcio","item":"https:\/\/nk7-testes.com.br\/agazeta\/"},{"@type":"ListItem","position":2,"name":"Sindicato relativiza porte de arma dentro da boate"}]},{"@type":"WebSite","@id":"https:\/\/nk7-testes.com.br\/agazeta\/#website","url":"https:\/\/nk7-testes.com.br\/agazeta\/","name":"Agazeta.net","description":"Agazeta.net - Not\u00edcias de Rio Branco\/AC","potentialAction":[{"@type":"SearchAction","target":{"@type":"EntryPoint","urlTemplate":"https:\/\/nk7-testes.com.br\/agazeta\/?s={search_term_string}"},"query-input":{"@type":"PropertyValueSpecification","valueRequired":true,"valueName":"search_term_string"}}],"inLanguage":"pt-BR"},{"@type":"Person","@id":"https:\/\/nk7-testes.com.br\/agazeta\/#\/schema\/person\/6d6e25cb0435eb4a02fd44d30b4e3020","name":"Agazeta.Net","url":"https:\/\/nk7-testes.com.br\/agazeta\/author\/agazeta\/"}]}},"_links":{"self":[{"href":"https:\/\/nk7-testes.com.br\/agazeta\/wp-json\/wp\/v2\/posts\/23651","targetHints":{"allow":["GET"]}}],"collection":[{"href":"https:\/\/nk7-testes.com.br\/agazeta\/wp-json\/wp\/v2\/posts"}],"about":[{"href":"https:\/\/nk7-testes.com.br\/agazeta\/wp-json\/wp\/v2\/types\/post"}],"author":[{"embeddable":true,"href":"https:\/\/nk7-testes.com.br\/agazeta\/wp-json\/wp\/v2\/users\/4"}],"replies":[{"embeddable":true,"href":"https:\/\/nk7-testes.com.br\/agazeta\/wp-json\/wp\/v2\/comments?post=23651"}],"version-history":[{"count":0,"href":"https:\/\/nk7-testes.com.br\/agazeta\/wp-json\/wp\/v2\/posts\/23651\/revisions"}],"wp:featuredmedia":[{"embeddable":true,"href":"https:\/\/nk7-testes.com.br\/agazeta\/wp-json\/wp\/v2\/media\/23650"}],"wp:attachment":[{"href":"https:\/\/nk7-testes.com.br\/agazeta\/wp-json\/wp\/v2\/media?parent=23651"}],"wp:term":[{"taxonomy":"category","embeddable":true,"href":"https:\/\/nk7-testes.com.br\/agazeta\/wp-json\/wp\/v2\/categories?post=23651"},{"taxonomy":"post_tag","embeddable":true,"href":"https:\/\/nk7-testes.com.br\/agazeta\/wp-json\/wp\/v2\/tags?post=23651"}],"curies":[{"name":"wp","href":"https:\/\/api.w.org\/{rel}","templated":true}]}}