{"id":23634,"date":"2016-07-04T22:03:45","date_gmt":"2016-07-04T22:03:45","guid":{"rendered":"https:\/\/abarevegan.com.br\/index.php\/2016\/07\/04\/pm-prende-mulher-por-trafico-de-drogas\/"},"modified":"2016-07-04T22:03:45","modified_gmt":"2016-07-04T22:03:45","slug":"pm-prende-mulher-por-trafico-de-drogas","status":"publish","type":"post","link":"https:\/\/nk7-testes.com.br\/agazeta\/pm-prende-mulher-por-trafico-de-drogas\/","title":{"rendered":"PM prende mulher por tr\u00e1fico de drogas"},"content":{"rendered":"<p style=\"text-align: justify;\">Apreens\u00e3o foi feita no bairro Prevent\u00f3rio<\/p>\n<p style=\"text-align: justify;\">Rosa Maria de Lima, 28, foi presa no final da noite deste domingo, 3, por homens do 3\u00ba Batalh\u00e3o de Pol\u00edcia Militar (3\u00ba BPM), no Bairro Prevent\u00f3rio. Com ela, foram apreendidos 15 tabletes de maconha e dois pacotes de coca\u00edna.<\/p>\n<p style=\"text-align: justify;\">Segundo informa\u00e7\u00f5es do Boletim de Ocorr\u00eancia, a guarni\u00e7\u00e3o foi acionada para atender uma ocorr\u00eancia de viol\u00eancia dom\u00e9stica. Ao chegar ao endere\u00e7o, foi encontrado a senhora Rosa Maria, que informava ter sido agredida pelo seu companheiro, mas ele j\u00e1 havia sa\u00eddo da resid\u00eancia.<\/p>\n<p style=\"text-align: justify;\">Ainda de acordo com o Boletim de Ocorr\u00eancia, em conversa com a senhora Rosa Maria, ela informou que utilizava a resid\u00eancia para venda de entorpecentes. Ela apresentou uma sacola com v\u00e1rias trouxinhas de coca\u00edna. Na casa, foram encontrados mais 15 tabletes de maconha e dois pacotes de coca\u00edna.<\/p>\n<p style=\"text-align: justify;\">Os policiais deram voz de pris\u00e3o a Rosa Maria, que foi conduzida at\u00e9 a Delegacia de Flagrantes (Defla) da Pol\u00edcia Civil.<\/p>\n","protected":false},"excerpt":{"rendered":"<p style=\"text-align: justify;\">Apreens\u00e3o foi feita no bairro Prevent\u00f3rio<\/p>\n","protected":false},"author":4,"featured_media":23633,"comment_status":"open","ping_status":"open","sticky":false,"template":"","format":"standard","meta":{"jnews-multi-image_gallery":[],"jnews_single_post":[],"jnews_primary_category":[],"jnews_social_meta":[],"jnews_review":[],"enable_review":"","type":"","name":"","summary":"","brand":"","sku":"","good":[],"bad":[],"score_override":"","override_value":"","rating":[],"price":[],"footnotes":""},"categories":[44],"tags":[],"class_list":["post-23634","post","type-post","status-publish","format-standard","has-post-thumbnail","hentry","category-policia"],"yoast_head":"<!-- This site is optimized with the Yoast SEO plugin v26.5 - https:\/\/yoast.com\/wordpress\/plugins\/seo\/ -->\n<title>PM prende mulher por tr\u00e1fico de drogas - Agazeta.net<\/title>\n<meta name=\"robots\" content=\"index, follow, max-snippet:-1, max-image-preview:large, max-video-preview:-1\" \/>\n<link rel=\"canonical\" href=\"https:\/\/nk7-testes.com.br\/agazeta\/pm-prende-mulher-por-trafico-de-drogas\/\" \/>\n<meta property=\"og:locale\" content=\"pt_BR\" \/>\n<meta property=\"og:type\" content=\"article\" \/>\n<meta property=\"og:title\" content=\"PM prende mulher por tr\u00e1fico de drogas - Agazeta.net\" \/>\n<meta property=\"og:description\" content=\"Apreens\u00e3o foi feita no bairro Prevent\u00f3rio\" \/>\n<meta property=\"og:url\" content=\"https:\/\/nk7-testes.com.br\/agazeta\/pm-prende-mulher-por-trafico-de-drogas\/\" \/>\n<meta property=\"og:site_name\" content=\"Agazeta.net\" \/>\n<meta property=\"article:published_time\" content=\"2016-07-04T22:03:45+00:00\" \/>\n<meta property=\"og:image\" content=\"https:\/\/nk7-testes.com.br\/agazeta\/wp-content\/uploads\/2016\/07\/040716-policia-drogaspreventorio-ascom.jpg\" \/>\n\t<meta property=\"og:image:width\" content=\"458\" \/>\n\t<meta property=\"og:image:height\" content=\"340\" \/>\n\t<meta property=\"og:image:type\" content=\"image\/jpeg\" \/>\n<meta name=\"author\" content=\"Agazeta.Net\" \/>\n<meta name=\"twitter:card\" content=\"summary_large_image\" \/>\n<meta name=\"twitter:label1\" content=\"Escrito por\" \/>\n\t<meta name=\"twitter:data1\" content=\"Agazeta.Net\" \/>\n\t<meta name=\"twitter:label2\" content=\"Est. tempo de leitura\" \/>\n\t<meta name=\"twitter:data2\" content=\"1 minuto\" \/>\n<script type=\"application\/ld+json\" class=\"yoast-schema-graph\">{\"@context\":\"https:\/\/schema.org\",\"@graph\":[{\"@type\":\"WebPage\",\"@id\":\"https:\/\/nk7-testes.com.br\/agazeta\/pm-prende-mulher-por-trafico-de-drogas\/\",\"url\":\"https:\/\/nk7-testes.com.br\/agazeta\/pm-prende-mulher-por-trafico-de-drogas\/\",\"name\":\"PM prende mulher por tr\u00e1fico de drogas - Agazeta.net\",\"isPartOf\":{\"@id\":\"https:\/\/nk7-testes.com.br\/agazeta\/#website\"},\"primaryImageOfPage\":{\"@id\":\"https:\/\/nk7-testes.com.br\/agazeta\/pm-prende-mulher-por-trafico-de-drogas\/#primaryimage\"},\"image\":{\"@id\":\"https:\/\/nk7-testes.com.br\/agazeta\/pm-prende-mulher-por-trafico-de-drogas\/#primaryimage\"},\"thumbnailUrl\":\"https:\/\/nk7-testes.com.br\/agazeta\/wp-content\/uploads\/2016\/07\/040716-policia-drogaspreventorio-ascom.jpg\",\"datePublished\":\"2016-07-04T22:03:45+00:00\",\"author\":{\"@id\":\"https:\/\/nk7-testes.com.br\/agazeta\/#\/schema\/person\/6d6e25cb0435eb4a02fd44d30b4e3020\"},\"breadcrumb\":{\"@id\":\"https:\/\/nk7-testes.com.br\/agazeta\/pm-prende-mulher-por-trafico-de-drogas\/#breadcrumb\"},\"inLanguage\":\"pt-BR\",\"potentialAction\":[{\"@type\":\"ReadAction\",\"target\":[\"https:\/\/nk7-testes.com.br\/agazeta\/pm-prende-mulher-por-trafico-de-drogas\/\"]}]},{\"@type\":\"ImageObject\",\"inLanguage\":\"pt-BR\",\"@id\":\"https:\/\/nk7-testes.com.br\/agazeta\/pm-prende-mulher-por-trafico-de-drogas\/#primaryimage\",\"url\":\"https:\/\/nk7-testes.com.br\/agazeta\/wp-content\/uploads\/2016\/07\/040716-policia-drogaspreventorio-ascom.jpg\",\"contentUrl\":\"https:\/\/nk7-testes.com.br\/agazeta\/wp-content\/uploads\/2016\/07\/040716-policia-drogaspreventorio-ascom.jpg\",\"width\":458,\"height\":340,\"caption\":\"040716-policia-drogaspreventorio-ascom\"},{\"@type\":\"BreadcrumbList\",\"@id\":\"https:\/\/nk7-testes.com.br\/agazeta\/pm-prende-mulher-por-trafico-de-drogas\/#breadcrumb\",\"itemListElement\":[{\"@type\":\"ListItem\",\"position\":1,\"name\":\"In\u00edcio\",\"item\":\"https:\/\/nk7-testes.com.br\/agazeta\/\"},{\"@type\":\"ListItem\",\"position\":2,\"name\":\"PM prende mulher por tr\u00e1fico de drogas\"}]},{\"@type\":\"WebSite\",\"@id\":\"https:\/\/nk7-testes.com.br\/agazeta\/#website\",\"url\":\"https:\/\/nk7-testes.com.br\/agazeta\/\",\"name\":\"Agazeta.net\",\"description\":\"Agazeta.net - Not\u00edcias de Rio Branco\/AC\",\"potentialAction\":[{\"@type\":\"SearchAction\",\"target\":{\"@type\":\"EntryPoint\",\"urlTemplate\":\"https:\/\/nk7-testes.com.br\/agazeta\/?s={search_term_string}\"},\"query-input\":{\"@type\":\"PropertyValueSpecification\",\"valueRequired\":true,\"valueName\":\"search_term_string\"}}],\"inLanguage\":\"pt-BR\"},{\"@type\":\"Person\",\"@id\":\"https:\/\/nk7-testes.com.br\/agazeta\/#\/schema\/person\/6d6e25cb0435eb4a02fd44d30b4e3020\",\"name\":\"Agazeta.Net\",\"url\":\"https:\/\/nk7-testes.com.br\/agazeta\/author\/agazeta\/\"}]}<\/script>\n<!-- \/ Yoast SEO plugin. -->","yoast_head_json":{"title":"PM prende mulher por tr\u00e1fico de drogas - Agazeta.net","robots":{"index":"index","follow":"follow","max-snippet":"max-snippet:-1","max-image-preview":"max-image-preview:large","max-video-preview":"max-video-preview:-1"},"canonical":"https:\/\/nk7-testes.com.br\/agazeta\/pm-prende-mulher-por-trafico-de-drogas\/","og_locale":"pt_BR","og_type":"article","og_title":"PM prende mulher por tr\u00e1fico de drogas - Agazeta.net","og_description":"Apreens\u00e3o foi feita no bairro Prevent\u00f3rio","og_url":"https:\/\/nk7-testes.com.br\/agazeta\/pm-prende-mulher-por-trafico-de-drogas\/","og_site_name":"Agazeta.net","article_published_time":"2016-07-04T22:03:45+00:00","og_image":[{"width":458,"height":340,"url":"https:\/\/nk7-testes.com.br\/agazeta\/wp-content\/uploads\/2016\/07\/040716-policia-drogaspreventorio-ascom.jpg","type":"image\/jpeg"}],"author":"Agazeta.Net","twitter_card":"summary_large_image","twitter_misc":{"Escrito por":"Agazeta.Net","Est. tempo de leitura":"1 minuto"},"schema":{"@context":"https:\/\/schema.org","@graph":[{"@type":"WebPage","@id":"https:\/\/nk7-testes.com.br\/agazeta\/pm-prende-mulher-por-trafico-de-drogas\/","url":"https:\/\/nk7-testes.com.br\/agazeta\/pm-prende-mulher-por-trafico-de-drogas\/","name":"PM prende mulher por tr\u00e1fico de drogas - Agazeta.net","isPartOf":{"@id":"https:\/\/nk7-testes.com.br\/agazeta\/#website"},"primaryImageOfPage":{"@id":"https:\/\/nk7-testes.com.br\/agazeta\/pm-prende-mulher-por-trafico-de-drogas\/#primaryimage"},"image":{"@id":"https:\/\/nk7-testes.com.br\/agazeta\/pm-prende-mulher-por-trafico-de-drogas\/#primaryimage"},"thumbnailUrl":"https:\/\/nk7-testes.com.br\/agazeta\/wp-content\/uploads\/2016\/07\/040716-policia-drogaspreventorio-ascom.jpg","datePublished":"2016-07-04T22:03:45+00:00","author":{"@id":"https:\/\/nk7-testes.com.br\/agazeta\/#\/schema\/person\/6d6e25cb0435eb4a02fd44d30b4e3020"},"breadcrumb":{"@id":"https:\/\/nk7-testes.com.br\/agazeta\/pm-prende-mulher-por-trafico-de-drogas\/#breadcrumb"},"inLanguage":"pt-BR","potentialAction":[{"@type":"ReadAction","target":["https:\/\/nk7-testes.com.br\/agazeta\/pm-prende-mulher-por-trafico-de-drogas\/"]}]},{"@type":"ImageObject","inLanguage":"pt-BR","@id":"https:\/\/nk7-testes.com.br\/agazeta\/pm-prende-mulher-por-trafico-de-drogas\/#primaryimage","url":"https:\/\/nk7-testes.com.br\/agazeta\/wp-content\/uploads\/2016\/07\/040716-policia-drogaspreventorio-ascom.jpg","contentUrl":"https:\/\/nk7-testes.com.br\/agazeta\/wp-content\/uploads\/2016\/07\/040716-policia-drogaspreventorio-ascom.jpg","width":458,"height":340,"caption":"040716-policia-drogaspreventorio-ascom"},{"@type":"BreadcrumbList","@id":"https:\/\/nk7-testes.com.br\/agazeta\/pm-prende-mulher-por-trafico-de-drogas\/#breadcrumb","itemListElement":[{"@type":"ListItem","position":1,"name":"In\u00edcio","item":"https:\/\/nk7-testes.com.br\/agazeta\/"},{"@type":"ListItem","position":2,"name":"PM prende mulher por tr\u00e1fico de drogas"}]},{"@type":"WebSite","@id":"https:\/\/nk7-testes.com.br\/agazeta\/#website","url":"https:\/\/nk7-testes.com.br\/agazeta\/","name":"Agazeta.net","description":"Agazeta.net - Not\u00edcias de Rio Branco\/AC","potentialAction":[{"@type":"SearchAction","target":{"@type":"EntryPoint","urlTemplate":"https:\/\/nk7-testes.com.br\/agazeta\/?s={search_term_string}"},"query-input":{"@type":"PropertyValueSpecification","valueRequired":true,"valueName":"search_term_string"}}],"inLanguage":"pt-BR"},{"@type":"Person","@id":"https:\/\/nk7-testes.com.br\/agazeta\/#\/schema\/person\/6d6e25cb0435eb4a02fd44d30b4e3020","name":"Agazeta.Net","url":"https:\/\/nk7-testes.com.br\/agazeta\/author\/agazeta\/"}]}},"_links":{"self":[{"href":"https:\/\/nk7-testes.com.br\/agazeta\/wp-json\/wp\/v2\/posts\/23634","targetHints":{"allow":["GET"]}}],"collection":[{"href":"https:\/\/nk7-testes.com.br\/agazeta\/wp-json\/wp\/v2\/posts"}],"about":[{"href":"https:\/\/nk7-testes.com.br\/agazeta\/wp-json\/wp\/v2\/types\/post"}],"author":[{"embeddable":true,"href":"https:\/\/nk7-testes.com.br\/agazeta\/wp-json\/wp\/v2\/users\/4"}],"replies":[{"embeddable":true,"href":"https:\/\/nk7-testes.com.br\/agazeta\/wp-json\/wp\/v2\/comments?post=23634"}],"version-history":[{"count":0,"href":"https:\/\/nk7-testes.com.br\/agazeta\/wp-json\/wp\/v2\/posts\/23634\/revisions"}],"wp:featuredmedia":[{"embeddable":true,"href":"https:\/\/nk7-testes.com.br\/agazeta\/wp-json\/wp\/v2\/media\/23633"}],"wp:attachment":[{"href":"https:\/\/nk7-testes.com.br\/agazeta\/wp-json\/wp\/v2\/media?parent=23634"}],"wp:term":[{"taxonomy":"category","embeddable":true,"href":"https:\/\/nk7-testes.com.br\/agazeta\/wp-json\/wp\/v2\/categories?post=23634"},{"taxonomy":"post_tag","embeddable":true,"href":"https:\/\/nk7-testes.com.br\/agazeta\/wp-json\/wp\/v2\/tags?post=23634"}],"curies":[{"name":"wp","href":"https:\/\/api.w.org\/{rel}","templated":true}]}}