{"id":23625,"date":"2016-07-04T18:13:45","date_gmt":"2016-07-04T18:13:45","guid":{"rendered":"https:\/\/abarevegan.com.br\/index.php\/2016\/07\/04\/mais-um-afogamento-registrado-este-fim-de-semana\/"},"modified":"2016-07-04T18:13:45","modified_gmt":"2016-07-04T18:13:45","slug":"mais-um-afogamento-registrado-este-fim-de-semana","status":"publish","type":"post","link":"https:\/\/nk7-testes.com.br\/agazeta\/mais-um-afogamento-registrado-este-fim-de-semana\/","title":{"rendered":"Mais um afogamento registrado neste fim de semana"},"content":{"rendered":"<p style=\"text-align: justify;\">Corpo de jovem desaparecido no domingo foi encontrado hoje<\/p>\n<p style=\"text-align: justify;\">Fernando Gadelha Silva, 18 anos, foi encontrado sem vida por uma equipe do Corpo de Bombeiros na manh\u00e3 desta segunda-feira (4),no munic\u00edpio de Sena Madureira. A suspeita \u00e9 de afogamento.<\/p>\n<p style=\"text-align: justify;\">De acordo com o Major Falc\u00e3o, Fernando teria desaparecido ainda na tarde de domingo, quando segundo familiares o jovem teria sa\u00eddo para banhar-se no rio.<\/p>\n<p style=\"text-align: justify;\">Ainda segundo o Major do Corpo de Bombeiros, a informa\u00e7\u00e3o do desaparecimento do jovem s\u00f3 repassada aos bombeiros hoje por volta de 1h da madrugada. \u201cComo \u00e9 procedimento padr\u00e3o do Corpo de Bombeiros n\u00e3o fazer buscas a noite, a equipe iniciou busca hoje por volta de oito horas, quarenta minutos depois o corpo do jovem foi encontrado. \u201d<\/p>\n<p style=\"text-align: justify;\">A suspeita \u00e9 de afogamento, mas Falc\u00e3o explicou que \u00e9 preciso aguardar o laudo pericial que pode apontar outra causa para a morte de Fernando.<\/p>\n","protected":false},"excerpt":{"rendered":"<p style=\"text-align: justify;\">Corpo de jovem desaparecido no domingo foi encontrado hoje<\/p>\n","protected":false},"author":4,"featured_media":23624,"comment_status":"open","ping_status":"open","sticky":false,"template":"","format":"standard","meta":{"jnews-multi-image_gallery":[],"jnews_single_post":[],"jnews_primary_category":[],"jnews_social_meta":[],"jnews_review":[],"enable_review":"","type":"","name":"","summary":"","brand":"","sku":"","good":[],"bad":[],"score_override":"","override_value":"","rating":[],"price":[],"footnotes":""},"categories":[44],"tags":[],"class_list":["post-23625","post","type-post","status-publish","format-standard","has-post-thumbnail","hentry","category-policia"],"yoast_head":"<!-- This site is optimized with the Yoast SEO plugin v26.5 - https:\/\/yoast.com\/wordpress\/plugins\/seo\/ -->\n<title>Mais um afogamento registrado neste fim de semana - Agazeta.net<\/title>\n<meta name=\"robots\" content=\"index, follow, max-snippet:-1, max-image-preview:large, max-video-preview:-1\" \/>\n<link rel=\"canonical\" href=\"https:\/\/nk7-testes.com.br\/agazeta\/mais-um-afogamento-registrado-este-fim-de-semana\/\" \/>\n<meta property=\"og:locale\" content=\"pt_BR\" \/>\n<meta property=\"og:type\" content=\"article\" \/>\n<meta property=\"og:title\" content=\"Mais um afogamento registrado neste fim de semana - Agazeta.net\" \/>\n<meta property=\"og:description\" content=\"Corpo de jovem desaparecido no domingo foi encontrado hoje\" \/>\n<meta property=\"og:url\" content=\"https:\/\/nk7-testes.com.br\/agazeta\/mais-um-afogamento-registrado-este-fim-de-semana\/\" \/>\n<meta property=\"og:site_name\" content=\"Agazeta.net\" \/>\n<meta property=\"article:published_time\" content=\"2016-07-04T18:13:45+00:00\" \/>\n<meta property=\"og:image\" content=\"https:\/\/nk7-testes.com.br\/agazeta\/wp-content\/uploads\/2016\/07\/040716-afogamento.jpg\" \/>\n\t<meta property=\"og:image:width\" content=\"458\" \/>\n\t<meta property=\"og:image:height\" content=\"340\" \/>\n\t<meta property=\"og:image:type\" content=\"image\/jpeg\" \/>\n<meta name=\"author\" content=\"Agazeta.Net\" \/>\n<meta name=\"twitter:card\" content=\"summary_large_image\" \/>\n<meta name=\"twitter:label1\" content=\"Escrito por\" \/>\n\t<meta name=\"twitter:data1\" content=\"Agazeta.Net\" \/>\n\t<meta name=\"twitter:label2\" content=\"Est. tempo de leitura\" \/>\n\t<meta name=\"twitter:data2\" content=\"1 minuto\" \/>\n<script type=\"application\/ld+json\" class=\"yoast-schema-graph\">{\"@context\":\"https:\/\/schema.org\",\"@graph\":[{\"@type\":\"WebPage\",\"@id\":\"https:\/\/nk7-testes.com.br\/agazeta\/mais-um-afogamento-registrado-este-fim-de-semana\/\",\"url\":\"https:\/\/nk7-testes.com.br\/agazeta\/mais-um-afogamento-registrado-este-fim-de-semana\/\",\"name\":\"Mais um afogamento registrado neste fim de semana - Agazeta.net\",\"isPartOf\":{\"@id\":\"https:\/\/nk7-testes.com.br\/agazeta\/#website\"},\"primaryImageOfPage\":{\"@id\":\"https:\/\/nk7-testes.com.br\/agazeta\/mais-um-afogamento-registrado-este-fim-de-semana\/#primaryimage\"},\"image\":{\"@id\":\"https:\/\/nk7-testes.com.br\/agazeta\/mais-um-afogamento-registrado-este-fim-de-semana\/#primaryimage\"},\"thumbnailUrl\":\"https:\/\/nk7-testes.com.br\/agazeta\/wp-content\/uploads\/2016\/07\/040716-afogamento.jpg\",\"datePublished\":\"2016-07-04T18:13:45+00:00\",\"author\":{\"@id\":\"https:\/\/nk7-testes.com.br\/agazeta\/#\/schema\/person\/6d6e25cb0435eb4a02fd44d30b4e3020\"},\"breadcrumb\":{\"@id\":\"https:\/\/nk7-testes.com.br\/agazeta\/mais-um-afogamento-registrado-este-fim-de-semana\/#breadcrumb\"},\"inLanguage\":\"pt-BR\",\"potentialAction\":[{\"@type\":\"ReadAction\",\"target\":[\"https:\/\/nk7-testes.com.br\/agazeta\/mais-um-afogamento-registrado-este-fim-de-semana\/\"]}]},{\"@type\":\"ImageObject\",\"inLanguage\":\"pt-BR\",\"@id\":\"https:\/\/nk7-testes.com.br\/agazeta\/mais-um-afogamento-registrado-este-fim-de-semana\/#primaryimage\",\"url\":\"https:\/\/nk7-testes.com.br\/agazeta\/wp-content\/uploads\/2016\/07\/040716-afogamento.jpg\",\"contentUrl\":\"https:\/\/nk7-testes.com.br\/agazeta\/wp-content\/uploads\/2016\/07\/040716-afogamento.jpg\",\"width\":458,\"height\":340,\"caption\":\"040716-afogamento\"},{\"@type\":\"BreadcrumbList\",\"@id\":\"https:\/\/nk7-testes.com.br\/agazeta\/mais-um-afogamento-registrado-este-fim-de-semana\/#breadcrumb\",\"itemListElement\":[{\"@type\":\"ListItem\",\"position\":1,\"name\":\"In\u00edcio\",\"item\":\"https:\/\/nk7-testes.com.br\/agazeta\/\"},{\"@type\":\"ListItem\",\"position\":2,\"name\":\"Mais um afogamento registrado neste fim de semana\"}]},{\"@type\":\"WebSite\",\"@id\":\"https:\/\/nk7-testes.com.br\/agazeta\/#website\",\"url\":\"https:\/\/nk7-testes.com.br\/agazeta\/\",\"name\":\"Agazeta.net\",\"description\":\"Agazeta.net - Not\u00edcias de Rio Branco\/AC\",\"potentialAction\":[{\"@type\":\"SearchAction\",\"target\":{\"@type\":\"EntryPoint\",\"urlTemplate\":\"https:\/\/nk7-testes.com.br\/agazeta\/?s={search_term_string}\"},\"query-input\":{\"@type\":\"PropertyValueSpecification\",\"valueRequired\":true,\"valueName\":\"search_term_string\"}}],\"inLanguage\":\"pt-BR\"},{\"@type\":\"Person\",\"@id\":\"https:\/\/nk7-testes.com.br\/agazeta\/#\/schema\/person\/6d6e25cb0435eb4a02fd44d30b4e3020\",\"name\":\"Agazeta.Net\",\"url\":\"https:\/\/nk7-testes.com.br\/agazeta\/author\/agazeta\/\"}]}<\/script>\n<!-- \/ Yoast SEO plugin. -->","yoast_head_json":{"title":"Mais um afogamento registrado neste fim de semana - Agazeta.net","robots":{"index":"index","follow":"follow","max-snippet":"max-snippet:-1","max-image-preview":"max-image-preview:large","max-video-preview":"max-video-preview:-1"},"canonical":"https:\/\/nk7-testes.com.br\/agazeta\/mais-um-afogamento-registrado-este-fim-de-semana\/","og_locale":"pt_BR","og_type":"article","og_title":"Mais um afogamento registrado neste fim de semana - Agazeta.net","og_description":"Corpo de jovem desaparecido no domingo foi encontrado hoje","og_url":"https:\/\/nk7-testes.com.br\/agazeta\/mais-um-afogamento-registrado-este-fim-de-semana\/","og_site_name":"Agazeta.net","article_published_time":"2016-07-04T18:13:45+00:00","og_image":[{"width":458,"height":340,"url":"https:\/\/nk7-testes.com.br\/agazeta\/wp-content\/uploads\/2016\/07\/040716-afogamento.jpg","type":"image\/jpeg"}],"author":"Agazeta.Net","twitter_card":"summary_large_image","twitter_misc":{"Escrito por":"Agazeta.Net","Est. tempo de leitura":"1 minuto"},"schema":{"@context":"https:\/\/schema.org","@graph":[{"@type":"WebPage","@id":"https:\/\/nk7-testes.com.br\/agazeta\/mais-um-afogamento-registrado-este-fim-de-semana\/","url":"https:\/\/nk7-testes.com.br\/agazeta\/mais-um-afogamento-registrado-este-fim-de-semana\/","name":"Mais um afogamento registrado neste fim de semana - Agazeta.net","isPartOf":{"@id":"https:\/\/nk7-testes.com.br\/agazeta\/#website"},"primaryImageOfPage":{"@id":"https:\/\/nk7-testes.com.br\/agazeta\/mais-um-afogamento-registrado-este-fim-de-semana\/#primaryimage"},"image":{"@id":"https:\/\/nk7-testes.com.br\/agazeta\/mais-um-afogamento-registrado-este-fim-de-semana\/#primaryimage"},"thumbnailUrl":"https:\/\/nk7-testes.com.br\/agazeta\/wp-content\/uploads\/2016\/07\/040716-afogamento.jpg","datePublished":"2016-07-04T18:13:45+00:00","author":{"@id":"https:\/\/nk7-testes.com.br\/agazeta\/#\/schema\/person\/6d6e25cb0435eb4a02fd44d30b4e3020"},"breadcrumb":{"@id":"https:\/\/nk7-testes.com.br\/agazeta\/mais-um-afogamento-registrado-este-fim-de-semana\/#breadcrumb"},"inLanguage":"pt-BR","potentialAction":[{"@type":"ReadAction","target":["https:\/\/nk7-testes.com.br\/agazeta\/mais-um-afogamento-registrado-este-fim-de-semana\/"]}]},{"@type":"ImageObject","inLanguage":"pt-BR","@id":"https:\/\/nk7-testes.com.br\/agazeta\/mais-um-afogamento-registrado-este-fim-de-semana\/#primaryimage","url":"https:\/\/nk7-testes.com.br\/agazeta\/wp-content\/uploads\/2016\/07\/040716-afogamento.jpg","contentUrl":"https:\/\/nk7-testes.com.br\/agazeta\/wp-content\/uploads\/2016\/07\/040716-afogamento.jpg","width":458,"height":340,"caption":"040716-afogamento"},{"@type":"BreadcrumbList","@id":"https:\/\/nk7-testes.com.br\/agazeta\/mais-um-afogamento-registrado-este-fim-de-semana\/#breadcrumb","itemListElement":[{"@type":"ListItem","position":1,"name":"In\u00edcio","item":"https:\/\/nk7-testes.com.br\/agazeta\/"},{"@type":"ListItem","position":2,"name":"Mais um afogamento registrado neste fim de semana"}]},{"@type":"WebSite","@id":"https:\/\/nk7-testes.com.br\/agazeta\/#website","url":"https:\/\/nk7-testes.com.br\/agazeta\/","name":"Agazeta.net","description":"Agazeta.net - Not\u00edcias de Rio Branco\/AC","potentialAction":[{"@type":"SearchAction","target":{"@type":"EntryPoint","urlTemplate":"https:\/\/nk7-testes.com.br\/agazeta\/?s={search_term_string}"},"query-input":{"@type":"PropertyValueSpecification","valueRequired":true,"valueName":"search_term_string"}}],"inLanguage":"pt-BR"},{"@type":"Person","@id":"https:\/\/nk7-testes.com.br\/agazeta\/#\/schema\/person\/6d6e25cb0435eb4a02fd44d30b4e3020","name":"Agazeta.Net","url":"https:\/\/nk7-testes.com.br\/agazeta\/author\/agazeta\/"}]}},"_links":{"self":[{"href":"https:\/\/nk7-testes.com.br\/agazeta\/wp-json\/wp\/v2\/posts\/23625","targetHints":{"allow":["GET"]}}],"collection":[{"href":"https:\/\/nk7-testes.com.br\/agazeta\/wp-json\/wp\/v2\/posts"}],"about":[{"href":"https:\/\/nk7-testes.com.br\/agazeta\/wp-json\/wp\/v2\/types\/post"}],"author":[{"embeddable":true,"href":"https:\/\/nk7-testes.com.br\/agazeta\/wp-json\/wp\/v2\/users\/4"}],"replies":[{"embeddable":true,"href":"https:\/\/nk7-testes.com.br\/agazeta\/wp-json\/wp\/v2\/comments?post=23625"}],"version-history":[{"count":0,"href":"https:\/\/nk7-testes.com.br\/agazeta\/wp-json\/wp\/v2\/posts\/23625\/revisions"}],"wp:featuredmedia":[{"embeddable":true,"href":"https:\/\/nk7-testes.com.br\/agazeta\/wp-json\/wp\/v2\/media\/23624"}],"wp:attachment":[{"href":"https:\/\/nk7-testes.com.br\/agazeta\/wp-json\/wp\/v2\/media?parent=23625"}],"wp:term":[{"taxonomy":"category","embeddable":true,"href":"https:\/\/nk7-testes.com.br\/agazeta\/wp-json\/wp\/v2\/categories?post=23625"},{"taxonomy":"post_tag","embeddable":true,"href":"https:\/\/nk7-testes.com.br\/agazeta\/wp-json\/wp\/v2\/tags?post=23625"}],"curies":[{"name":"wp","href":"https:\/\/api.w.org\/{rel}","templated":true}]}}