{"id":23607,"date":"2016-07-02T16:24:24","date_gmt":"2016-07-02T16:24:24","guid":{"rendered":"https:\/\/abarevegan.com.br\/index.php\/2016\/07\/02\/policial-federal-ja-esta-flagranteado-diz-policia-civil\/"},"modified":"2016-07-02T16:24:24","modified_gmt":"2016-07-02T16:24:24","slug":"policial-federal-ja-esta-flagranteado-diz-policia-civil","status":"publish","type":"post","link":"https:\/\/nk7-testes.com.br\/agazeta\/policial-federal-ja-esta-flagranteado-diz-policia-civil\/","title":{"rendered":"Policial federal j\u00e1 est\u00e1 flagranteado, diz Pol\u00edcia Civil"},"content":{"rendered":"<p style=\"text-align: justify;\">O que leva uma pessoa a ir a uma boate armada?<\/p>\n<p style=\"text-align: justify;\">A Pol\u00edcia Civil abriu inqu\u00e9rito para investigar a morte do estudante de Odontologia Rafael Frota, 26, morto com um tiro no abdome, na boate Set Clube, regi\u00e3o central de Rio Branco. O tiro, de acordo com o que j\u00e1 apurou a Pol\u00edcia Civil, partiu da arma do policial federal Victor Manoel Fernandes Campelo.<br \/>&#8220;Ele vai ser flagranteado agora&#8221;, assegurou o secret\u00e1rio de Estado de Pol\u00edcia Civil, Carlos Portela. &#8220;Ele est\u00e1 sob cust\u00f3dia do Estado e t\u00e3o logo receba alta m\u00e9dica estar\u00e1 \u00e0 disposi\u00e7\u00e3o da Justi\u00e7a&#8221;.<\/p>\n<p style=\"text-align: justify;\">Pelo que foi apurado at\u00e9 agora pela pol\u00edcia, houve uma briga entre Victor Campelo e outro jovem. Nessa briga, o policial federal sacou a arma e deu o primeiro disparo que atingiu o estudante Rafael.<\/p>\n<p style=\"text-align: justify;\">Os dois disparos seguintes atingiram o rapaz que brigava com o policial. Os tiros atingiram a perna e uma axila. O quarto e \u00faltimo disparo atingiu a perna do pr\u00f3prio Victor.<\/p>\n<p style=\"text-align: justify;\">A boate Set Clube est\u00e1 localizada nos autos do posto de gasolina AutoParque, na Marechal Deodoro, pr\u00f3ximo ao Parque da Maternidade, regi\u00e3o central de Rio Branco.<br \/>O incidente envolvendo a morte do jovem estudante Rafael Frota, assassinado por um policial que n\u00e3o estava em servi\u00e7o retoma o debate a respeito do porte de arma por profissionais de seguran\u00e7a que n\u00e3o estejam em servi\u00e7o.<\/p>\n<p style=\"text-align: justify;\">Tecnicamente, as normas que tratam do assunto deliberam que, fora do servi\u00e7o, o policial reaja \u201cde forma diferenciada do civil\u201d, vigiando o cen\u00e1rio e acionando a for\u00e7a p\u00fablica de seguran\u00e7a em servi\u00e7o imediatamente. Mas, e quando o policial \u00e9 um dos agentes agressores?<\/p>\n<p style=\"text-align: justify;\"><strong>Policial deveria ter entregue arma na entrada<\/strong><\/p>\n<p style=\"text-align: justify;\">O Estado do Acre possui uma portaria, formalizada pelo Sistema Integrado de Seguran\u00e7a P\u00fablica, que normatiza o uso de armas por parte de policiais que estejam fora do servi\u00e7o.<\/p>\n<p style=\"text-align: justify;\">A portaria, de acordo com o secret\u00e1rio de Estado de Pol\u00edcia Civil, estabelece que o policial fora do trabalho, que esteja em ambientes de lazer, como boates, casas noturnas, deve entragar o armamento na entrada do estabelecimento.<\/p>\n<p style=\"text-align: justify;\">A partir desse instante, a dire\u00e7\u00e3o do estabelecimento passa a ser respons\u00e1vel pela arma. &#8220;Mas, entre os seguran\u00e7as da boate e das casas noturnas, por se tratar de um policial federal, tem-se a postura equivocada de achar que se trata de um policial melhor preparado do que um policial civil&#8221;, compara Portela. &#8220;V\u00ea-se que n\u00e3o \u00e9 bem assim&#8221;.<\/p>\n<p style=\"text-align: justify;\"><strong>Pol\u00edcia Federal divulga nota<\/strong><\/p>\n<p style=\"text-align: justify;\"><em>NOTA DE ESCLARECIMENTO SOBRE O INCIDENTE EM CASA NOTURNA DE RIO BRANCO<\/em><\/p>\n<p>A Pol\u00edcia Federal vem a p\u00fablico esclarecer sobre incidente em casa noturna ocorrido no dia 02\/07\/2016. Inicialmente, confirma a presen\u00e7a de um policial federal no incidente e informa que j\u00e1 instaurou, com a Pol\u00edcia Civil, todos os procedimentos legais para investigar as circunst\u00e2ncias dos fatos.<\/p>\n<p style=\"text-align: justify;\">O policial federal est\u00e1 no hospital tratando de ferimentos causados por disparo de arma de fogo e das escoria\u00e7\u00f5es de poss\u00edveis agress\u00f5es e est\u00e1 \u00e0 disposi\u00e7\u00e3o da Justi\u00e7a.<\/p>\n","protected":false},"excerpt":{"rendered":"<p style=\"text-align: justify;\">O que leva uma pessoa a ir a uma boate armada?<\/p>\n","protected":false},"author":4,"featured_media":23606,"comment_status":"open","ping_status":"open","sticky":false,"template":"","format":"standard","meta":{"jnews-multi-image_gallery":[],"jnews_single_post":[],"jnews_primary_category":[],"jnews_social_meta":[],"jnews_review":[],"enable_review":"","type":"","name":"","summary":"","brand":"","sku":"","good":[],"bad":[],"score_override":"","override_value":"","rating":[],"price":[],"footnotes":""},"categories":[44],"tags":[],"class_list":["post-23607","post","type-post","status-publish","format-standard","has-post-thumbnail","hentry","category-policia"],"yoast_head":"<!-- This site is optimized with the Yoast SEO plugin v26.5 - https:\/\/yoast.com\/wordpress\/plugins\/seo\/ -->\n<title>Policial federal j\u00e1 est\u00e1 flagranteado, diz Pol\u00edcia Civil - Agazeta.net<\/title>\n<meta name=\"robots\" content=\"index, follow, max-snippet:-1, max-image-preview:large, max-video-preview:-1\" \/>\n<link rel=\"canonical\" href=\"https:\/\/nk7-testes.com.br\/agazeta\/policial-federal-ja-esta-flagranteado-diz-policia-civil\/\" \/>\n<meta property=\"og:locale\" content=\"pt_BR\" \/>\n<meta property=\"og:type\" content=\"article\" \/>\n<meta property=\"og:title\" content=\"Policial federal j\u00e1 est\u00e1 flagranteado, diz Pol\u00edcia Civil - Agazeta.net\" \/>\n<meta property=\"og:description\" content=\"O que leva uma pessoa a ir a uma boate armada?\" \/>\n<meta property=\"og:url\" content=\"https:\/\/nk7-testes.com.br\/agazeta\/policial-federal-ja-esta-flagranteado-diz-policia-civil\/\" \/>\n<meta property=\"og:site_name\" content=\"Agazeta.net\" \/>\n<meta property=\"article:published_time\" content=\"2016-07-02T16:24:24+00:00\" \/>\n<meta property=\"og:image\" content=\"https:\/\/nk7-testes.com.br\/agazeta\/wp-content\/uploads\/2016\/07\/020716-policia-estudantemorto-cedida.jpg\" \/>\n\t<meta property=\"og:image:width\" content=\"458\" \/>\n\t<meta property=\"og:image:height\" content=\"340\" \/>\n\t<meta property=\"og:image:type\" content=\"image\/jpeg\" \/>\n<meta name=\"author\" content=\"Agazeta.Net\" \/>\n<meta name=\"twitter:card\" content=\"summary_large_image\" \/>\n<meta name=\"twitter:label1\" content=\"Escrito por\" \/>\n\t<meta name=\"twitter:data1\" content=\"Agazeta.Net\" \/>\n\t<meta name=\"twitter:label2\" content=\"Est. tempo de leitura\" \/>\n\t<meta name=\"twitter:data2\" content=\"3 minutos\" \/>\n<script type=\"application\/ld+json\" class=\"yoast-schema-graph\">{\"@context\":\"https:\/\/schema.org\",\"@graph\":[{\"@type\":\"WebPage\",\"@id\":\"https:\/\/nk7-testes.com.br\/agazeta\/policial-federal-ja-esta-flagranteado-diz-policia-civil\/\",\"url\":\"https:\/\/nk7-testes.com.br\/agazeta\/policial-federal-ja-esta-flagranteado-diz-policia-civil\/\",\"name\":\"Policial federal j\u00e1 est\u00e1 flagranteado, diz Pol\u00edcia Civil - Agazeta.net\",\"isPartOf\":{\"@id\":\"https:\/\/nk7-testes.com.br\/agazeta\/#website\"},\"primaryImageOfPage\":{\"@id\":\"https:\/\/nk7-testes.com.br\/agazeta\/policial-federal-ja-esta-flagranteado-diz-policia-civil\/#primaryimage\"},\"image\":{\"@id\":\"https:\/\/nk7-testes.com.br\/agazeta\/policial-federal-ja-esta-flagranteado-diz-policia-civil\/#primaryimage\"},\"thumbnailUrl\":\"https:\/\/nk7-testes.com.br\/agazeta\/wp-content\/uploads\/2016\/07\/020716-policia-estudantemorto-cedida.jpg\",\"datePublished\":\"2016-07-02T16:24:24+00:00\",\"author\":{\"@id\":\"https:\/\/nk7-testes.com.br\/agazeta\/#\/schema\/person\/6d6e25cb0435eb4a02fd44d30b4e3020\"},\"breadcrumb\":{\"@id\":\"https:\/\/nk7-testes.com.br\/agazeta\/policial-federal-ja-esta-flagranteado-diz-policia-civil\/#breadcrumb\"},\"inLanguage\":\"pt-BR\",\"potentialAction\":[{\"@type\":\"ReadAction\",\"target\":[\"https:\/\/nk7-testes.com.br\/agazeta\/policial-federal-ja-esta-flagranteado-diz-policia-civil\/\"]}]},{\"@type\":\"ImageObject\",\"inLanguage\":\"pt-BR\",\"@id\":\"https:\/\/nk7-testes.com.br\/agazeta\/policial-federal-ja-esta-flagranteado-diz-policia-civil\/#primaryimage\",\"url\":\"https:\/\/nk7-testes.com.br\/agazeta\/wp-content\/uploads\/2016\/07\/020716-policia-estudantemorto-cedida.jpg\",\"contentUrl\":\"https:\/\/nk7-testes.com.br\/agazeta\/wp-content\/uploads\/2016\/07\/020716-policia-estudantemorto-cedida.jpg\",\"width\":458,\"height\":340,\"caption\":\"020716-policia-estudantemorto-cedida\"},{\"@type\":\"BreadcrumbList\",\"@id\":\"https:\/\/nk7-testes.com.br\/agazeta\/policial-federal-ja-esta-flagranteado-diz-policia-civil\/#breadcrumb\",\"itemListElement\":[{\"@type\":\"ListItem\",\"position\":1,\"name\":\"In\u00edcio\",\"item\":\"https:\/\/nk7-testes.com.br\/agazeta\/\"},{\"@type\":\"ListItem\",\"position\":2,\"name\":\"Policial federal j\u00e1 est\u00e1 flagranteado, diz Pol\u00edcia Civil\"}]},{\"@type\":\"WebSite\",\"@id\":\"https:\/\/nk7-testes.com.br\/agazeta\/#website\",\"url\":\"https:\/\/nk7-testes.com.br\/agazeta\/\",\"name\":\"Agazeta.net\",\"description\":\"Agazeta.net - Not\u00edcias de Rio Branco\/AC\",\"potentialAction\":[{\"@type\":\"SearchAction\",\"target\":{\"@type\":\"EntryPoint\",\"urlTemplate\":\"https:\/\/nk7-testes.com.br\/agazeta\/?s={search_term_string}\"},\"query-input\":{\"@type\":\"PropertyValueSpecification\",\"valueRequired\":true,\"valueName\":\"search_term_string\"}}],\"inLanguage\":\"pt-BR\"},{\"@type\":\"Person\",\"@id\":\"https:\/\/nk7-testes.com.br\/agazeta\/#\/schema\/person\/6d6e25cb0435eb4a02fd44d30b4e3020\",\"name\":\"Agazeta.Net\",\"url\":\"https:\/\/nk7-testes.com.br\/agazeta\/author\/agazeta\/\"}]}<\/script>\n<!-- \/ Yoast SEO plugin. -->","yoast_head_json":{"title":"Policial federal j\u00e1 est\u00e1 flagranteado, diz Pol\u00edcia Civil - Agazeta.net","robots":{"index":"index","follow":"follow","max-snippet":"max-snippet:-1","max-image-preview":"max-image-preview:large","max-video-preview":"max-video-preview:-1"},"canonical":"https:\/\/nk7-testes.com.br\/agazeta\/policial-federal-ja-esta-flagranteado-diz-policia-civil\/","og_locale":"pt_BR","og_type":"article","og_title":"Policial federal j\u00e1 est\u00e1 flagranteado, diz Pol\u00edcia Civil - Agazeta.net","og_description":"O que leva uma pessoa a ir a uma boate armada?","og_url":"https:\/\/nk7-testes.com.br\/agazeta\/policial-federal-ja-esta-flagranteado-diz-policia-civil\/","og_site_name":"Agazeta.net","article_published_time":"2016-07-02T16:24:24+00:00","og_image":[{"width":458,"height":340,"url":"https:\/\/nk7-testes.com.br\/agazeta\/wp-content\/uploads\/2016\/07\/020716-policia-estudantemorto-cedida.jpg","type":"image\/jpeg"}],"author":"Agazeta.Net","twitter_card":"summary_large_image","twitter_misc":{"Escrito por":"Agazeta.Net","Est. tempo de leitura":"3 minutos"},"schema":{"@context":"https:\/\/schema.org","@graph":[{"@type":"WebPage","@id":"https:\/\/nk7-testes.com.br\/agazeta\/policial-federal-ja-esta-flagranteado-diz-policia-civil\/","url":"https:\/\/nk7-testes.com.br\/agazeta\/policial-federal-ja-esta-flagranteado-diz-policia-civil\/","name":"Policial federal j\u00e1 est\u00e1 flagranteado, diz Pol\u00edcia Civil - Agazeta.net","isPartOf":{"@id":"https:\/\/nk7-testes.com.br\/agazeta\/#website"},"primaryImageOfPage":{"@id":"https:\/\/nk7-testes.com.br\/agazeta\/policial-federal-ja-esta-flagranteado-diz-policia-civil\/#primaryimage"},"image":{"@id":"https:\/\/nk7-testes.com.br\/agazeta\/policial-federal-ja-esta-flagranteado-diz-policia-civil\/#primaryimage"},"thumbnailUrl":"https:\/\/nk7-testes.com.br\/agazeta\/wp-content\/uploads\/2016\/07\/020716-policia-estudantemorto-cedida.jpg","datePublished":"2016-07-02T16:24:24+00:00","author":{"@id":"https:\/\/nk7-testes.com.br\/agazeta\/#\/schema\/person\/6d6e25cb0435eb4a02fd44d30b4e3020"},"breadcrumb":{"@id":"https:\/\/nk7-testes.com.br\/agazeta\/policial-federal-ja-esta-flagranteado-diz-policia-civil\/#breadcrumb"},"inLanguage":"pt-BR","potentialAction":[{"@type":"ReadAction","target":["https:\/\/nk7-testes.com.br\/agazeta\/policial-federal-ja-esta-flagranteado-diz-policia-civil\/"]}]},{"@type":"ImageObject","inLanguage":"pt-BR","@id":"https:\/\/nk7-testes.com.br\/agazeta\/policial-federal-ja-esta-flagranteado-diz-policia-civil\/#primaryimage","url":"https:\/\/nk7-testes.com.br\/agazeta\/wp-content\/uploads\/2016\/07\/020716-policia-estudantemorto-cedida.jpg","contentUrl":"https:\/\/nk7-testes.com.br\/agazeta\/wp-content\/uploads\/2016\/07\/020716-policia-estudantemorto-cedida.jpg","width":458,"height":340,"caption":"020716-policia-estudantemorto-cedida"},{"@type":"BreadcrumbList","@id":"https:\/\/nk7-testes.com.br\/agazeta\/policial-federal-ja-esta-flagranteado-diz-policia-civil\/#breadcrumb","itemListElement":[{"@type":"ListItem","position":1,"name":"In\u00edcio","item":"https:\/\/nk7-testes.com.br\/agazeta\/"},{"@type":"ListItem","position":2,"name":"Policial federal j\u00e1 est\u00e1 flagranteado, diz Pol\u00edcia Civil"}]},{"@type":"WebSite","@id":"https:\/\/nk7-testes.com.br\/agazeta\/#website","url":"https:\/\/nk7-testes.com.br\/agazeta\/","name":"Agazeta.net","description":"Agazeta.net - Not\u00edcias de Rio Branco\/AC","potentialAction":[{"@type":"SearchAction","target":{"@type":"EntryPoint","urlTemplate":"https:\/\/nk7-testes.com.br\/agazeta\/?s={search_term_string}"},"query-input":{"@type":"PropertyValueSpecification","valueRequired":true,"valueName":"search_term_string"}}],"inLanguage":"pt-BR"},{"@type":"Person","@id":"https:\/\/nk7-testes.com.br\/agazeta\/#\/schema\/person\/6d6e25cb0435eb4a02fd44d30b4e3020","name":"Agazeta.Net","url":"https:\/\/nk7-testes.com.br\/agazeta\/author\/agazeta\/"}]}},"_links":{"self":[{"href":"https:\/\/nk7-testes.com.br\/agazeta\/wp-json\/wp\/v2\/posts\/23607","targetHints":{"allow":["GET"]}}],"collection":[{"href":"https:\/\/nk7-testes.com.br\/agazeta\/wp-json\/wp\/v2\/posts"}],"about":[{"href":"https:\/\/nk7-testes.com.br\/agazeta\/wp-json\/wp\/v2\/types\/post"}],"author":[{"embeddable":true,"href":"https:\/\/nk7-testes.com.br\/agazeta\/wp-json\/wp\/v2\/users\/4"}],"replies":[{"embeddable":true,"href":"https:\/\/nk7-testes.com.br\/agazeta\/wp-json\/wp\/v2\/comments?post=23607"}],"version-history":[{"count":0,"href":"https:\/\/nk7-testes.com.br\/agazeta\/wp-json\/wp\/v2\/posts\/23607\/revisions"}],"wp:featuredmedia":[{"embeddable":true,"href":"https:\/\/nk7-testes.com.br\/agazeta\/wp-json\/wp\/v2\/media\/23606"}],"wp:attachment":[{"href":"https:\/\/nk7-testes.com.br\/agazeta\/wp-json\/wp\/v2\/media?parent=23607"}],"wp:term":[{"taxonomy":"category","embeddable":true,"href":"https:\/\/nk7-testes.com.br\/agazeta\/wp-json\/wp\/v2\/categories?post=23607"},{"taxonomy":"post_tag","embeddable":true,"href":"https:\/\/nk7-testes.com.br\/agazeta\/wp-json\/wp\/v2\/tags?post=23607"}],"curies":[{"name":"wp","href":"https:\/\/api.w.org\/{rel}","templated":true}]}}