{"id":23605,"date":"2016-07-01T21:25:46","date_gmt":"2016-07-01T21:25:46","guid":{"rendered":"https:\/\/abarevegan.com.br\/index.php\/2016\/07\/01\/jovem-que-denunciou-tres-meninos-por-estupro-se-arrepende\/"},"modified":"2016-07-01T21:25:46","modified_gmt":"2016-07-01T21:25:46","slug":"jovem-que-denunciou-tres-meninos-por-estupro-se-arrepende","status":"publish","type":"post","link":"https:\/\/nk7-testes.com.br\/agazeta\/jovem-que-denunciou-tres-meninos-por-estupro-se-arrepende\/","title":{"rendered":"Jovem que denunciou tr\u00eas meninos por estupro se arrepende"},"content":{"rendered":"<p style=\"text-align: justify;\">Ela pede desculpas \u00e0s fam\u00edlias dos envolvidos<\/p>\n<p style=\"text-align: justify;\">No dia 14 de junho, tr\u00eas meninos foram presos, acusados de estuprar uma adolescente de 13 anos. A suposta viol\u00eancia sexual teria acontecido na casa do ex-namorado da v\u00edtima, um jovem de 18 anos, no bairro Belo Jardim II.<\/p>\n<p style=\"text-align: justify;\">Contudo, agora a menor volta atr\u00e1s e afirma que agiu na hora da raiva e mentiu a pol\u00edcia. \u201cEu estava com raiva do Maicon, mas os meninos n\u00e3o fizeram nada\u201d, disse.<br \/>O ex-namorado da garota foi liberado na audi\u00eancia de cust\u00f3dia, j\u00e1 os outros dois menores de idade continuam internados na Pousada do Menor.<\/p>\n<p style=\"text-align: justify;\">A garota teria se arrependido tr\u00eas dias depois de noticiar os fatos na delegacia. A irm\u00e3 mais velha procurou o pastor da comunidade ap\u00f3s ver esgotar as chances de reverter a situa\u00e7\u00e3o. \u201cMe procurou depois do culto e pediu ajuda por que a mo\u00e7a estava arrependida do que tinha feito. Ela j\u00e1 tinha procurado a delegacia e uma psic\u00f3loga que a estava acompanhando. Mas n\u00e3o teve \u00eaxito\u201d, disse o pastor Fernando Oliveira.<\/p>\n<p style=\"text-align: justify;\">A adolescente afirma que quer corrigir o erro e se desculpar com a fam\u00edlia dos menores envolvidos na den\u00fancia. \u201cEstou muito arrependida. Quero pedir desculpa por que eles n\u00e3o t\u00eam nada a ver e est\u00e3o l\u00e1 apanhando\u201d, arrepende-se a menina.<\/p>\n<p style=\"text-align: justify;\">Uma das m\u00e3es procurou nossa reportagem. Ela est\u00e1 muito nervosa porque somente nesta semana as audi\u00eancias na 1\u00aa Vara da Inf\u00e2ncia e Juventude j\u00e1 foram remarcadas duas vezes e chocou ver o filho com a cabe\u00e7a raspada.<\/p>\n<p style=\"text-align: justify;\">\u201cMeu filho est\u00e1 preso injustamente. Est\u00e3o machucando ele l\u00e1 dentro. Ele t\u00e1 machucado, magro. S\u00f3 quero Justi\u00e7a, pra que acabe esse pesadelo\u201d, afirma a mulher.<\/p>\n<p style=\"text-align: justify;\">Segundo a assessoria da ju\u00edza Rog\u00e9ria Epaminondas, Titular da 1\u00aa Vara da inf\u00e2ncia e juventude da comarca de Rio Branco, ela n\u00e3o poderia se manifestar por que o caso ainda n\u00e3o foi julgado e corre em segredo de Justi\u00e7a.<\/p>\n<p style=\"text-align: justify;\">A fam\u00edlia e a comunidade pedem celeridade. Essa semana uma manifesta\u00e7\u00e3o foi promovida para pedir isso. A menor, que publicamente desmente a not\u00edcia crime ainda n\u00e3o foi ouvida.<\/p>\n","protected":false},"excerpt":{"rendered":"<p style=\"text-align: justify;\">Ela pede desculpas \u00e0s fam\u00edlias dos envolvidos<\/p>\n","protected":false},"author":4,"featured_media":23604,"comment_status":"open","ping_status":"open","sticky":false,"template":"","format":"standard","meta":{"jnews-multi-image_gallery":[],"jnews_single_post":[],"jnews_primary_category":[],"jnews_social_meta":[],"jnews_review":[],"enable_review":"","type":"","name":"","summary":"","brand":"","sku":"","good":[],"bad":[],"score_override":"","override_value":"","rating":[],"price":[],"footnotes":""},"categories":[44],"tags":[],"class_list":["post-23605","post","type-post","status-publish","format-standard","has-post-thumbnail","hentry","category-policia"],"yoast_head":"<!-- This site is optimized with the Yoast SEO plugin v26.5 - https:\/\/yoast.com\/wordpress\/plugins\/seo\/ -->\n<title>Jovem que denunciou tr\u00eas meninos por estupro se arrepende - Agazeta.net<\/title>\n<meta name=\"robots\" content=\"index, follow, max-snippet:-1, max-image-preview:large, max-video-preview:-1\" \/>\n<link rel=\"canonical\" href=\"https:\/\/nk7-testes.com.br\/agazeta\/jovem-que-denunciou-tres-meninos-por-estupro-se-arrepende\/\" \/>\n<meta property=\"og:locale\" content=\"pt_BR\" \/>\n<meta property=\"og:type\" content=\"article\" \/>\n<meta property=\"og:title\" content=\"Jovem que denunciou tr\u00eas meninos por estupro se arrepende - Agazeta.net\" \/>\n<meta property=\"og:description\" content=\"Ela pede desculpas \u00e0s fam\u00edlias dos envolvidos\" \/>\n<meta property=\"og:url\" content=\"https:\/\/nk7-testes.com.br\/agazeta\/jovem-que-denunciou-tres-meninos-por-estupro-se-arrepende\/\" \/>\n<meta property=\"og:site_name\" content=\"Agazeta.net\" \/>\n<meta property=\"article:published_time\" content=\"2016-07-01T21:25:46+00:00\" \/>\n<meta property=\"og:image\" content=\"https:\/\/nk7-testes.com.br\/agazeta\/wp-content\/uploads\/2016\/07\/010716-policia-varainfanciajuventude-agenciatj.jpg\" \/>\n\t<meta property=\"og:image:width\" content=\"458\" \/>\n\t<meta property=\"og:image:height\" content=\"340\" \/>\n\t<meta property=\"og:image:type\" content=\"image\/jpeg\" \/>\n<meta name=\"author\" content=\"Agazeta.Net\" \/>\n<meta name=\"twitter:card\" content=\"summary_large_image\" \/>\n<meta name=\"twitter:label1\" content=\"Escrito por\" \/>\n\t<meta name=\"twitter:data1\" content=\"Agazeta.Net\" \/>\n\t<meta name=\"twitter:label2\" content=\"Est. tempo de leitura\" \/>\n\t<meta name=\"twitter:data2\" content=\"2 minutos\" \/>\n<script type=\"application\/ld+json\" class=\"yoast-schema-graph\">{\"@context\":\"https:\/\/schema.org\",\"@graph\":[{\"@type\":\"WebPage\",\"@id\":\"https:\/\/nk7-testes.com.br\/agazeta\/jovem-que-denunciou-tres-meninos-por-estupro-se-arrepende\/\",\"url\":\"https:\/\/nk7-testes.com.br\/agazeta\/jovem-que-denunciou-tres-meninos-por-estupro-se-arrepende\/\",\"name\":\"Jovem que denunciou tr\u00eas meninos por estupro se arrepende - Agazeta.net\",\"isPartOf\":{\"@id\":\"https:\/\/nk7-testes.com.br\/agazeta\/#website\"},\"primaryImageOfPage\":{\"@id\":\"https:\/\/nk7-testes.com.br\/agazeta\/jovem-que-denunciou-tres-meninos-por-estupro-se-arrepende\/#primaryimage\"},\"image\":{\"@id\":\"https:\/\/nk7-testes.com.br\/agazeta\/jovem-que-denunciou-tres-meninos-por-estupro-se-arrepende\/#primaryimage\"},\"thumbnailUrl\":\"https:\/\/nk7-testes.com.br\/agazeta\/wp-content\/uploads\/2016\/07\/010716-policia-varainfanciajuventude-agenciatj.jpg\",\"datePublished\":\"2016-07-01T21:25:46+00:00\",\"author\":{\"@id\":\"https:\/\/nk7-testes.com.br\/agazeta\/#\/schema\/person\/6d6e25cb0435eb4a02fd44d30b4e3020\"},\"breadcrumb\":{\"@id\":\"https:\/\/nk7-testes.com.br\/agazeta\/jovem-que-denunciou-tres-meninos-por-estupro-se-arrepende\/#breadcrumb\"},\"inLanguage\":\"pt-BR\",\"potentialAction\":[{\"@type\":\"ReadAction\",\"target\":[\"https:\/\/nk7-testes.com.br\/agazeta\/jovem-que-denunciou-tres-meninos-por-estupro-se-arrepende\/\"]}]},{\"@type\":\"ImageObject\",\"inLanguage\":\"pt-BR\",\"@id\":\"https:\/\/nk7-testes.com.br\/agazeta\/jovem-que-denunciou-tres-meninos-por-estupro-se-arrepende\/#primaryimage\",\"url\":\"https:\/\/nk7-testes.com.br\/agazeta\/wp-content\/uploads\/2016\/07\/010716-policia-varainfanciajuventude-agenciatj.jpg\",\"contentUrl\":\"https:\/\/nk7-testes.com.br\/agazeta\/wp-content\/uploads\/2016\/07\/010716-policia-varainfanciajuventude-agenciatj.jpg\",\"width\":458,\"height\":340,\"caption\":\"010716-policia-varainfanciajuventude-agenciatj\"},{\"@type\":\"BreadcrumbList\",\"@id\":\"https:\/\/nk7-testes.com.br\/agazeta\/jovem-que-denunciou-tres-meninos-por-estupro-se-arrepende\/#breadcrumb\",\"itemListElement\":[{\"@type\":\"ListItem\",\"position\":1,\"name\":\"In\u00edcio\",\"item\":\"https:\/\/nk7-testes.com.br\/agazeta\/\"},{\"@type\":\"ListItem\",\"position\":2,\"name\":\"Jovem que denunciou tr\u00eas meninos por estupro se arrepende\"}]},{\"@type\":\"WebSite\",\"@id\":\"https:\/\/nk7-testes.com.br\/agazeta\/#website\",\"url\":\"https:\/\/nk7-testes.com.br\/agazeta\/\",\"name\":\"Agazeta.net\",\"description\":\"Agazeta.net - Not\u00edcias de Rio Branco\/AC\",\"potentialAction\":[{\"@type\":\"SearchAction\",\"target\":{\"@type\":\"EntryPoint\",\"urlTemplate\":\"https:\/\/nk7-testes.com.br\/agazeta\/?s={search_term_string}\"},\"query-input\":{\"@type\":\"PropertyValueSpecification\",\"valueRequired\":true,\"valueName\":\"search_term_string\"}}],\"inLanguage\":\"pt-BR\"},{\"@type\":\"Person\",\"@id\":\"https:\/\/nk7-testes.com.br\/agazeta\/#\/schema\/person\/6d6e25cb0435eb4a02fd44d30b4e3020\",\"name\":\"Agazeta.Net\",\"url\":\"https:\/\/nk7-testes.com.br\/agazeta\/author\/agazeta\/\"}]}<\/script>\n<!-- \/ Yoast SEO plugin. -->","yoast_head_json":{"title":"Jovem que denunciou tr\u00eas meninos por estupro se arrepende - Agazeta.net","robots":{"index":"index","follow":"follow","max-snippet":"max-snippet:-1","max-image-preview":"max-image-preview:large","max-video-preview":"max-video-preview:-1"},"canonical":"https:\/\/nk7-testes.com.br\/agazeta\/jovem-que-denunciou-tres-meninos-por-estupro-se-arrepende\/","og_locale":"pt_BR","og_type":"article","og_title":"Jovem que denunciou tr\u00eas meninos por estupro se arrepende - Agazeta.net","og_description":"Ela pede desculpas \u00e0s fam\u00edlias dos envolvidos","og_url":"https:\/\/nk7-testes.com.br\/agazeta\/jovem-que-denunciou-tres-meninos-por-estupro-se-arrepende\/","og_site_name":"Agazeta.net","article_published_time":"2016-07-01T21:25:46+00:00","og_image":[{"width":458,"height":340,"url":"https:\/\/nk7-testes.com.br\/agazeta\/wp-content\/uploads\/2016\/07\/010716-policia-varainfanciajuventude-agenciatj.jpg","type":"image\/jpeg"}],"author":"Agazeta.Net","twitter_card":"summary_large_image","twitter_misc":{"Escrito por":"Agazeta.Net","Est. tempo de leitura":"2 minutos"},"schema":{"@context":"https:\/\/schema.org","@graph":[{"@type":"WebPage","@id":"https:\/\/nk7-testes.com.br\/agazeta\/jovem-que-denunciou-tres-meninos-por-estupro-se-arrepende\/","url":"https:\/\/nk7-testes.com.br\/agazeta\/jovem-que-denunciou-tres-meninos-por-estupro-se-arrepende\/","name":"Jovem que denunciou tr\u00eas meninos por estupro se arrepende - Agazeta.net","isPartOf":{"@id":"https:\/\/nk7-testes.com.br\/agazeta\/#website"},"primaryImageOfPage":{"@id":"https:\/\/nk7-testes.com.br\/agazeta\/jovem-que-denunciou-tres-meninos-por-estupro-se-arrepende\/#primaryimage"},"image":{"@id":"https:\/\/nk7-testes.com.br\/agazeta\/jovem-que-denunciou-tres-meninos-por-estupro-se-arrepende\/#primaryimage"},"thumbnailUrl":"https:\/\/nk7-testes.com.br\/agazeta\/wp-content\/uploads\/2016\/07\/010716-policia-varainfanciajuventude-agenciatj.jpg","datePublished":"2016-07-01T21:25:46+00:00","author":{"@id":"https:\/\/nk7-testes.com.br\/agazeta\/#\/schema\/person\/6d6e25cb0435eb4a02fd44d30b4e3020"},"breadcrumb":{"@id":"https:\/\/nk7-testes.com.br\/agazeta\/jovem-que-denunciou-tres-meninos-por-estupro-se-arrepende\/#breadcrumb"},"inLanguage":"pt-BR","potentialAction":[{"@type":"ReadAction","target":["https:\/\/nk7-testes.com.br\/agazeta\/jovem-que-denunciou-tres-meninos-por-estupro-se-arrepende\/"]}]},{"@type":"ImageObject","inLanguage":"pt-BR","@id":"https:\/\/nk7-testes.com.br\/agazeta\/jovem-que-denunciou-tres-meninos-por-estupro-se-arrepende\/#primaryimage","url":"https:\/\/nk7-testes.com.br\/agazeta\/wp-content\/uploads\/2016\/07\/010716-policia-varainfanciajuventude-agenciatj.jpg","contentUrl":"https:\/\/nk7-testes.com.br\/agazeta\/wp-content\/uploads\/2016\/07\/010716-policia-varainfanciajuventude-agenciatj.jpg","width":458,"height":340,"caption":"010716-policia-varainfanciajuventude-agenciatj"},{"@type":"BreadcrumbList","@id":"https:\/\/nk7-testes.com.br\/agazeta\/jovem-que-denunciou-tres-meninos-por-estupro-se-arrepende\/#breadcrumb","itemListElement":[{"@type":"ListItem","position":1,"name":"In\u00edcio","item":"https:\/\/nk7-testes.com.br\/agazeta\/"},{"@type":"ListItem","position":2,"name":"Jovem que denunciou tr\u00eas meninos por estupro se arrepende"}]},{"@type":"WebSite","@id":"https:\/\/nk7-testes.com.br\/agazeta\/#website","url":"https:\/\/nk7-testes.com.br\/agazeta\/","name":"Agazeta.net","description":"Agazeta.net - Not\u00edcias de Rio Branco\/AC","potentialAction":[{"@type":"SearchAction","target":{"@type":"EntryPoint","urlTemplate":"https:\/\/nk7-testes.com.br\/agazeta\/?s={search_term_string}"},"query-input":{"@type":"PropertyValueSpecification","valueRequired":true,"valueName":"search_term_string"}}],"inLanguage":"pt-BR"},{"@type":"Person","@id":"https:\/\/nk7-testes.com.br\/agazeta\/#\/schema\/person\/6d6e25cb0435eb4a02fd44d30b4e3020","name":"Agazeta.Net","url":"https:\/\/nk7-testes.com.br\/agazeta\/author\/agazeta\/"}]}},"_links":{"self":[{"href":"https:\/\/nk7-testes.com.br\/agazeta\/wp-json\/wp\/v2\/posts\/23605","targetHints":{"allow":["GET"]}}],"collection":[{"href":"https:\/\/nk7-testes.com.br\/agazeta\/wp-json\/wp\/v2\/posts"}],"about":[{"href":"https:\/\/nk7-testes.com.br\/agazeta\/wp-json\/wp\/v2\/types\/post"}],"author":[{"embeddable":true,"href":"https:\/\/nk7-testes.com.br\/agazeta\/wp-json\/wp\/v2\/users\/4"}],"replies":[{"embeddable":true,"href":"https:\/\/nk7-testes.com.br\/agazeta\/wp-json\/wp\/v2\/comments?post=23605"}],"version-history":[{"count":0,"href":"https:\/\/nk7-testes.com.br\/agazeta\/wp-json\/wp\/v2\/posts\/23605\/revisions"}],"wp:featuredmedia":[{"embeddable":true,"href":"https:\/\/nk7-testes.com.br\/agazeta\/wp-json\/wp\/v2\/media\/23604"}],"wp:attachment":[{"href":"https:\/\/nk7-testes.com.br\/agazeta\/wp-json\/wp\/v2\/media?parent=23605"}],"wp:term":[{"taxonomy":"category","embeddable":true,"href":"https:\/\/nk7-testes.com.br\/agazeta\/wp-json\/wp\/v2\/categories?post=23605"},{"taxonomy":"post_tag","embeddable":true,"href":"https:\/\/nk7-testes.com.br\/agazeta\/wp-json\/wp\/v2\/tags?post=23605"}],"curies":[{"name":"wp","href":"https:\/\/api.w.org\/{rel}","templated":true}]}}