{"id":23599,"date":"2016-07-01T20:01:25","date_gmt":"2016-07-01T20:01:25","guid":{"rendered":"https:\/\/abarevegan.com.br\/index.php\/2016\/07\/01\/governo-decreta-situacao-de-alerta-em-relacao-ao-rio-acre\/"},"modified":"2016-07-01T20:01:25","modified_gmt":"2016-07-01T20:01:25","slug":"governo-decreta-situacao-de-alerta-em-relacao-ao-rio-acre","status":"publish","type":"post","link":"https:\/\/nk7-testes.com.br\/agazeta\/governo-decreta-situacao-de-alerta-em-relacao-ao-rio-acre\/","title":{"rendered":"Governo decreta \u201csitua\u00e7\u00e3o de alerta\u201d em rela\u00e7\u00e3o ao Rio Acre"},"content":{"rendered":"<p style=\"text-align: justify;\">\u00c9 o mais baixo n\u00edvel da hist\u00f3ria do rio para o per\u00edodo<\/p>\n<p style=\"text-align: justify;\">A diminui\u00e7\u00e3o do volume de \u00e1gua do Rio Acre continua preocupando. Durante coletiva de imprensa na manh\u00e3 de hoje, \u00f3rg\u00e3os vinculados \u00e1 execu\u00e7\u00e3o da pol\u00edtica ambiental e secretarias do Estado anunciaram algumas medidas de controle.<\/p>\n<p style=\"text-align: justify;\">Com o n\u00edvel do manancial abaixo do esperado, o Departamento Estadual de Pavimenta\u00e7\u00e3o e Saneamento (Depasa) divulgou o plano de abastecimento de \u00e1gua durante a seca desse ano.<\/p>\n<p style=\"text-align: justify;\">Como a capital depende 100% do Rio Acre para abastecer as casas, ser\u00e3o aplicados R$ 650 mil na aquisi\u00e7\u00e3o de bombas flutuantes, adutoras e novas subesta\u00e7\u00f5es de energia.<\/p>\n<p style=\"text-align: justify;\">Paralelo a isso, o governador Ti\u00e3o Viana assinou decreto de situa\u00e7\u00e3o de alerta devido ao baixo n\u00edvel do rio, principalmente na Capital, mas a seca tamb\u00e9m pode atingir toda a bacia hidrogr\u00e1fica do estado.<\/p>\n<p style=\"text-align: justify;\">A maior seca que o Acre j\u00e1 enfrentou foi no ano de 2005. Mas, o n\u00edvel mais baixo do rio at\u00e9 hoje ocorreu em setembro de 2011, quando o manancial atingiu 1,50m. A previs\u00e3o para 2016 \u00e9 que as \u00e1guas cheguem \u00e0 marca in\u00e9dita de 1,25 m.<\/p>\n<p style=\"text-align: justify;\">Com essa seca, outra preocupa\u00e7\u00e3o \u00e9 com as queimadas, principalmente as urbanas, que s\u00e3o proibidas. De primeiro de janeiro a 30 de junho do ano passado, foram contabilizados 299 focos de calor. No mesmo per\u00edodo de 2016, j\u00e1 s\u00e3o 757 focos.<\/p>\n<p style=\"text-align: justify;\">Hoje, o Rio Acre registrou o mais baixo n\u00edvel de \u00e1gua da hist\u00f3ria para o per\u00edodo: 1,25m. At\u00e9 hoje, o rio tinha atingido o m\u00ednimo de 1,50m, no ver\u00e3o de 2011. O Governo do Acre refor\u00e7ou a Sala de Situa\u00e7\u00e3o integrada por todos os \u00f3rg\u00e3os de execu\u00e7\u00e3o de pol\u00edtica ambiental e Defesa Civil.<\/p>\n","protected":false},"excerpt":{"rendered":"<p style=\"text-align: justify;\">\u00c9 o mais baixo n\u00edvel da hist\u00f3ria do rio para o per\u00edodo<\/p>\n","protected":false},"author":4,"featured_media":23598,"comment_status":"open","ping_status":"open","sticky":false,"template":"","format":"standard","meta":{"jnews-multi-image_gallery":[],"jnews_single_post":[],"jnews_primary_category":[],"jnews_social_meta":[],"jnews_review":[],"enable_review":"","type":"","name":"","summary":"","brand":"","sku":"","good":[],"bad":[],"score_override":"","override_value":"","rating":[],"price":[],"footnotes":""},"categories":[54],"tags":[],"class_list":["post-23599","post","type-post","status-publish","format-standard","has-post-thumbnail","hentry","category-cotidiano"],"yoast_head":"<!-- This site is optimized with the Yoast SEO plugin v26.5 - https:\/\/yoast.com\/wordpress\/plugins\/seo\/ -->\n<title>Governo decreta \u201csitua\u00e7\u00e3o de alerta\u201d em rela\u00e7\u00e3o ao Rio Acre - Agazeta.net<\/title>\n<meta name=\"robots\" content=\"index, follow, max-snippet:-1, max-image-preview:large, max-video-preview:-1\" \/>\n<link rel=\"canonical\" href=\"https:\/\/nk7-testes.com.br\/agazeta\/governo-decreta-situacao-de-alerta-em-relacao-ao-rio-acre\/\" \/>\n<meta property=\"og:locale\" content=\"pt_BR\" \/>\n<meta property=\"og:type\" content=\"article\" \/>\n<meta property=\"og:title\" content=\"Governo decreta \u201csitua\u00e7\u00e3o de alerta\u201d em rela\u00e7\u00e3o ao Rio Acre - Agazeta.net\" \/>\n<meta property=\"og:description\" content=\"\u00c9 o mais baixo n\u00edvel da hist\u00f3ria do rio para o per\u00edodo\" \/>\n<meta property=\"og:url\" content=\"https:\/\/nk7-testes.com.br\/agazeta\/governo-decreta-situacao-de-alerta-em-relacao-ao-rio-acre\/\" \/>\n<meta property=\"og:site_name\" content=\"Agazeta.net\" \/>\n<meta property=\"article:published_time\" content=\"2016-07-01T20:01:25+00:00\" \/>\n<meta property=\"og:image\" content=\"https:\/\/nk7-testes.com.br\/agazeta\/wp-content\/uploads\/2016\/07\/260616-politica-rioacre-tvgazeta.jpg\" \/>\n\t<meta property=\"og:image:width\" content=\"458\" \/>\n\t<meta property=\"og:image:height\" content=\"340\" \/>\n\t<meta property=\"og:image:type\" content=\"image\/jpeg\" \/>\n<meta name=\"author\" content=\"Agazeta.Net\" \/>\n<meta name=\"twitter:card\" content=\"summary_large_image\" \/>\n<meta name=\"twitter:label1\" content=\"Escrito por\" \/>\n\t<meta name=\"twitter:data1\" content=\"Agazeta.Net\" \/>\n\t<meta name=\"twitter:label2\" content=\"Est. tempo de leitura\" \/>\n\t<meta name=\"twitter:data2\" content=\"1 minuto\" \/>\n<script type=\"application\/ld+json\" class=\"yoast-schema-graph\">{\"@context\":\"https:\/\/schema.org\",\"@graph\":[{\"@type\":\"WebPage\",\"@id\":\"https:\/\/nk7-testes.com.br\/agazeta\/governo-decreta-situacao-de-alerta-em-relacao-ao-rio-acre\/\",\"url\":\"https:\/\/nk7-testes.com.br\/agazeta\/governo-decreta-situacao-de-alerta-em-relacao-ao-rio-acre\/\",\"name\":\"Governo decreta \u201csitua\u00e7\u00e3o de alerta\u201d em rela\u00e7\u00e3o ao Rio Acre - Agazeta.net\",\"isPartOf\":{\"@id\":\"https:\/\/nk7-testes.com.br\/agazeta\/#website\"},\"primaryImageOfPage\":{\"@id\":\"https:\/\/nk7-testes.com.br\/agazeta\/governo-decreta-situacao-de-alerta-em-relacao-ao-rio-acre\/#primaryimage\"},\"image\":{\"@id\":\"https:\/\/nk7-testes.com.br\/agazeta\/governo-decreta-situacao-de-alerta-em-relacao-ao-rio-acre\/#primaryimage\"},\"thumbnailUrl\":\"https:\/\/nk7-testes.com.br\/agazeta\/wp-content\/uploads\/2016\/07\/260616-politica-rioacre-tvgazeta.jpg\",\"datePublished\":\"2016-07-01T20:01:25+00:00\",\"author\":{\"@id\":\"https:\/\/nk7-testes.com.br\/agazeta\/#\/schema\/person\/ff6b39d54d6973bfc57f4140f659b23f\"},\"breadcrumb\":{\"@id\":\"https:\/\/nk7-testes.com.br\/agazeta\/governo-decreta-situacao-de-alerta-em-relacao-ao-rio-acre\/#breadcrumb\"},\"inLanguage\":\"pt-BR\",\"potentialAction\":[{\"@type\":\"ReadAction\",\"target\":[\"https:\/\/nk7-testes.com.br\/agazeta\/governo-decreta-situacao-de-alerta-em-relacao-ao-rio-acre\/\"]}]},{\"@type\":\"ImageObject\",\"inLanguage\":\"pt-BR\",\"@id\":\"https:\/\/nk7-testes.com.br\/agazeta\/governo-decreta-situacao-de-alerta-em-relacao-ao-rio-acre\/#primaryimage\",\"url\":\"https:\/\/nk7-testes.com.br\/agazeta\/wp-content\/uploads\/2016\/07\/260616-politica-rioacre-tvgazeta.jpg\",\"contentUrl\":\"https:\/\/nk7-testes.com.br\/agazeta\/wp-content\/uploads\/2016\/07\/260616-politica-rioacre-tvgazeta.jpg\",\"width\":458,\"height\":340,\"caption\":\"260616-politica-rioacre-tvgazeta\"},{\"@type\":\"BreadcrumbList\",\"@id\":\"https:\/\/nk7-testes.com.br\/agazeta\/governo-decreta-situacao-de-alerta-em-relacao-ao-rio-acre\/#breadcrumb\",\"itemListElement\":[{\"@type\":\"ListItem\",\"position\":1,\"name\":\"In\u00edcio\",\"item\":\"https:\/\/nk7-testes.com.br\/agazeta\/\"},{\"@type\":\"ListItem\",\"position\":2,\"name\":\"Governo decreta \u201csitua\u00e7\u00e3o de alerta\u201d em rela\u00e7\u00e3o ao Rio Acre\"}]},{\"@type\":\"WebSite\",\"@id\":\"https:\/\/nk7-testes.com.br\/agazeta\/#website\",\"url\":\"https:\/\/nk7-testes.com.br\/agazeta\/\",\"name\":\"Agazeta.net\",\"description\":\"Agazeta.net - Not\u00edcias de Rio Branco\/AC\",\"potentialAction\":[{\"@type\":\"SearchAction\",\"target\":{\"@type\":\"EntryPoint\",\"urlTemplate\":\"https:\/\/nk7-testes.com.br\/agazeta\/?s={search_term_string}\"},\"query-input\":{\"@type\":\"PropertyValueSpecification\",\"valueRequired\":true,\"valueName\":\"search_term_string\"}}],\"inLanguage\":\"pt-BR\"},{\"@type\":\"Person\",\"@id\":\"https:\/\/nk7-testes.com.br\/agazeta\/#\/schema\/person\/ff6b39d54d6973bfc57f4140f659b23f\",\"name\":\"Agazeta.Net\",\"url\":\"https:\/\/nk7-testes.com.br\/agazeta\/author\/agazeta\/\"}]}<\/script>\n<!-- \/ Yoast SEO plugin. -->","yoast_head_json":{"title":"Governo decreta \u201csitua\u00e7\u00e3o de alerta\u201d em rela\u00e7\u00e3o ao Rio Acre - Agazeta.net","robots":{"index":"index","follow":"follow","max-snippet":"max-snippet:-1","max-image-preview":"max-image-preview:large","max-video-preview":"max-video-preview:-1"},"canonical":"https:\/\/nk7-testes.com.br\/agazeta\/governo-decreta-situacao-de-alerta-em-relacao-ao-rio-acre\/","og_locale":"pt_BR","og_type":"article","og_title":"Governo decreta \u201csitua\u00e7\u00e3o de alerta\u201d em rela\u00e7\u00e3o ao Rio Acre - Agazeta.net","og_description":"\u00c9 o mais baixo n\u00edvel da hist\u00f3ria do rio para o per\u00edodo","og_url":"https:\/\/nk7-testes.com.br\/agazeta\/governo-decreta-situacao-de-alerta-em-relacao-ao-rio-acre\/","og_site_name":"Agazeta.net","article_published_time":"2016-07-01T20:01:25+00:00","og_image":[{"width":458,"height":340,"url":"https:\/\/nk7-testes.com.br\/agazeta\/wp-content\/uploads\/2016\/07\/260616-politica-rioacre-tvgazeta.jpg","type":"image\/jpeg"}],"author":"Agazeta.Net","twitter_card":"summary_large_image","twitter_misc":{"Escrito por":"Agazeta.Net","Est. tempo de leitura":"1 minuto"},"schema":{"@context":"https:\/\/schema.org","@graph":[{"@type":"WebPage","@id":"https:\/\/nk7-testes.com.br\/agazeta\/governo-decreta-situacao-de-alerta-em-relacao-ao-rio-acre\/","url":"https:\/\/nk7-testes.com.br\/agazeta\/governo-decreta-situacao-de-alerta-em-relacao-ao-rio-acre\/","name":"Governo decreta \u201csitua\u00e7\u00e3o de alerta\u201d em rela\u00e7\u00e3o ao Rio Acre - Agazeta.net","isPartOf":{"@id":"https:\/\/nk7-testes.com.br\/agazeta\/#website"},"primaryImageOfPage":{"@id":"https:\/\/nk7-testes.com.br\/agazeta\/governo-decreta-situacao-de-alerta-em-relacao-ao-rio-acre\/#primaryimage"},"image":{"@id":"https:\/\/nk7-testes.com.br\/agazeta\/governo-decreta-situacao-de-alerta-em-relacao-ao-rio-acre\/#primaryimage"},"thumbnailUrl":"https:\/\/nk7-testes.com.br\/agazeta\/wp-content\/uploads\/2016\/07\/260616-politica-rioacre-tvgazeta.jpg","datePublished":"2016-07-01T20:01:25+00:00","author":{"@id":"https:\/\/nk7-testes.com.br\/agazeta\/#\/schema\/person\/ff6b39d54d6973bfc57f4140f659b23f"},"breadcrumb":{"@id":"https:\/\/nk7-testes.com.br\/agazeta\/governo-decreta-situacao-de-alerta-em-relacao-ao-rio-acre\/#breadcrumb"},"inLanguage":"pt-BR","potentialAction":[{"@type":"ReadAction","target":["https:\/\/nk7-testes.com.br\/agazeta\/governo-decreta-situacao-de-alerta-em-relacao-ao-rio-acre\/"]}]},{"@type":"ImageObject","inLanguage":"pt-BR","@id":"https:\/\/nk7-testes.com.br\/agazeta\/governo-decreta-situacao-de-alerta-em-relacao-ao-rio-acre\/#primaryimage","url":"https:\/\/nk7-testes.com.br\/agazeta\/wp-content\/uploads\/2016\/07\/260616-politica-rioacre-tvgazeta.jpg","contentUrl":"https:\/\/nk7-testes.com.br\/agazeta\/wp-content\/uploads\/2016\/07\/260616-politica-rioacre-tvgazeta.jpg","width":458,"height":340,"caption":"260616-politica-rioacre-tvgazeta"},{"@type":"BreadcrumbList","@id":"https:\/\/nk7-testes.com.br\/agazeta\/governo-decreta-situacao-de-alerta-em-relacao-ao-rio-acre\/#breadcrumb","itemListElement":[{"@type":"ListItem","position":1,"name":"In\u00edcio","item":"https:\/\/nk7-testes.com.br\/agazeta\/"},{"@type":"ListItem","position":2,"name":"Governo decreta \u201csitua\u00e7\u00e3o de alerta\u201d em rela\u00e7\u00e3o ao Rio Acre"}]},{"@type":"WebSite","@id":"https:\/\/nk7-testes.com.br\/agazeta\/#website","url":"https:\/\/nk7-testes.com.br\/agazeta\/","name":"Agazeta.net","description":"Agazeta.net - Not\u00edcias de Rio Branco\/AC","potentialAction":[{"@type":"SearchAction","target":{"@type":"EntryPoint","urlTemplate":"https:\/\/nk7-testes.com.br\/agazeta\/?s={search_term_string}"},"query-input":{"@type":"PropertyValueSpecification","valueRequired":true,"valueName":"search_term_string"}}],"inLanguage":"pt-BR"},{"@type":"Person","@id":"https:\/\/nk7-testes.com.br\/agazeta\/#\/schema\/person\/ff6b39d54d6973bfc57f4140f659b23f","name":"Agazeta.Net","url":"https:\/\/nk7-testes.com.br\/agazeta\/author\/agazeta\/"}]}},"_links":{"self":[{"href":"https:\/\/nk7-testes.com.br\/agazeta\/wp-json\/wp\/v2\/posts\/23599","targetHints":{"allow":["GET"]}}],"collection":[{"href":"https:\/\/nk7-testes.com.br\/agazeta\/wp-json\/wp\/v2\/posts"}],"about":[{"href":"https:\/\/nk7-testes.com.br\/agazeta\/wp-json\/wp\/v2\/types\/post"}],"author":[{"embeddable":true,"href":"https:\/\/nk7-testes.com.br\/agazeta\/wp-json\/wp\/v2\/users\/4"}],"replies":[{"embeddable":true,"href":"https:\/\/nk7-testes.com.br\/agazeta\/wp-json\/wp\/v2\/comments?post=23599"}],"version-history":[{"count":0,"href":"https:\/\/nk7-testes.com.br\/agazeta\/wp-json\/wp\/v2\/posts\/23599\/revisions"}],"wp:featuredmedia":[{"embeddable":true,"href":"https:\/\/nk7-testes.com.br\/agazeta\/wp-json\/wp\/v2\/media\/23598"}],"wp:attachment":[{"href":"https:\/\/nk7-testes.com.br\/agazeta\/wp-json\/wp\/v2\/media?parent=23599"}],"wp:term":[{"taxonomy":"category","embeddable":true,"href":"https:\/\/nk7-testes.com.br\/agazeta\/wp-json\/wp\/v2\/categories?post=23599"},{"taxonomy":"post_tag","embeddable":true,"href":"https:\/\/nk7-testes.com.br\/agazeta\/wp-json\/wp\/v2\/tags?post=23599"}],"curies":[{"name":"wp","href":"https:\/\/api.w.org\/{rel}","templated":true}]}}