{"id":23576,"date":"2016-06-30T20:52:09","date_gmt":"2016-06-30T20:52:09","guid":{"rendered":"https:\/\/abarevegan.com.br\/index.php\/2016\/06\/30\/josy-pode-ter-perna-amputada-apos-tiro\/"},"modified":"2016-06-30T20:52:09","modified_gmt":"2016-06-30T20:52:09","slug":"josy-pode-ter-perna-amputada-apos-tiro","status":"publish","type":"post","link":"https:\/\/nk7-testes.com.br\/agazeta\/josy-pode-ter-perna-amputada-apos-tiro\/","title":{"rendered":"Josy pode ter perna amputada ap\u00f3s tiro"},"content":{"rendered":"<p style=\"text-align: justify;\">Jogador passa por cirurgias para tentar salvar art\u00e9rias<\/p>\n<p style=\"text-align: justify;\">O atacante Josy do Atl\u00e9tico Acriano, depois de ser baleado na noite dessa quarta-feira, corre o risco de ter a perna direita amputada. Ele passou por duas cirurgias para recupera\u00e7\u00e3o de uma art\u00e9ria. O camisa 10 do \u201cgalo\u201d, capit\u00e3o da equipe, foi alvejado por chumbos disparados de uma escopeta, quando estava deitado em na cama no alojamento do clube, onde Josy e outros tr\u00eas atletas moram.<\/p>\n<p style=\"text-align: justify;\">Eram quase 11 horas da noite quando um homem, ainda n\u00e3o identificado, foi at\u00e9 a janela do alojamento e disparou um tiro. O jogador ainda teve for\u00e7as e se levantar correr at\u00e9 o quarto vizinho, onde estava o zagueiro \u201cP\u00e9 de Ferro\u201d.<\/p>\n<p style=\"text-align: justify;\">Bastante abalado, o companheiro de clube e de alojamento disse que Josy chegou gritando com muitas dores e perdeu muito sangue. \u201cDepois dessa trag\u00e9dia com meu amigo n\u00e3o quero mais ficar em Rio Branco. Vou voltar para Brasileia minha cidade natal. A Capital est\u00e1 muito violenta\u201d, reclamou.<\/p>\n<p style=\"text-align: justify;\">O zagueiro amea\u00e7ou at\u00e9 abandonar o time que est\u00e1 disputando a s\u00e9rie D do campeonato brasileiro.<\/p>\n<p style=\"text-align: justify;\">O jogador Josy foi levado para o pronto socorro e na madrugada passou pela primeira cirurgia. O tiro da escopeta lan\u00e7ou v\u00e1rios chumbos na coxa direita onde existem oito perfura\u00e7\u00f5es, uma delas atingiu uma art\u00e9ria.<\/p>\n<p style=\"text-align: justify;\">Segundo o diretor de futebol do Atl\u00e9tico, Elison Azevedo, o jogador passou por uma nova cirurgia para recuperar a art\u00e9ria. \u201cO pior \u00e9 que corre o risco at\u00e9 de ter a perna amputada. Ser\u00e1 o fim de um atleta t\u00e3o promissor. Vamos orar para que ele saia dessa\u201d, ressaltou.<\/p>\n<p style=\"text-align: justify;\">O atacante Josy n\u00e3o \u00e9 apenas o camisa 10 do Atl\u00e9tico Acriano: \u00e9 o capit\u00e3o e o comandante de um time que fez hist\u00f3ria. Depois de 25 anos, a equipe do Segundo Distrito voltou a ganhar um titulo estadual.<\/p>\n<p style=\"text-align: justify;\">Josy foi um dos principais personagens dessa conquista. Assim que terminou o campeonato acriano era cotado para jogar em times de outros estados. O neg\u00f3cio n\u00e3o veio, para a sorte do Atl\u00e9tico, que pode contar com os dribles e os gols do craque nos jogos da s\u00e9rie D do campeonato brasileiro. O time esta invicto com uma vit\u00f3ria e dois empates.<\/p>\n<p style=\"text-align: justify;\">Neste domingo, Josy entraria em campo para mais uma partida, mas o jogador de 27 anos corre o risco de n\u00e3o poder jogar mais futebol.<\/p>\n<p style=\"text-align: justify;\">Para os torcedores, a perda \u00e9 irrepar\u00e1vel. Josy era quem incentivava os jogadores em cada partida. O comerciante Luiz Gonzaga, que acompanhava os treinos do Atl\u00e9tico fez um desabafo: \u201cJosy \u00e9 mais uma vitima da viol\u00eancia que toma conta da cidade\u201d.<\/p>\n<p style=\"text-align: justify;\">A pol\u00edcia, por enquanto, n\u00e3o tem pista do atirador e nem as causas do crime. O Atl\u00e9tico fala em assalto. A sede do time \u00e9 aberta e os quartos dos jogadores foram arrombados em outras ocasi\u00f5es. Mas, a forma com houve o disparo pode indicar que a pessoa foi para executar o jogador.<\/p>\n","protected":false},"excerpt":{"rendered":"<p style=\"text-align: justify;\">Jogador passa por cirurgias para tentar salvar art\u00e9rias<\/p>\n","protected":false},"author":4,"featured_media":23575,"comment_status":"open","ping_status":"open","sticky":false,"template":"","format":"standard","meta":{"jnews-multi-image_gallery":[],"jnews_single_post":[],"jnews_primary_category":[],"jnews_social_meta":[],"jnews_review":[],"enable_review":"","type":"","name":"","summary":"","brand":"","sku":"","good":[],"bad":[],"score_override":"","override_value":"","rating":[],"price":[],"footnotes":""},"categories":[44],"tags":[],"class_list":["post-23576","post","type-post","status-publish","format-standard","has-post-thumbnail","hentry","category-policia"],"yoast_head":"<!-- This site is optimized with the Yoast SEO plugin v26.5 - https:\/\/yoast.com\/wordpress\/plugins\/seo\/ -->\n<title>Josy pode ter perna amputada ap\u00f3s tiro - Agazeta.net<\/title>\n<meta name=\"robots\" content=\"index, follow, max-snippet:-1, max-image-preview:large, max-video-preview:-1\" \/>\n<link rel=\"canonical\" href=\"https:\/\/nk7-testes.com.br\/agazeta\/josy-pode-ter-perna-amputada-apos-tiro\/\" \/>\n<meta property=\"og:locale\" content=\"pt_BR\" \/>\n<meta property=\"og:type\" content=\"article\" \/>\n<meta property=\"og:title\" content=\"Josy pode ter perna amputada ap\u00f3s tiro - Agazeta.net\" \/>\n<meta property=\"og:description\" content=\"Jogador passa por cirurgias para tentar salvar art\u00e9rias\" \/>\n<meta property=\"og:url\" content=\"https:\/\/nk7-testes.com.br\/agazeta\/josy-pode-ter-perna-amputada-apos-tiro\/\" \/>\n<meta property=\"og:site_name\" content=\"Agazeta.net\" \/>\n<meta property=\"article:published_time\" content=\"2016-06-30T20:52:09+00:00\" \/>\n<meta property=\"og:image\" content=\"https:\/\/nk7-testes.com.br\/agazeta\/wp-content\/uploads\/2016\/06\/300616-policia-jogadorjosi-tvgazeta.jpg\" \/>\n\t<meta property=\"og:image:width\" content=\"458\" \/>\n\t<meta property=\"og:image:height\" content=\"340\" \/>\n\t<meta property=\"og:image:type\" content=\"image\/jpeg\" \/>\n<meta name=\"author\" content=\"Agazeta.Net\" \/>\n<meta name=\"twitter:card\" content=\"summary_large_image\" \/>\n<meta name=\"twitter:label1\" content=\"Escrito por\" \/>\n\t<meta name=\"twitter:data1\" content=\"Agazeta.Net\" \/>\n\t<meta name=\"twitter:label2\" content=\"Est. tempo de leitura\" \/>\n\t<meta name=\"twitter:data2\" content=\"3 minutos\" \/>\n<script type=\"application\/ld+json\" class=\"yoast-schema-graph\">{\"@context\":\"https:\/\/schema.org\",\"@graph\":[{\"@type\":\"WebPage\",\"@id\":\"https:\/\/nk7-testes.com.br\/agazeta\/josy-pode-ter-perna-amputada-apos-tiro\/\",\"url\":\"https:\/\/nk7-testes.com.br\/agazeta\/josy-pode-ter-perna-amputada-apos-tiro\/\",\"name\":\"Josy pode ter perna amputada ap\u00f3s tiro - Agazeta.net\",\"isPartOf\":{\"@id\":\"https:\/\/nk7-testes.com.br\/agazeta\/#website\"},\"primaryImageOfPage\":{\"@id\":\"https:\/\/nk7-testes.com.br\/agazeta\/josy-pode-ter-perna-amputada-apos-tiro\/#primaryimage\"},\"image\":{\"@id\":\"https:\/\/nk7-testes.com.br\/agazeta\/josy-pode-ter-perna-amputada-apos-tiro\/#primaryimage\"},\"thumbnailUrl\":\"https:\/\/nk7-testes.com.br\/agazeta\/wp-content\/uploads\/2016\/06\/300616-policia-jogadorjosi-tvgazeta.jpg\",\"datePublished\":\"2016-06-30T20:52:09+00:00\",\"author\":{\"@id\":\"https:\/\/nk7-testes.com.br\/agazeta\/#\/schema\/person\/6d6e25cb0435eb4a02fd44d30b4e3020\"},\"breadcrumb\":{\"@id\":\"https:\/\/nk7-testes.com.br\/agazeta\/josy-pode-ter-perna-amputada-apos-tiro\/#breadcrumb\"},\"inLanguage\":\"pt-BR\",\"potentialAction\":[{\"@type\":\"ReadAction\",\"target\":[\"https:\/\/nk7-testes.com.br\/agazeta\/josy-pode-ter-perna-amputada-apos-tiro\/\"]}]},{\"@type\":\"ImageObject\",\"inLanguage\":\"pt-BR\",\"@id\":\"https:\/\/nk7-testes.com.br\/agazeta\/josy-pode-ter-perna-amputada-apos-tiro\/#primaryimage\",\"url\":\"https:\/\/nk7-testes.com.br\/agazeta\/wp-content\/uploads\/2016\/06\/300616-policia-jogadorjosi-tvgazeta.jpg\",\"contentUrl\":\"https:\/\/nk7-testes.com.br\/agazeta\/wp-content\/uploads\/2016\/06\/300616-policia-jogadorjosi-tvgazeta.jpg\",\"width\":458,\"height\":340,\"caption\":\"300616-policia-jogadorjosi-tvgazeta\"},{\"@type\":\"BreadcrumbList\",\"@id\":\"https:\/\/nk7-testes.com.br\/agazeta\/josy-pode-ter-perna-amputada-apos-tiro\/#breadcrumb\",\"itemListElement\":[{\"@type\":\"ListItem\",\"position\":1,\"name\":\"In\u00edcio\",\"item\":\"https:\/\/nk7-testes.com.br\/agazeta\/\"},{\"@type\":\"ListItem\",\"position\":2,\"name\":\"Josy pode ter perna amputada ap\u00f3s tiro\"}]},{\"@type\":\"WebSite\",\"@id\":\"https:\/\/nk7-testes.com.br\/agazeta\/#website\",\"url\":\"https:\/\/nk7-testes.com.br\/agazeta\/\",\"name\":\"Agazeta.net\",\"description\":\"Agazeta.net - Not\u00edcias de Rio Branco\/AC\",\"potentialAction\":[{\"@type\":\"SearchAction\",\"target\":{\"@type\":\"EntryPoint\",\"urlTemplate\":\"https:\/\/nk7-testes.com.br\/agazeta\/?s={search_term_string}\"},\"query-input\":{\"@type\":\"PropertyValueSpecification\",\"valueRequired\":true,\"valueName\":\"search_term_string\"}}],\"inLanguage\":\"pt-BR\"},{\"@type\":\"Person\",\"@id\":\"https:\/\/nk7-testes.com.br\/agazeta\/#\/schema\/person\/6d6e25cb0435eb4a02fd44d30b4e3020\",\"name\":\"Agazeta.Net\",\"url\":\"https:\/\/nk7-testes.com.br\/agazeta\/author\/agazeta\/\"}]}<\/script>\n<!-- \/ Yoast SEO plugin. -->","yoast_head_json":{"title":"Josy pode ter perna amputada ap\u00f3s tiro - Agazeta.net","robots":{"index":"index","follow":"follow","max-snippet":"max-snippet:-1","max-image-preview":"max-image-preview:large","max-video-preview":"max-video-preview:-1"},"canonical":"https:\/\/nk7-testes.com.br\/agazeta\/josy-pode-ter-perna-amputada-apos-tiro\/","og_locale":"pt_BR","og_type":"article","og_title":"Josy pode ter perna amputada ap\u00f3s tiro - Agazeta.net","og_description":"Jogador passa por cirurgias para tentar salvar art\u00e9rias","og_url":"https:\/\/nk7-testes.com.br\/agazeta\/josy-pode-ter-perna-amputada-apos-tiro\/","og_site_name":"Agazeta.net","article_published_time":"2016-06-30T20:52:09+00:00","og_image":[{"width":458,"height":340,"url":"https:\/\/nk7-testes.com.br\/agazeta\/wp-content\/uploads\/2016\/06\/300616-policia-jogadorjosi-tvgazeta.jpg","type":"image\/jpeg"}],"author":"Agazeta.Net","twitter_card":"summary_large_image","twitter_misc":{"Escrito por":"Agazeta.Net","Est. tempo de leitura":"3 minutos"},"schema":{"@context":"https:\/\/schema.org","@graph":[{"@type":"WebPage","@id":"https:\/\/nk7-testes.com.br\/agazeta\/josy-pode-ter-perna-amputada-apos-tiro\/","url":"https:\/\/nk7-testes.com.br\/agazeta\/josy-pode-ter-perna-amputada-apos-tiro\/","name":"Josy pode ter perna amputada ap\u00f3s tiro - Agazeta.net","isPartOf":{"@id":"https:\/\/nk7-testes.com.br\/agazeta\/#website"},"primaryImageOfPage":{"@id":"https:\/\/nk7-testes.com.br\/agazeta\/josy-pode-ter-perna-amputada-apos-tiro\/#primaryimage"},"image":{"@id":"https:\/\/nk7-testes.com.br\/agazeta\/josy-pode-ter-perna-amputada-apos-tiro\/#primaryimage"},"thumbnailUrl":"https:\/\/nk7-testes.com.br\/agazeta\/wp-content\/uploads\/2016\/06\/300616-policia-jogadorjosi-tvgazeta.jpg","datePublished":"2016-06-30T20:52:09+00:00","author":{"@id":"https:\/\/nk7-testes.com.br\/agazeta\/#\/schema\/person\/6d6e25cb0435eb4a02fd44d30b4e3020"},"breadcrumb":{"@id":"https:\/\/nk7-testes.com.br\/agazeta\/josy-pode-ter-perna-amputada-apos-tiro\/#breadcrumb"},"inLanguage":"pt-BR","potentialAction":[{"@type":"ReadAction","target":["https:\/\/nk7-testes.com.br\/agazeta\/josy-pode-ter-perna-amputada-apos-tiro\/"]}]},{"@type":"ImageObject","inLanguage":"pt-BR","@id":"https:\/\/nk7-testes.com.br\/agazeta\/josy-pode-ter-perna-amputada-apos-tiro\/#primaryimage","url":"https:\/\/nk7-testes.com.br\/agazeta\/wp-content\/uploads\/2016\/06\/300616-policia-jogadorjosi-tvgazeta.jpg","contentUrl":"https:\/\/nk7-testes.com.br\/agazeta\/wp-content\/uploads\/2016\/06\/300616-policia-jogadorjosi-tvgazeta.jpg","width":458,"height":340,"caption":"300616-policia-jogadorjosi-tvgazeta"},{"@type":"BreadcrumbList","@id":"https:\/\/nk7-testes.com.br\/agazeta\/josy-pode-ter-perna-amputada-apos-tiro\/#breadcrumb","itemListElement":[{"@type":"ListItem","position":1,"name":"In\u00edcio","item":"https:\/\/nk7-testes.com.br\/agazeta\/"},{"@type":"ListItem","position":2,"name":"Josy pode ter perna amputada ap\u00f3s tiro"}]},{"@type":"WebSite","@id":"https:\/\/nk7-testes.com.br\/agazeta\/#website","url":"https:\/\/nk7-testes.com.br\/agazeta\/","name":"Agazeta.net","description":"Agazeta.net - Not\u00edcias de Rio Branco\/AC","potentialAction":[{"@type":"SearchAction","target":{"@type":"EntryPoint","urlTemplate":"https:\/\/nk7-testes.com.br\/agazeta\/?s={search_term_string}"},"query-input":{"@type":"PropertyValueSpecification","valueRequired":true,"valueName":"search_term_string"}}],"inLanguage":"pt-BR"},{"@type":"Person","@id":"https:\/\/nk7-testes.com.br\/agazeta\/#\/schema\/person\/6d6e25cb0435eb4a02fd44d30b4e3020","name":"Agazeta.Net","url":"https:\/\/nk7-testes.com.br\/agazeta\/author\/agazeta\/"}]}},"_links":{"self":[{"href":"https:\/\/nk7-testes.com.br\/agazeta\/wp-json\/wp\/v2\/posts\/23576","targetHints":{"allow":["GET"]}}],"collection":[{"href":"https:\/\/nk7-testes.com.br\/agazeta\/wp-json\/wp\/v2\/posts"}],"about":[{"href":"https:\/\/nk7-testes.com.br\/agazeta\/wp-json\/wp\/v2\/types\/post"}],"author":[{"embeddable":true,"href":"https:\/\/nk7-testes.com.br\/agazeta\/wp-json\/wp\/v2\/users\/4"}],"replies":[{"embeddable":true,"href":"https:\/\/nk7-testes.com.br\/agazeta\/wp-json\/wp\/v2\/comments?post=23576"}],"version-history":[{"count":0,"href":"https:\/\/nk7-testes.com.br\/agazeta\/wp-json\/wp\/v2\/posts\/23576\/revisions"}],"wp:featuredmedia":[{"embeddable":true,"href":"https:\/\/nk7-testes.com.br\/agazeta\/wp-json\/wp\/v2\/media\/23575"}],"wp:attachment":[{"href":"https:\/\/nk7-testes.com.br\/agazeta\/wp-json\/wp\/v2\/media?parent=23576"}],"wp:term":[{"taxonomy":"category","embeddable":true,"href":"https:\/\/nk7-testes.com.br\/agazeta\/wp-json\/wp\/v2\/categories?post=23576"},{"taxonomy":"post_tag","embeddable":true,"href":"https:\/\/nk7-testes.com.br\/agazeta\/wp-json\/wp\/v2\/tags?post=23576"}],"curies":[{"name":"wp","href":"https:\/\/api.w.org\/{rel}","templated":true}]}}