{"id":23540,"date":"2016-06-28T21:19:50","date_gmt":"2016-06-28T21:19:50","guid":{"rendered":"https:\/\/abarevegan.com.br\/index.php\/2016\/06\/28\/motofretistas-exigem-tratamento-similar-ao-mototaxistas\/"},"modified":"2016-06-28T21:19:50","modified_gmt":"2016-06-28T21:19:50","slug":"motofretistas-exigem-tratamento-similar-ao-mototaxistas","status":"publish","type":"post","link":"https:\/\/nk7-testes.com.br\/agazeta\/motofretistas-exigem-tratamento-similar-ao-mototaxistas\/","title":{"rendered":"Motofretistas exigem tratamento similar ao mototaxistas"},"content":{"rendered":"<p style=\"text-align: justify;\">Categoria alega que diferen\u00e7a no tratamento traz preju\u00edzos<\/p>\n<p style=\"text-align: justify;\">Motofretistas se revoltam com a RBTrans e fecham por mais de quatro horas a rua que d\u00e1 acesso \u00e0 C\u00e2mara de Vereadores de Rio Branco. Dessa vez, a categoria n\u00e3o quis saber de conversa. Com o fechamento da via, o tr\u00e2nsito ficou lento no centro da cidade por quase toda manh\u00e3.<\/p>\n<p style=\"text-align: justify;\">No primeiro momento, o grupo queria pressionar os vereadores, mas n\u00e3o houve sess\u00e3o nessa ter\u00e7a-feira. O jeito foi agir sozinho: colocaram as motos no meio da rua e exigiram a presen\u00e7a do prefeito Marcus Alexandre, do diretor da RBTrans, N\u00e9lio Anast\u00e1cio, e um representante do Minist\u00e9rio P\u00fablico.<\/p>\n<p style=\"text-align: justify;\">Os motofretistas reclamam que est\u00e3o sendo perseguidos pela RBTrans. S\u00e3o v\u00e1rias multas porque est\u00e3o carregando passageiros. De acordo com o presidente da cooperativa, Cleiton da Silva, eles n\u00e3o podem levar a esposa e filhos para lugar nenhum, porque se foram flagrados s\u00e3o multados em R$ 899.<\/p>\n<p style=\"text-align: justify;\">\u201cDepois que tiro o ba\u00fa da moto e estou sem colete, minha moto vira um transporte comum, posso levar minha fam\u00edlia para onde quiser. Mas, a prefeitura n\u00e3o entende assim e quer acabar com a nossa profiss\u00e3o enchendo a categoria de multa\u201d, relatou.<\/p>\n<p style=\"text-align: justify;\">Os motofretistas estavam com fotos onde denunciam que os mototaxistas est\u00e3o fazendo o servi\u00e7o dos freteiros e nem por isso s\u00e3o multados, e que a lei deveria ser para todos.<\/p>\n<p style=\"text-align: justify;\">O caso mais complicado era do Erivaldo Martins que tem a permiss\u00e3o 01 da prefeitura. A moto foi apreendida h\u00e1 dois meses e ele ficou sem renda. \u201cS\u00f3 porque carregava um amigo, a moto foi parar no Detran, e agora como eu levo alimento para os meus filhos?\u201d, perguntou.<\/p>\n<p style=\"text-align: justify;\">O assessor da prefeitura de Rio Branco Manoel Lima, conseguiu convencer com o grupo a participar de uma reuni\u00e3o, onde a prefeitura vai buscar uma forma de evitar o descontentamento da categoria.<\/p>\n<p style=\"text-align: justify;\">Com a reuni\u00e3o, os motofretistas decidiram abrir a rua, mas deixaram claro que a persegui\u00e7\u00e3o continuar voltam a fazer manifestos.<\/p>\n","protected":false},"excerpt":{"rendered":"<p style=\"text-align: justify;\">Categoria alega que diferen\u00e7a no tratamento traz preju\u00edzos<\/p>\n","protected":false},"author":4,"featured_media":23539,"comment_status":"open","ping_status":"open","sticky":false,"template":"","format":"standard","meta":{"jnews-multi-image_gallery":[],"jnews_single_post":[],"jnews_primary_category":[],"jnews_social_meta":[],"jnews_review":[],"enable_review":"","type":"","name":"","summary":"","brand":"","sku":"","good":[],"bad":[],"score_override":"","override_value":"","rating":[],"price":[],"footnotes":""},"categories":[54],"tags":[],"class_list":["post-23540","post","type-post","status-publish","format-standard","has-post-thumbnail","hentry","category-cotidiano"],"yoast_head":"<!-- This site is optimized with the Yoast SEO plugin v26.5 - https:\/\/yoast.com\/wordpress\/plugins\/seo\/ -->\n<title>Motofretistas exigem tratamento similar ao mototaxistas - Agazeta.net<\/title>\n<meta name=\"robots\" content=\"index, follow, max-snippet:-1, max-image-preview:large, max-video-preview:-1\" \/>\n<link rel=\"canonical\" href=\"https:\/\/nk7-testes.com.br\/agazeta\/motofretistas-exigem-tratamento-similar-ao-mototaxistas\/\" \/>\n<meta property=\"og:locale\" content=\"pt_BR\" \/>\n<meta property=\"og:type\" content=\"article\" \/>\n<meta property=\"og:title\" content=\"Motofretistas exigem tratamento similar ao mototaxistas - Agazeta.net\" \/>\n<meta property=\"og:description\" content=\"Categoria alega que diferen\u00e7a no tratamento traz preju\u00edzos\" \/>\n<meta property=\"og:url\" content=\"https:\/\/nk7-testes.com.br\/agazeta\/motofretistas-exigem-tratamento-similar-ao-mototaxistas\/\" \/>\n<meta property=\"og:site_name\" content=\"Agazeta.net\" \/>\n<meta property=\"article:published_time\" content=\"2016-06-28T21:19:50+00:00\" \/>\n<meta property=\"og:image\" content=\"https:\/\/nk7-testes.com.br\/agazeta\/wp-content\/uploads\/2016\/06\/280616-cotidiano-motofretistas-tvgazeta.jpg\" \/>\n\t<meta property=\"og:image:width\" content=\"458\" \/>\n\t<meta property=\"og:image:height\" content=\"340\" \/>\n\t<meta property=\"og:image:type\" content=\"image\/jpeg\" \/>\n<meta name=\"author\" content=\"Agazeta.Net\" \/>\n<meta name=\"twitter:card\" content=\"summary_large_image\" \/>\n<meta name=\"twitter:label1\" content=\"Escrito por\" \/>\n\t<meta name=\"twitter:data1\" content=\"Agazeta.Net\" \/>\n\t<meta name=\"twitter:label2\" content=\"Est. tempo de leitura\" \/>\n\t<meta name=\"twitter:data2\" content=\"2 minutos\" \/>\n<script type=\"application\/ld+json\" class=\"yoast-schema-graph\">{\"@context\":\"https:\/\/schema.org\",\"@graph\":[{\"@type\":\"WebPage\",\"@id\":\"https:\/\/nk7-testes.com.br\/agazeta\/motofretistas-exigem-tratamento-similar-ao-mototaxistas\/\",\"url\":\"https:\/\/nk7-testes.com.br\/agazeta\/motofretistas-exigem-tratamento-similar-ao-mototaxistas\/\",\"name\":\"Motofretistas exigem tratamento similar ao mototaxistas - Agazeta.net\",\"isPartOf\":{\"@id\":\"https:\/\/nk7-testes.com.br\/agazeta\/#website\"},\"primaryImageOfPage\":{\"@id\":\"https:\/\/nk7-testes.com.br\/agazeta\/motofretistas-exigem-tratamento-similar-ao-mototaxistas\/#primaryimage\"},\"image\":{\"@id\":\"https:\/\/nk7-testes.com.br\/agazeta\/motofretistas-exigem-tratamento-similar-ao-mototaxistas\/#primaryimage\"},\"thumbnailUrl\":\"https:\/\/nk7-testes.com.br\/agazeta\/wp-content\/uploads\/2016\/06\/280616-cotidiano-motofretistas-tvgazeta.jpg\",\"datePublished\":\"2016-06-28T21:19:50+00:00\",\"author\":{\"@id\":\"https:\/\/nk7-testes.com.br\/agazeta\/#\/schema\/person\/6d6e25cb0435eb4a02fd44d30b4e3020\"},\"breadcrumb\":{\"@id\":\"https:\/\/nk7-testes.com.br\/agazeta\/motofretistas-exigem-tratamento-similar-ao-mototaxistas\/#breadcrumb\"},\"inLanguage\":\"pt-BR\",\"potentialAction\":[{\"@type\":\"ReadAction\",\"target\":[\"https:\/\/nk7-testes.com.br\/agazeta\/motofretistas-exigem-tratamento-similar-ao-mototaxistas\/\"]}]},{\"@type\":\"ImageObject\",\"inLanguage\":\"pt-BR\",\"@id\":\"https:\/\/nk7-testes.com.br\/agazeta\/motofretistas-exigem-tratamento-similar-ao-mototaxistas\/#primaryimage\",\"url\":\"https:\/\/nk7-testes.com.br\/agazeta\/wp-content\/uploads\/2016\/06\/280616-cotidiano-motofretistas-tvgazeta.jpg\",\"contentUrl\":\"https:\/\/nk7-testes.com.br\/agazeta\/wp-content\/uploads\/2016\/06\/280616-cotidiano-motofretistas-tvgazeta.jpg\",\"width\":458,\"height\":340,\"caption\":\"280616-cotidiano-motofretistas-tvgazeta\"},{\"@type\":\"BreadcrumbList\",\"@id\":\"https:\/\/nk7-testes.com.br\/agazeta\/motofretistas-exigem-tratamento-similar-ao-mototaxistas\/#breadcrumb\",\"itemListElement\":[{\"@type\":\"ListItem\",\"position\":1,\"name\":\"In\u00edcio\",\"item\":\"https:\/\/nk7-testes.com.br\/agazeta\/\"},{\"@type\":\"ListItem\",\"position\":2,\"name\":\"Motofretistas exigem tratamento similar ao mototaxistas\"}]},{\"@type\":\"WebSite\",\"@id\":\"https:\/\/nk7-testes.com.br\/agazeta\/#website\",\"url\":\"https:\/\/nk7-testes.com.br\/agazeta\/\",\"name\":\"Agazeta.net\",\"description\":\"Agazeta.net - Not\u00edcias de Rio Branco\/AC\",\"potentialAction\":[{\"@type\":\"SearchAction\",\"target\":{\"@type\":\"EntryPoint\",\"urlTemplate\":\"https:\/\/nk7-testes.com.br\/agazeta\/?s={search_term_string}\"},\"query-input\":{\"@type\":\"PropertyValueSpecification\",\"valueRequired\":true,\"valueName\":\"search_term_string\"}}],\"inLanguage\":\"pt-BR\"},{\"@type\":\"Person\",\"@id\":\"https:\/\/nk7-testes.com.br\/agazeta\/#\/schema\/person\/6d6e25cb0435eb4a02fd44d30b4e3020\",\"name\":\"Agazeta.Net\",\"url\":\"https:\/\/nk7-testes.com.br\/agazeta\/author\/agazeta\/\"}]}<\/script>\n<!-- \/ Yoast SEO plugin. -->","yoast_head_json":{"title":"Motofretistas exigem tratamento similar ao mototaxistas - Agazeta.net","robots":{"index":"index","follow":"follow","max-snippet":"max-snippet:-1","max-image-preview":"max-image-preview:large","max-video-preview":"max-video-preview:-1"},"canonical":"https:\/\/nk7-testes.com.br\/agazeta\/motofretistas-exigem-tratamento-similar-ao-mototaxistas\/","og_locale":"pt_BR","og_type":"article","og_title":"Motofretistas exigem tratamento similar ao mototaxistas - Agazeta.net","og_description":"Categoria alega que diferen\u00e7a no tratamento traz preju\u00edzos","og_url":"https:\/\/nk7-testes.com.br\/agazeta\/motofretistas-exigem-tratamento-similar-ao-mototaxistas\/","og_site_name":"Agazeta.net","article_published_time":"2016-06-28T21:19:50+00:00","og_image":[{"width":458,"height":340,"url":"https:\/\/nk7-testes.com.br\/agazeta\/wp-content\/uploads\/2016\/06\/280616-cotidiano-motofretistas-tvgazeta.jpg","type":"image\/jpeg"}],"author":"Agazeta.Net","twitter_card":"summary_large_image","twitter_misc":{"Escrito por":"Agazeta.Net","Est. tempo de leitura":"2 minutos"},"schema":{"@context":"https:\/\/schema.org","@graph":[{"@type":"WebPage","@id":"https:\/\/nk7-testes.com.br\/agazeta\/motofretistas-exigem-tratamento-similar-ao-mototaxistas\/","url":"https:\/\/nk7-testes.com.br\/agazeta\/motofretistas-exigem-tratamento-similar-ao-mototaxistas\/","name":"Motofretistas exigem tratamento similar ao mototaxistas - Agazeta.net","isPartOf":{"@id":"https:\/\/nk7-testes.com.br\/agazeta\/#website"},"primaryImageOfPage":{"@id":"https:\/\/nk7-testes.com.br\/agazeta\/motofretistas-exigem-tratamento-similar-ao-mototaxistas\/#primaryimage"},"image":{"@id":"https:\/\/nk7-testes.com.br\/agazeta\/motofretistas-exigem-tratamento-similar-ao-mototaxistas\/#primaryimage"},"thumbnailUrl":"https:\/\/nk7-testes.com.br\/agazeta\/wp-content\/uploads\/2016\/06\/280616-cotidiano-motofretistas-tvgazeta.jpg","datePublished":"2016-06-28T21:19:50+00:00","author":{"@id":"https:\/\/nk7-testes.com.br\/agazeta\/#\/schema\/person\/6d6e25cb0435eb4a02fd44d30b4e3020"},"breadcrumb":{"@id":"https:\/\/nk7-testes.com.br\/agazeta\/motofretistas-exigem-tratamento-similar-ao-mototaxistas\/#breadcrumb"},"inLanguage":"pt-BR","potentialAction":[{"@type":"ReadAction","target":["https:\/\/nk7-testes.com.br\/agazeta\/motofretistas-exigem-tratamento-similar-ao-mototaxistas\/"]}]},{"@type":"ImageObject","inLanguage":"pt-BR","@id":"https:\/\/nk7-testes.com.br\/agazeta\/motofretistas-exigem-tratamento-similar-ao-mototaxistas\/#primaryimage","url":"https:\/\/nk7-testes.com.br\/agazeta\/wp-content\/uploads\/2016\/06\/280616-cotidiano-motofretistas-tvgazeta.jpg","contentUrl":"https:\/\/nk7-testes.com.br\/agazeta\/wp-content\/uploads\/2016\/06\/280616-cotidiano-motofretistas-tvgazeta.jpg","width":458,"height":340,"caption":"280616-cotidiano-motofretistas-tvgazeta"},{"@type":"BreadcrumbList","@id":"https:\/\/nk7-testes.com.br\/agazeta\/motofretistas-exigem-tratamento-similar-ao-mototaxistas\/#breadcrumb","itemListElement":[{"@type":"ListItem","position":1,"name":"In\u00edcio","item":"https:\/\/nk7-testes.com.br\/agazeta\/"},{"@type":"ListItem","position":2,"name":"Motofretistas exigem tratamento similar ao mototaxistas"}]},{"@type":"WebSite","@id":"https:\/\/nk7-testes.com.br\/agazeta\/#website","url":"https:\/\/nk7-testes.com.br\/agazeta\/","name":"Agazeta.net","description":"Agazeta.net - Not\u00edcias de Rio Branco\/AC","potentialAction":[{"@type":"SearchAction","target":{"@type":"EntryPoint","urlTemplate":"https:\/\/nk7-testes.com.br\/agazeta\/?s={search_term_string}"},"query-input":{"@type":"PropertyValueSpecification","valueRequired":true,"valueName":"search_term_string"}}],"inLanguage":"pt-BR"},{"@type":"Person","@id":"https:\/\/nk7-testes.com.br\/agazeta\/#\/schema\/person\/6d6e25cb0435eb4a02fd44d30b4e3020","name":"Agazeta.Net","url":"https:\/\/nk7-testes.com.br\/agazeta\/author\/agazeta\/"}]}},"_links":{"self":[{"href":"https:\/\/nk7-testes.com.br\/agazeta\/wp-json\/wp\/v2\/posts\/23540","targetHints":{"allow":["GET"]}}],"collection":[{"href":"https:\/\/nk7-testes.com.br\/agazeta\/wp-json\/wp\/v2\/posts"}],"about":[{"href":"https:\/\/nk7-testes.com.br\/agazeta\/wp-json\/wp\/v2\/types\/post"}],"author":[{"embeddable":true,"href":"https:\/\/nk7-testes.com.br\/agazeta\/wp-json\/wp\/v2\/users\/4"}],"replies":[{"embeddable":true,"href":"https:\/\/nk7-testes.com.br\/agazeta\/wp-json\/wp\/v2\/comments?post=23540"}],"version-history":[{"count":0,"href":"https:\/\/nk7-testes.com.br\/agazeta\/wp-json\/wp\/v2\/posts\/23540\/revisions"}],"wp:featuredmedia":[{"embeddable":true,"href":"https:\/\/nk7-testes.com.br\/agazeta\/wp-json\/wp\/v2\/media\/23539"}],"wp:attachment":[{"href":"https:\/\/nk7-testes.com.br\/agazeta\/wp-json\/wp\/v2\/media?parent=23540"}],"wp:term":[{"taxonomy":"category","embeddable":true,"href":"https:\/\/nk7-testes.com.br\/agazeta\/wp-json\/wp\/v2\/categories?post=23540"},{"taxonomy":"post_tag","embeddable":true,"href":"https:\/\/nk7-testes.com.br\/agazeta\/wp-json\/wp\/v2\/tags?post=23540"}],"curies":[{"name":"wp","href":"https:\/\/api.w.org\/{rel}","templated":true}]}}