{"id":23510,"date":"2016-06-27T14:45:34","date_gmt":"2016-06-27T14:45:34","guid":{"rendered":"https:\/\/abarevegan.com.br\/index.php\/2016\/06\/27\/prf-apreende-11-quilos-de-cocaina-na-br-317-2\/"},"modified":"2016-06-27T14:45:34","modified_gmt":"2016-06-27T14:45:34","slug":"prf-apreende-11-quilos-de-cocaina-na-br-317-2","status":"publish","type":"post","link":"https:\/\/nk7-testes.com.br\/agazeta\/prf-apreende-11-quilos-de-cocaina-na-br-317-2\/","title":{"rendered":"Aumentam focos de calor em 182% no Acre, diz Corpo de Bombeiros"},"content":{"rendered":"<p style=\"text-align: justify;\"><span style=\"font-size: 13.1999998092651px; line-height: 21.1199989318848px;\">Loteamento Farah, na BR-364: foco no fim de semana<\/span><\/p>\n<p style=\"text-align: justify;\">S\u00f3 neste m\u00eas, os tr\u00eas batalh\u00f5es do Corpo de Bombeiros da capital registraram 235 ocorr\u00eancias de fogo em vegeta\u00e7\u00e3o durante dez dias. No total, foram 274 ocorr\u00eancias desde o inicio do ano, um aumento de 182% em rela\u00e7\u00e3o ao mesmo per\u00edodo do ano passado, quando 97 focos de inc\u00eandio foram registrados.<\/p>\n<p style=\"text-align: justify;\">O C\u00f3digo Florestal pro\u00edbe o uso de fogo na vegeta\u00e7\u00e3o. A queimada \u00e9 permitida apenas em pr\u00e1ticas agropastoris ou florestais, desde que com autoriza\u00e7\u00e3o do \u00f3rg\u00e3o ambiental; mas na pr\u00e1tica n\u00e3o \u00e9 isso o que acontece.<\/p>\n<p style=\"text-align: justify;\">A maioria descumpre a lei na calada da noite. Os \u00f3rg\u00e3os de fiscaliza\u00e7\u00e3o n\u00e3o t\u00eam estrutura para flagrar o que as imagens de sat\u00e9lite apontam.<\/p>\n","protected":false},"excerpt":{"rendered":"<p style=\"text-align: justify;\"><span style=\"font-size: 13.1999998092651px; line-height: 21.1199989318848px;\">Loteamento Farah, na BR-364: foco no fim de semana<\/span><\/p>\n","protected":false},"author":4,"featured_media":23509,"comment_status":"open","ping_status":"open","sticky":false,"template":"","format":"standard","meta":{"jnews-multi-image_gallery":[],"jnews_single_post":[],"jnews_primary_category":[],"jnews_social_meta":[],"jnews_review":[],"enable_review":"","type":"","name":"","summary":"","brand":"","sku":"","good":[],"bad":[],"score_override":"","override_value":"","rating":[],"price":[],"footnotes":""},"categories":[54],"tags":[],"class_list":["post-23510","post","type-post","status-publish","format-standard","has-post-thumbnail","hentry","category-cotidiano"],"yoast_head":"<!-- This site is optimized with the Yoast SEO plugin v26.5 - https:\/\/yoast.com\/wordpress\/plugins\/seo\/ -->\n<title>Aumentam focos de calor em 182% no Acre, diz Corpo de Bombeiros - Agazeta.net<\/title>\n<meta name=\"robots\" content=\"index, follow, max-snippet:-1, max-image-preview:large, max-video-preview:-1\" \/>\n<link rel=\"canonical\" href=\"https:\/\/nk7-testes.com.br\/agazeta\/prf-apreende-11-quilos-de-cocaina-na-br-317-2\/\" \/>\n<meta property=\"og:locale\" content=\"pt_BR\" \/>\n<meta property=\"og:type\" content=\"article\" \/>\n<meta property=\"og:title\" content=\"Aumentam focos de calor em 182% no Acre, diz Corpo de Bombeiros - Agazeta.net\" \/>\n<meta property=\"og:description\" content=\"Loteamento Farah, na BR-364: foco no fim de semana\" \/>\n<meta property=\"og:url\" content=\"https:\/\/nk7-testes.com.br\/agazeta\/prf-apreende-11-quilos-de-cocaina-na-br-317-2\/\" \/>\n<meta property=\"og:site_name\" content=\"Agazeta.net\" \/>\n<meta property=\"article:published_time\" content=\"2016-06-27T14:45:34+00:00\" \/>\n<meta property=\"og:image\" content=\"https:\/\/nk7-testes.com.br\/agazeta\/wp-content\/uploads\/2016\/06\/270616-cotidiano-incendio-senildomelo.jpg\" \/>\n\t<meta property=\"og:image:width\" content=\"458\" \/>\n\t<meta property=\"og:image:height\" content=\"340\" \/>\n\t<meta property=\"og:image:type\" content=\"image\/jpeg\" \/>\n<meta name=\"author\" content=\"Agazeta.Net\" \/>\n<meta name=\"twitter:card\" content=\"summary_large_image\" \/>\n<meta name=\"twitter:label1\" content=\"Escrito por\" \/>\n\t<meta name=\"twitter:data1\" content=\"Agazeta.Net\" \/>\n\t<meta name=\"twitter:label2\" content=\"Est. tempo de leitura\" \/>\n\t<meta name=\"twitter:data2\" content=\"1 minuto\" \/>\n<script type=\"application\/ld+json\" class=\"yoast-schema-graph\">{\"@context\":\"https:\/\/schema.org\",\"@graph\":[{\"@type\":\"WebPage\",\"@id\":\"https:\/\/nk7-testes.com.br\/agazeta\/prf-apreende-11-quilos-de-cocaina-na-br-317-2\/\",\"url\":\"https:\/\/nk7-testes.com.br\/agazeta\/prf-apreende-11-quilos-de-cocaina-na-br-317-2\/\",\"name\":\"Aumentam focos de calor em 182% no Acre, diz Corpo de Bombeiros - Agazeta.net\",\"isPartOf\":{\"@id\":\"https:\/\/nk7-testes.com.br\/agazeta\/#website\"},\"primaryImageOfPage\":{\"@id\":\"https:\/\/nk7-testes.com.br\/agazeta\/prf-apreende-11-quilos-de-cocaina-na-br-317-2\/#primaryimage\"},\"image\":{\"@id\":\"https:\/\/nk7-testes.com.br\/agazeta\/prf-apreende-11-quilos-de-cocaina-na-br-317-2\/#primaryimage\"},\"thumbnailUrl\":\"https:\/\/nk7-testes.com.br\/agazeta\/wp-content\/uploads\/2016\/06\/270616-cotidiano-incendio-senildomelo.jpg\",\"datePublished\":\"2016-06-27T14:45:34+00:00\",\"author\":{\"@id\":\"https:\/\/nk7-testes.com.br\/agazeta\/#\/schema\/person\/6d6e25cb0435eb4a02fd44d30b4e3020\"},\"breadcrumb\":{\"@id\":\"https:\/\/nk7-testes.com.br\/agazeta\/prf-apreende-11-quilos-de-cocaina-na-br-317-2\/#breadcrumb\"},\"inLanguage\":\"pt-BR\",\"potentialAction\":[{\"@type\":\"ReadAction\",\"target\":[\"https:\/\/nk7-testes.com.br\/agazeta\/prf-apreende-11-quilos-de-cocaina-na-br-317-2\/\"]}]},{\"@type\":\"ImageObject\",\"inLanguage\":\"pt-BR\",\"@id\":\"https:\/\/nk7-testes.com.br\/agazeta\/prf-apreende-11-quilos-de-cocaina-na-br-317-2\/#primaryimage\",\"url\":\"https:\/\/nk7-testes.com.br\/agazeta\/wp-content\/uploads\/2016\/06\/270616-cotidiano-incendio-senildomelo.jpg\",\"contentUrl\":\"https:\/\/nk7-testes.com.br\/agazeta\/wp-content\/uploads\/2016\/06\/270616-cotidiano-incendio-senildomelo.jpg\",\"width\":458,\"height\":340,\"caption\":\"270616-cotidiano-incendio-senildomelo\"},{\"@type\":\"BreadcrumbList\",\"@id\":\"https:\/\/nk7-testes.com.br\/agazeta\/prf-apreende-11-quilos-de-cocaina-na-br-317-2\/#breadcrumb\",\"itemListElement\":[{\"@type\":\"ListItem\",\"position\":1,\"name\":\"In\u00edcio\",\"item\":\"https:\/\/nk7-testes.com.br\/agazeta\/\"},{\"@type\":\"ListItem\",\"position\":2,\"name\":\"Aumentam focos de calor em 182% no Acre, diz Corpo de Bombeiros\"}]},{\"@type\":\"WebSite\",\"@id\":\"https:\/\/nk7-testes.com.br\/agazeta\/#website\",\"url\":\"https:\/\/nk7-testes.com.br\/agazeta\/\",\"name\":\"Agazeta.net\",\"description\":\"Agazeta.net - Not\u00edcias de Rio Branco\/AC\",\"potentialAction\":[{\"@type\":\"SearchAction\",\"target\":{\"@type\":\"EntryPoint\",\"urlTemplate\":\"https:\/\/nk7-testes.com.br\/agazeta\/?s={search_term_string}\"},\"query-input\":{\"@type\":\"PropertyValueSpecification\",\"valueRequired\":true,\"valueName\":\"search_term_string\"}}],\"inLanguage\":\"pt-BR\"},{\"@type\":\"Person\",\"@id\":\"https:\/\/nk7-testes.com.br\/agazeta\/#\/schema\/person\/6d6e25cb0435eb4a02fd44d30b4e3020\",\"name\":\"Agazeta.Net\",\"url\":\"https:\/\/nk7-testes.com.br\/agazeta\/author\/agazeta\/\"}]}<\/script>\n<!-- \/ Yoast SEO plugin. -->","yoast_head_json":{"title":"Aumentam focos de calor em 182% no Acre, diz Corpo de Bombeiros - Agazeta.net","robots":{"index":"index","follow":"follow","max-snippet":"max-snippet:-1","max-image-preview":"max-image-preview:large","max-video-preview":"max-video-preview:-1"},"canonical":"https:\/\/nk7-testes.com.br\/agazeta\/prf-apreende-11-quilos-de-cocaina-na-br-317-2\/","og_locale":"pt_BR","og_type":"article","og_title":"Aumentam focos de calor em 182% no Acre, diz Corpo de Bombeiros - Agazeta.net","og_description":"Loteamento Farah, na BR-364: foco no fim de semana","og_url":"https:\/\/nk7-testes.com.br\/agazeta\/prf-apreende-11-quilos-de-cocaina-na-br-317-2\/","og_site_name":"Agazeta.net","article_published_time":"2016-06-27T14:45:34+00:00","og_image":[{"width":458,"height":340,"url":"https:\/\/nk7-testes.com.br\/agazeta\/wp-content\/uploads\/2016\/06\/270616-cotidiano-incendio-senildomelo.jpg","type":"image\/jpeg"}],"author":"Agazeta.Net","twitter_card":"summary_large_image","twitter_misc":{"Escrito por":"Agazeta.Net","Est. tempo de leitura":"1 minuto"},"schema":{"@context":"https:\/\/schema.org","@graph":[{"@type":"WebPage","@id":"https:\/\/nk7-testes.com.br\/agazeta\/prf-apreende-11-quilos-de-cocaina-na-br-317-2\/","url":"https:\/\/nk7-testes.com.br\/agazeta\/prf-apreende-11-quilos-de-cocaina-na-br-317-2\/","name":"Aumentam focos de calor em 182% no Acre, diz Corpo de Bombeiros - Agazeta.net","isPartOf":{"@id":"https:\/\/nk7-testes.com.br\/agazeta\/#website"},"primaryImageOfPage":{"@id":"https:\/\/nk7-testes.com.br\/agazeta\/prf-apreende-11-quilos-de-cocaina-na-br-317-2\/#primaryimage"},"image":{"@id":"https:\/\/nk7-testes.com.br\/agazeta\/prf-apreende-11-quilos-de-cocaina-na-br-317-2\/#primaryimage"},"thumbnailUrl":"https:\/\/nk7-testes.com.br\/agazeta\/wp-content\/uploads\/2016\/06\/270616-cotidiano-incendio-senildomelo.jpg","datePublished":"2016-06-27T14:45:34+00:00","author":{"@id":"https:\/\/nk7-testes.com.br\/agazeta\/#\/schema\/person\/6d6e25cb0435eb4a02fd44d30b4e3020"},"breadcrumb":{"@id":"https:\/\/nk7-testes.com.br\/agazeta\/prf-apreende-11-quilos-de-cocaina-na-br-317-2\/#breadcrumb"},"inLanguage":"pt-BR","potentialAction":[{"@type":"ReadAction","target":["https:\/\/nk7-testes.com.br\/agazeta\/prf-apreende-11-quilos-de-cocaina-na-br-317-2\/"]}]},{"@type":"ImageObject","inLanguage":"pt-BR","@id":"https:\/\/nk7-testes.com.br\/agazeta\/prf-apreende-11-quilos-de-cocaina-na-br-317-2\/#primaryimage","url":"https:\/\/nk7-testes.com.br\/agazeta\/wp-content\/uploads\/2016\/06\/270616-cotidiano-incendio-senildomelo.jpg","contentUrl":"https:\/\/nk7-testes.com.br\/agazeta\/wp-content\/uploads\/2016\/06\/270616-cotidiano-incendio-senildomelo.jpg","width":458,"height":340,"caption":"270616-cotidiano-incendio-senildomelo"},{"@type":"BreadcrumbList","@id":"https:\/\/nk7-testes.com.br\/agazeta\/prf-apreende-11-quilos-de-cocaina-na-br-317-2\/#breadcrumb","itemListElement":[{"@type":"ListItem","position":1,"name":"In\u00edcio","item":"https:\/\/nk7-testes.com.br\/agazeta\/"},{"@type":"ListItem","position":2,"name":"Aumentam focos de calor em 182% no Acre, diz Corpo de Bombeiros"}]},{"@type":"WebSite","@id":"https:\/\/nk7-testes.com.br\/agazeta\/#website","url":"https:\/\/nk7-testes.com.br\/agazeta\/","name":"Agazeta.net","description":"Agazeta.net - Not\u00edcias de Rio Branco\/AC","potentialAction":[{"@type":"SearchAction","target":{"@type":"EntryPoint","urlTemplate":"https:\/\/nk7-testes.com.br\/agazeta\/?s={search_term_string}"},"query-input":{"@type":"PropertyValueSpecification","valueRequired":true,"valueName":"search_term_string"}}],"inLanguage":"pt-BR"},{"@type":"Person","@id":"https:\/\/nk7-testes.com.br\/agazeta\/#\/schema\/person\/6d6e25cb0435eb4a02fd44d30b4e3020","name":"Agazeta.Net","url":"https:\/\/nk7-testes.com.br\/agazeta\/author\/agazeta\/"}]}},"_links":{"self":[{"href":"https:\/\/nk7-testes.com.br\/agazeta\/wp-json\/wp\/v2\/posts\/23510","targetHints":{"allow":["GET"]}}],"collection":[{"href":"https:\/\/nk7-testes.com.br\/agazeta\/wp-json\/wp\/v2\/posts"}],"about":[{"href":"https:\/\/nk7-testes.com.br\/agazeta\/wp-json\/wp\/v2\/types\/post"}],"author":[{"embeddable":true,"href":"https:\/\/nk7-testes.com.br\/agazeta\/wp-json\/wp\/v2\/users\/4"}],"replies":[{"embeddable":true,"href":"https:\/\/nk7-testes.com.br\/agazeta\/wp-json\/wp\/v2\/comments?post=23510"}],"version-history":[{"count":0,"href":"https:\/\/nk7-testes.com.br\/agazeta\/wp-json\/wp\/v2\/posts\/23510\/revisions"}],"wp:featuredmedia":[{"embeddable":true,"href":"https:\/\/nk7-testes.com.br\/agazeta\/wp-json\/wp\/v2\/media\/23509"}],"wp:attachment":[{"href":"https:\/\/nk7-testes.com.br\/agazeta\/wp-json\/wp\/v2\/media?parent=23510"}],"wp:term":[{"taxonomy":"category","embeddable":true,"href":"https:\/\/nk7-testes.com.br\/agazeta\/wp-json\/wp\/v2\/categories?post=23510"},{"taxonomy":"post_tag","embeddable":true,"href":"https:\/\/nk7-testes.com.br\/agazeta\/wp-json\/wp\/v2\/tags?post=23510"}],"curies":[{"name":"wp","href":"https:\/\/api.w.org\/{rel}","templated":true}]}}