{"id":23499,"date":"2016-06-25T16:57:57","date_gmt":"2016-06-25T16:57:57","guid":{"rendered":"https:\/\/abarevegan.com.br\/index.php\/2016\/06\/25\/familia-vive-na-miseria-no-belo-jardim-i\/"},"modified":"2016-06-25T16:57:57","modified_gmt":"2016-06-25T16:57:57","slug":"familia-vive-na-miseria-no-belo-jardim-i","status":"publish","type":"post","link":"https:\/\/nk7-testes.com.br\/agazeta\/familia-vive-na-miseria-no-belo-jardim-i\/","title":{"rendered":"Fam\u00edlia vive na mis\u00e9ria no Belo Jardim I"},"content":{"rendered":"<p style=\"text-align: justify;\">Desempregado, casal vive condenado pela mis\u00e9ria<\/p>\n<p style=\"text-align: justify;\">H\u00e9lio Carmo da Silva e Edna Concei\u00e7\u00e3o da Silva t\u00eam 32 anos de sofrimento. Eles vieram recentemente de Cruzeiro do Sul j\u00e1 espantados pela mis\u00e9ria. A Capital, como tantas outras, serviu ao casal como uma possibilidade de melhorar a sobreviv\u00eancia.<\/p>\n<p style=\"text-align: justify;\">Sobrou-lhes o bairro Belo Jardim I. A regi\u00e3o \u00e9 destaque pela viol\u00eancia. Mas, o que pode ser considerado viol\u00eancia a um pai de fam\u00edlia que tem a oferecer como janta aos tr\u00eas filhos uma \u00e1gua salgada com sobras de um almo\u00e7o j\u00e1 empobrecido?<\/p>\n<p style=\"text-align: justify;\">Ao tirar a panela amassada, aquecida em um fogareiro improvisado, o olhar de H\u00e9lio aos filhos chega a constranger. Os meninos, espertos como as crian\u00e7as de 4, 8 e 10 anos, n\u00e3o escondiam o constrangimento. O que os levava a uma estranha quietude diante das c\u00e2meras.<\/p>\n<p style=\"text-align: justify;\">O colch\u00e3o coletivo acolhe a todos em um relento escondido por restos de madeira e papel\u00e3o. A rotina de catadores de lata ainda n\u00e3o foi observada por nenhum programa de distribui\u00e7\u00e3o de renda.<\/p>\n<p style=\"text-align: justify;\">A rotina de pobreza e mis\u00e9ria do Belo Jardim faz com que a situa\u00e7\u00e3o de H\u00e9lio, Edna e os tr\u00eas filhos se misturem \u00e0 paisagem de um lugar com a aus\u00eancia quase plena do poder p\u00fabico.<\/p>\n<p style=\"text-align: justify;\">Os tr\u00eas meninos n\u00e3o est\u00e3o matriculados em nenhuma escola. Um novo ciclo de pobreza e mis\u00e9ria pode estar sendo iniciado em dose tripla.<\/p>\n","protected":false},"excerpt":{"rendered":"<p style=\"text-align: justify;\">Desempregado, casal vive condenado pela mis\u00e9ria<\/p>\n","protected":false},"author":4,"featured_media":23498,"comment_status":"open","ping_status":"open","sticky":false,"template":"","format":"standard","meta":{"jnews-multi-image_gallery":[],"jnews_single_post":[],"jnews_primary_category":[],"jnews_social_meta":[],"jnews_review":[],"enable_review":"","type":"","name":"","summary":"","brand":"","sku":"","good":[],"bad":[],"score_override":"","override_value":"","rating":[],"price":[],"footnotes":""},"categories":[54],"tags":[],"class_list":["post-23499","post","type-post","status-publish","format-standard","has-post-thumbnail","hentry","category-cotidiano"],"yoast_head":"<!-- This site is optimized with the Yoast SEO plugin v26.5 - https:\/\/yoast.com\/wordpress\/plugins\/seo\/ -->\n<title>Fam\u00edlia vive na mis\u00e9ria no Belo Jardim I - Agazeta.net<\/title>\n<meta name=\"robots\" content=\"index, follow, max-snippet:-1, max-image-preview:large, max-video-preview:-1\" \/>\n<link rel=\"canonical\" href=\"https:\/\/nk7-testes.com.br\/agazeta\/familia-vive-na-miseria-no-belo-jardim-i\/\" \/>\n<meta property=\"og:locale\" content=\"pt_BR\" \/>\n<meta property=\"og:type\" content=\"article\" \/>\n<meta property=\"og:title\" content=\"Fam\u00edlia vive na mis\u00e9ria no Belo Jardim I - Agazeta.net\" \/>\n<meta property=\"og:description\" content=\"Desempregado, casal vive condenado pela mis\u00e9ria\" \/>\n<meta property=\"og:url\" content=\"https:\/\/nk7-testes.com.br\/agazeta\/familia-vive-na-miseria-no-belo-jardim-i\/\" \/>\n<meta property=\"og:site_name\" content=\"Agazeta.net\" \/>\n<meta property=\"article:published_time\" content=\"2016-06-25T16:57:57+00:00\" \/>\n<meta property=\"og:image\" content=\"https:\/\/nk7-testes.com.br\/agazeta\/wp-content\/uploads\/2016\/06\/080317-cotidiano-familiamiseravel-cleriston.jpg\" \/>\n\t<meta property=\"og:image:width\" content=\"458\" \/>\n\t<meta property=\"og:image:height\" content=\"340\" \/>\n\t<meta property=\"og:image:type\" content=\"image\/jpeg\" \/>\n<meta name=\"author\" content=\"Agazeta.Net\" \/>\n<meta name=\"twitter:card\" content=\"summary_large_image\" \/>\n<meta name=\"twitter:label1\" content=\"Escrito por\" \/>\n\t<meta name=\"twitter:data1\" content=\"Agazeta.Net\" \/>\n\t<meta name=\"twitter:label2\" content=\"Est. tempo de leitura\" \/>\n\t<meta name=\"twitter:data2\" content=\"1 minuto\" \/>\n<script type=\"application\/ld+json\" class=\"yoast-schema-graph\">{\"@context\":\"https:\/\/schema.org\",\"@graph\":[{\"@type\":\"WebPage\",\"@id\":\"https:\/\/nk7-testes.com.br\/agazeta\/familia-vive-na-miseria-no-belo-jardim-i\/\",\"url\":\"https:\/\/nk7-testes.com.br\/agazeta\/familia-vive-na-miseria-no-belo-jardim-i\/\",\"name\":\"Fam\u00edlia vive na mis\u00e9ria no Belo Jardim I - Agazeta.net\",\"isPartOf\":{\"@id\":\"https:\/\/nk7-testes.com.br\/agazeta\/#website\"},\"primaryImageOfPage\":{\"@id\":\"https:\/\/nk7-testes.com.br\/agazeta\/familia-vive-na-miseria-no-belo-jardim-i\/#primaryimage\"},\"image\":{\"@id\":\"https:\/\/nk7-testes.com.br\/agazeta\/familia-vive-na-miseria-no-belo-jardim-i\/#primaryimage\"},\"thumbnailUrl\":\"https:\/\/nk7-testes.com.br\/agazeta\/wp-content\/uploads\/2016\/06\/080317-cotidiano-familiamiseravel-cleriston.jpg\",\"datePublished\":\"2016-06-25T16:57:57+00:00\",\"author\":{\"@id\":\"https:\/\/nk7-testes.com.br\/agazeta\/#\/schema\/person\/6d6e25cb0435eb4a02fd44d30b4e3020\"},\"breadcrumb\":{\"@id\":\"https:\/\/nk7-testes.com.br\/agazeta\/familia-vive-na-miseria-no-belo-jardim-i\/#breadcrumb\"},\"inLanguage\":\"pt-BR\",\"potentialAction\":[{\"@type\":\"ReadAction\",\"target\":[\"https:\/\/nk7-testes.com.br\/agazeta\/familia-vive-na-miseria-no-belo-jardim-i\/\"]}]},{\"@type\":\"ImageObject\",\"inLanguage\":\"pt-BR\",\"@id\":\"https:\/\/nk7-testes.com.br\/agazeta\/familia-vive-na-miseria-no-belo-jardim-i\/#primaryimage\",\"url\":\"https:\/\/nk7-testes.com.br\/agazeta\/wp-content\/uploads\/2016\/06\/080317-cotidiano-familiamiseravel-cleriston.jpg\",\"contentUrl\":\"https:\/\/nk7-testes.com.br\/agazeta\/wp-content\/uploads\/2016\/06\/080317-cotidiano-familiamiseravel-cleriston.jpg\",\"width\":458,\"height\":340,\"caption\":\"080317-cotidiano-familiamiseravel-cleriston\"},{\"@type\":\"BreadcrumbList\",\"@id\":\"https:\/\/nk7-testes.com.br\/agazeta\/familia-vive-na-miseria-no-belo-jardim-i\/#breadcrumb\",\"itemListElement\":[{\"@type\":\"ListItem\",\"position\":1,\"name\":\"In\u00edcio\",\"item\":\"https:\/\/nk7-testes.com.br\/agazeta\/\"},{\"@type\":\"ListItem\",\"position\":2,\"name\":\"Fam\u00edlia vive na mis\u00e9ria no Belo Jardim I\"}]},{\"@type\":\"WebSite\",\"@id\":\"https:\/\/nk7-testes.com.br\/agazeta\/#website\",\"url\":\"https:\/\/nk7-testes.com.br\/agazeta\/\",\"name\":\"Agazeta.net\",\"description\":\"Agazeta.net - Not\u00edcias de Rio Branco\/AC\",\"potentialAction\":[{\"@type\":\"SearchAction\",\"target\":{\"@type\":\"EntryPoint\",\"urlTemplate\":\"https:\/\/nk7-testes.com.br\/agazeta\/?s={search_term_string}\"},\"query-input\":{\"@type\":\"PropertyValueSpecification\",\"valueRequired\":true,\"valueName\":\"search_term_string\"}}],\"inLanguage\":\"pt-BR\"},{\"@type\":\"Person\",\"@id\":\"https:\/\/nk7-testes.com.br\/agazeta\/#\/schema\/person\/6d6e25cb0435eb4a02fd44d30b4e3020\",\"name\":\"Agazeta.Net\",\"url\":\"https:\/\/nk7-testes.com.br\/agazeta\/author\/agazeta\/\"}]}<\/script>\n<!-- \/ Yoast SEO plugin. -->","yoast_head_json":{"title":"Fam\u00edlia vive na mis\u00e9ria no Belo Jardim I - Agazeta.net","robots":{"index":"index","follow":"follow","max-snippet":"max-snippet:-1","max-image-preview":"max-image-preview:large","max-video-preview":"max-video-preview:-1"},"canonical":"https:\/\/nk7-testes.com.br\/agazeta\/familia-vive-na-miseria-no-belo-jardim-i\/","og_locale":"pt_BR","og_type":"article","og_title":"Fam\u00edlia vive na mis\u00e9ria no Belo Jardim I - Agazeta.net","og_description":"Desempregado, casal vive condenado pela mis\u00e9ria","og_url":"https:\/\/nk7-testes.com.br\/agazeta\/familia-vive-na-miseria-no-belo-jardim-i\/","og_site_name":"Agazeta.net","article_published_time":"2016-06-25T16:57:57+00:00","og_image":[{"width":458,"height":340,"url":"https:\/\/nk7-testes.com.br\/agazeta\/wp-content\/uploads\/2016\/06\/080317-cotidiano-familiamiseravel-cleriston.jpg","type":"image\/jpeg"}],"author":"Agazeta.Net","twitter_card":"summary_large_image","twitter_misc":{"Escrito por":"Agazeta.Net","Est. tempo de leitura":"1 minuto"},"schema":{"@context":"https:\/\/schema.org","@graph":[{"@type":"WebPage","@id":"https:\/\/nk7-testes.com.br\/agazeta\/familia-vive-na-miseria-no-belo-jardim-i\/","url":"https:\/\/nk7-testes.com.br\/agazeta\/familia-vive-na-miseria-no-belo-jardim-i\/","name":"Fam\u00edlia vive na mis\u00e9ria no Belo Jardim I - Agazeta.net","isPartOf":{"@id":"https:\/\/nk7-testes.com.br\/agazeta\/#website"},"primaryImageOfPage":{"@id":"https:\/\/nk7-testes.com.br\/agazeta\/familia-vive-na-miseria-no-belo-jardim-i\/#primaryimage"},"image":{"@id":"https:\/\/nk7-testes.com.br\/agazeta\/familia-vive-na-miseria-no-belo-jardim-i\/#primaryimage"},"thumbnailUrl":"https:\/\/nk7-testes.com.br\/agazeta\/wp-content\/uploads\/2016\/06\/080317-cotidiano-familiamiseravel-cleriston.jpg","datePublished":"2016-06-25T16:57:57+00:00","author":{"@id":"https:\/\/nk7-testes.com.br\/agazeta\/#\/schema\/person\/6d6e25cb0435eb4a02fd44d30b4e3020"},"breadcrumb":{"@id":"https:\/\/nk7-testes.com.br\/agazeta\/familia-vive-na-miseria-no-belo-jardim-i\/#breadcrumb"},"inLanguage":"pt-BR","potentialAction":[{"@type":"ReadAction","target":["https:\/\/nk7-testes.com.br\/agazeta\/familia-vive-na-miseria-no-belo-jardim-i\/"]}]},{"@type":"ImageObject","inLanguage":"pt-BR","@id":"https:\/\/nk7-testes.com.br\/agazeta\/familia-vive-na-miseria-no-belo-jardim-i\/#primaryimage","url":"https:\/\/nk7-testes.com.br\/agazeta\/wp-content\/uploads\/2016\/06\/080317-cotidiano-familiamiseravel-cleriston.jpg","contentUrl":"https:\/\/nk7-testes.com.br\/agazeta\/wp-content\/uploads\/2016\/06\/080317-cotidiano-familiamiseravel-cleriston.jpg","width":458,"height":340,"caption":"080317-cotidiano-familiamiseravel-cleriston"},{"@type":"BreadcrumbList","@id":"https:\/\/nk7-testes.com.br\/agazeta\/familia-vive-na-miseria-no-belo-jardim-i\/#breadcrumb","itemListElement":[{"@type":"ListItem","position":1,"name":"In\u00edcio","item":"https:\/\/nk7-testes.com.br\/agazeta\/"},{"@type":"ListItem","position":2,"name":"Fam\u00edlia vive na mis\u00e9ria no Belo Jardim I"}]},{"@type":"WebSite","@id":"https:\/\/nk7-testes.com.br\/agazeta\/#website","url":"https:\/\/nk7-testes.com.br\/agazeta\/","name":"Agazeta.net","description":"Agazeta.net - Not\u00edcias de Rio Branco\/AC","potentialAction":[{"@type":"SearchAction","target":{"@type":"EntryPoint","urlTemplate":"https:\/\/nk7-testes.com.br\/agazeta\/?s={search_term_string}"},"query-input":{"@type":"PropertyValueSpecification","valueRequired":true,"valueName":"search_term_string"}}],"inLanguage":"pt-BR"},{"@type":"Person","@id":"https:\/\/nk7-testes.com.br\/agazeta\/#\/schema\/person\/6d6e25cb0435eb4a02fd44d30b4e3020","name":"Agazeta.Net","url":"https:\/\/nk7-testes.com.br\/agazeta\/author\/agazeta\/"}]}},"_links":{"self":[{"href":"https:\/\/nk7-testes.com.br\/agazeta\/wp-json\/wp\/v2\/posts\/23499","targetHints":{"allow":["GET"]}}],"collection":[{"href":"https:\/\/nk7-testes.com.br\/agazeta\/wp-json\/wp\/v2\/posts"}],"about":[{"href":"https:\/\/nk7-testes.com.br\/agazeta\/wp-json\/wp\/v2\/types\/post"}],"author":[{"embeddable":true,"href":"https:\/\/nk7-testes.com.br\/agazeta\/wp-json\/wp\/v2\/users\/4"}],"replies":[{"embeddable":true,"href":"https:\/\/nk7-testes.com.br\/agazeta\/wp-json\/wp\/v2\/comments?post=23499"}],"version-history":[{"count":0,"href":"https:\/\/nk7-testes.com.br\/agazeta\/wp-json\/wp\/v2\/posts\/23499\/revisions"}],"wp:featuredmedia":[{"embeddable":true,"href":"https:\/\/nk7-testes.com.br\/agazeta\/wp-json\/wp\/v2\/media\/23498"}],"wp:attachment":[{"href":"https:\/\/nk7-testes.com.br\/agazeta\/wp-json\/wp\/v2\/media?parent=23499"}],"wp:term":[{"taxonomy":"category","embeddable":true,"href":"https:\/\/nk7-testes.com.br\/agazeta\/wp-json\/wp\/v2\/categories?post=23499"},{"taxonomy":"post_tag","embeddable":true,"href":"https:\/\/nk7-testes.com.br\/agazeta\/wp-json\/wp\/v2\/tags?post=23499"}],"curies":[{"name":"wp","href":"https:\/\/api.w.org\/{rel}","templated":true}]}}