{"id":23491,"date":"2016-06-24T15:33:53","date_gmt":"2016-06-24T15:33:53","guid":{"rendered":"https:\/\/abarevegan.com.br\/index.php\/2016\/06\/24\/calor-sasai-morre-no-hc-de-rio-branco-pneumonia\/"},"modified":"2016-06-24T15:33:53","modified_gmt":"2016-06-24T15:33:53","slug":"calor-sasai-morre-no-hc-de-rio-branco-pneumonia","status":"publish","type":"post","link":"https:\/\/nk7-testes.com.br\/agazeta\/calor-sasai-morre-no-hc-de-rio-branco-pneumonia\/","title":{"rendered":"Carlos Sasai morre no HC de Rio Branco: pneumonia"},"content":{"rendered":"<p style=\"text-align: justify;\">Vel\u00f3rio ser\u00e1 na Fieac, a partir das 14 horas<\/p>\n<p style=\"text-align: justify;\">O empres\u00e1rio Carlos Sasai morreu na manh\u00e3 desta sexta-feira (24) no Hospital das Cl\u00ednicas de Rio Branco. Ele sofria as consequ\u00eancias de um acidente vascular cerebral ocorrido em dezembro de 2014. Nunca mais se recuperou. Passou 10 meses no Hospital S\u00edrio Liban\u00eas, em S\u00e3o Paulo.<\/p>\n<p style=\"text-align: justify;\">Veio para Rio Branco para tentar recuperar-se junto \u00e0 fam\u00edlia. Recentemente, entrou em coma; passou por um tratamento. Nas \u00faltimas semanas, a placa de tit\u00e2nio inserida no cr\u00e2nio estava dando \u201cinfiltra\u00e7\u00e3o\u201d. A retirada dessa placa aumentou a press\u00e3o intracraniana.<\/p>\n<p style=\"text-align: justify;\">Teve que ser hospitalizado no HC de Rio Branco. O quadro cl\u00ednico se complicou com a pneumonia adquirida.<\/p>\n<p style=\"text-align: justify;\">O vel\u00f3rio j\u00e1 est\u00e1 definido. Ocorrer\u00e1, a partir das 14 horas na sede da Federa\u00e7\u00e3o das Ind\u00fastrias do Acre, institui\u00e7\u00e3o que presidiu de 2011 a dezembro de 2014 quando foi v\u00edtima do AVC.<\/p>\n<p style=\"text-align: justify;\">Em uma rede social, o atual presidente da Fieac, Jos\u00e9 Adriano, lamentou a perda do amigo. &#8220;A federa\u00e7\u00e3o, todo o setor produtivo e o Estado do Acre perdem um ser humano digno de todo nosso respeito&#8221;.<\/p>\n<p style=\"text-align: justify;\">O enterro est\u00e1 confirmado para s\u00e1bado (25), \u00e0s 11 horas da manh\u00e3, no cemit\u00e9rio Morada da Paz.<\/p>\n<p style=\"text-align: justify;\"><strong>NOTA DE PESAR DA FIEAC<\/strong><\/p>\n<p><strong>Adeus, grande companheiro<\/strong><\/p>\n<p>A Federa\u00e7\u00e3o das Ind\u00fastrias do Estado do Acre est\u00e1 de luto. Diretoria, executivos, colaboradores, todos consternados pelo duro golpe sofrido na manh\u00e3 desta sexta-feira, 24 de junho.<\/p>\n<p>N\u00e3o est\u00e1vamos preparados para nos despedir de Carlos Takashi Sasai. Nunca estaremos preparados para dizer adeus \u00e0queles que amamos, respeitamos e consideramos.<\/p>\n<p>A falta que nosso companheiro nos far\u00e1 ser\u00e1 imensa. Mais do que uma grande lideran\u00e7a em nosso meio e no nosso estado, ele foi uma figura sempre sensata. Sempre af\u00e1vel. Sempre acolhedora.<\/p>\n<p>N\u00e3o ser\u00e1 nada f\u00e1cil seguir sem nosso amigo. Foi ele que, por 17 anos, conduziu com maestria o setor da Constru\u00e7\u00e3o Civil, pois seu compromisso com o desenvolvimento do estado e com a economia sempre esteve \u00e0 frente de seus interesses pessoais.<\/p>\n<p>Foi ele que, ao assumir a presid\u00eancia da FIEAC, em 2011, investiu em educa\u00e7\u00e3o profissional, pesquisa aplicada e prospec\u00e7\u00e3o de mercado. Foi ele que, por mais que as dificuldades fossem grandes, n\u00e3o mediu esfor\u00e7os para levar os servi\u00e7os do Sistema FIEAC aonde fosse preciso, qualificando m\u00e3o-de-obra pelo interior, semeando a esperan\u00e7a de uma vida melhor em seus cora\u00e7\u00f5es, por meio do Projeto de Interioriza\u00e7\u00e3o das A\u00e7\u00f5es do Sistema, que beneficiou milhares de pessoas por onde passou.<\/p>\n<p>Por sua brilhante atua\u00e7\u00e3o em todas as \u00e1reas que se dedicava, este paulista, nascido em Santo Andr\u00e9, engenheiro por forma\u00e7\u00e3o e voca\u00e7\u00e3o, chegou, tamb\u00e9m, ao cargo de presidente do Conselho Deliberativo do Sebrae no Acre, em 2009.<\/p>\n<p>Para ele, assumir mais esse desafio foi uma verdadeira honra, uma vez que a entidade tem a mesma miss\u00e3o que sempre o motivou: promover o desenvolvimento sustent\u00e1vel das micro e pequenas empresas acreanas.<\/p>\n<p>Foi, ainda, sob sua gest\u00e3o, que a FIEAC foi a principal parceira do Governo do Estado no desenvolvimento de projetos de suma import\u00e2ncia para o aquecimento da economia.<\/p>\n<p>N\u00e3o foi por acaso que o elegemos por unanimidade. Sua chapa, \u00e0 \u00e9poca da elei\u00e7\u00e3o, chamava-se &#8220;Consensual&#8221;, pois, com Carlos Sasai, sempre concordamos. Menos com sua repentina partida.<\/p>\n<p><strong>A DIRETORIA<\/strong><\/p>\n","protected":false},"excerpt":{"rendered":"<p style=\"text-align: justify;\">Vel\u00f3rio ser\u00e1 na Fieac, a partir das 14 horas<\/p>\n","protected":false},"author":4,"featured_media":23490,"comment_status":"open","ping_status":"open","sticky":false,"template":"","format":"standard","meta":{"jnews-multi-image_gallery":[],"jnews_single_post":[],"jnews_primary_category":[],"jnews_social_meta":[],"jnews_review":[],"enable_review":"","type":"","name":"","summary":"","brand":"","sku":"","good":[],"bad":[],"score_override":"","override_value":"","rating":[],"price":[],"footnotes":""},"categories":[54],"tags":[],"class_list":["post-23491","post","type-post","status-publish","format-standard","has-post-thumbnail","hentry","category-cotidiano"],"yoast_head":"<!-- This site is optimized with the Yoast SEO plugin v26.5 - https:\/\/yoast.com\/wordpress\/plugins\/seo\/ -->\n<title>Carlos Sasai morre no HC de Rio Branco: pneumonia - Agazeta.net<\/title>\n<meta name=\"robots\" content=\"index, follow, max-snippet:-1, max-image-preview:large, max-video-preview:-1\" \/>\n<link rel=\"canonical\" href=\"https:\/\/nk7-testes.com.br\/agazeta\/calor-sasai-morre-no-hc-de-rio-branco-pneumonia\/\" \/>\n<meta property=\"og:locale\" content=\"pt_BR\" \/>\n<meta property=\"og:type\" content=\"article\" \/>\n<meta property=\"og:title\" content=\"Carlos Sasai morre no HC de Rio Branco: pneumonia - Agazeta.net\" \/>\n<meta property=\"og:description\" content=\"Vel\u00f3rio ser\u00e1 na Fieac, a partir das 14 horas\" \/>\n<meta property=\"og:url\" content=\"https:\/\/nk7-testes.com.br\/agazeta\/calor-sasai-morre-no-hc-de-rio-branco-pneumonia\/\" \/>\n<meta property=\"og:site_name\" content=\"Agazeta.net\" \/>\n<meta property=\"article:published_time\" content=\"2016-06-24T15:33:53+00:00\" \/>\n<meta property=\"og:image\" content=\"https:\/\/nk7-testes.com.br\/agazeta\/wp-content\/uploads\/2016\/06\/050115-cotidiano-carlossasai-agenciadenoticias.jpg\" \/>\n\t<meta property=\"og:image:width\" content=\"458\" \/>\n\t<meta property=\"og:image:height\" content=\"340\" \/>\n\t<meta property=\"og:image:type\" content=\"image\/jpeg\" \/>\n<meta name=\"author\" content=\"Agazeta.Net\" \/>\n<meta name=\"twitter:card\" content=\"summary_large_image\" \/>\n<meta name=\"twitter:label1\" content=\"Escrito por\" \/>\n\t<meta name=\"twitter:data1\" content=\"Agazeta.Net\" \/>\n\t<meta name=\"twitter:label2\" content=\"Est. tempo de leitura\" \/>\n\t<meta name=\"twitter:data2\" content=\"3 minutos\" \/>\n<script type=\"application\/ld+json\" class=\"yoast-schema-graph\">{\"@context\":\"https:\/\/schema.org\",\"@graph\":[{\"@type\":\"WebPage\",\"@id\":\"https:\/\/nk7-testes.com.br\/agazeta\/calor-sasai-morre-no-hc-de-rio-branco-pneumonia\/\",\"url\":\"https:\/\/nk7-testes.com.br\/agazeta\/calor-sasai-morre-no-hc-de-rio-branco-pneumonia\/\",\"name\":\"Carlos Sasai morre no HC de Rio Branco: pneumonia - Agazeta.net\",\"isPartOf\":{\"@id\":\"https:\/\/nk7-testes.com.br\/agazeta\/#website\"},\"primaryImageOfPage\":{\"@id\":\"https:\/\/nk7-testes.com.br\/agazeta\/calor-sasai-morre-no-hc-de-rio-branco-pneumonia\/#primaryimage\"},\"image\":{\"@id\":\"https:\/\/nk7-testes.com.br\/agazeta\/calor-sasai-morre-no-hc-de-rio-branco-pneumonia\/#primaryimage\"},\"thumbnailUrl\":\"https:\/\/nk7-testes.com.br\/agazeta\/wp-content\/uploads\/2016\/06\/050115-cotidiano-carlossasai-agenciadenoticias.jpg\",\"datePublished\":\"2016-06-24T15:33:53+00:00\",\"author\":{\"@id\":\"https:\/\/nk7-testes.com.br\/agazeta\/#\/schema\/person\/ff6b39d54d6973bfc57f4140f659b23f\"},\"breadcrumb\":{\"@id\":\"https:\/\/nk7-testes.com.br\/agazeta\/calor-sasai-morre-no-hc-de-rio-branco-pneumonia\/#breadcrumb\"},\"inLanguage\":\"pt-BR\",\"potentialAction\":[{\"@type\":\"ReadAction\",\"target\":[\"https:\/\/nk7-testes.com.br\/agazeta\/calor-sasai-morre-no-hc-de-rio-branco-pneumonia\/\"]}]},{\"@type\":\"ImageObject\",\"inLanguage\":\"pt-BR\",\"@id\":\"https:\/\/nk7-testes.com.br\/agazeta\/calor-sasai-morre-no-hc-de-rio-branco-pneumonia\/#primaryimage\",\"url\":\"https:\/\/nk7-testes.com.br\/agazeta\/wp-content\/uploads\/2016\/06\/050115-cotidiano-carlossasai-agenciadenoticias.jpg\",\"contentUrl\":\"https:\/\/nk7-testes.com.br\/agazeta\/wp-content\/uploads\/2016\/06\/050115-cotidiano-carlossasai-agenciadenoticias.jpg\",\"width\":458,\"height\":340,\"caption\":\"050115-cotidiano-carlossasai-agenciadenoticias\"},{\"@type\":\"BreadcrumbList\",\"@id\":\"https:\/\/nk7-testes.com.br\/agazeta\/calor-sasai-morre-no-hc-de-rio-branco-pneumonia\/#breadcrumb\",\"itemListElement\":[{\"@type\":\"ListItem\",\"position\":1,\"name\":\"In\u00edcio\",\"item\":\"https:\/\/nk7-testes.com.br\/agazeta\/\"},{\"@type\":\"ListItem\",\"position\":2,\"name\":\"Carlos Sasai morre no HC de Rio Branco: pneumonia\"}]},{\"@type\":\"WebSite\",\"@id\":\"https:\/\/nk7-testes.com.br\/agazeta\/#website\",\"url\":\"https:\/\/nk7-testes.com.br\/agazeta\/\",\"name\":\"Agazeta.net\",\"description\":\"Agazeta.net - Not\u00edcias de Rio Branco\/AC\",\"potentialAction\":[{\"@type\":\"SearchAction\",\"target\":{\"@type\":\"EntryPoint\",\"urlTemplate\":\"https:\/\/nk7-testes.com.br\/agazeta\/?s={search_term_string}\"},\"query-input\":{\"@type\":\"PropertyValueSpecification\",\"valueRequired\":true,\"valueName\":\"search_term_string\"}}],\"inLanguage\":\"pt-BR\"},{\"@type\":\"Person\",\"@id\":\"https:\/\/nk7-testes.com.br\/agazeta\/#\/schema\/person\/ff6b39d54d6973bfc57f4140f659b23f\",\"name\":\"Agazeta.Net\",\"url\":\"https:\/\/nk7-testes.com.br\/agazeta\/author\/agazeta\/\"}]}<\/script>\n<!-- \/ Yoast SEO plugin. -->","yoast_head_json":{"title":"Carlos Sasai morre no HC de Rio Branco: pneumonia - Agazeta.net","robots":{"index":"index","follow":"follow","max-snippet":"max-snippet:-1","max-image-preview":"max-image-preview:large","max-video-preview":"max-video-preview:-1"},"canonical":"https:\/\/nk7-testes.com.br\/agazeta\/calor-sasai-morre-no-hc-de-rio-branco-pneumonia\/","og_locale":"pt_BR","og_type":"article","og_title":"Carlos Sasai morre no HC de Rio Branco: pneumonia - Agazeta.net","og_description":"Vel\u00f3rio ser\u00e1 na Fieac, a partir das 14 horas","og_url":"https:\/\/nk7-testes.com.br\/agazeta\/calor-sasai-morre-no-hc-de-rio-branco-pneumonia\/","og_site_name":"Agazeta.net","article_published_time":"2016-06-24T15:33:53+00:00","og_image":[{"width":458,"height":340,"url":"https:\/\/nk7-testes.com.br\/agazeta\/wp-content\/uploads\/2016\/06\/050115-cotidiano-carlossasai-agenciadenoticias.jpg","type":"image\/jpeg"}],"author":"Agazeta.Net","twitter_card":"summary_large_image","twitter_misc":{"Escrito por":"Agazeta.Net","Est. tempo de leitura":"3 minutos"},"schema":{"@context":"https:\/\/schema.org","@graph":[{"@type":"WebPage","@id":"https:\/\/nk7-testes.com.br\/agazeta\/calor-sasai-morre-no-hc-de-rio-branco-pneumonia\/","url":"https:\/\/nk7-testes.com.br\/agazeta\/calor-sasai-morre-no-hc-de-rio-branco-pneumonia\/","name":"Carlos Sasai morre no HC de Rio Branco: pneumonia - Agazeta.net","isPartOf":{"@id":"https:\/\/nk7-testes.com.br\/agazeta\/#website"},"primaryImageOfPage":{"@id":"https:\/\/nk7-testes.com.br\/agazeta\/calor-sasai-morre-no-hc-de-rio-branco-pneumonia\/#primaryimage"},"image":{"@id":"https:\/\/nk7-testes.com.br\/agazeta\/calor-sasai-morre-no-hc-de-rio-branco-pneumonia\/#primaryimage"},"thumbnailUrl":"https:\/\/nk7-testes.com.br\/agazeta\/wp-content\/uploads\/2016\/06\/050115-cotidiano-carlossasai-agenciadenoticias.jpg","datePublished":"2016-06-24T15:33:53+00:00","author":{"@id":"https:\/\/nk7-testes.com.br\/agazeta\/#\/schema\/person\/ff6b39d54d6973bfc57f4140f659b23f"},"breadcrumb":{"@id":"https:\/\/nk7-testes.com.br\/agazeta\/calor-sasai-morre-no-hc-de-rio-branco-pneumonia\/#breadcrumb"},"inLanguage":"pt-BR","potentialAction":[{"@type":"ReadAction","target":["https:\/\/nk7-testes.com.br\/agazeta\/calor-sasai-morre-no-hc-de-rio-branco-pneumonia\/"]}]},{"@type":"ImageObject","inLanguage":"pt-BR","@id":"https:\/\/nk7-testes.com.br\/agazeta\/calor-sasai-morre-no-hc-de-rio-branco-pneumonia\/#primaryimage","url":"https:\/\/nk7-testes.com.br\/agazeta\/wp-content\/uploads\/2016\/06\/050115-cotidiano-carlossasai-agenciadenoticias.jpg","contentUrl":"https:\/\/nk7-testes.com.br\/agazeta\/wp-content\/uploads\/2016\/06\/050115-cotidiano-carlossasai-agenciadenoticias.jpg","width":458,"height":340,"caption":"050115-cotidiano-carlossasai-agenciadenoticias"},{"@type":"BreadcrumbList","@id":"https:\/\/nk7-testes.com.br\/agazeta\/calor-sasai-morre-no-hc-de-rio-branco-pneumonia\/#breadcrumb","itemListElement":[{"@type":"ListItem","position":1,"name":"In\u00edcio","item":"https:\/\/nk7-testes.com.br\/agazeta\/"},{"@type":"ListItem","position":2,"name":"Carlos Sasai morre no HC de Rio Branco: pneumonia"}]},{"@type":"WebSite","@id":"https:\/\/nk7-testes.com.br\/agazeta\/#website","url":"https:\/\/nk7-testes.com.br\/agazeta\/","name":"Agazeta.net","description":"Agazeta.net - Not\u00edcias de Rio Branco\/AC","potentialAction":[{"@type":"SearchAction","target":{"@type":"EntryPoint","urlTemplate":"https:\/\/nk7-testes.com.br\/agazeta\/?s={search_term_string}"},"query-input":{"@type":"PropertyValueSpecification","valueRequired":true,"valueName":"search_term_string"}}],"inLanguage":"pt-BR"},{"@type":"Person","@id":"https:\/\/nk7-testes.com.br\/agazeta\/#\/schema\/person\/ff6b39d54d6973bfc57f4140f659b23f","name":"Agazeta.Net","url":"https:\/\/nk7-testes.com.br\/agazeta\/author\/agazeta\/"}]}},"_links":{"self":[{"href":"https:\/\/nk7-testes.com.br\/agazeta\/wp-json\/wp\/v2\/posts\/23491","targetHints":{"allow":["GET"]}}],"collection":[{"href":"https:\/\/nk7-testes.com.br\/agazeta\/wp-json\/wp\/v2\/posts"}],"about":[{"href":"https:\/\/nk7-testes.com.br\/agazeta\/wp-json\/wp\/v2\/types\/post"}],"author":[{"embeddable":true,"href":"https:\/\/nk7-testes.com.br\/agazeta\/wp-json\/wp\/v2\/users\/4"}],"replies":[{"embeddable":true,"href":"https:\/\/nk7-testes.com.br\/agazeta\/wp-json\/wp\/v2\/comments?post=23491"}],"version-history":[{"count":0,"href":"https:\/\/nk7-testes.com.br\/agazeta\/wp-json\/wp\/v2\/posts\/23491\/revisions"}],"wp:featuredmedia":[{"embeddable":true,"href":"https:\/\/nk7-testes.com.br\/agazeta\/wp-json\/wp\/v2\/media\/23490"}],"wp:attachment":[{"href":"https:\/\/nk7-testes.com.br\/agazeta\/wp-json\/wp\/v2\/media?parent=23491"}],"wp:term":[{"taxonomy":"category","embeddable":true,"href":"https:\/\/nk7-testes.com.br\/agazeta\/wp-json\/wp\/v2\/categories?post=23491"},{"taxonomy":"post_tag","embeddable":true,"href":"https:\/\/nk7-testes.com.br\/agazeta\/wp-json\/wp\/v2\/tags?post=23491"}],"curies":[{"name":"wp","href":"https:\/\/api.w.org\/{rel}","templated":true}]}}