{"id":23443,"date":"2016-06-22T13:21:01","date_gmt":"2016-06-22T13:21:01","guid":{"rendered":"https:\/\/abarevegan.com.br\/index.php\/2016\/06\/22\/incendio-na-baixada-da-cadeia-velha-preocupa-moradores\/"},"modified":"2016-06-22T13:21:01","modified_gmt":"2016-06-22T13:21:01","slug":"incendio-na-baixada-da-cadeia-velha-preocupa-moradores","status":"publish","type":"post","link":"https:\/\/nk7-testes.com.br\/agazeta\/incendio-na-baixada-da-cadeia-velha-preocupa-moradores\/","title":{"rendered":"Inc\u00eandio na baixada da Cadeia Velha preocupa moradores"},"content":{"rendered":"<p style=\"text-align: justify;\">Ainda n\u00e3o se sabe o que causou o incidente<\/p>\n<p style=\"text-align: justify;\">V\u00e1rios focos de inc\u00eandio em um terreno que serviu como moradia para fam\u00edlias de baixa renda, na Baixada da Cadeia Velha, mobilizou os moradores do local. Uma dona de casa chegou a gastar toda a \u00e1gua que tinha armazenado tentando combater parte do fogo que amea\u00e7ava a planta\u00e7\u00e3o de feij\u00e3o.<\/p>\n<p style=\"text-align: justify;\">Segundo os moradores, uma equipe dos bombeiros foi ao local na parte da tarde, mas, \u00e0 noite, o fogo recome\u00e7ou sem mandar aviso. Ningu\u00e9m ficou ferido.<\/p>\n","protected":false},"excerpt":{"rendered":"<p style=\"text-align: justify;\">Ainda n\u00e3o se sabe o que causou o incidente<\/p>\n","protected":false},"author":4,"featured_media":23442,"comment_status":"open","ping_status":"open","sticky":false,"template":"","format":"standard","meta":{"jnews-multi-image_gallery":[],"jnews_single_post":[],"jnews_primary_category":[],"jnews_social_meta":[],"jnews_review":[],"enable_review":"","type":"","name":"","summary":"","brand":"","sku":"","good":[],"bad":[],"score_override":"","override_value":"","rating":[],"price":[],"footnotes":""},"categories":[54],"tags":[],"class_list":["post-23443","post","type-post","status-publish","format-standard","has-post-thumbnail","hentry","category-cotidiano"],"yoast_head":"<!-- This site is optimized with the Yoast SEO plugin v26.5 - https:\/\/yoast.com\/wordpress\/plugins\/seo\/ -->\n<title>Inc\u00eandio na baixada da Cadeia Velha preocupa moradores - Agazeta.net<\/title>\n<meta name=\"robots\" content=\"index, follow, max-snippet:-1, max-image-preview:large, max-video-preview:-1\" \/>\n<link rel=\"canonical\" href=\"https:\/\/nk7-testes.com.br\/agazeta\/incendio-na-baixada-da-cadeia-velha-preocupa-moradores\/\" \/>\n<meta property=\"og:locale\" content=\"pt_BR\" \/>\n<meta property=\"og:type\" content=\"article\" \/>\n<meta property=\"og:title\" content=\"Inc\u00eandio na baixada da Cadeia Velha preocupa moradores - Agazeta.net\" \/>\n<meta property=\"og:description\" content=\"Ainda n\u00e3o se sabe o que causou o incidente\" \/>\n<meta property=\"og:url\" content=\"https:\/\/nk7-testes.com.br\/agazeta\/incendio-na-baixada-da-cadeia-velha-preocupa-moradores\/\" \/>\n<meta property=\"og:site_name\" content=\"Agazeta.net\" \/>\n<meta property=\"article:published_time\" content=\"2016-06-22T13:21:01+00:00\" \/>\n<meta property=\"og:image\" content=\"https:\/\/nk7-testes.com.br\/agazeta\/wp-content\/uploads\/2016\/06\/220616-cotidiano-fogo-cleriston.jpg\" \/>\n\t<meta property=\"og:image:width\" content=\"458\" \/>\n\t<meta property=\"og:image:height\" content=\"340\" \/>\n\t<meta property=\"og:image:type\" content=\"image\/jpeg\" \/>\n<meta name=\"author\" content=\"Agazeta.Net\" \/>\n<meta name=\"twitter:card\" content=\"summary_large_image\" \/>\n<meta name=\"twitter:label1\" content=\"Escrito por\" \/>\n\t<meta name=\"twitter:data1\" content=\"Agazeta.Net\" \/>\n<script type=\"application\/ld+json\" class=\"yoast-schema-graph\">{\"@context\":\"https:\/\/schema.org\",\"@graph\":[{\"@type\":\"WebPage\",\"@id\":\"https:\/\/nk7-testes.com.br\/agazeta\/incendio-na-baixada-da-cadeia-velha-preocupa-moradores\/\",\"url\":\"https:\/\/nk7-testes.com.br\/agazeta\/incendio-na-baixada-da-cadeia-velha-preocupa-moradores\/\",\"name\":\"Inc\u00eandio na baixada da Cadeia Velha preocupa moradores - Agazeta.net\",\"isPartOf\":{\"@id\":\"https:\/\/nk7-testes.com.br\/agazeta\/#website\"},\"primaryImageOfPage\":{\"@id\":\"https:\/\/nk7-testes.com.br\/agazeta\/incendio-na-baixada-da-cadeia-velha-preocupa-moradores\/#primaryimage\"},\"image\":{\"@id\":\"https:\/\/nk7-testes.com.br\/agazeta\/incendio-na-baixada-da-cadeia-velha-preocupa-moradores\/#primaryimage\"},\"thumbnailUrl\":\"https:\/\/nk7-testes.com.br\/agazeta\/wp-content\/uploads\/2016\/06\/220616-cotidiano-fogo-cleriston.jpg\",\"datePublished\":\"2016-06-22T13:21:01+00:00\",\"author\":{\"@id\":\"https:\/\/nk7-testes.com.br\/agazeta\/#\/schema\/person\/6d6e25cb0435eb4a02fd44d30b4e3020\"},\"breadcrumb\":{\"@id\":\"https:\/\/nk7-testes.com.br\/agazeta\/incendio-na-baixada-da-cadeia-velha-preocupa-moradores\/#breadcrumb\"},\"inLanguage\":\"pt-BR\",\"potentialAction\":[{\"@type\":\"ReadAction\",\"target\":[\"https:\/\/nk7-testes.com.br\/agazeta\/incendio-na-baixada-da-cadeia-velha-preocupa-moradores\/\"]}]},{\"@type\":\"ImageObject\",\"inLanguage\":\"pt-BR\",\"@id\":\"https:\/\/nk7-testes.com.br\/agazeta\/incendio-na-baixada-da-cadeia-velha-preocupa-moradores\/#primaryimage\",\"url\":\"https:\/\/nk7-testes.com.br\/agazeta\/wp-content\/uploads\/2016\/06\/220616-cotidiano-fogo-cleriston.jpg\",\"contentUrl\":\"https:\/\/nk7-testes.com.br\/agazeta\/wp-content\/uploads\/2016\/06\/220616-cotidiano-fogo-cleriston.jpg\",\"width\":458,\"height\":340,\"caption\":\"220616-cotidiano-fogo-cleriston\"},{\"@type\":\"BreadcrumbList\",\"@id\":\"https:\/\/nk7-testes.com.br\/agazeta\/incendio-na-baixada-da-cadeia-velha-preocupa-moradores\/#breadcrumb\",\"itemListElement\":[{\"@type\":\"ListItem\",\"position\":1,\"name\":\"In\u00edcio\",\"item\":\"https:\/\/nk7-testes.com.br\/agazeta\/\"},{\"@type\":\"ListItem\",\"position\":2,\"name\":\"Inc\u00eandio na baixada da Cadeia Velha preocupa moradores\"}]},{\"@type\":\"WebSite\",\"@id\":\"https:\/\/nk7-testes.com.br\/agazeta\/#website\",\"url\":\"https:\/\/nk7-testes.com.br\/agazeta\/\",\"name\":\"Agazeta.net\",\"description\":\"Agazeta.net - Not\u00edcias de Rio Branco\/AC\",\"potentialAction\":[{\"@type\":\"SearchAction\",\"target\":{\"@type\":\"EntryPoint\",\"urlTemplate\":\"https:\/\/nk7-testes.com.br\/agazeta\/?s={search_term_string}\"},\"query-input\":{\"@type\":\"PropertyValueSpecification\",\"valueRequired\":true,\"valueName\":\"search_term_string\"}}],\"inLanguage\":\"pt-BR\"},{\"@type\":\"Person\",\"@id\":\"https:\/\/nk7-testes.com.br\/agazeta\/#\/schema\/person\/6d6e25cb0435eb4a02fd44d30b4e3020\",\"name\":\"Agazeta.Net\",\"url\":\"https:\/\/nk7-testes.com.br\/agazeta\/author\/agazeta\/\"}]}<\/script>\n<!-- \/ Yoast SEO plugin. -->","yoast_head_json":{"title":"Inc\u00eandio na baixada da Cadeia Velha preocupa moradores - Agazeta.net","robots":{"index":"index","follow":"follow","max-snippet":"max-snippet:-1","max-image-preview":"max-image-preview:large","max-video-preview":"max-video-preview:-1"},"canonical":"https:\/\/nk7-testes.com.br\/agazeta\/incendio-na-baixada-da-cadeia-velha-preocupa-moradores\/","og_locale":"pt_BR","og_type":"article","og_title":"Inc\u00eandio na baixada da Cadeia Velha preocupa moradores - Agazeta.net","og_description":"Ainda n\u00e3o se sabe o que causou o incidente","og_url":"https:\/\/nk7-testes.com.br\/agazeta\/incendio-na-baixada-da-cadeia-velha-preocupa-moradores\/","og_site_name":"Agazeta.net","article_published_time":"2016-06-22T13:21:01+00:00","og_image":[{"width":458,"height":340,"url":"https:\/\/nk7-testes.com.br\/agazeta\/wp-content\/uploads\/2016\/06\/220616-cotidiano-fogo-cleriston.jpg","type":"image\/jpeg"}],"author":"Agazeta.Net","twitter_card":"summary_large_image","twitter_misc":{"Escrito por":"Agazeta.Net"},"schema":{"@context":"https:\/\/schema.org","@graph":[{"@type":"WebPage","@id":"https:\/\/nk7-testes.com.br\/agazeta\/incendio-na-baixada-da-cadeia-velha-preocupa-moradores\/","url":"https:\/\/nk7-testes.com.br\/agazeta\/incendio-na-baixada-da-cadeia-velha-preocupa-moradores\/","name":"Inc\u00eandio na baixada da Cadeia Velha preocupa moradores - Agazeta.net","isPartOf":{"@id":"https:\/\/nk7-testes.com.br\/agazeta\/#website"},"primaryImageOfPage":{"@id":"https:\/\/nk7-testes.com.br\/agazeta\/incendio-na-baixada-da-cadeia-velha-preocupa-moradores\/#primaryimage"},"image":{"@id":"https:\/\/nk7-testes.com.br\/agazeta\/incendio-na-baixada-da-cadeia-velha-preocupa-moradores\/#primaryimage"},"thumbnailUrl":"https:\/\/nk7-testes.com.br\/agazeta\/wp-content\/uploads\/2016\/06\/220616-cotidiano-fogo-cleriston.jpg","datePublished":"2016-06-22T13:21:01+00:00","author":{"@id":"https:\/\/nk7-testes.com.br\/agazeta\/#\/schema\/person\/6d6e25cb0435eb4a02fd44d30b4e3020"},"breadcrumb":{"@id":"https:\/\/nk7-testes.com.br\/agazeta\/incendio-na-baixada-da-cadeia-velha-preocupa-moradores\/#breadcrumb"},"inLanguage":"pt-BR","potentialAction":[{"@type":"ReadAction","target":["https:\/\/nk7-testes.com.br\/agazeta\/incendio-na-baixada-da-cadeia-velha-preocupa-moradores\/"]}]},{"@type":"ImageObject","inLanguage":"pt-BR","@id":"https:\/\/nk7-testes.com.br\/agazeta\/incendio-na-baixada-da-cadeia-velha-preocupa-moradores\/#primaryimage","url":"https:\/\/nk7-testes.com.br\/agazeta\/wp-content\/uploads\/2016\/06\/220616-cotidiano-fogo-cleriston.jpg","contentUrl":"https:\/\/nk7-testes.com.br\/agazeta\/wp-content\/uploads\/2016\/06\/220616-cotidiano-fogo-cleriston.jpg","width":458,"height":340,"caption":"220616-cotidiano-fogo-cleriston"},{"@type":"BreadcrumbList","@id":"https:\/\/nk7-testes.com.br\/agazeta\/incendio-na-baixada-da-cadeia-velha-preocupa-moradores\/#breadcrumb","itemListElement":[{"@type":"ListItem","position":1,"name":"In\u00edcio","item":"https:\/\/nk7-testes.com.br\/agazeta\/"},{"@type":"ListItem","position":2,"name":"Inc\u00eandio na baixada da Cadeia Velha preocupa moradores"}]},{"@type":"WebSite","@id":"https:\/\/nk7-testes.com.br\/agazeta\/#website","url":"https:\/\/nk7-testes.com.br\/agazeta\/","name":"Agazeta.net","description":"Agazeta.net - Not\u00edcias de Rio Branco\/AC","potentialAction":[{"@type":"SearchAction","target":{"@type":"EntryPoint","urlTemplate":"https:\/\/nk7-testes.com.br\/agazeta\/?s={search_term_string}"},"query-input":{"@type":"PropertyValueSpecification","valueRequired":true,"valueName":"search_term_string"}}],"inLanguage":"pt-BR"},{"@type":"Person","@id":"https:\/\/nk7-testes.com.br\/agazeta\/#\/schema\/person\/6d6e25cb0435eb4a02fd44d30b4e3020","name":"Agazeta.Net","url":"https:\/\/nk7-testes.com.br\/agazeta\/author\/agazeta\/"}]}},"_links":{"self":[{"href":"https:\/\/nk7-testes.com.br\/agazeta\/wp-json\/wp\/v2\/posts\/23443","targetHints":{"allow":["GET"]}}],"collection":[{"href":"https:\/\/nk7-testes.com.br\/agazeta\/wp-json\/wp\/v2\/posts"}],"about":[{"href":"https:\/\/nk7-testes.com.br\/agazeta\/wp-json\/wp\/v2\/types\/post"}],"author":[{"embeddable":true,"href":"https:\/\/nk7-testes.com.br\/agazeta\/wp-json\/wp\/v2\/users\/4"}],"replies":[{"embeddable":true,"href":"https:\/\/nk7-testes.com.br\/agazeta\/wp-json\/wp\/v2\/comments?post=23443"}],"version-history":[{"count":0,"href":"https:\/\/nk7-testes.com.br\/agazeta\/wp-json\/wp\/v2\/posts\/23443\/revisions"}],"wp:featuredmedia":[{"embeddable":true,"href":"https:\/\/nk7-testes.com.br\/agazeta\/wp-json\/wp\/v2\/media\/23442"}],"wp:attachment":[{"href":"https:\/\/nk7-testes.com.br\/agazeta\/wp-json\/wp\/v2\/media?parent=23443"}],"wp:term":[{"taxonomy":"category","embeddable":true,"href":"https:\/\/nk7-testes.com.br\/agazeta\/wp-json\/wp\/v2\/categories?post=23443"},{"taxonomy":"post_tag","embeddable":true,"href":"https:\/\/nk7-testes.com.br\/agazeta\/wp-json\/wp\/v2\/tags?post=23443"}],"curies":[{"name":"wp","href":"https:\/\/api.w.org\/{rel}","templated":true}]}}