{"id":23439,"date":"2016-06-21T23:14:19","date_gmt":"2016-06-21T23:14:19","guid":{"rendered":"https:\/\/abarevegan.com.br\/index.php\/2016\/06\/21\/preso-jovem-que-assaltou-maternidade-barbara-heliodora\/"},"modified":"2016-06-21T23:14:19","modified_gmt":"2016-06-21T23:14:19","slug":"preso-jovem-que-assaltou-maternidade-barbara-heliodora","status":"publish","type":"post","link":"https:\/\/nk7-testes.com.br\/agazeta\/preso-jovem-que-assaltou-maternidade-barbara-heliodora\/","title":{"rendered":"Preso jovem que assaltou Maternidade B\u00e1rbara Heliodora"},"content":{"rendered":"<p style=\"text-align: justify;\">Rapaz estava acompanhando paciente<\/p>\n<p style=\"text-align: justify;\">Alef Miranda de Souza, 19, era acompanhante de uma parturiente. Ele foi preso pela Pol\u00edcia Civil na casa da av\u00f3, no Ramal Santa Maria, em Rio Branco. As investiga\u00e7\u00f5es continuam, no sentido de apurar as circunst\u00e2ncias do crime, bem como o destino dos produtos roubados.<\/p>\n<p style=\"text-align: justify;\">As informa\u00e7\u00f5es foram divulgadas pela assessoria do Governo do Acre.<\/p>\n","protected":false},"excerpt":{"rendered":"<p style=\"text-align: justify;\">Rapaz estava acompanhando paciente<\/p>\n","protected":false},"author":4,"featured_media":23438,"comment_status":"open","ping_status":"open","sticky":false,"template":"","format":"standard","meta":{"jnews-multi-image_gallery":[],"jnews_single_post":[],"jnews_primary_category":[],"jnews_social_meta":[],"jnews_review":[],"enable_review":"","type":"","name":"","summary":"","brand":"","sku":"","good":[],"bad":[],"score_override":"","override_value":"","rating":[],"price":[],"footnotes":""},"categories":[44],"tags":[],"class_list":["post-23439","post","type-post","status-publish","format-standard","has-post-thumbnail","hentry","category-policia"],"yoast_head":"<!-- This site is optimized with the Yoast SEO plugin v26.5 - https:\/\/yoast.com\/wordpress\/plugins\/seo\/ -->\n<title>Preso jovem que assaltou Maternidade B\u00e1rbara Heliodora - Agazeta.net<\/title>\n<meta name=\"robots\" content=\"index, follow, max-snippet:-1, max-image-preview:large, max-video-preview:-1\" \/>\n<link rel=\"canonical\" href=\"https:\/\/nk7-testes.com.br\/agazeta\/preso-jovem-que-assaltou-maternidade-barbara-heliodora\/\" \/>\n<meta property=\"og:locale\" content=\"pt_BR\" \/>\n<meta property=\"og:type\" content=\"article\" \/>\n<meta property=\"og:title\" content=\"Preso jovem que assaltou Maternidade B\u00e1rbara Heliodora - Agazeta.net\" \/>\n<meta property=\"og:description\" content=\"Rapaz estava acompanhando paciente\" \/>\n<meta property=\"og:url\" content=\"https:\/\/nk7-testes.com.br\/agazeta\/preso-jovem-que-assaltou-maternidade-barbara-heliodora\/\" \/>\n<meta property=\"og:site_name\" content=\"Agazeta.net\" \/>\n<meta property=\"article:published_time\" content=\"2016-06-21T23:14:19+00:00\" \/>\n<meta property=\"og:image\" content=\"https:\/\/nk7-testes.com.br\/agazeta\/wp-content\/uploads\/2016\/06\/210616-policia-jovemmaternidade-cedida.jpg\" \/>\n\t<meta property=\"og:image:width\" content=\"458\" \/>\n\t<meta property=\"og:image:height\" content=\"340\" \/>\n\t<meta property=\"og:image:type\" content=\"image\/jpeg\" \/>\n<meta name=\"author\" content=\"Agazeta.Net\" \/>\n<meta name=\"twitter:card\" content=\"summary_large_image\" \/>\n<meta name=\"twitter:label1\" content=\"Escrito por\" \/>\n\t<meta name=\"twitter:data1\" content=\"Agazeta.Net\" \/>\n<script type=\"application\/ld+json\" class=\"yoast-schema-graph\">{\"@context\":\"https:\/\/schema.org\",\"@graph\":[{\"@type\":\"WebPage\",\"@id\":\"https:\/\/nk7-testes.com.br\/agazeta\/preso-jovem-que-assaltou-maternidade-barbara-heliodora\/\",\"url\":\"https:\/\/nk7-testes.com.br\/agazeta\/preso-jovem-que-assaltou-maternidade-barbara-heliodora\/\",\"name\":\"Preso jovem que assaltou Maternidade B\u00e1rbara Heliodora - Agazeta.net\",\"isPartOf\":{\"@id\":\"https:\/\/nk7-testes.com.br\/agazeta\/#website\"},\"primaryImageOfPage\":{\"@id\":\"https:\/\/nk7-testes.com.br\/agazeta\/preso-jovem-que-assaltou-maternidade-barbara-heliodora\/#primaryimage\"},\"image\":{\"@id\":\"https:\/\/nk7-testes.com.br\/agazeta\/preso-jovem-que-assaltou-maternidade-barbara-heliodora\/#primaryimage\"},\"thumbnailUrl\":\"https:\/\/nk7-testes.com.br\/agazeta\/wp-content\/uploads\/2016\/06\/210616-policia-jovemmaternidade-cedida.jpg\",\"datePublished\":\"2016-06-21T23:14:19+00:00\",\"author\":{\"@id\":\"https:\/\/nk7-testes.com.br\/agazeta\/#\/schema\/person\/6d6e25cb0435eb4a02fd44d30b4e3020\"},\"breadcrumb\":{\"@id\":\"https:\/\/nk7-testes.com.br\/agazeta\/preso-jovem-que-assaltou-maternidade-barbara-heliodora\/#breadcrumb\"},\"inLanguage\":\"pt-BR\",\"potentialAction\":[{\"@type\":\"ReadAction\",\"target\":[\"https:\/\/nk7-testes.com.br\/agazeta\/preso-jovem-que-assaltou-maternidade-barbara-heliodora\/\"]}]},{\"@type\":\"ImageObject\",\"inLanguage\":\"pt-BR\",\"@id\":\"https:\/\/nk7-testes.com.br\/agazeta\/preso-jovem-que-assaltou-maternidade-barbara-heliodora\/#primaryimage\",\"url\":\"https:\/\/nk7-testes.com.br\/agazeta\/wp-content\/uploads\/2016\/06\/210616-policia-jovemmaternidade-cedida.jpg\",\"contentUrl\":\"https:\/\/nk7-testes.com.br\/agazeta\/wp-content\/uploads\/2016\/06\/210616-policia-jovemmaternidade-cedida.jpg\",\"width\":458,\"height\":340,\"caption\":\"210616-policia-jovemmaternidade-cedida\"},{\"@type\":\"BreadcrumbList\",\"@id\":\"https:\/\/nk7-testes.com.br\/agazeta\/preso-jovem-que-assaltou-maternidade-barbara-heliodora\/#breadcrumb\",\"itemListElement\":[{\"@type\":\"ListItem\",\"position\":1,\"name\":\"In\u00edcio\",\"item\":\"https:\/\/nk7-testes.com.br\/agazeta\/\"},{\"@type\":\"ListItem\",\"position\":2,\"name\":\"Preso jovem que assaltou Maternidade B\u00e1rbara Heliodora\"}]},{\"@type\":\"WebSite\",\"@id\":\"https:\/\/nk7-testes.com.br\/agazeta\/#website\",\"url\":\"https:\/\/nk7-testes.com.br\/agazeta\/\",\"name\":\"Agazeta.net\",\"description\":\"Agazeta.net - Not\u00edcias de Rio Branco\/AC\",\"potentialAction\":[{\"@type\":\"SearchAction\",\"target\":{\"@type\":\"EntryPoint\",\"urlTemplate\":\"https:\/\/nk7-testes.com.br\/agazeta\/?s={search_term_string}\"},\"query-input\":{\"@type\":\"PropertyValueSpecification\",\"valueRequired\":true,\"valueName\":\"search_term_string\"}}],\"inLanguage\":\"pt-BR\"},{\"@type\":\"Person\",\"@id\":\"https:\/\/nk7-testes.com.br\/agazeta\/#\/schema\/person\/6d6e25cb0435eb4a02fd44d30b4e3020\",\"name\":\"Agazeta.Net\",\"url\":\"https:\/\/nk7-testes.com.br\/agazeta\/author\/agazeta\/\"}]}<\/script>\n<!-- \/ Yoast SEO plugin. -->","yoast_head_json":{"title":"Preso jovem que assaltou Maternidade B\u00e1rbara Heliodora - Agazeta.net","robots":{"index":"index","follow":"follow","max-snippet":"max-snippet:-1","max-image-preview":"max-image-preview:large","max-video-preview":"max-video-preview:-1"},"canonical":"https:\/\/nk7-testes.com.br\/agazeta\/preso-jovem-que-assaltou-maternidade-barbara-heliodora\/","og_locale":"pt_BR","og_type":"article","og_title":"Preso jovem que assaltou Maternidade B\u00e1rbara Heliodora - Agazeta.net","og_description":"Rapaz estava acompanhando paciente","og_url":"https:\/\/nk7-testes.com.br\/agazeta\/preso-jovem-que-assaltou-maternidade-barbara-heliodora\/","og_site_name":"Agazeta.net","article_published_time":"2016-06-21T23:14:19+00:00","og_image":[{"width":458,"height":340,"url":"https:\/\/nk7-testes.com.br\/agazeta\/wp-content\/uploads\/2016\/06\/210616-policia-jovemmaternidade-cedida.jpg","type":"image\/jpeg"}],"author":"Agazeta.Net","twitter_card":"summary_large_image","twitter_misc":{"Escrito por":"Agazeta.Net"},"schema":{"@context":"https:\/\/schema.org","@graph":[{"@type":"WebPage","@id":"https:\/\/nk7-testes.com.br\/agazeta\/preso-jovem-que-assaltou-maternidade-barbara-heliodora\/","url":"https:\/\/nk7-testes.com.br\/agazeta\/preso-jovem-que-assaltou-maternidade-barbara-heliodora\/","name":"Preso jovem que assaltou Maternidade B\u00e1rbara Heliodora - Agazeta.net","isPartOf":{"@id":"https:\/\/nk7-testes.com.br\/agazeta\/#website"},"primaryImageOfPage":{"@id":"https:\/\/nk7-testes.com.br\/agazeta\/preso-jovem-que-assaltou-maternidade-barbara-heliodora\/#primaryimage"},"image":{"@id":"https:\/\/nk7-testes.com.br\/agazeta\/preso-jovem-que-assaltou-maternidade-barbara-heliodora\/#primaryimage"},"thumbnailUrl":"https:\/\/nk7-testes.com.br\/agazeta\/wp-content\/uploads\/2016\/06\/210616-policia-jovemmaternidade-cedida.jpg","datePublished":"2016-06-21T23:14:19+00:00","author":{"@id":"https:\/\/nk7-testes.com.br\/agazeta\/#\/schema\/person\/6d6e25cb0435eb4a02fd44d30b4e3020"},"breadcrumb":{"@id":"https:\/\/nk7-testes.com.br\/agazeta\/preso-jovem-que-assaltou-maternidade-barbara-heliodora\/#breadcrumb"},"inLanguage":"pt-BR","potentialAction":[{"@type":"ReadAction","target":["https:\/\/nk7-testes.com.br\/agazeta\/preso-jovem-que-assaltou-maternidade-barbara-heliodora\/"]}]},{"@type":"ImageObject","inLanguage":"pt-BR","@id":"https:\/\/nk7-testes.com.br\/agazeta\/preso-jovem-que-assaltou-maternidade-barbara-heliodora\/#primaryimage","url":"https:\/\/nk7-testes.com.br\/agazeta\/wp-content\/uploads\/2016\/06\/210616-policia-jovemmaternidade-cedida.jpg","contentUrl":"https:\/\/nk7-testes.com.br\/agazeta\/wp-content\/uploads\/2016\/06\/210616-policia-jovemmaternidade-cedida.jpg","width":458,"height":340,"caption":"210616-policia-jovemmaternidade-cedida"},{"@type":"BreadcrumbList","@id":"https:\/\/nk7-testes.com.br\/agazeta\/preso-jovem-que-assaltou-maternidade-barbara-heliodora\/#breadcrumb","itemListElement":[{"@type":"ListItem","position":1,"name":"In\u00edcio","item":"https:\/\/nk7-testes.com.br\/agazeta\/"},{"@type":"ListItem","position":2,"name":"Preso jovem que assaltou Maternidade B\u00e1rbara Heliodora"}]},{"@type":"WebSite","@id":"https:\/\/nk7-testes.com.br\/agazeta\/#website","url":"https:\/\/nk7-testes.com.br\/agazeta\/","name":"Agazeta.net","description":"Agazeta.net - Not\u00edcias de Rio Branco\/AC","potentialAction":[{"@type":"SearchAction","target":{"@type":"EntryPoint","urlTemplate":"https:\/\/nk7-testes.com.br\/agazeta\/?s={search_term_string}"},"query-input":{"@type":"PropertyValueSpecification","valueRequired":true,"valueName":"search_term_string"}}],"inLanguage":"pt-BR"},{"@type":"Person","@id":"https:\/\/nk7-testes.com.br\/agazeta\/#\/schema\/person\/6d6e25cb0435eb4a02fd44d30b4e3020","name":"Agazeta.Net","url":"https:\/\/nk7-testes.com.br\/agazeta\/author\/agazeta\/"}]}},"_links":{"self":[{"href":"https:\/\/nk7-testes.com.br\/agazeta\/wp-json\/wp\/v2\/posts\/23439","targetHints":{"allow":["GET"]}}],"collection":[{"href":"https:\/\/nk7-testes.com.br\/agazeta\/wp-json\/wp\/v2\/posts"}],"about":[{"href":"https:\/\/nk7-testes.com.br\/agazeta\/wp-json\/wp\/v2\/types\/post"}],"author":[{"embeddable":true,"href":"https:\/\/nk7-testes.com.br\/agazeta\/wp-json\/wp\/v2\/users\/4"}],"replies":[{"embeddable":true,"href":"https:\/\/nk7-testes.com.br\/agazeta\/wp-json\/wp\/v2\/comments?post=23439"}],"version-history":[{"count":0,"href":"https:\/\/nk7-testes.com.br\/agazeta\/wp-json\/wp\/v2\/posts\/23439\/revisions"}],"wp:featuredmedia":[{"embeddable":true,"href":"https:\/\/nk7-testes.com.br\/agazeta\/wp-json\/wp\/v2\/media\/23438"}],"wp:attachment":[{"href":"https:\/\/nk7-testes.com.br\/agazeta\/wp-json\/wp\/v2\/media?parent=23439"}],"wp:term":[{"taxonomy":"category","embeddable":true,"href":"https:\/\/nk7-testes.com.br\/agazeta\/wp-json\/wp\/v2\/categories?post=23439"},{"taxonomy":"post_tag","embeddable":true,"href":"https:\/\/nk7-testes.com.br\/agazeta\/wp-json\/wp\/v2\/tags?post=23439"}],"curies":[{"name":"wp","href":"https:\/\/api.w.org\/{rel}","templated":true}]}}