{"id":23376,"date":"2016-06-20T14:47:57","date_gmt":"2016-06-20T14:47:57","guid":{"rendered":"https:\/\/abarevegan.com.br\/index.php\/2016\/06\/20\/cai-em-23-6-numero-de-adultos-que-bebem-e-dirigem\/"},"modified":"2016-06-20T14:47:57","modified_gmt":"2016-06-20T14:47:57","slug":"cai-em-23-6-numero-de-adultos-que-bebem-e-dirigem","status":"publish","type":"post","link":"https:\/\/nk7-testes.com.br\/agazeta\/cai-em-23-6-numero-de-adultos-que-bebem-e-dirigem\/","title":{"rendered":"Cai em 23,6% n\u00famero de adultos que bebem e dirigem"},"content":{"rendered":"<p style=\"text-align: justify;\">Dado refere-se \u00e0 Capital, Rio Branco<\/p>\n<p style=\"text-align: justify;\">O endurecimento da Lei Seca, no ano de 2012, est\u00e1 surtindo efeito entre os motoristas da capital do Acre. Segundo a mais recente pesquisa do Minist\u00e9rio da Sa\u00fade, o percentual de adultos que admitem beber e dirigir em Rio Branco teve queda de 23,6%.<\/p>\n<p style=\"text-align: justify;\">No ano passado, 4,2% da popula\u00e7\u00e3o da cidade declararam que dirigiam ap\u00f3s o consumo de qualquer quantidade de \u00e1lcool, contra 5,5% no ano de 2012. Os homens (6,9%) continuam assumindo mais a infra\u00e7\u00e3o do que as mulheres (1,8%) da Capital.<\/p>\n<p style=\"text-align: justify;\">No conjunto das 27 capitais estudadas pela pesquisa, 5,5% dos indiv\u00edduos referiram conduzir ve\u00edculos ap\u00f3s o consumo de bebidas alco\u00f3licas, contra os 7% de 2012 \u2013 uma queda nacional de 21,5%.<\/p>\n<p style=\"text-align: justify;\">Assim como foi constatado em Rio Branco, a propor\u00e7\u00e3o nacional \u00e9 maior entre homens (9,8%) do que entre mulheres (1,8%). Apesar disso, desde o endurecimento da lei seca menos homens t\u00eam assumido os riscos da mistura \u00e1lcool\/dire\u00e7\u00e3o na m\u00e9dia das 27 capitais pesquisadas: a redu\u00e7\u00e3o foi de 22,2%, entre 2012 e 2015, na popula\u00e7\u00e3o masculina.<\/p>\n<p style=\"text-align: justify;\">Entre as capitais brasileiras, quatro se destacaram com queda superior a 50% nos \u00faltimos tr\u00eas anos: Fortaleza (54,1%), Macei\u00f3 (53,2%), Jo\u00e3o Pessoa (51,4%) e Vit\u00f3ria (50,7%). Algumas capitais, contudo, apresentaram aumento do n\u00famero de adultos que referiram assumir o volante ap\u00f3s consumir qualquer quantidade de \u00e1lcool: Cuiab\u00e1 e Boa Vista apresentaram alta de 15,8% e 13,2%, respectivamente, desde 2012.<\/p>\n<p style=\"text-align: justify;\">A popula\u00e7\u00e3o adulta de Florian\u00f3polis (13%), Palmas (11,9%) e Cuiab\u00e1 (11,7%) est\u00e3o entre as que mais abusam da combina\u00e7\u00e3o \u00e1lcool e dire\u00e7\u00e3o. Na contram\u00e3o, Recife (2,6%), Macei\u00f3 (2,9%) e Vit\u00f3ria (3,2%) se destacaram com o menor percentual de entrevistados que declararam beber e dirigir.<\/p>\n<p style=\"text-align: justify;\">\u201c\u00c9 cada vez mais not\u00f3ria a import\u00e2ncia da Lei Seca em inibir a popula\u00e7\u00e3o brasileira de se arriscar na mistura do \u00e1lcool com o volante. Agora temos que continuar nessa batalha, principalmente entre os jovens de 25 a 34 anos, que apresentaram o maior \u00edndice da infra\u00e7\u00e3o entre todas as faixas et\u00e1rias pesquisadas\u201d, declarou o ministro da Sa\u00fade, Ricardo Barros.<\/p>\n<p style=\"text-align: justify;\">De acordo com a pesquisa de 2015, 8,7% da popula\u00e7\u00e3o de 25 a 34 anos admitem beber e dirigir. O n\u00famero \u00e9 duas vezes maior do que o registrado na popula\u00e7\u00e3o de 18 a 24 anos e quatro vezes maior do indicado em homens e mulheres de 65 anos ou mais.<br \/>Outro \u00edndice importante \u00e9 o n\u00edvel de escolaridade: a pesquisa detectou que, quanto maior o grau de instru\u00e7\u00e3o, maior \u00e9 o n\u00famero de pessoas que assumem o risco.<\/p>\n<p style=\"text-align: justify;\">Os dados s\u00e3o da pesquisa Vigil\u00e2ncia de Fatores de Risco e Prote\u00e7\u00e3o para Doen\u00e7as Cr\u00f4nicas por Inqu\u00e9rito Telef\u00f4nico (Vigitel 2015) que realizou mais de 54 mil entrevistas nas capitais dos 26 estados e no Distrito Federal. O levantamento \u00e9 realizado anualmente, desde 2006, pelo Minist\u00e9rio da Sa\u00fade. Os dados s\u00e3o coletados e analisados por meio de uma parceria com o N\u00facleo de Pesquisa em Nutri\u00e7\u00e3o e Sa\u00fade da Universidade de S\u00e3o Paulo (USP).<\/p>\n","protected":false},"excerpt":{"rendered":"<p style=\"text-align: justify;\">Dado refere-se \u00e0 Capital, Rio Branco<\/p>\n","protected":false},"author":4,"featured_media":22397,"comment_status":"open","ping_status":"open","sticky":false,"template":"","format":"standard","meta":{"jnews-multi-image_gallery":[],"jnews_single_post":[],"jnews_primary_category":[],"jnews_social_meta":[],"jnews_review":[],"enable_review":"","type":"","name":"","summary":"","brand":"","sku":"","good":[],"bad":[],"score_override":"","override_value":"","rating":[],"price":[],"footnotes":""},"categories":[54],"tags":[],"class_list":["post-23376","post","type-post","status-publish","format-standard","has-post-thumbnail","hentry","category-cotidiano"],"yoast_head":"<!-- This site is optimized with the Yoast SEO plugin v26.5 - https:\/\/yoast.com\/wordpress\/plugins\/seo\/ -->\n<title>Cai em 23,6% n\u00famero de adultos que bebem e dirigem - Agazeta.net<\/title>\n<meta name=\"robots\" content=\"index, follow, max-snippet:-1, max-image-preview:large, max-video-preview:-1\" \/>\n<link rel=\"canonical\" href=\"https:\/\/nk7-testes.com.br\/agazeta\/cai-em-23-6-numero-de-adultos-que-bebem-e-dirigem\/\" \/>\n<meta property=\"og:locale\" content=\"pt_BR\" \/>\n<meta property=\"og:type\" content=\"article\" \/>\n<meta property=\"og:title\" content=\"Cai em 23,6% n\u00famero de adultos que bebem e dirigem - Agazeta.net\" \/>\n<meta property=\"og:description\" content=\"Dado refere-se \u00e0 Capital, Rio Branco\" \/>\n<meta property=\"og:url\" content=\"https:\/\/nk7-testes.com.br\/agazeta\/cai-em-23-6-numero-de-adultos-que-bebem-e-dirigem\/\" \/>\n<meta property=\"og:site_name\" content=\"Agazeta.net\" \/>\n<meta property=\"article:published_time\" content=\"2016-06-20T14:47:57+00:00\" \/>\n<meta property=\"og:image\" content=\"https:\/\/nk7-testes.com.br\/agazeta\/wp-content\/uploads\/2016\/04\/270416-policia-acidente-cedida.jpg\" \/>\n\t<meta property=\"og:image:width\" content=\"458\" \/>\n\t<meta property=\"og:image:height\" content=\"340\" \/>\n\t<meta property=\"og:image:type\" content=\"image\/jpeg\" \/>\n<meta name=\"author\" content=\"Agazeta.Net\" \/>\n<meta name=\"twitter:card\" content=\"summary_large_image\" \/>\n<meta name=\"twitter:label1\" content=\"Escrito por\" \/>\n\t<meta name=\"twitter:data1\" content=\"Agazeta.Net\" \/>\n\t<meta name=\"twitter:label2\" content=\"Est. tempo de leitura\" \/>\n\t<meta name=\"twitter:data2\" content=\"2 minutos\" \/>\n<script type=\"application\/ld+json\" class=\"yoast-schema-graph\">{\"@context\":\"https:\/\/schema.org\",\"@graph\":[{\"@type\":\"WebPage\",\"@id\":\"https:\/\/nk7-testes.com.br\/agazeta\/cai-em-23-6-numero-de-adultos-que-bebem-e-dirigem\/\",\"url\":\"https:\/\/nk7-testes.com.br\/agazeta\/cai-em-23-6-numero-de-adultos-que-bebem-e-dirigem\/\",\"name\":\"Cai em 23,6% n\u00famero de adultos que bebem e dirigem - Agazeta.net\",\"isPartOf\":{\"@id\":\"https:\/\/nk7-testes.com.br\/agazeta\/#website\"},\"primaryImageOfPage\":{\"@id\":\"https:\/\/nk7-testes.com.br\/agazeta\/cai-em-23-6-numero-de-adultos-que-bebem-e-dirigem\/#primaryimage\"},\"image\":{\"@id\":\"https:\/\/nk7-testes.com.br\/agazeta\/cai-em-23-6-numero-de-adultos-que-bebem-e-dirigem\/#primaryimage\"},\"thumbnailUrl\":\"https:\/\/nk7-testes.com.br\/agazeta\/wp-content\/uploads\/2016\/04\/270416-policia-acidente-cedida.jpg\",\"datePublished\":\"2016-06-20T14:47:57+00:00\",\"author\":{\"@id\":\"https:\/\/nk7-testes.com.br\/agazeta\/#\/schema\/person\/6d6e25cb0435eb4a02fd44d30b4e3020\"},\"breadcrumb\":{\"@id\":\"https:\/\/nk7-testes.com.br\/agazeta\/cai-em-23-6-numero-de-adultos-que-bebem-e-dirigem\/#breadcrumb\"},\"inLanguage\":\"pt-BR\",\"potentialAction\":[{\"@type\":\"ReadAction\",\"target\":[\"https:\/\/nk7-testes.com.br\/agazeta\/cai-em-23-6-numero-de-adultos-que-bebem-e-dirigem\/\"]}]},{\"@type\":\"ImageObject\",\"inLanguage\":\"pt-BR\",\"@id\":\"https:\/\/nk7-testes.com.br\/agazeta\/cai-em-23-6-numero-de-adultos-que-bebem-e-dirigem\/#primaryimage\",\"url\":\"https:\/\/nk7-testes.com.br\/agazeta\/wp-content\/uploads\/2016\/04\/270416-policia-acidente-cedida.jpg\",\"contentUrl\":\"https:\/\/nk7-testes.com.br\/agazeta\/wp-content\/uploads\/2016\/04\/270416-policia-acidente-cedida.jpg\",\"width\":458,\"height\":340,\"caption\":\"270416-policia-acidente-cedida\"},{\"@type\":\"BreadcrumbList\",\"@id\":\"https:\/\/nk7-testes.com.br\/agazeta\/cai-em-23-6-numero-de-adultos-que-bebem-e-dirigem\/#breadcrumb\",\"itemListElement\":[{\"@type\":\"ListItem\",\"position\":1,\"name\":\"In\u00edcio\",\"item\":\"https:\/\/nk7-testes.com.br\/agazeta\/\"},{\"@type\":\"ListItem\",\"position\":2,\"name\":\"Cai em 23,6% n\u00famero de adultos que bebem e dirigem\"}]},{\"@type\":\"WebSite\",\"@id\":\"https:\/\/nk7-testes.com.br\/agazeta\/#website\",\"url\":\"https:\/\/nk7-testes.com.br\/agazeta\/\",\"name\":\"Agazeta.net\",\"description\":\"Agazeta.net - Not\u00edcias de Rio Branco\/AC\",\"potentialAction\":[{\"@type\":\"SearchAction\",\"target\":{\"@type\":\"EntryPoint\",\"urlTemplate\":\"https:\/\/nk7-testes.com.br\/agazeta\/?s={search_term_string}\"},\"query-input\":{\"@type\":\"PropertyValueSpecification\",\"valueRequired\":true,\"valueName\":\"search_term_string\"}}],\"inLanguage\":\"pt-BR\"},{\"@type\":\"Person\",\"@id\":\"https:\/\/nk7-testes.com.br\/agazeta\/#\/schema\/person\/6d6e25cb0435eb4a02fd44d30b4e3020\",\"name\":\"Agazeta.Net\",\"url\":\"https:\/\/nk7-testes.com.br\/agazeta\/author\/agazeta\/\"}]}<\/script>\n<!-- \/ Yoast SEO plugin. -->","yoast_head_json":{"title":"Cai em 23,6% n\u00famero de adultos que bebem e dirigem - Agazeta.net","robots":{"index":"index","follow":"follow","max-snippet":"max-snippet:-1","max-image-preview":"max-image-preview:large","max-video-preview":"max-video-preview:-1"},"canonical":"https:\/\/nk7-testes.com.br\/agazeta\/cai-em-23-6-numero-de-adultos-que-bebem-e-dirigem\/","og_locale":"pt_BR","og_type":"article","og_title":"Cai em 23,6% n\u00famero de adultos que bebem e dirigem - Agazeta.net","og_description":"Dado refere-se \u00e0 Capital, Rio Branco","og_url":"https:\/\/nk7-testes.com.br\/agazeta\/cai-em-23-6-numero-de-adultos-que-bebem-e-dirigem\/","og_site_name":"Agazeta.net","article_published_time":"2016-06-20T14:47:57+00:00","og_image":[{"width":458,"height":340,"url":"https:\/\/nk7-testes.com.br\/agazeta\/wp-content\/uploads\/2016\/04\/270416-policia-acidente-cedida.jpg","type":"image\/jpeg"}],"author":"Agazeta.Net","twitter_card":"summary_large_image","twitter_misc":{"Escrito por":"Agazeta.Net","Est. tempo de leitura":"2 minutos"},"schema":{"@context":"https:\/\/schema.org","@graph":[{"@type":"WebPage","@id":"https:\/\/nk7-testes.com.br\/agazeta\/cai-em-23-6-numero-de-adultos-que-bebem-e-dirigem\/","url":"https:\/\/nk7-testes.com.br\/agazeta\/cai-em-23-6-numero-de-adultos-que-bebem-e-dirigem\/","name":"Cai em 23,6% n\u00famero de adultos que bebem e dirigem - Agazeta.net","isPartOf":{"@id":"https:\/\/nk7-testes.com.br\/agazeta\/#website"},"primaryImageOfPage":{"@id":"https:\/\/nk7-testes.com.br\/agazeta\/cai-em-23-6-numero-de-adultos-que-bebem-e-dirigem\/#primaryimage"},"image":{"@id":"https:\/\/nk7-testes.com.br\/agazeta\/cai-em-23-6-numero-de-adultos-que-bebem-e-dirigem\/#primaryimage"},"thumbnailUrl":"https:\/\/nk7-testes.com.br\/agazeta\/wp-content\/uploads\/2016\/04\/270416-policia-acidente-cedida.jpg","datePublished":"2016-06-20T14:47:57+00:00","author":{"@id":"https:\/\/nk7-testes.com.br\/agazeta\/#\/schema\/person\/6d6e25cb0435eb4a02fd44d30b4e3020"},"breadcrumb":{"@id":"https:\/\/nk7-testes.com.br\/agazeta\/cai-em-23-6-numero-de-adultos-que-bebem-e-dirigem\/#breadcrumb"},"inLanguage":"pt-BR","potentialAction":[{"@type":"ReadAction","target":["https:\/\/nk7-testes.com.br\/agazeta\/cai-em-23-6-numero-de-adultos-que-bebem-e-dirigem\/"]}]},{"@type":"ImageObject","inLanguage":"pt-BR","@id":"https:\/\/nk7-testes.com.br\/agazeta\/cai-em-23-6-numero-de-adultos-que-bebem-e-dirigem\/#primaryimage","url":"https:\/\/nk7-testes.com.br\/agazeta\/wp-content\/uploads\/2016\/04\/270416-policia-acidente-cedida.jpg","contentUrl":"https:\/\/nk7-testes.com.br\/agazeta\/wp-content\/uploads\/2016\/04\/270416-policia-acidente-cedida.jpg","width":458,"height":340,"caption":"270416-policia-acidente-cedida"},{"@type":"BreadcrumbList","@id":"https:\/\/nk7-testes.com.br\/agazeta\/cai-em-23-6-numero-de-adultos-que-bebem-e-dirigem\/#breadcrumb","itemListElement":[{"@type":"ListItem","position":1,"name":"In\u00edcio","item":"https:\/\/nk7-testes.com.br\/agazeta\/"},{"@type":"ListItem","position":2,"name":"Cai em 23,6% n\u00famero de adultos que bebem e dirigem"}]},{"@type":"WebSite","@id":"https:\/\/nk7-testes.com.br\/agazeta\/#website","url":"https:\/\/nk7-testes.com.br\/agazeta\/","name":"Agazeta.net","description":"Agazeta.net - Not\u00edcias de Rio Branco\/AC","potentialAction":[{"@type":"SearchAction","target":{"@type":"EntryPoint","urlTemplate":"https:\/\/nk7-testes.com.br\/agazeta\/?s={search_term_string}"},"query-input":{"@type":"PropertyValueSpecification","valueRequired":true,"valueName":"search_term_string"}}],"inLanguage":"pt-BR"},{"@type":"Person","@id":"https:\/\/nk7-testes.com.br\/agazeta\/#\/schema\/person\/6d6e25cb0435eb4a02fd44d30b4e3020","name":"Agazeta.Net","url":"https:\/\/nk7-testes.com.br\/agazeta\/author\/agazeta\/"}]}},"_links":{"self":[{"href":"https:\/\/nk7-testes.com.br\/agazeta\/wp-json\/wp\/v2\/posts\/23376","targetHints":{"allow":["GET"]}}],"collection":[{"href":"https:\/\/nk7-testes.com.br\/agazeta\/wp-json\/wp\/v2\/posts"}],"about":[{"href":"https:\/\/nk7-testes.com.br\/agazeta\/wp-json\/wp\/v2\/types\/post"}],"author":[{"embeddable":true,"href":"https:\/\/nk7-testes.com.br\/agazeta\/wp-json\/wp\/v2\/users\/4"}],"replies":[{"embeddable":true,"href":"https:\/\/nk7-testes.com.br\/agazeta\/wp-json\/wp\/v2\/comments?post=23376"}],"version-history":[{"count":0,"href":"https:\/\/nk7-testes.com.br\/agazeta\/wp-json\/wp\/v2\/posts\/23376\/revisions"}],"wp:featuredmedia":[{"embeddable":true,"href":"https:\/\/nk7-testes.com.br\/agazeta\/wp-json\/wp\/v2\/media\/22397"}],"wp:attachment":[{"href":"https:\/\/nk7-testes.com.br\/agazeta\/wp-json\/wp\/v2\/media?parent=23376"}],"wp:term":[{"taxonomy":"category","embeddable":true,"href":"https:\/\/nk7-testes.com.br\/agazeta\/wp-json\/wp\/v2\/categories?post=23376"},{"taxonomy":"post_tag","embeddable":true,"href":"https:\/\/nk7-testes.com.br\/agazeta\/wp-json\/wp\/v2\/tags?post=23376"}],"curies":[{"name":"wp","href":"https:\/\/api.w.org\/{rel}","templated":true}]}}