{"id":23363,"date":"2016-06-17T22:20:32","date_gmt":"2016-06-17T22:20:32","guid":{"rendered":"https:\/\/abarevegan.com.br\/index.php\/2016\/06\/17\/acre-participa-da-seletiva-da-olimpiada-de-robotica\/"},"modified":"2016-06-17T22:20:32","modified_gmt":"2016-06-17T22:20:32","slug":"acre-participa-da-seletiva-da-olimpiada-de-robotica","status":"publish","type":"post","link":"https:\/\/nk7-testes.com.br\/agazeta\/acre-participa-da-seletiva-da-olimpiada-de-robotica\/","title":{"rendered":"Acre participa da seletiva da Olimp\u00edada de Rob\u00f3tica"},"content":{"rendered":"<p style=\"text-align: justify;\">Sele\u00e7\u00e3o aconteceu simultaneamente em todo pa\u00eds<\/p>\n<p style=\"text-align: justify;\">Quase 700 alunos do 1\u00ba ao 9\u00ba ano da Escola SESI participaram da etapa te\u00f3rica da seletiva da Olimp\u00edada Brasileira de Rob\u00f3tica, que aconteceu simultaneamente em todo o Brasil.<\/p>\n<p style=\"text-align: justify;\">A olimp\u00edada \u00e9 apoiada pelo CNPq (Conselho Nacional de Desenvolvimento Cient\u00edfico e Tecnol\u00f3gico) que utiliza-se da tem\u00e1tica da rob\u00f3tica \u2013 tradicionalmente de grande aceita\u00e7\u00e3o junto aos jovens \u2013 para estimul\u00e1-los \u00e0s carreiras cient\u00edfico-tecnol\u00f3gicas, identificar jovens talentos e promover debates e atualiza\u00e7\u00f5es no processo de ensino-aprendizagem brasileiro.<\/p>\n<p style=\"text-align: justify;\">Esse est\u00edmulo \u00e9 percebido entre os competidores. &#8220;Eu sou apaixonada pela metodologia Lego Zoom que a escola oferece. A rob\u00f3tica envolve conhecimento. \u00c9 impressionante como aprendemos F\u00edsica, Matem\u00e1tica e racioc\u00ednio l\u00f3gico de uma maneira muito mais inteligente&#8221;, comentou a aluna Maria Luiza Crispim, ganhadora da medalha de ouro na etapa estadual e de bronze na nacional, em 2015.<\/p>\n<p style=\"text-align: justify;\">A competi\u00e7\u00e3o possui duas modalidades que procuram adequar-se tanto ao p\u00fablico que nunca viu rob\u00f3tica quanto ao p\u00fablico de escolas que j\u00e1 t\u00eam contato com a rob\u00f3tica educacional.<\/p>\n<p style=\"text-align: justify;\">Anualmente, a olimp\u00edada elabora e gere a aplica\u00e7\u00e3o de provas te\u00f3ricas e pr\u00e1ticas em todo o Brasil utilizando essa tem\u00e1tica e destina-se a todos os alunos de qualquer escola p\u00fablica ou privada do ensino fundamental, m\u00e9dio ou t\u00e9cnico em todo o territ\u00f3rio nacional, e que \u00e9 uma iniciativa p\u00fablica, gratuita e sem fins lucrativos.<\/p>\n<p style=\"text-align: justify;\">No Acre, a Escola SESI \u00e9 destaque. Em 2015, foram 21 medalhas de ouro, sete de prata e sete de bronze. &#8220;Incentivamos nossos alunos a entrar no mundo da rob\u00f3tica &#8211; que est\u00e1 presente no nosso dia a dia. Assim, estamos formando cidad\u00e3os mais bem preparados para os desafios da vida&#8221;, avaliou o professor de matem\u00e1tica. Assis de Souza.<\/p>\n<p style=\"text-align: justify;\">Na vis\u00e3o da diretora da Escola SESI, Maria Regiana da Costa, a olimp\u00edada traz a oportunidade de os alunos se superarem. &#8220;Conseguimos atrair o interesse dos alunos pelo estudo das ci\u00eancias, tecnologia e matem\u00e1tica, ampliando a criatividade, o racioc\u00ednio l\u00f3gico, enfatizando o trabalho em equipe&#8221;, avaliou.<\/p>\n","protected":false},"excerpt":{"rendered":"<p style=\"text-align: justify;\">Sele\u00e7\u00e3o aconteceu simultaneamente em todo pa\u00eds<\/p>\n","protected":false},"author":4,"featured_media":23362,"comment_status":"open","ping_status":"open","sticky":false,"template":"","format":"standard","meta":{"jnews-multi-image_gallery":[],"jnews_single_post":[],"jnews_primary_category":[],"jnews_social_meta":[],"jnews_review":[],"enable_review":"","type":"","name":"","summary":"","brand":"","sku":"","good":[],"bad":[],"score_override":"","override_value":"","rating":[],"price":[],"footnotes":""},"categories":[54],"tags":[],"class_list":["post-23363","post","type-post","status-publish","format-standard","has-post-thumbnail","hentry","category-cotidiano"],"yoast_head":"<!-- This site is optimized with the Yoast SEO plugin v26.5 - https:\/\/yoast.com\/wordpress\/plugins\/seo\/ -->\n<title>Acre participa da seletiva da Olimp\u00edada de Rob\u00f3tica - Agazeta.net<\/title>\n<meta name=\"robots\" content=\"index, follow, max-snippet:-1, max-image-preview:large, max-video-preview:-1\" \/>\n<link rel=\"canonical\" href=\"https:\/\/nk7-testes.com.br\/agazeta\/acre-participa-da-seletiva-da-olimpiada-de-robotica\/\" \/>\n<meta property=\"og:locale\" content=\"pt_BR\" \/>\n<meta property=\"og:type\" content=\"article\" \/>\n<meta property=\"og:title\" content=\"Acre participa da seletiva da Olimp\u00edada de Rob\u00f3tica - Agazeta.net\" \/>\n<meta property=\"og:description\" content=\"Sele\u00e7\u00e3o aconteceu simultaneamente em todo pa\u00eds\" \/>\n<meta property=\"og:url\" content=\"https:\/\/nk7-testes.com.br\/agazeta\/acre-participa-da-seletiva-da-olimpiada-de-robotica\/\" \/>\n<meta property=\"og:site_name\" content=\"Agazeta.net\" \/>\n<meta property=\"article:published_time\" content=\"2016-06-17T22:20:32+00:00\" \/>\n<meta property=\"og:image\" content=\"https:\/\/nk7-testes.com.br\/agazeta\/wp-content\/uploads\/2016\/06\/170616-cotidiano-sesi-ascomfieac.jpg\" \/>\n\t<meta property=\"og:image:width\" content=\"458\" \/>\n\t<meta property=\"og:image:height\" content=\"340\" \/>\n\t<meta property=\"og:image:type\" content=\"image\/jpeg\" \/>\n<meta name=\"author\" content=\"Agazeta.Net\" \/>\n<meta name=\"twitter:card\" content=\"summary_large_image\" \/>\n<meta name=\"twitter:label1\" content=\"Escrito por\" \/>\n\t<meta name=\"twitter:data1\" content=\"Agazeta.Net\" \/>\n\t<meta name=\"twitter:label2\" content=\"Est. tempo de leitura\" \/>\n\t<meta name=\"twitter:data2\" content=\"2 minutos\" \/>\n<script type=\"application\/ld+json\" class=\"yoast-schema-graph\">{\"@context\":\"https:\/\/schema.org\",\"@graph\":[{\"@type\":\"WebPage\",\"@id\":\"https:\/\/nk7-testes.com.br\/agazeta\/acre-participa-da-seletiva-da-olimpiada-de-robotica\/\",\"url\":\"https:\/\/nk7-testes.com.br\/agazeta\/acre-participa-da-seletiva-da-olimpiada-de-robotica\/\",\"name\":\"Acre participa da seletiva da Olimp\u00edada de Rob\u00f3tica - Agazeta.net\",\"isPartOf\":{\"@id\":\"https:\/\/nk7-testes.com.br\/agazeta\/#website\"},\"primaryImageOfPage\":{\"@id\":\"https:\/\/nk7-testes.com.br\/agazeta\/acre-participa-da-seletiva-da-olimpiada-de-robotica\/#primaryimage\"},\"image\":{\"@id\":\"https:\/\/nk7-testes.com.br\/agazeta\/acre-participa-da-seletiva-da-olimpiada-de-robotica\/#primaryimage\"},\"thumbnailUrl\":\"https:\/\/nk7-testes.com.br\/agazeta\/wp-content\/uploads\/2016\/06\/170616-cotidiano-sesi-ascomfieac.jpg\",\"datePublished\":\"2016-06-17T22:20:32+00:00\",\"author\":{\"@id\":\"https:\/\/nk7-testes.com.br\/agazeta\/#\/schema\/person\/6d6e25cb0435eb4a02fd44d30b4e3020\"},\"breadcrumb\":{\"@id\":\"https:\/\/nk7-testes.com.br\/agazeta\/acre-participa-da-seletiva-da-olimpiada-de-robotica\/#breadcrumb\"},\"inLanguage\":\"pt-BR\",\"potentialAction\":[{\"@type\":\"ReadAction\",\"target\":[\"https:\/\/nk7-testes.com.br\/agazeta\/acre-participa-da-seletiva-da-olimpiada-de-robotica\/\"]}]},{\"@type\":\"ImageObject\",\"inLanguage\":\"pt-BR\",\"@id\":\"https:\/\/nk7-testes.com.br\/agazeta\/acre-participa-da-seletiva-da-olimpiada-de-robotica\/#primaryimage\",\"url\":\"https:\/\/nk7-testes.com.br\/agazeta\/wp-content\/uploads\/2016\/06\/170616-cotidiano-sesi-ascomfieac.jpg\",\"contentUrl\":\"https:\/\/nk7-testes.com.br\/agazeta\/wp-content\/uploads\/2016\/06\/170616-cotidiano-sesi-ascomfieac.jpg\",\"width\":458,\"height\":340,\"caption\":\"170616-cotidiano-sesi-ascomfieac\"},{\"@type\":\"BreadcrumbList\",\"@id\":\"https:\/\/nk7-testes.com.br\/agazeta\/acre-participa-da-seletiva-da-olimpiada-de-robotica\/#breadcrumb\",\"itemListElement\":[{\"@type\":\"ListItem\",\"position\":1,\"name\":\"In\u00edcio\",\"item\":\"https:\/\/nk7-testes.com.br\/agazeta\/\"},{\"@type\":\"ListItem\",\"position\":2,\"name\":\"Acre participa da seletiva da Olimp\u00edada de Rob\u00f3tica\"}]},{\"@type\":\"WebSite\",\"@id\":\"https:\/\/nk7-testes.com.br\/agazeta\/#website\",\"url\":\"https:\/\/nk7-testes.com.br\/agazeta\/\",\"name\":\"Agazeta.net\",\"description\":\"Agazeta.net - Not\u00edcias de Rio Branco\/AC\",\"potentialAction\":[{\"@type\":\"SearchAction\",\"target\":{\"@type\":\"EntryPoint\",\"urlTemplate\":\"https:\/\/nk7-testes.com.br\/agazeta\/?s={search_term_string}\"},\"query-input\":{\"@type\":\"PropertyValueSpecification\",\"valueRequired\":true,\"valueName\":\"search_term_string\"}}],\"inLanguage\":\"pt-BR\"},{\"@type\":\"Person\",\"@id\":\"https:\/\/nk7-testes.com.br\/agazeta\/#\/schema\/person\/6d6e25cb0435eb4a02fd44d30b4e3020\",\"name\":\"Agazeta.Net\",\"url\":\"https:\/\/nk7-testes.com.br\/agazeta\/author\/agazeta\/\"}]}<\/script>\n<!-- \/ Yoast SEO plugin. -->","yoast_head_json":{"title":"Acre participa da seletiva da Olimp\u00edada de Rob\u00f3tica - Agazeta.net","robots":{"index":"index","follow":"follow","max-snippet":"max-snippet:-1","max-image-preview":"max-image-preview:large","max-video-preview":"max-video-preview:-1"},"canonical":"https:\/\/nk7-testes.com.br\/agazeta\/acre-participa-da-seletiva-da-olimpiada-de-robotica\/","og_locale":"pt_BR","og_type":"article","og_title":"Acre participa da seletiva da Olimp\u00edada de Rob\u00f3tica - Agazeta.net","og_description":"Sele\u00e7\u00e3o aconteceu simultaneamente em todo pa\u00eds","og_url":"https:\/\/nk7-testes.com.br\/agazeta\/acre-participa-da-seletiva-da-olimpiada-de-robotica\/","og_site_name":"Agazeta.net","article_published_time":"2016-06-17T22:20:32+00:00","og_image":[{"width":458,"height":340,"url":"https:\/\/nk7-testes.com.br\/agazeta\/wp-content\/uploads\/2016\/06\/170616-cotidiano-sesi-ascomfieac.jpg","type":"image\/jpeg"}],"author":"Agazeta.Net","twitter_card":"summary_large_image","twitter_misc":{"Escrito por":"Agazeta.Net","Est. tempo de leitura":"2 minutos"},"schema":{"@context":"https:\/\/schema.org","@graph":[{"@type":"WebPage","@id":"https:\/\/nk7-testes.com.br\/agazeta\/acre-participa-da-seletiva-da-olimpiada-de-robotica\/","url":"https:\/\/nk7-testes.com.br\/agazeta\/acre-participa-da-seletiva-da-olimpiada-de-robotica\/","name":"Acre participa da seletiva da Olimp\u00edada de Rob\u00f3tica - Agazeta.net","isPartOf":{"@id":"https:\/\/nk7-testes.com.br\/agazeta\/#website"},"primaryImageOfPage":{"@id":"https:\/\/nk7-testes.com.br\/agazeta\/acre-participa-da-seletiva-da-olimpiada-de-robotica\/#primaryimage"},"image":{"@id":"https:\/\/nk7-testes.com.br\/agazeta\/acre-participa-da-seletiva-da-olimpiada-de-robotica\/#primaryimage"},"thumbnailUrl":"https:\/\/nk7-testes.com.br\/agazeta\/wp-content\/uploads\/2016\/06\/170616-cotidiano-sesi-ascomfieac.jpg","datePublished":"2016-06-17T22:20:32+00:00","author":{"@id":"https:\/\/nk7-testes.com.br\/agazeta\/#\/schema\/person\/6d6e25cb0435eb4a02fd44d30b4e3020"},"breadcrumb":{"@id":"https:\/\/nk7-testes.com.br\/agazeta\/acre-participa-da-seletiva-da-olimpiada-de-robotica\/#breadcrumb"},"inLanguage":"pt-BR","potentialAction":[{"@type":"ReadAction","target":["https:\/\/nk7-testes.com.br\/agazeta\/acre-participa-da-seletiva-da-olimpiada-de-robotica\/"]}]},{"@type":"ImageObject","inLanguage":"pt-BR","@id":"https:\/\/nk7-testes.com.br\/agazeta\/acre-participa-da-seletiva-da-olimpiada-de-robotica\/#primaryimage","url":"https:\/\/nk7-testes.com.br\/agazeta\/wp-content\/uploads\/2016\/06\/170616-cotidiano-sesi-ascomfieac.jpg","contentUrl":"https:\/\/nk7-testes.com.br\/agazeta\/wp-content\/uploads\/2016\/06\/170616-cotidiano-sesi-ascomfieac.jpg","width":458,"height":340,"caption":"170616-cotidiano-sesi-ascomfieac"},{"@type":"BreadcrumbList","@id":"https:\/\/nk7-testes.com.br\/agazeta\/acre-participa-da-seletiva-da-olimpiada-de-robotica\/#breadcrumb","itemListElement":[{"@type":"ListItem","position":1,"name":"In\u00edcio","item":"https:\/\/nk7-testes.com.br\/agazeta\/"},{"@type":"ListItem","position":2,"name":"Acre participa da seletiva da Olimp\u00edada de Rob\u00f3tica"}]},{"@type":"WebSite","@id":"https:\/\/nk7-testes.com.br\/agazeta\/#website","url":"https:\/\/nk7-testes.com.br\/agazeta\/","name":"Agazeta.net","description":"Agazeta.net - Not\u00edcias de Rio Branco\/AC","potentialAction":[{"@type":"SearchAction","target":{"@type":"EntryPoint","urlTemplate":"https:\/\/nk7-testes.com.br\/agazeta\/?s={search_term_string}"},"query-input":{"@type":"PropertyValueSpecification","valueRequired":true,"valueName":"search_term_string"}}],"inLanguage":"pt-BR"},{"@type":"Person","@id":"https:\/\/nk7-testes.com.br\/agazeta\/#\/schema\/person\/6d6e25cb0435eb4a02fd44d30b4e3020","name":"Agazeta.Net","url":"https:\/\/nk7-testes.com.br\/agazeta\/author\/agazeta\/"}]}},"_links":{"self":[{"href":"https:\/\/nk7-testes.com.br\/agazeta\/wp-json\/wp\/v2\/posts\/23363","targetHints":{"allow":["GET"]}}],"collection":[{"href":"https:\/\/nk7-testes.com.br\/agazeta\/wp-json\/wp\/v2\/posts"}],"about":[{"href":"https:\/\/nk7-testes.com.br\/agazeta\/wp-json\/wp\/v2\/types\/post"}],"author":[{"embeddable":true,"href":"https:\/\/nk7-testes.com.br\/agazeta\/wp-json\/wp\/v2\/users\/4"}],"replies":[{"embeddable":true,"href":"https:\/\/nk7-testes.com.br\/agazeta\/wp-json\/wp\/v2\/comments?post=23363"}],"version-history":[{"count":0,"href":"https:\/\/nk7-testes.com.br\/agazeta\/wp-json\/wp\/v2\/posts\/23363\/revisions"}],"wp:featuredmedia":[{"embeddable":true,"href":"https:\/\/nk7-testes.com.br\/agazeta\/wp-json\/wp\/v2\/media\/23362"}],"wp:attachment":[{"href":"https:\/\/nk7-testes.com.br\/agazeta\/wp-json\/wp\/v2\/media?parent=23363"}],"wp:term":[{"taxonomy":"category","embeddable":true,"href":"https:\/\/nk7-testes.com.br\/agazeta\/wp-json\/wp\/v2\/categories?post=23363"},{"taxonomy":"post_tag","embeddable":true,"href":"https:\/\/nk7-testes.com.br\/agazeta\/wp-json\/wp\/v2\/tags?post=23363"}],"curies":[{"name":"wp","href":"https:\/\/api.w.org\/{rel}","templated":true}]}}